{"id":9563,"date":"2012-05-09T18:00:14","date_gmt":"2012-05-09T16:00:14","guid":{"rendered":"http:\/\/blog.zeit.de\/zeit-der-leser\/?p=9563"},"modified":"2012-05-02T13:50:29","modified_gmt":"2012-05-02T11:50:29","slug":"zeitsprung-57","status":"publish","type":"post","link":"https:\/\/blog.zeit.de\/zeit-der-leser\/2012\/05\/09\/zeitsprung-57\/","title":{"rendered":"Zeitsprung"},"content":{"rendered":"<p><a href=\"https:\/\/blog.zeit.de\/zeit-der-leser\/files\/2012\/05\/s98-zeitsprung-1.jpg\"><img loading=\"lazy\" decoding=\"async\" src=\"https:\/\/blog.zeit.de\/zeit-der-leser\/files\/2012\/05\/s98-zeitsprung-1.jpg\" alt=\"\" width=\"540\" height=\"364\" class=\"alignleft size-full wp-image-9601\" srcset=\"https:\/\/blog.zeit.de\/zeit-der-leser\/files\/2012\/05\/s98-zeitsprung-1.jpg 540w, https:\/\/blog.zeit.de\/zeit-der-leser\/files\/2012\/05\/s98-zeitsprung-1-300x202.jpg 300w\" sizes=\"auto, (max-width: 540px) 100vw, 540px\" \/><\/a><\/p>\n<p><a href=\"https:\/\/blog.zeit.de\/zeit-der-leser\/files\/2012\/05\/s98-zeitsprung-2.jpg\"><img loading=\"lazy\" decoding=\"async\" src=\"https:\/\/blog.zeit.de\/zeit-der-leser\/files\/2012\/05\/s98-zeitsprung-2.jpg\" alt=\"\" width=\"540\" height=\"364\" class=\"alignleft size-full wp-image-9602\" srcset=\"https:\/\/blog.zeit.de\/zeit-der-leser\/files\/2012\/05\/s98-zeitsprung-2.jpg 540w, https:\/\/blog.zeit.de\/zeit-der-leser\/files\/2012\/05\/s98-zeitsprung-2-300x202.jpg 300w\" sizes=\"auto, (max-width: 540px) 100vw, 540px\" \/><\/a><\/p>\n<p>Die beiden Fotos zeigen meine Mutter Ursula G\u00fcntzel in Hamburg-Eimsb\u00fcttel. Auf dem Bild von 1952 sind im Hintergrund, an der Ecke Kaiser-Friedrich-Ufer\/Heymannstra\u00dfe, die sogenannten Nissenh\u00fctten zu erkennen, Notunterk\u00fcnfte f\u00fcr\u00a0Fl\u00fcchtlinge und Hamburger, die durch Bombensch\u00e4den obdachlos geworden waren. Heute ist meine Mutter 75 Jahre alt, die H\u00fctten sind verschwunden und die B\u00e4umchen von damals zu stattlicher Gr\u00f6\u00dfe herangewachsen. Weit in die\u00a0Welt hinausgekommen sind wir nicht: Die gesamte Familie wohnt noch heute dicht beieinander in Eimsb\u00fcttel.<\/p>\n<p><strong>Ragna Curic,<\/strong> Hamburg<\/p>\n","protected":false},"excerpt":{"rendered":"<p>Die beiden Fotos zeigen meine Mutter Ursula G\u00fcntzel in Hamburg-Eimsb\u00fcttel. Auf dem Bild von 1952 sind im Hintergrund, an der Ecke Kaiser-Friedrich-Ufer\/Heymannstra\u00dfe, die sogenannten Nissenh\u00fctten zu erkennen, Notunterk\u00fcnfte f\u00fcr\u00a0Fl\u00fcchtlinge und Hamburger, die durch Bombensch\u00e4den obdachlos geworden waren. Heute ist meine Mutter 75 Jahre alt, die H\u00fctten sind verschwunden und die B\u00e4umchen von damals zu stattlicher [&hellip;]<\/p>\n","protected":false},"author":265,"featured_media":0,"comment_status":"open","ping_status":"open","sticky":false,"template":"","format":"standard","meta":{"_jetpack_memberships_contains_paid_content":false,"footnotes":""},"categories":[1878],"tags":[],"class_list":["post-9563","post","type-post","status-publish","format-standard","hentry","category-zeitsprung"],"yoast_head":"<!-- This site is optimized with the Yoast SEO plugin v21.0 - https:\/\/yoast.com\/wordpress\/plugins\/seo\/ -->\n<title>Zeitsprung - ZEIT der Leser<\/title>\n<meta name=\"robots\" content=\"index, follow, max-snippet:-1, max-image-preview:large, max-video-preview:-1\" \/>\n<link rel=\"canonical\" href=\"https:\/\/blog.zeit.de\/zeit-der-leser\/2012\/05\/09\/zeitsprung-57\/\" \/>\n<meta property=\"og:locale\" content=\"de_DE\" \/>\n<meta property=\"og:type\" content=\"article\" \/>\n<meta property=\"og:title\" content=\"Zeitsprung - ZEIT der Leser\" \/>\n<meta property=\"og:description\" content=\"Die beiden Fotos zeigen meine Mutter Ursula G\u00fcntzel in Hamburg-Eimsb\u00fcttel. Auf dem Bild von 1952 sind im Hintergrund, an der Ecke Kaiser-Friedrich-Ufer\/Heymannstra\u00dfe, die sogenannten Nissenh\u00fctten zu erkennen, Notunterk\u00fcnfte f\u00fcr\u00a0Fl\u00fcchtlinge und Hamburger, die durch Bombensch\u00e4den obdachlos geworden waren. Heute ist meine Mutter 75 Jahre alt, die H\u00fctten sind verschwunden und die B\u00e4umchen von damals zu stattlicher [&hellip;]\" \/>\n<meta property=\"og:url\" content=\"https:\/\/blog.zeit.de\/zeit-der-leser\/2012\/05\/09\/zeitsprung-57\/\" \/>\n<meta property=\"og:site_name\" content=\"ZEIT der Leser\" \/>\n<meta property=\"article:published_time\" content=\"2012-05-09T16:00:14+00:00\" \/>\n<meta property=\"article:modified_time\" content=\"2012-05-02T11:50:29+00:00\" \/>\n<meta property=\"og:image\" content=\"https:\/\/blog.zeit.de\/zeit-der-leser\/files\/2012\/05\/s98-zeitsprung-1.jpg\" \/>\n<meta name=\"author\" content=\"&quot;Zeit der Leser&quot;-Redaktion\" \/>\n<meta name=\"twitter:card\" content=\"summary_large_image\" \/>\n<meta name=\"twitter:label1\" content=\"Geschrieben von\" \/>\n\t<meta name=\"twitter:data1\" content=\"\"Zeit der Leser\"-Redaktion\" \/>\n<script type=\"application\/ld+json\" class=\"yoast-schema-graph\">{\"@context\":\"https:\/\/schema.org\",\"@graph\":[{\"@type\":\"WebPage\",\"@id\":\"https:\/\/blog.zeit.de\/zeit-der-leser\/2012\/05\/09\/zeitsprung-57\/\",\"url\":\"https:\/\/blog.zeit.de\/zeit-der-leser\/2012\/05\/09\/zeitsprung-57\/\",\"name\":\"Zeitsprung - ZEIT der Leser\",\"isPartOf\":{\"@id\":\"https:\/\/blog.zeit.de\/zeit-der-leser\/#website\"},\"datePublished\":\"2012-05-09T16:00:14+00:00\",\"dateModified\":\"2012-05-02T11:50:29+00:00\",\"author\":{\"@id\":\"https:\/\/blog.zeit.de\/zeit-der-leser\/#\/schema\/person\/583b14e5ad6368c23af846ecbde9f20f\"},\"breadcrumb\":{\"@id\":\"https:\/\/blog.zeit.de\/zeit-der-leser\/2012\/05\/09\/zeitsprung-57\/#breadcrumb\"},\"inLanguage\":\"de\",\"potentialAction\":[{\"@type\":\"ReadAction\",\"target\":[\"https:\/\/blog.zeit.de\/zeit-der-leser\/2012\/05\/09\/zeitsprung-57\/\"]}]},{\"@type\":\"BreadcrumbList\",\"@id\":\"https:\/\/blog.zeit.de\/zeit-der-leser\/2012\/05\/09\/zeitsprung-57\/#breadcrumb\",\"itemListElement\":[{\"@type\":\"ListItem\",\"position\":1,\"name\":\"Startseite\",\"item\":\"https:\/\/blog.zeit.de\/zeit-der-leser\/\"},{\"@type\":\"ListItem\",\"position\":2,\"name\":\"Zeitsprung\"}]},{\"@type\":\"WebSite\",\"@id\":\"https:\/\/blog.zeit.de\/zeit-der-leser\/#website\",\"url\":\"https:\/\/blog.zeit.de\/zeit-der-leser\/\",\"name\":\"ZEIT der Leser\",\"description\":\"Ein Blog mit Ihren Notizen, Gedichten und Bildern f\u00fcr die gedruckte ZEIT\",\"potentialAction\":[{\"@type\":\"SearchAction\",\"target\":{\"@type\":\"EntryPoint\",\"urlTemplate\":\"https:\/\/blog.zeit.de\/zeit-der-leser\/?s={search_term_string}\"},\"query-input\":\"required name=search_term_string\"}],\"inLanguage\":\"de\"},{\"@type\":\"Person\",\"@id\":\"https:\/\/blog.zeit.de\/zeit-der-leser\/#\/schema\/person\/583b14e5ad6368c23af846ecbde9f20f\",\"name\":\"\\\"Zeit der Leser\\\"-Redaktion\",\"image\":{\"@type\":\"ImageObject\",\"inLanguage\":\"de\",\"@id\":\"https:\/\/blog.zeit.de\/zeit-der-leser\/#\/schema\/person\/image\/\",\"url\":\"https:\/\/secure.gravatar.com\/avatar\/e801a681bd3bbf2345131a815930b48d9f8e0a94de1346b624840dc850f67ad0?s=96&d=mm&r=g\",\"contentUrl\":\"https:\/\/secure.gravatar.com\/avatar\/e801a681bd3bbf2345131a815930b48d9f8e0a94de1346b624840dc850f67ad0?s=96&d=mm&r=g\",\"caption\":\"\\\"Zeit der Leser\\\"-Redaktion\"},\"url\":\"https:\/\/blog.zeit.de\/zeit-der-leser\/author\/zeit-der-leser-redaktion\/\"}]}<\/script>\n<!-- \/ Yoast SEO plugin. -->","yoast_head_json":{"title":"Zeitsprung - ZEIT der Leser","robots":{"index":"index","follow":"follow","max-snippet":"max-snippet:-1","max-image-preview":"max-image-preview:large","max-video-preview":"max-video-preview:-1"},"canonical":"https:\/\/blog.zeit.de\/zeit-der-leser\/2012\/05\/09\/zeitsprung-57\/","og_locale":"de_DE","og_type":"article","og_title":"Zeitsprung - ZEIT der Leser","og_description":"Die beiden Fotos zeigen meine Mutter Ursula G\u00fcntzel in Hamburg-Eimsb\u00fcttel. Auf dem Bild von 1952 sind im Hintergrund, an der Ecke Kaiser-Friedrich-Ufer\/Heymannstra\u00dfe, die sogenannten Nissenh\u00fctten zu erkennen, Notunterk\u00fcnfte f\u00fcr\u00a0Fl\u00fcchtlinge und Hamburger, die durch Bombensch\u00e4den obdachlos geworden waren. Heute ist meine Mutter 75 Jahre alt, die H\u00fctten sind verschwunden und die B\u00e4umchen von damals zu stattlicher [&hellip;]","og_url":"https:\/\/blog.zeit.de\/zeit-der-leser\/2012\/05\/09\/zeitsprung-57\/","og_site_name":"ZEIT der Leser","article_published_time":"2012-05-09T16:00:14+00:00","article_modified_time":"2012-05-02T11:50:29+00:00","og_image":[{"url":"https:\/\/blog.zeit.de\/zeit-der-leser\/files\/2012\/05\/s98-zeitsprung-1.jpg"}],"author":"\"Zeit der Leser\"-Redaktion","twitter_card":"summary_large_image","twitter_misc":{"Geschrieben von":"\"Zeit der Leser\"-Redaktion"},"schema":{"@context":"https:\/\/schema.org","@graph":[{"@type":"WebPage","@id":"https:\/\/blog.zeit.de\/zeit-der-leser\/2012\/05\/09\/zeitsprung-57\/","url":"https:\/\/blog.zeit.de\/zeit-der-leser\/2012\/05\/09\/zeitsprung-57\/","name":"Zeitsprung - ZEIT der Leser","isPartOf":{"@id":"https:\/\/blog.zeit.de\/zeit-der-leser\/#website"},"datePublished":"2012-05-09T16:00:14+00:00","dateModified":"2012-05-02T11:50:29+00:00","author":{"@id":"https:\/\/blog.zeit.de\/zeit-der-leser\/#\/schema\/person\/583b14e5ad6368c23af846ecbde9f20f"},"breadcrumb":{"@id":"https:\/\/blog.zeit.de\/zeit-der-leser\/2012\/05\/09\/zeitsprung-57\/#breadcrumb"},"inLanguage":"de","potentialAction":[{"@type":"ReadAction","target":["https:\/\/blog.zeit.de\/zeit-der-leser\/2012\/05\/09\/zeitsprung-57\/"]}]},{"@type":"BreadcrumbList","@id":"https:\/\/blog.zeit.de\/zeit-der-leser\/2012\/05\/09\/zeitsprung-57\/#breadcrumb","itemListElement":[{"@type":"ListItem","position":1,"name":"Startseite","item":"https:\/\/blog.zeit.de\/zeit-der-leser\/"},{"@type":"ListItem","position":2,"name":"Zeitsprung"}]},{"@type":"WebSite","@id":"https:\/\/blog.zeit.de\/zeit-der-leser\/#website","url":"https:\/\/blog.zeit.de\/zeit-der-leser\/","name":"ZEIT der Leser","description":"Ein Blog mit Ihren Notizen, Gedichten und Bildern f\u00fcr die gedruckte ZEIT","potentialAction":[{"@type":"SearchAction","target":{"@type":"EntryPoint","urlTemplate":"https:\/\/blog.zeit.de\/zeit-der-leser\/?s={search_term_string}"},"query-input":"required name=search_term_string"}],"inLanguage":"de"},{"@type":"Person","@id":"https:\/\/blog.zeit.de\/zeit-der-leser\/#\/schema\/person\/583b14e5ad6368c23af846ecbde9f20f","name":"\"Zeit der Leser\"-Redaktion","image":{"@type":"ImageObject","inLanguage":"de","@id":"https:\/\/blog.zeit.de\/zeit-der-leser\/#\/schema\/person\/image\/","url":"https:\/\/secure.gravatar.com\/avatar\/e801a681bd3bbf2345131a815930b48d9f8e0a94de1346b624840dc850f67ad0?s=96&d=mm&r=g","contentUrl":"https:\/\/secure.gravatar.com\/avatar\/e801a681bd3bbf2345131a815930b48d9f8e0a94de1346b624840dc850f67ad0?s=96&d=mm&r=g","caption":"\"Zeit der Leser\"-Redaktion"},"url":"https:\/\/blog.zeit.de\/zeit-der-leser\/author\/zeit-der-leser-redaktion\/"}]}},"jetpack_featured_media_url":"","jetpack_sharing_enabled":true,"_links":{"self":[{"href":"https:\/\/blog.zeit.de\/zeit-der-leser\/wp-json\/wp\/v2\/posts\/9563","targetHints":{"allow":["GET"]}}],"collection":[{"href":"https:\/\/blog.zeit.de\/zeit-der-leser\/wp-json\/wp\/v2\/posts"}],"about":[{"href":"https:\/\/blog.zeit.de\/zeit-der-leser\/wp-json\/wp\/v2\/types\/post"}],"author":[{"embeddable":true,"href":"https:\/\/blog.zeit.de\/zeit-der-leser\/wp-json\/wp\/v2\/users\/265"}],"replies":[{"embeddable":true,"href":"https:\/\/blog.zeit.de\/zeit-der-leser\/wp-json\/wp\/v2\/comments?post=9563"}],"version-history":[{"count":4,"href":"https:\/\/blog.zeit.de\/zeit-der-leser\/wp-json\/wp\/v2\/posts\/9563\/revisions"}],"predecessor-version":[{"id":9606,"href":"https:\/\/blog.zeit.de\/zeit-der-leser\/wp-json\/wp\/v2\/posts\/9563\/revisions\/9606"}],"wp:attachment":[{"href":"https:\/\/blog.zeit.de\/zeit-der-leser\/wp-json\/wp\/v2\/media?parent=9563"}],"wp:term":[{"taxonomy":"category","embeddable":true,"href":"https:\/\/blog.zeit.de\/zeit-der-leser\/wp-json\/wp\/v2\/categories?post=9563"},{"taxonomy":"post_tag","embeddable":true,"href":"https:\/\/blog.zeit.de\/zeit-der-leser\/wp-json\/wp\/v2\/tags?post=9563"}],"curies":[{"name":"wp","href":"https:\/\/api.w.org\/{rel}","templated":true}]}}