{"id":9610,"date":"2012-05-11T12:00:41","date_gmt":"2012-05-11T10:00:41","guid":{"rendered":"http:\/\/blog.zeit.de\/zeit-der-leser\/?p=9610"},"modified":"2015-02-23T14:31:02","modified_gmt":"2015-02-23T13:31:02","slug":"mein-wort-schatz-augenweide","status":"publish","type":"post","link":"https:\/\/blog.zeit.de\/zeit-der-leser\/2012\/05\/11\/mein-wort-schatz-augenweide\/","title":{"rendered":"Augenweide: Mein Wort-Schatz"},"content":{"rendered":"<p>Ein Wort, das ich poetisch finde und sehr liebe: <strong>Augenweide<\/strong>. Mein Gro\u00dfvater sagte \u2013 vor \u00fcber 60 Jahren \u2013 h\u00e4ufig zu mir, dem bezopften kleinen M\u00e4dchen: \u00bbDodi, du bist meine Augenweide.\u00ab Unwillk\u00fcrlich verband ich das Wort seinerzeit mit dem Bild, das in mir entstand, wenn er mir den 23. Psalm vorlas: \u00bbEr weidet mich auf einer gr\u00fcnen Au und f\u00fchret mich zum frischen Wasser.\u00ab Mein Opa, ein alter Pastor, extrem kurzsichtig, die Bibel dicht vor die Augen haltend, las diesen Psalm mit seinem vokaltiefen baltendeutschen Akzent. Seither verbinde ich mit dem Wort Augenweide eine sch\u00f6ne Vorstellung: Erquickung f\u00fcr Gro\u00dfvaters m\u00fcde, durch dicke Brillengl\u00e4ser strapazierte Augen.<\/p>\n<p><strong>Dorothea Braun-Ribbat,<\/strong>\u00a0Heilbronn<\/p>\n","protected":false},"excerpt":{"rendered":"<p>Ein Wort, das ich poetisch finde und sehr liebe: Augenweide. Mein Gro\u00dfvater sagte \u2013 vor \u00fcber 60 Jahren \u2013 h\u00e4ufig zu mir, dem bezopften kleinen M\u00e4dchen: \u00bbDodi, du bist meine Augenweide.\u00ab Unwillk\u00fcrlich verband ich das Wort seinerzeit mit dem Bild, das in mir entstand, wenn er mir den 23. Psalm vorlas: \u00bbEr weidet mich auf [&hellip;]<\/p>\n","protected":false},"author":265,"featured_media":0,"comment_status":"open","ping_status":"open","sticky":false,"template":"","format":"standard","meta":{"_jetpack_memberships_contains_paid_content":false,"footnotes":""},"categories":[5687],"tags":[],"class_list":["post-9610","post","type-post","status-publish","format-standard","hentry","category-mein-wort-schatz"],"yoast_head":"<!-- This site is optimized with the Yoast SEO plugin v21.0 - https:\/\/yoast.com\/wordpress\/plugins\/seo\/ -->\n<title>Augenweide: Mein Wort-Schatz - ZEIT der Leser<\/title>\n<meta name=\"robots\" content=\"index, follow, max-snippet:-1, max-image-preview:large, max-video-preview:-1\" \/>\n<link rel=\"canonical\" href=\"https:\/\/blog.zeit.de\/zeit-der-leser\/2012\/05\/11\/mein-wort-schatz-augenweide\/\" \/>\n<meta property=\"og:locale\" content=\"de_DE\" \/>\n<meta property=\"og:type\" content=\"article\" \/>\n<meta property=\"og:title\" content=\"Augenweide: Mein Wort-Schatz - ZEIT der Leser\" \/>\n<meta property=\"og:description\" content=\"Ein Wort, das ich poetisch finde und sehr liebe: Augenweide. Mein Gro\u00dfvater sagte \u2013 vor \u00fcber 60 Jahren \u2013 h\u00e4ufig zu mir, dem bezopften kleinen M\u00e4dchen: \u00bbDodi, du bist meine Augenweide.\u00ab Unwillk\u00fcrlich verband ich das Wort seinerzeit mit dem Bild, das in mir entstand, wenn er mir den 23. Psalm vorlas: \u00bbEr weidet mich auf [&hellip;]\" \/>\n<meta property=\"og:url\" content=\"https:\/\/blog.zeit.de\/zeit-der-leser\/2012\/05\/11\/mein-wort-schatz-augenweide\/\" \/>\n<meta property=\"og:site_name\" content=\"ZEIT der Leser\" \/>\n<meta property=\"article:published_time\" content=\"2012-05-11T10:00:41+00:00\" \/>\n<meta property=\"article:modified_time\" content=\"2015-02-23T13:31:02+00:00\" \/>\n<meta name=\"author\" content=\"&quot;Zeit der Leser&quot;-Redaktion\" \/>\n<meta name=\"twitter:card\" content=\"summary_large_image\" \/>\n<meta name=\"twitter:label1\" content=\"Geschrieben von\" \/>\n\t<meta name=\"twitter:data1\" content=\"\"Zeit der Leser\"-Redaktion\" \/>\n\t<meta name=\"twitter:label2\" content=\"Gesch\u00e4tzte Lesezeit\" \/>\n\t<meta name=\"twitter:data2\" content=\"1\u00a0Minute\" \/>\n<script type=\"application\/ld+json\" class=\"yoast-schema-graph\">{\"@context\":\"https:\/\/schema.org\",\"@graph\":[{\"@type\":\"WebPage\",\"@id\":\"https:\/\/blog.zeit.de\/zeit-der-leser\/2012\/05\/11\/mein-wort-schatz-augenweide\/\",\"url\":\"https:\/\/blog.zeit.de\/zeit-der-leser\/2012\/05\/11\/mein-wort-schatz-augenweide\/\",\"name\":\"Augenweide: Mein Wort-Schatz - ZEIT der Leser\",\"isPartOf\":{\"@id\":\"https:\/\/blog.zeit.de\/zeit-der-leser\/#website\"},\"datePublished\":\"2012-05-11T10:00:41+00:00\",\"dateModified\":\"2015-02-23T13:31:02+00:00\",\"author\":{\"@id\":\"https:\/\/blog.zeit.de\/zeit-der-leser\/#\/schema\/person\/583b14e5ad6368c23af846ecbde9f20f\"},\"breadcrumb\":{\"@id\":\"https:\/\/blog.zeit.de\/zeit-der-leser\/2012\/05\/11\/mein-wort-schatz-augenweide\/#breadcrumb\"},\"inLanguage\":\"de\",\"potentialAction\":[{\"@type\":\"ReadAction\",\"target\":[\"https:\/\/blog.zeit.de\/zeit-der-leser\/2012\/05\/11\/mein-wort-schatz-augenweide\/\"]}]},{\"@type\":\"BreadcrumbList\",\"@id\":\"https:\/\/blog.zeit.de\/zeit-der-leser\/2012\/05\/11\/mein-wort-schatz-augenweide\/#breadcrumb\",\"itemListElement\":[{\"@type\":\"ListItem\",\"position\":1,\"name\":\"Startseite\",\"item\":\"https:\/\/blog.zeit.de\/zeit-der-leser\/\"},{\"@type\":\"ListItem\",\"position\":2,\"name\":\"Augenweide: Mein Wort-Schatz\"}]},{\"@type\":\"WebSite\",\"@id\":\"https:\/\/blog.zeit.de\/zeit-der-leser\/#website\",\"url\":\"https:\/\/blog.zeit.de\/zeit-der-leser\/\",\"name\":\"ZEIT der Leser\",\"description\":\"Ein Blog mit Ihren Notizen, Gedichten und Bildern f\u00fcr die gedruckte ZEIT\",\"potentialAction\":[{\"@type\":\"SearchAction\",\"target\":{\"@type\":\"EntryPoint\",\"urlTemplate\":\"https:\/\/blog.zeit.de\/zeit-der-leser\/?s={search_term_string}\"},\"query-input\":\"required name=search_term_string\"}],\"inLanguage\":\"de\"},{\"@type\":\"Person\",\"@id\":\"https:\/\/blog.zeit.de\/zeit-der-leser\/#\/schema\/person\/583b14e5ad6368c23af846ecbde9f20f\",\"name\":\"\\\"Zeit der Leser\\\"-Redaktion\",\"image\":{\"@type\":\"ImageObject\",\"inLanguage\":\"de\",\"@id\":\"https:\/\/blog.zeit.de\/zeit-der-leser\/#\/schema\/person\/image\/\",\"url\":\"https:\/\/secure.gravatar.com\/avatar\/e801a681bd3bbf2345131a815930b48d9f8e0a94de1346b624840dc850f67ad0?s=96&d=mm&r=g\",\"contentUrl\":\"https:\/\/secure.gravatar.com\/avatar\/e801a681bd3bbf2345131a815930b48d9f8e0a94de1346b624840dc850f67ad0?s=96&d=mm&r=g\",\"caption\":\"\\\"Zeit der Leser\\\"-Redaktion\"},\"url\":\"https:\/\/blog.zeit.de\/zeit-der-leser\/author\/zeit-der-leser-redaktion\/\"}]}<\/script>\n<!-- \/ Yoast SEO plugin. -->","yoast_head_json":{"title":"Augenweide: Mein Wort-Schatz - ZEIT der Leser","robots":{"index":"index","follow":"follow","max-snippet":"max-snippet:-1","max-image-preview":"max-image-preview:large","max-video-preview":"max-video-preview:-1"},"canonical":"https:\/\/blog.zeit.de\/zeit-der-leser\/2012\/05\/11\/mein-wort-schatz-augenweide\/","og_locale":"de_DE","og_type":"article","og_title":"Augenweide: Mein Wort-Schatz - ZEIT der Leser","og_description":"Ein Wort, das ich poetisch finde und sehr liebe: Augenweide. Mein Gro\u00dfvater sagte \u2013 vor \u00fcber 60 Jahren \u2013 h\u00e4ufig zu mir, dem bezopften kleinen M\u00e4dchen: \u00bbDodi, du bist meine Augenweide.\u00ab Unwillk\u00fcrlich verband ich das Wort seinerzeit mit dem Bild, das in mir entstand, wenn er mir den 23. Psalm vorlas: \u00bbEr weidet mich auf [&hellip;]","og_url":"https:\/\/blog.zeit.de\/zeit-der-leser\/2012\/05\/11\/mein-wort-schatz-augenweide\/","og_site_name":"ZEIT der Leser","article_published_time":"2012-05-11T10:00:41+00:00","article_modified_time":"2015-02-23T13:31:02+00:00","author":"\"Zeit der Leser\"-Redaktion","twitter_card":"summary_large_image","twitter_misc":{"Geschrieben von":"\"Zeit der Leser\"-Redaktion","Gesch\u00e4tzte Lesezeit":"1\u00a0Minute"},"schema":{"@context":"https:\/\/schema.org","@graph":[{"@type":"WebPage","@id":"https:\/\/blog.zeit.de\/zeit-der-leser\/2012\/05\/11\/mein-wort-schatz-augenweide\/","url":"https:\/\/blog.zeit.de\/zeit-der-leser\/2012\/05\/11\/mein-wort-schatz-augenweide\/","name":"Augenweide: Mein Wort-Schatz - ZEIT der Leser","isPartOf":{"@id":"https:\/\/blog.zeit.de\/zeit-der-leser\/#website"},"datePublished":"2012-05-11T10:00:41+00:00","dateModified":"2015-02-23T13:31:02+00:00","author":{"@id":"https:\/\/blog.zeit.de\/zeit-der-leser\/#\/schema\/person\/583b14e5ad6368c23af846ecbde9f20f"},"breadcrumb":{"@id":"https:\/\/blog.zeit.de\/zeit-der-leser\/2012\/05\/11\/mein-wort-schatz-augenweide\/#breadcrumb"},"inLanguage":"de","potentialAction":[{"@type":"ReadAction","target":["https:\/\/blog.zeit.de\/zeit-der-leser\/2012\/05\/11\/mein-wort-schatz-augenweide\/"]}]},{"@type":"BreadcrumbList","@id":"https:\/\/blog.zeit.de\/zeit-der-leser\/2012\/05\/11\/mein-wort-schatz-augenweide\/#breadcrumb","itemListElement":[{"@type":"ListItem","position":1,"name":"Startseite","item":"https:\/\/blog.zeit.de\/zeit-der-leser\/"},{"@type":"ListItem","position":2,"name":"Augenweide: Mein Wort-Schatz"}]},{"@type":"WebSite","@id":"https:\/\/blog.zeit.de\/zeit-der-leser\/#website","url":"https:\/\/blog.zeit.de\/zeit-der-leser\/","name":"ZEIT der Leser","description":"Ein Blog mit Ihren Notizen, Gedichten und Bildern f\u00fcr die gedruckte ZEIT","potentialAction":[{"@type":"SearchAction","target":{"@type":"EntryPoint","urlTemplate":"https:\/\/blog.zeit.de\/zeit-der-leser\/?s={search_term_string}"},"query-input":"required name=search_term_string"}],"inLanguage":"de"},{"@type":"Person","@id":"https:\/\/blog.zeit.de\/zeit-der-leser\/#\/schema\/person\/583b14e5ad6368c23af846ecbde9f20f","name":"\"Zeit der Leser\"-Redaktion","image":{"@type":"ImageObject","inLanguage":"de","@id":"https:\/\/blog.zeit.de\/zeit-der-leser\/#\/schema\/person\/image\/","url":"https:\/\/secure.gravatar.com\/avatar\/e801a681bd3bbf2345131a815930b48d9f8e0a94de1346b624840dc850f67ad0?s=96&d=mm&r=g","contentUrl":"https:\/\/secure.gravatar.com\/avatar\/e801a681bd3bbf2345131a815930b48d9f8e0a94de1346b624840dc850f67ad0?s=96&d=mm&r=g","caption":"\"Zeit der Leser\"-Redaktion"},"url":"https:\/\/blog.zeit.de\/zeit-der-leser\/author\/zeit-der-leser-redaktion\/"}]}},"jetpack_featured_media_url":"","jetpack_sharing_enabled":true,"_links":{"self":[{"href":"https:\/\/blog.zeit.de\/zeit-der-leser\/wp-json\/wp\/v2\/posts\/9610","targetHints":{"allow":["GET"]}}],"collection":[{"href":"https:\/\/blog.zeit.de\/zeit-der-leser\/wp-json\/wp\/v2\/posts"}],"about":[{"href":"https:\/\/blog.zeit.de\/zeit-der-leser\/wp-json\/wp\/v2\/types\/post"}],"author":[{"embeddable":true,"href":"https:\/\/blog.zeit.de\/zeit-der-leser\/wp-json\/wp\/v2\/users\/265"}],"replies":[{"embeddable":true,"href":"https:\/\/blog.zeit.de\/zeit-der-leser\/wp-json\/wp\/v2\/comments?post=9610"}],"version-history":[{"count":8,"href":"https:\/\/blog.zeit.de\/zeit-der-leser\/wp-json\/wp\/v2\/posts\/9610\/revisions"}],"predecessor-version":[{"id":17514,"href":"https:\/\/blog.zeit.de\/zeit-der-leser\/wp-json\/wp\/v2\/posts\/9610\/revisions\/17514"}],"wp:attachment":[{"href":"https:\/\/blog.zeit.de\/zeit-der-leser\/wp-json\/wp\/v2\/media?parent=9610"}],"wp:term":[{"taxonomy":"category","embeddable":true,"href":"https:\/\/blog.zeit.de\/zeit-der-leser\/wp-json\/wp\/v2\/categories?post=9610"},{"taxonomy":"post_tag","embeddable":true,"href":"https:\/\/blog.zeit.de\/zeit-der-leser\/wp-json\/wp\/v2\/tags?post=9610"}],"curies":[{"name":"wp","href":"https:\/\/api.w.org\/{rel}","templated":true}]}}