{"id":9639,"date":"2012-05-17T12:00:58","date_gmt":"2012-05-17T10:00:58","guid":{"rendered":"http:\/\/blog.zeit.de\/zeit-der-leser\/?p=9639"},"modified":"2012-05-11T14:04:52","modified_gmt":"2012-05-11T12:04:52","slug":"zeitsprung-58","status":"publish","type":"post","link":"https:\/\/blog.zeit.de\/zeit-der-leser\/2012\/05\/17\/zeitsprung-58\/","title":{"rendered":"Zeitsprung"},"content":{"rendered":"<p><a href=\"https:\/\/blog.zeit.de\/zeit-der-leser\/files\/2012\/05\/88-Zeitsprung-01.jpg\"><img loading=\"lazy\" decoding=\"async\" class=\"alignleft size-full wp-image-9675\" src=\"https:\/\/blog.zeit.de\/zeit-der-leser\/files\/2012\/05\/88-Zeitsprung-01.jpg\" alt=\"\" width=\"540\" height=\"391\" srcset=\"https:\/\/blog.zeit.de\/zeit-der-leser\/files\/2012\/05\/88-Zeitsprung-01.jpg 540w, https:\/\/blog.zeit.de\/zeit-der-leser\/files\/2012\/05\/88-Zeitsprung-01-300x217.jpg 300w\" sizes=\"auto, (max-width: 540px) 100vw, 540px\" \/><\/a>\u00a0<a href=\"https:\/\/blog.zeit.de\/zeit-der-leser\/files\/2012\/05\/88-Zeitsprung-02.jpg\"><img loading=\"lazy\" decoding=\"async\" class=\"alignleft size-full wp-image-9676\" src=\"https:\/\/blog.zeit.de\/zeit-der-leser\/files\/2012\/05\/88-Zeitsprung-02.jpg\" alt=\"\" width=\"540\" height=\"360\" srcset=\"https:\/\/blog.zeit.de\/zeit-der-leser\/files\/2012\/05\/88-Zeitsprung-02.jpg 540w, https:\/\/blog.zeit.de\/zeit-der-leser\/files\/2012\/05\/88-Zeitsprung-02-300x200.jpg 300w\" sizes=\"auto, (max-width: 540px) 100vw, 540px\" \/><\/a><\/p>\n<p>Bei der ersten Aufnahme handelt es sich um ein Wandbild aus der Reihe Westermann, wie man es noch aus der Schule kennt. Es kam durch Zufall in meine H\u00e4nde: Ein Freund, der sich mit Weinbau besch\u00e4ftigt, hatte es als Flohmarkt-Souvenir geschenkt bekommen und versehentlich bei mir liegen gelassen. Ich stellte fest, dass die Aufnahme nur etwa 200 Meter von meinem Elternhaus entfernt entstanden sein\u00a0muss, in Maikammer an der Weinstra\u00dfe. Auch mein Vater erkannte den Birnbaum wieder, dessen Fr\u00fcchte er als Kind gepfl\u00fcckt hatte. Das Bild blieb bei mir, der Kontakt zu seinem rechtm\u00e4\u00dfigen Besitzer ist leider eingeschlafen. Durch die ZEIT kam ich jedoch auf die Idee, zur gleichen Jahreszeit am gleichen Standort ein aktuelles Foto zu machen. Einige Details haben sich im Laufe der Zeit\u00a0durch die Flurbereinigung ver\u00e4ndert, aber im Gro\u00dfen und Ganzen hat die Landschaft ihre Sch\u00f6nheit bewahrt. Das alte Bild h\u00e4ngt mittlerweile an einem Ehrenplatz in meinem Weinkeller. Wenn sich der Freund, der es liegen lie\u00df, meldet, bin ich aber gerne bereit, es ihm zur\u00fcckzugeben &#8230;<\/p>\n<p><strong>Christoph Sch\u00e4dler,<\/strong> Bonn<\/p>\n","protected":false},"excerpt":{"rendered":"<p>\u00a0 Bei der ersten Aufnahme handelt es sich um ein Wandbild aus der Reihe Westermann, wie man es noch aus der Schule kennt. Es kam durch Zufall in meine H\u00e4nde: Ein Freund, der sich mit Weinbau besch\u00e4ftigt, hatte es als Flohmarkt-Souvenir geschenkt bekommen und versehentlich bei mir liegen gelassen. Ich stellte fest, dass die Aufnahme [&hellip;]<\/p>\n","protected":false},"author":265,"featured_media":0,"comment_status":"open","ping_status":"open","sticky":false,"template":"","format":"standard","meta":{"_jetpack_memberships_contains_paid_content":false,"footnotes":""},"categories":[1878],"tags":[],"class_list":["post-9639","post","type-post","status-publish","format-standard","hentry","category-zeitsprung"],"yoast_head":"<!-- This site is optimized with the Yoast SEO plugin v21.0 - https:\/\/yoast.com\/wordpress\/plugins\/seo\/ -->\n<title>Zeitsprung - ZEIT der Leser<\/title>\n<meta name=\"robots\" content=\"index, follow, max-snippet:-1, max-image-preview:large, max-video-preview:-1\" \/>\n<link rel=\"canonical\" href=\"https:\/\/blog.zeit.de\/zeit-der-leser\/2012\/05\/17\/zeitsprung-58\/\" \/>\n<meta property=\"og:locale\" content=\"de_DE\" \/>\n<meta property=\"og:type\" content=\"article\" \/>\n<meta property=\"og:title\" content=\"Zeitsprung - ZEIT der Leser\" \/>\n<meta property=\"og:description\" content=\"\u00a0 Bei der ersten Aufnahme handelt es sich um ein Wandbild aus der Reihe Westermann, wie man es noch aus der Schule kennt. Es kam durch Zufall in meine H\u00e4nde: Ein Freund, der sich mit Weinbau besch\u00e4ftigt, hatte es als Flohmarkt-Souvenir geschenkt bekommen und versehentlich bei mir liegen gelassen. Ich stellte fest, dass die Aufnahme [&hellip;]\" \/>\n<meta property=\"og:url\" content=\"https:\/\/blog.zeit.de\/zeit-der-leser\/2012\/05\/17\/zeitsprung-58\/\" \/>\n<meta property=\"og:site_name\" content=\"ZEIT der Leser\" \/>\n<meta property=\"article:published_time\" content=\"2012-05-17T10:00:58+00:00\" \/>\n<meta property=\"article:modified_time\" content=\"2012-05-11T12:04:52+00:00\" \/>\n<meta property=\"og:image\" content=\"https:\/\/blog.zeit.de\/zeit-der-leser\/files\/2012\/05\/88-Zeitsprung-01.jpg\" \/>\n<meta name=\"author\" content=\"&quot;Zeit der Leser&quot;-Redaktion\" \/>\n<meta name=\"twitter:card\" content=\"summary_large_image\" \/>\n<meta name=\"twitter:label1\" content=\"Geschrieben von\" \/>\n\t<meta name=\"twitter:data1\" content=\"\"Zeit der Leser\"-Redaktion\" \/>\n\t<meta name=\"twitter:label2\" content=\"Gesch\u00e4tzte Lesezeit\" \/>\n\t<meta name=\"twitter:data2\" content=\"1\u00a0Minute\" \/>\n<script type=\"application\/ld+json\" class=\"yoast-schema-graph\">{\"@context\":\"https:\/\/schema.org\",\"@graph\":[{\"@type\":\"WebPage\",\"@id\":\"https:\/\/blog.zeit.de\/zeit-der-leser\/2012\/05\/17\/zeitsprung-58\/\",\"url\":\"https:\/\/blog.zeit.de\/zeit-der-leser\/2012\/05\/17\/zeitsprung-58\/\",\"name\":\"Zeitsprung - ZEIT der Leser\",\"isPartOf\":{\"@id\":\"https:\/\/blog.zeit.de\/zeit-der-leser\/#website\"},\"datePublished\":\"2012-05-17T10:00:58+00:00\",\"dateModified\":\"2012-05-11T12:04:52+00:00\",\"author\":{\"@id\":\"https:\/\/blog.zeit.de\/zeit-der-leser\/#\/schema\/person\/583b14e5ad6368c23af846ecbde9f20f\"},\"breadcrumb\":{\"@id\":\"https:\/\/blog.zeit.de\/zeit-der-leser\/2012\/05\/17\/zeitsprung-58\/#breadcrumb\"},\"inLanguage\":\"de\",\"potentialAction\":[{\"@type\":\"ReadAction\",\"target\":[\"https:\/\/blog.zeit.de\/zeit-der-leser\/2012\/05\/17\/zeitsprung-58\/\"]}]},{\"@type\":\"BreadcrumbList\",\"@id\":\"https:\/\/blog.zeit.de\/zeit-der-leser\/2012\/05\/17\/zeitsprung-58\/#breadcrumb\",\"itemListElement\":[{\"@type\":\"ListItem\",\"position\":1,\"name\":\"Startseite\",\"item\":\"https:\/\/blog.zeit.de\/zeit-der-leser\/\"},{\"@type\":\"ListItem\",\"position\":2,\"name\":\"Zeitsprung\"}]},{\"@type\":\"WebSite\",\"@id\":\"https:\/\/blog.zeit.de\/zeit-der-leser\/#website\",\"url\":\"https:\/\/blog.zeit.de\/zeit-der-leser\/\",\"name\":\"ZEIT der Leser\",\"description\":\"Ein Blog mit Ihren Notizen, Gedichten und Bildern f\u00fcr die gedruckte ZEIT\",\"potentialAction\":[{\"@type\":\"SearchAction\",\"target\":{\"@type\":\"EntryPoint\",\"urlTemplate\":\"https:\/\/blog.zeit.de\/zeit-der-leser\/?s={search_term_string}\"},\"query-input\":\"required name=search_term_string\"}],\"inLanguage\":\"de\"},{\"@type\":\"Person\",\"@id\":\"https:\/\/blog.zeit.de\/zeit-der-leser\/#\/schema\/person\/583b14e5ad6368c23af846ecbde9f20f\",\"name\":\"\\\"Zeit der Leser\\\"-Redaktion\",\"image\":{\"@type\":\"ImageObject\",\"inLanguage\":\"de\",\"@id\":\"https:\/\/blog.zeit.de\/zeit-der-leser\/#\/schema\/person\/image\/\",\"url\":\"https:\/\/secure.gravatar.com\/avatar\/e801a681bd3bbf2345131a815930b48d9f8e0a94de1346b624840dc850f67ad0?s=96&d=mm&r=g\",\"contentUrl\":\"https:\/\/secure.gravatar.com\/avatar\/e801a681bd3bbf2345131a815930b48d9f8e0a94de1346b624840dc850f67ad0?s=96&d=mm&r=g\",\"caption\":\"\\\"Zeit der Leser\\\"-Redaktion\"},\"url\":\"https:\/\/blog.zeit.de\/zeit-der-leser\/author\/zeit-der-leser-redaktion\/\"}]}<\/script>\n<!-- \/ Yoast SEO plugin. -->","yoast_head_json":{"title":"Zeitsprung - ZEIT der Leser","robots":{"index":"index","follow":"follow","max-snippet":"max-snippet:-1","max-image-preview":"max-image-preview:large","max-video-preview":"max-video-preview:-1"},"canonical":"https:\/\/blog.zeit.de\/zeit-der-leser\/2012\/05\/17\/zeitsprung-58\/","og_locale":"de_DE","og_type":"article","og_title":"Zeitsprung - ZEIT der Leser","og_description":"\u00a0 Bei der ersten Aufnahme handelt es sich um ein Wandbild aus der Reihe Westermann, wie man es noch aus der Schule kennt. Es kam durch Zufall in meine H\u00e4nde: Ein Freund, der sich mit Weinbau besch\u00e4ftigt, hatte es als Flohmarkt-Souvenir geschenkt bekommen und versehentlich bei mir liegen gelassen. Ich stellte fest, dass die Aufnahme [&hellip;]","og_url":"https:\/\/blog.zeit.de\/zeit-der-leser\/2012\/05\/17\/zeitsprung-58\/","og_site_name":"ZEIT der Leser","article_published_time":"2012-05-17T10:00:58+00:00","article_modified_time":"2012-05-11T12:04:52+00:00","og_image":[{"url":"https:\/\/blog.zeit.de\/zeit-der-leser\/files\/2012\/05\/88-Zeitsprung-01.jpg"}],"author":"\"Zeit der Leser\"-Redaktion","twitter_card":"summary_large_image","twitter_misc":{"Geschrieben von":"\"Zeit der Leser\"-Redaktion","Gesch\u00e4tzte Lesezeit":"1\u00a0Minute"},"schema":{"@context":"https:\/\/schema.org","@graph":[{"@type":"WebPage","@id":"https:\/\/blog.zeit.de\/zeit-der-leser\/2012\/05\/17\/zeitsprung-58\/","url":"https:\/\/blog.zeit.de\/zeit-der-leser\/2012\/05\/17\/zeitsprung-58\/","name":"Zeitsprung - ZEIT der Leser","isPartOf":{"@id":"https:\/\/blog.zeit.de\/zeit-der-leser\/#website"},"datePublished":"2012-05-17T10:00:58+00:00","dateModified":"2012-05-11T12:04:52+00:00","author":{"@id":"https:\/\/blog.zeit.de\/zeit-der-leser\/#\/schema\/person\/583b14e5ad6368c23af846ecbde9f20f"},"breadcrumb":{"@id":"https:\/\/blog.zeit.de\/zeit-der-leser\/2012\/05\/17\/zeitsprung-58\/#breadcrumb"},"inLanguage":"de","potentialAction":[{"@type":"ReadAction","target":["https:\/\/blog.zeit.de\/zeit-der-leser\/2012\/05\/17\/zeitsprung-58\/"]}]},{"@type":"BreadcrumbList","@id":"https:\/\/blog.zeit.de\/zeit-der-leser\/2012\/05\/17\/zeitsprung-58\/#breadcrumb","itemListElement":[{"@type":"ListItem","position":1,"name":"Startseite","item":"https:\/\/blog.zeit.de\/zeit-der-leser\/"},{"@type":"ListItem","position":2,"name":"Zeitsprung"}]},{"@type":"WebSite","@id":"https:\/\/blog.zeit.de\/zeit-der-leser\/#website","url":"https:\/\/blog.zeit.de\/zeit-der-leser\/","name":"ZEIT der Leser","description":"Ein Blog mit Ihren Notizen, Gedichten und Bildern f\u00fcr die gedruckte ZEIT","potentialAction":[{"@type":"SearchAction","target":{"@type":"EntryPoint","urlTemplate":"https:\/\/blog.zeit.de\/zeit-der-leser\/?s={search_term_string}"},"query-input":"required name=search_term_string"}],"inLanguage":"de"},{"@type":"Person","@id":"https:\/\/blog.zeit.de\/zeit-der-leser\/#\/schema\/person\/583b14e5ad6368c23af846ecbde9f20f","name":"\"Zeit der Leser\"-Redaktion","image":{"@type":"ImageObject","inLanguage":"de","@id":"https:\/\/blog.zeit.de\/zeit-der-leser\/#\/schema\/person\/image\/","url":"https:\/\/secure.gravatar.com\/avatar\/e801a681bd3bbf2345131a815930b48d9f8e0a94de1346b624840dc850f67ad0?s=96&d=mm&r=g","contentUrl":"https:\/\/secure.gravatar.com\/avatar\/e801a681bd3bbf2345131a815930b48d9f8e0a94de1346b624840dc850f67ad0?s=96&d=mm&r=g","caption":"\"Zeit der Leser\"-Redaktion"},"url":"https:\/\/blog.zeit.de\/zeit-der-leser\/author\/zeit-der-leser-redaktion\/"}]}},"jetpack_featured_media_url":"","jetpack_sharing_enabled":true,"_links":{"self":[{"href":"https:\/\/blog.zeit.de\/zeit-der-leser\/wp-json\/wp\/v2\/posts\/9639","targetHints":{"allow":["GET"]}}],"collection":[{"href":"https:\/\/blog.zeit.de\/zeit-der-leser\/wp-json\/wp\/v2\/posts"}],"about":[{"href":"https:\/\/blog.zeit.de\/zeit-der-leser\/wp-json\/wp\/v2\/types\/post"}],"author":[{"embeddable":true,"href":"https:\/\/blog.zeit.de\/zeit-der-leser\/wp-json\/wp\/v2\/users\/265"}],"replies":[{"embeddable":true,"href":"https:\/\/blog.zeit.de\/zeit-der-leser\/wp-json\/wp\/v2\/comments?post=9639"}],"version-history":[{"count":6,"href":"https:\/\/blog.zeit.de\/zeit-der-leser\/wp-json\/wp\/v2\/posts\/9639\/revisions"}],"predecessor-version":[{"id":9677,"href":"https:\/\/blog.zeit.de\/zeit-der-leser\/wp-json\/wp\/v2\/posts\/9639\/revisions\/9677"}],"wp:attachment":[{"href":"https:\/\/blog.zeit.de\/zeit-der-leser\/wp-json\/wp\/v2\/media?parent=9639"}],"wp:term":[{"taxonomy":"category","embeddable":true,"href":"https:\/\/blog.zeit.de\/zeit-der-leser\/wp-json\/wp\/v2\/categories?post=9639"},{"taxonomy":"post_tag","embeddable":true,"href":"https:\/\/blog.zeit.de\/zeit-der-leser\/wp-json\/wp\/v2\/tags?post=9639"}],"curies":[{"name":"wp","href":"https:\/\/api.w.org\/{rel}","templated":true}]}}