{"id":964,"date":"2010-05-08T07:45:02","date_gmt":"2010-05-08T05:45:02","guid":{"rendered":"http:\/\/blog.zeit.de\/zeit-der-leser\/?p=964"},"modified":"2010-05-07T16:55:47","modified_gmt":"2010-05-07T14:55:47","slug":"ausflug-nach-quatna","status":"publish","type":"post","link":"https:\/\/blog.zeit.de\/zeit-der-leser\/2010\/05\/08\/ausflug-nach-quatna\/","title":{"rendered":"Ausflug nach Quatna"},"content":{"rendered":"<p>Ich lese keine historischen Romane, ich habe keine Ahnung von der Geschichte des Vorderen Orients, ich wusste nicht einmal, dass es einen Staat Qatna gab. Und dann ging ich in die Stuttgarter Ausstellung, in der die arch\u00e4ologischen Funde dieses kleinen K\u00f6nigsreiches gezeigt wurden, eigentlich nur, weil der T\u00fcbinger Professor Peter Pf\u00e4lzner im Irak diese spektakul\u00e4ren Entdeckungen gemacht hat. Und ich wohne bei T\u00fcbingen. Alles toll, alles<br \/>\naufregend, gut gemacht. <\/p>\n<p>Und dann machte ich diesen Fund im Museumsshop: der historische Roman &#8222;Qatna&#8220; von Maria Courant. Man sagt ja, man habe ein Buch gefressen. Genauso ging es mir. 555 Seiten spannendste Dramen aus dieser Epoche (1355 bis 1332 v. Chr) haben mich nicht mehr losgelassen, weil &#8211; und das ist jetzt die Bereicherung &#8211; die Autorin eine Wissenschaftlerin ist, die Pf\u00e4lzner offenbar im Nacken sa\u00df. Sie wei\u00df alles \u00fcber K\u00f6nig Schuppiluliuma, Pharao Echnaton und schildert das Leben der damaligen Zeit, als sei sie eine Freundin von Prinzessin Kira, Schuppiluliumas Tochter und Protagonistin, gewesen. Wir erfahren alles \u00fcber das h\u00f6fische Leben, Kriegskunst, Liebeskunst, M\u00e4nnerphantasien, Frauendasein &#8211; und k\u00f6nnen uns gl\u00fccklich sch\u00e4tzen, die Bedeutung des arch\u00e4ologischen Fundes Qatna zu erahnen. Wie gesagt, ich lese sonst keine historischen Romane, weil in ihnen so viel Schmu erz\u00e4hlt wird. Hier nicht. Geschichte pur in Spannung pur. Hab ich so noch nicht erlebt. Und ich lese viel.<\/p>\n<p><em>Eleonore Wittke, Kusterdingen-M\u00e4hringen<\/em><\/p>\n","protected":false},"excerpt":{"rendered":"<p>Ich lese keine historischen Romane, ich habe keine Ahnung von der Geschichte des Vorderen Orients, ich wusste nicht einmal, dass es einen Staat Qatna gab. Und dann ging ich in die Stuttgarter Ausstellung, in der die arch\u00e4ologischen Funde dieses kleinen K\u00f6nigsreiches gezeigt wurden, eigentlich nur, weil der T\u00fcbinger Professor Peter Pf\u00e4lzner im Irak diese spektakul\u00e4ren [&hellip;]<\/p>\n","protected":false},"author":264,"featured_media":0,"comment_status":"open","ping_status":"open","sticky":false,"template":"","format":"standard","meta":{"_jetpack_memberships_contains_paid_content":false,"footnotes":""},"categories":[1871],"tags":[],"class_list":["post-964","post","type-post","status-publish","format-standard","hentry","category-was-mein-leben-reicher-macht"],"yoast_head":"<!-- This site is optimized with the Yoast SEO plugin v21.0 - https:\/\/yoast.com\/wordpress\/plugins\/seo\/ -->\n<title>Ausflug nach Quatna - ZEIT der Leser<\/title>\n<meta name=\"robots\" content=\"index, follow, max-snippet:-1, max-image-preview:large, max-video-preview:-1\" \/>\n<link rel=\"canonical\" href=\"https:\/\/blog.zeit.de\/zeit-der-leser\/2010\/05\/08\/ausflug-nach-quatna\/\" \/>\n<meta property=\"og:locale\" content=\"de_DE\" \/>\n<meta property=\"og:type\" content=\"article\" \/>\n<meta property=\"og:title\" content=\"Ausflug nach Quatna - ZEIT der Leser\" \/>\n<meta property=\"og:description\" content=\"Ich lese keine historischen Romane, ich habe keine Ahnung von der Geschichte des Vorderen Orients, ich wusste nicht einmal, dass es einen Staat Qatna gab. Und dann ging ich in die Stuttgarter Ausstellung, in der die arch\u00e4ologischen Funde dieses kleinen K\u00f6nigsreiches gezeigt wurden, eigentlich nur, weil der T\u00fcbinger Professor Peter Pf\u00e4lzner im Irak diese spektakul\u00e4ren [&hellip;]\" \/>\n<meta property=\"og:url\" content=\"https:\/\/blog.zeit.de\/zeit-der-leser\/2010\/05\/08\/ausflug-nach-quatna\/\" \/>\n<meta property=\"og:site_name\" content=\"ZEIT der Leser\" \/>\n<meta property=\"article:published_time\" content=\"2010-05-08T05:45:02+00:00\" \/>\n<meta property=\"article:modified_time\" content=\"2010-05-07T14:55:47+00:00\" \/>\n<meta name=\"author\" content=\"Zeit der Leser\" \/>\n<meta name=\"twitter:card\" content=\"summary_large_image\" \/>\n<meta name=\"twitter:label1\" content=\"Geschrieben von\" \/>\n\t<meta name=\"twitter:data1\" content=\"Zeit der Leser\" \/>\n\t<meta name=\"twitter:label2\" content=\"Gesch\u00e4tzte Lesezeit\" \/>\n\t<meta name=\"twitter:data2\" content=\"1\u00a0Minute\" \/>\n<script type=\"application\/ld+json\" class=\"yoast-schema-graph\">{\"@context\":\"https:\/\/schema.org\",\"@graph\":[{\"@type\":\"WebPage\",\"@id\":\"https:\/\/blog.zeit.de\/zeit-der-leser\/2010\/05\/08\/ausflug-nach-quatna\/\",\"url\":\"https:\/\/blog.zeit.de\/zeit-der-leser\/2010\/05\/08\/ausflug-nach-quatna\/\",\"name\":\"Ausflug nach Quatna - ZEIT der Leser\",\"isPartOf\":{\"@id\":\"https:\/\/blog.zeit.de\/zeit-der-leser\/#website\"},\"datePublished\":\"2010-05-08T05:45:02+00:00\",\"dateModified\":\"2010-05-07T14:55:47+00:00\",\"author\":{\"@id\":\"https:\/\/blog.zeit.de\/zeit-der-leser\/#\/schema\/person\/e248c7ff5a10552f6a3bd5e9385b3667\"},\"breadcrumb\":{\"@id\":\"https:\/\/blog.zeit.de\/zeit-der-leser\/2010\/05\/08\/ausflug-nach-quatna\/#breadcrumb\"},\"inLanguage\":\"de\",\"potentialAction\":[{\"@type\":\"ReadAction\",\"target\":[\"https:\/\/blog.zeit.de\/zeit-der-leser\/2010\/05\/08\/ausflug-nach-quatna\/\"]}]},{\"@type\":\"BreadcrumbList\",\"@id\":\"https:\/\/blog.zeit.de\/zeit-der-leser\/2010\/05\/08\/ausflug-nach-quatna\/#breadcrumb\",\"itemListElement\":[{\"@type\":\"ListItem\",\"position\":1,\"name\":\"Startseite\",\"item\":\"https:\/\/blog.zeit.de\/zeit-der-leser\/\"},{\"@type\":\"ListItem\",\"position\":2,\"name\":\"Ausflug nach Quatna\"}]},{\"@type\":\"WebSite\",\"@id\":\"https:\/\/blog.zeit.de\/zeit-der-leser\/#website\",\"url\":\"https:\/\/blog.zeit.de\/zeit-der-leser\/\",\"name\":\"ZEIT der Leser\",\"description\":\"Ein Blog mit Ihren Notizen, Gedichten und Bildern f\u00fcr die gedruckte ZEIT\",\"potentialAction\":[{\"@type\":\"SearchAction\",\"target\":{\"@type\":\"EntryPoint\",\"urlTemplate\":\"https:\/\/blog.zeit.de\/zeit-der-leser\/?s={search_term_string}\"},\"query-input\":\"required name=search_term_string\"}],\"inLanguage\":\"de\"},{\"@type\":\"Person\",\"@id\":\"https:\/\/blog.zeit.de\/zeit-der-leser\/#\/schema\/person\/e248c7ff5a10552f6a3bd5e9385b3667\",\"name\":\"Zeit der Leser\",\"image\":{\"@type\":\"ImageObject\",\"inLanguage\":\"de\",\"@id\":\"https:\/\/blog.zeit.de\/zeit-der-leser\/#\/schema\/person\/image\/\",\"url\":\"https:\/\/secure.gravatar.com\/avatar\/529bb2731085995bda6c8ba0e4da7e528ea8be4e6c7abdd217f176e2309035f6?s=96&d=mm&r=g\",\"contentUrl\":\"https:\/\/secure.gravatar.com\/avatar\/529bb2731085995bda6c8ba0e4da7e528ea8be4e6c7abdd217f176e2309035f6?s=96&d=mm&r=g\",\"caption\":\"Zeit der Leser\"},\"url\":\"https:\/\/blog.zeit.de\/zeit-der-leser\/author\/zeit-der-leser\/\"}]}<\/script>\n<!-- \/ Yoast SEO plugin. -->","yoast_head_json":{"title":"Ausflug nach Quatna - ZEIT der Leser","robots":{"index":"index","follow":"follow","max-snippet":"max-snippet:-1","max-image-preview":"max-image-preview:large","max-video-preview":"max-video-preview:-1"},"canonical":"https:\/\/blog.zeit.de\/zeit-der-leser\/2010\/05\/08\/ausflug-nach-quatna\/","og_locale":"de_DE","og_type":"article","og_title":"Ausflug nach Quatna - ZEIT der Leser","og_description":"Ich lese keine historischen Romane, ich habe keine Ahnung von der Geschichte des Vorderen Orients, ich wusste nicht einmal, dass es einen Staat Qatna gab. Und dann ging ich in die Stuttgarter Ausstellung, in der die arch\u00e4ologischen Funde dieses kleinen K\u00f6nigsreiches gezeigt wurden, eigentlich nur, weil der T\u00fcbinger Professor Peter Pf\u00e4lzner im Irak diese spektakul\u00e4ren [&hellip;]","og_url":"https:\/\/blog.zeit.de\/zeit-der-leser\/2010\/05\/08\/ausflug-nach-quatna\/","og_site_name":"ZEIT der Leser","article_published_time":"2010-05-08T05:45:02+00:00","article_modified_time":"2010-05-07T14:55:47+00:00","author":"Zeit der Leser","twitter_card":"summary_large_image","twitter_misc":{"Geschrieben von":"Zeit der Leser","Gesch\u00e4tzte Lesezeit":"1\u00a0Minute"},"schema":{"@context":"https:\/\/schema.org","@graph":[{"@type":"WebPage","@id":"https:\/\/blog.zeit.de\/zeit-der-leser\/2010\/05\/08\/ausflug-nach-quatna\/","url":"https:\/\/blog.zeit.de\/zeit-der-leser\/2010\/05\/08\/ausflug-nach-quatna\/","name":"Ausflug nach Quatna - ZEIT der Leser","isPartOf":{"@id":"https:\/\/blog.zeit.de\/zeit-der-leser\/#website"},"datePublished":"2010-05-08T05:45:02+00:00","dateModified":"2010-05-07T14:55:47+00:00","author":{"@id":"https:\/\/blog.zeit.de\/zeit-der-leser\/#\/schema\/person\/e248c7ff5a10552f6a3bd5e9385b3667"},"breadcrumb":{"@id":"https:\/\/blog.zeit.de\/zeit-der-leser\/2010\/05\/08\/ausflug-nach-quatna\/#breadcrumb"},"inLanguage":"de","potentialAction":[{"@type":"ReadAction","target":["https:\/\/blog.zeit.de\/zeit-der-leser\/2010\/05\/08\/ausflug-nach-quatna\/"]}]},{"@type":"BreadcrumbList","@id":"https:\/\/blog.zeit.de\/zeit-der-leser\/2010\/05\/08\/ausflug-nach-quatna\/#breadcrumb","itemListElement":[{"@type":"ListItem","position":1,"name":"Startseite","item":"https:\/\/blog.zeit.de\/zeit-der-leser\/"},{"@type":"ListItem","position":2,"name":"Ausflug nach Quatna"}]},{"@type":"WebSite","@id":"https:\/\/blog.zeit.de\/zeit-der-leser\/#website","url":"https:\/\/blog.zeit.de\/zeit-der-leser\/","name":"ZEIT der Leser","description":"Ein Blog mit Ihren Notizen, Gedichten und Bildern f\u00fcr die gedruckte ZEIT","potentialAction":[{"@type":"SearchAction","target":{"@type":"EntryPoint","urlTemplate":"https:\/\/blog.zeit.de\/zeit-der-leser\/?s={search_term_string}"},"query-input":"required name=search_term_string"}],"inLanguage":"de"},{"@type":"Person","@id":"https:\/\/blog.zeit.de\/zeit-der-leser\/#\/schema\/person\/e248c7ff5a10552f6a3bd5e9385b3667","name":"Zeit der Leser","image":{"@type":"ImageObject","inLanguage":"de","@id":"https:\/\/blog.zeit.de\/zeit-der-leser\/#\/schema\/person\/image\/","url":"https:\/\/secure.gravatar.com\/avatar\/529bb2731085995bda6c8ba0e4da7e528ea8be4e6c7abdd217f176e2309035f6?s=96&d=mm&r=g","contentUrl":"https:\/\/secure.gravatar.com\/avatar\/529bb2731085995bda6c8ba0e4da7e528ea8be4e6c7abdd217f176e2309035f6?s=96&d=mm&r=g","caption":"Zeit der Leser"},"url":"https:\/\/blog.zeit.de\/zeit-der-leser\/author\/zeit-der-leser\/"}]}},"jetpack_featured_media_url":"","jetpack_sharing_enabled":true,"_links":{"self":[{"href":"https:\/\/blog.zeit.de\/zeit-der-leser\/wp-json\/wp\/v2\/posts\/964","targetHints":{"allow":["GET"]}}],"collection":[{"href":"https:\/\/blog.zeit.de\/zeit-der-leser\/wp-json\/wp\/v2\/posts"}],"about":[{"href":"https:\/\/blog.zeit.de\/zeit-der-leser\/wp-json\/wp\/v2\/types\/post"}],"author":[{"embeddable":true,"href":"https:\/\/blog.zeit.de\/zeit-der-leser\/wp-json\/wp\/v2\/users\/264"}],"replies":[{"embeddable":true,"href":"https:\/\/blog.zeit.de\/zeit-der-leser\/wp-json\/wp\/v2\/comments?post=964"}],"version-history":[{"count":0,"href":"https:\/\/blog.zeit.de\/zeit-der-leser\/wp-json\/wp\/v2\/posts\/964\/revisions"}],"wp:attachment":[{"href":"https:\/\/blog.zeit.de\/zeit-der-leser\/wp-json\/wp\/v2\/media?parent=964"}],"wp:term":[{"taxonomy":"category","embeddable":true,"href":"https:\/\/blog.zeit.de\/zeit-der-leser\/wp-json\/wp\/v2\/categories?post=964"},{"taxonomy":"post_tag","embeddable":true,"href":"https:\/\/blog.zeit.de\/zeit-der-leser\/wp-json\/wp\/v2\/tags?post=964"}],"curies":[{"name":"wp","href":"https:\/\/api.w.org\/{rel}","templated":true}]}}