{"id":968,"date":"2010-05-07T10:05:32","date_gmt":"2010-05-07T08:05:32","guid":{"rendered":"http:\/\/blog.zeit.de\/zeit-der-leser\/?p=968"},"modified":"2010-05-07T10:05:32","modified_gmt":"2010-05-07T08:05:32","slug":"urzeitliche-erfinder","status":"publish","type":"post","link":"https:\/\/blog.zeit.de\/zeit-der-leser\/2010\/05\/07\/urzeitliche-erfinder\/","title":{"rendered":"Urzeitliche Erfinder"},"content":{"rendered":"<p>Meine ma\u00dflose \u00dcbersch\u00e4tzung von heutigen naturwissenschaftlichen Erkenntnissen wurde angekratzt, als ich am Sonntag das arch\u00e4ologische Museum im Pauli-Kloster zu Brandenburg\/Havel besuchte. Viele spitz zugeschlagene Feuersteine f\u00fcllen \u00fcberall die Vitrinen, aber wie kommt man auf die Erkenntnis, dass ein Pfeil mit solchem Feuerstein besser fliegt, wenn sein Schaft mit Federn versehen ist? wie kamen Steinzeitmenschen auf die Idee, mit ihren Mitteln einen Blasebalg zu basteln, um das Feuer anzufachen? Diese Vorg\u00e4nge wurden mir in dem exzellenten Pauli-Kloster-Museum so anschaulich vor Augen gef\u00fchrt, dass der Unterschied in der Potenz des Neocortex zwischen diesem Anfangswissen und z.B. der Evolutionstheorie oder neuzeitlichen technischen Neuerungen zu schwinden schien.<\/p>\n<p><em>Christa Kr\u00fcger, Berlin<\/em><\/p>\n","protected":false},"excerpt":{"rendered":"<p>Meine ma\u00dflose \u00dcbersch\u00e4tzung von heutigen naturwissenschaftlichen Erkenntnissen wurde angekratzt, als ich am Sonntag das arch\u00e4ologische Museum im Pauli-Kloster zu Brandenburg\/Havel besuchte. Viele spitz zugeschlagene Feuersteine f\u00fcllen \u00fcberall die Vitrinen, aber wie kommt man auf die Erkenntnis, dass ein Pfeil mit solchem Feuerstein besser fliegt, wenn sein Schaft mit Federn versehen ist? wie kamen Steinzeitmenschen auf [&hellip;]<\/p>\n","protected":false},"author":264,"featured_media":0,"comment_status":"open","ping_status":"open","sticky":false,"template":"","format":"standard","meta":{"_jetpack_memberships_contains_paid_content":false,"footnotes":""},"categories":[1871],"tags":[],"class_list":["post-968","post","type-post","status-publish","format-standard","hentry","category-was-mein-leben-reicher-macht"],"yoast_head":"<!-- This site is optimized with the Yoast SEO plugin v21.0 - https:\/\/yoast.com\/wordpress\/plugins\/seo\/ -->\n<title>Urzeitliche Erfinder - ZEIT der Leser<\/title>\n<meta name=\"robots\" content=\"index, follow, max-snippet:-1, max-image-preview:large, max-video-preview:-1\" \/>\n<link rel=\"canonical\" href=\"https:\/\/blog.zeit.de\/zeit-der-leser\/2010\/05\/07\/urzeitliche-erfinder\/\" \/>\n<meta property=\"og:locale\" content=\"de_DE\" \/>\n<meta property=\"og:type\" content=\"article\" \/>\n<meta property=\"og:title\" content=\"Urzeitliche Erfinder - ZEIT der Leser\" \/>\n<meta property=\"og:description\" content=\"Meine ma\u00dflose \u00dcbersch\u00e4tzung von heutigen naturwissenschaftlichen Erkenntnissen wurde angekratzt, als ich am Sonntag das arch\u00e4ologische Museum im Pauli-Kloster zu Brandenburg\/Havel besuchte. Viele spitz zugeschlagene Feuersteine f\u00fcllen \u00fcberall die Vitrinen, aber wie kommt man auf die Erkenntnis, dass ein Pfeil mit solchem Feuerstein besser fliegt, wenn sein Schaft mit Federn versehen ist? wie kamen Steinzeitmenschen auf [&hellip;]\" \/>\n<meta property=\"og:url\" content=\"https:\/\/blog.zeit.de\/zeit-der-leser\/2010\/05\/07\/urzeitliche-erfinder\/\" \/>\n<meta property=\"og:site_name\" content=\"ZEIT der Leser\" \/>\n<meta property=\"article:published_time\" content=\"2010-05-07T08:05:32+00:00\" \/>\n<meta name=\"author\" content=\"Zeit der Leser\" \/>\n<meta name=\"twitter:card\" content=\"summary_large_image\" \/>\n<meta name=\"twitter:label1\" content=\"Geschrieben von\" \/>\n\t<meta name=\"twitter:data1\" content=\"Zeit der Leser\" \/>\n\t<meta name=\"twitter:label2\" content=\"Gesch\u00e4tzte Lesezeit\" \/>\n\t<meta name=\"twitter:data2\" content=\"1\u00a0Minute\" \/>\n<script type=\"application\/ld+json\" class=\"yoast-schema-graph\">{\"@context\":\"https:\/\/schema.org\",\"@graph\":[{\"@type\":\"WebPage\",\"@id\":\"https:\/\/blog.zeit.de\/zeit-der-leser\/2010\/05\/07\/urzeitliche-erfinder\/\",\"url\":\"https:\/\/blog.zeit.de\/zeit-der-leser\/2010\/05\/07\/urzeitliche-erfinder\/\",\"name\":\"Urzeitliche Erfinder - ZEIT der Leser\",\"isPartOf\":{\"@id\":\"https:\/\/blog.zeit.de\/zeit-der-leser\/#website\"},\"datePublished\":\"2010-05-07T08:05:32+00:00\",\"dateModified\":\"2010-05-07T08:05:32+00:00\",\"author\":{\"@id\":\"https:\/\/blog.zeit.de\/zeit-der-leser\/#\/schema\/person\/e248c7ff5a10552f6a3bd5e9385b3667\"},\"breadcrumb\":{\"@id\":\"https:\/\/blog.zeit.de\/zeit-der-leser\/2010\/05\/07\/urzeitliche-erfinder\/#breadcrumb\"},\"inLanguage\":\"de\",\"potentialAction\":[{\"@type\":\"ReadAction\",\"target\":[\"https:\/\/blog.zeit.de\/zeit-der-leser\/2010\/05\/07\/urzeitliche-erfinder\/\"]}]},{\"@type\":\"BreadcrumbList\",\"@id\":\"https:\/\/blog.zeit.de\/zeit-der-leser\/2010\/05\/07\/urzeitliche-erfinder\/#breadcrumb\",\"itemListElement\":[{\"@type\":\"ListItem\",\"position\":1,\"name\":\"Startseite\",\"item\":\"https:\/\/blog.zeit.de\/zeit-der-leser\/\"},{\"@type\":\"ListItem\",\"position\":2,\"name\":\"Urzeitliche Erfinder\"}]},{\"@type\":\"WebSite\",\"@id\":\"https:\/\/blog.zeit.de\/zeit-der-leser\/#website\",\"url\":\"https:\/\/blog.zeit.de\/zeit-der-leser\/\",\"name\":\"ZEIT der Leser\",\"description\":\"Ein Blog mit Ihren Notizen, Gedichten und Bildern f\u00fcr die gedruckte ZEIT\",\"potentialAction\":[{\"@type\":\"SearchAction\",\"target\":{\"@type\":\"EntryPoint\",\"urlTemplate\":\"https:\/\/blog.zeit.de\/zeit-der-leser\/?s={search_term_string}\"},\"query-input\":\"required name=search_term_string\"}],\"inLanguage\":\"de\"},{\"@type\":\"Person\",\"@id\":\"https:\/\/blog.zeit.de\/zeit-der-leser\/#\/schema\/person\/e248c7ff5a10552f6a3bd5e9385b3667\",\"name\":\"Zeit der Leser\",\"image\":{\"@type\":\"ImageObject\",\"inLanguage\":\"de\",\"@id\":\"https:\/\/blog.zeit.de\/zeit-der-leser\/#\/schema\/person\/image\/\",\"url\":\"https:\/\/secure.gravatar.com\/avatar\/529bb2731085995bda6c8ba0e4da7e528ea8be4e6c7abdd217f176e2309035f6?s=96&d=mm&r=g\",\"contentUrl\":\"https:\/\/secure.gravatar.com\/avatar\/529bb2731085995bda6c8ba0e4da7e528ea8be4e6c7abdd217f176e2309035f6?s=96&d=mm&r=g\",\"caption\":\"Zeit der Leser\"},\"url\":\"https:\/\/blog.zeit.de\/zeit-der-leser\/author\/zeit-der-leser\/\"}]}<\/script>\n<!-- \/ Yoast SEO plugin. -->","yoast_head_json":{"title":"Urzeitliche Erfinder - ZEIT der Leser","robots":{"index":"index","follow":"follow","max-snippet":"max-snippet:-1","max-image-preview":"max-image-preview:large","max-video-preview":"max-video-preview:-1"},"canonical":"https:\/\/blog.zeit.de\/zeit-der-leser\/2010\/05\/07\/urzeitliche-erfinder\/","og_locale":"de_DE","og_type":"article","og_title":"Urzeitliche Erfinder - ZEIT der Leser","og_description":"Meine ma\u00dflose \u00dcbersch\u00e4tzung von heutigen naturwissenschaftlichen Erkenntnissen wurde angekratzt, als ich am Sonntag das arch\u00e4ologische Museum im Pauli-Kloster zu Brandenburg\/Havel besuchte. Viele spitz zugeschlagene Feuersteine f\u00fcllen \u00fcberall die Vitrinen, aber wie kommt man auf die Erkenntnis, dass ein Pfeil mit solchem Feuerstein besser fliegt, wenn sein Schaft mit Federn versehen ist? wie kamen Steinzeitmenschen auf [&hellip;]","og_url":"https:\/\/blog.zeit.de\/zeit-der-leser\/2010\/05\/07\/urzeitliche-erfinder\/","og_site_name":"ZEIT der Leser","article_published_time":"2010-05-07T08:05:32+00:00","author":"Zeit der Leser","twitter_card":"summary_large_image","twitter_misc":{"Geschrieben von":"Zeit der Leser","Gesch\u00e4tzte Lesezeit":"1\u00a0Minute"},"schema":{"@context":"https:\/\/schema.org","@graph":[{"@type":"WebPage","@id":"https:\/\/blog.zeit.de\/zeit-der-leser\/2010\/05\/07\/urzeitliche-erfinder\/","url":"https:\/\/blog.zeit.de\/zeit-der-leser\/2010\/05\/07\/urzeitliche-erfinder\/","name":"Urzeitliche Erfinder - ZEIT der Leser","isPartOf":{"@id":"https:\/\/blog.zeit.de\/zeit-der-leser\/#website"},"datePublished":"2010-05-07T08:05:32+00:00","dateModified":"2010-05-07T08:05:32+00:00","author":{"@id":"https:\/\/blog.zeit.de\/zeit-der-leser\/#\/schema\/person\/e248c7ff5a10552f6a3bd5e9385b3667"},"breadcrumb":{"@id":"https:\/\/blog.zeit.de\/zeit-der-leser\/2010\/05\/07\/urzeitliche-erfinder\/#breadcrumb"},"inLanguage":"de","potentialAction":[{"@type":"ReadAction","target":["https:\/\/blog.zeit.de\/zeit-der-leser\/2010\/05\/07\/urzeitliche-erfinder\/"]}]},{"@type":"BreadcrumbList","@id":"https:\/\/blog.zeit.de\/zeit-der-leser\/2010\/05\/07\/urzeitliche-erfinder\/#breadcrumb","itemListElement":[{"@type":"ListItem","position":1,"name":"Startseite","item":"https:\/\/blog.zeit.de\/zeit-der-leser\/"},{"@type":"ListItem","position":2,"name":"Urzeitliche Erfinder"}]},{"@type":"WebSite","@id":"https:\/\/blog.zeit.de\/zeit-der-leser\/#website","url":"https:\/\/blog.zeit.de\/zeit-der-leser\/","name":"ZEIT der Leser","description":"Ein Blog mit Ihren Notizen, Gedichten und Bildern f\u00fcr die gedruckte ZEIT","potentialAction":[{"@type":"SearchAction","target":{"@type":"EntryPoint","urlTemplate":"https:\/\/blog.zeit.de\/zeit-der-leser\/?s={search_term_string}"},"query-input":"required name=search_term_string"}],"inLanguage":"de"},{"@type":"Person","@id":"https:\/\/blog.zeit.de\/zeit-der-leser\/#\/schema\/person\/e248c7ff5a10552f6a3bd5e9385b3667","name":"Zeit der Leser","image":{"@type":"ImageObject","inLanguage":"de","@id":"https:\/\/blog.zeit.de\/zeit-der-leser\/#\/schema\/person\/image\/","url":"https:\/\/secure.gravatar.com\/avatar\/529bb2731085995bda6c8ba0e4da7e528ea8be4e6c7abdd217f176e2309035f6?s=96&d=mm&r=g","contentUrl":"https:\/\/secure.gravatar.com\/avatar\/529bb2731085995bda6c8ba0e4da7e528ea8be4e6c7abdd217f176e2309035f6?s=96&d=mm&r=g","caption":"Zeit der Leser"},"url":"https:\/\/blog.zeit.de\/zeit-der-leser\/author\/zeit-der-leser\/"}]}},"jetpack_featured_media_url":"","jetpack_sharing_enabled":true,"_links":{"self":[{"href":"https:\/\/blog.zeit.de\/zeit-der-leser\/wp-json\/wp\/v2\/posts\/968","targetHints":{"allow":["GET"]}}],"collection":[{"href":"https:\/\/blog.zeit.de\/zeit-der-leser\/wp-json\/wp\/v2\/posts"}],"about":[{"href":"https:\/\/blog.zeit.de\/zeit-der-leser\/wp-json\/wp\/v2\/types\/post"}],"author":[{"embeddable":true,"href":"https:\/\/blog.zeit.de\/zeit-der-leser\/wp-json\/wp\/v2\/users\/264"}],"replies":[{"embeddable":true,"href":"https:\/\/blog.zeit.de\/zeit-der-leser\/wp-json\/wp\/v2\/comments?post=968"}],"version-history":[{"count":0,"href":"https:\/\/blog.zeit.de\/zeit-der-leser\/wp-json\/wp\/v2\/posts\/968\/revisions"}],"wp:attachment":[{"href":"https:\/\/blog.zeit.de\/zeit-der-leser\/wp-json\/wp\/v2\/media?parent=968"}],"wp:term":[{"taxonomy":"category","embeddable":true,"href":"https:\/\/blog.zeit.de\/zeit-der-leser\/wp-json\/wp\/v2\/categories?post=968"},{"taxonomy":"post_tag","embeddable":true,"href":"https:\/\/blog.zeit.de\/zeit-der-leser\/wp-json\/wp\/v2\/tags?post=968"}],"curies":[{"name":"wp","href":"https:\/\/api.w.org\/{rel}","templated":true}]}}