{"id":9714,"date":"2012-05-22T20:00:37","date_gmt":"2012-05-22T18:00:37","guid":{"rendered":"http:\/\/blog.zeit.de\/zeit-der-leser\/?p=9714"},"modified":"2012-05-18T12:29:57","modified_gmt":"2012-05-18T10:29:57","slug":"der-bachelor-ist-vergangen","status":"publish","type":"post","link":"https:\/\/blog.zeit.de\/zeit-der-leser\/2012\/05\/22\/der-bachelor-ist-vergangen\/","title":{"rendered":"Der Bachelor ist vergangen"},"content":{"rendered":"<p><em>(Nach dem Volkslied \u00bbDer Winter ist vergangen\u00ab)<\/em><\/p>\n<p>Der Bachelor ist vergangen,<br \/>\nIch seh schon meinen Schein.<br \/>\nIch seh den Abschluss prangen,<br \/>\nDes ist mein Herz erfreut.<br \/>\nUnd auf der Abschiedsfeier,<br \/>\nDa ist gar lustig sein.<br \/>\nDa l\u00e4dt uns der Dekane<br \/>\nzu manchem Biere ein.<\/p>\n<p>Ich geh, euch alle gr\u00fc\u00dfend,<br \/>\nDurch meine Uni lang.<br \/>\nSchenk Kommilitonen Treue,<br \/>\nWeil sie die liebsten war\u2019n.<br \/>\nUnd bitt, sie m\u00f6gen kommen,<br \/>\nMit mir auf meinem Weg.<br \/>\nEmpfang\u2019n wir unsern Abschluss,<br \/>\nSelbst wenn nicht wohl getan.<\/p>\n<p>Ade, mein Allerliebstes,<br \/>\nAde, mein Studium fern,<br \/>\nAde Vorlesungszeiten,<br \/>\nEs muss geschieden sein.<br \/>\nDass ich mal wiederkomme,<br \/>\nDas steht in fernem Stern.<br \/>\nDoch Sturm und Drang in meinem Leibe<br \/>\nGeh\u00f6rt ja allzeit dein.<\/p>\n<p><strong>Anna Vetter<\/strong>, TU Berlin<\/p>\n","protected":false},"excerpt":{"rendered":"<p>(Nach dem Volkslied \u00bbDer Winter ist vergangen\u00ab) Der Bachelor ist vergangen, Ich seh schon meinen Schein. Ich seh den Abschluss prangen, Des ist mein Herz erfreut. Und auf der Abschiedsfeier, Da ist gar lustig sein. Da l\u00e4dt uns der Dekane zu manchem Biere ein. Ich geh, euch alle gr\u00fc\u00dfend, Durch meine Uni lang. Schenk Kommilitonen [&hellip;]<\/p>\n","protected":false},"author":265,"featured_media":0,"comment_status":"open","ping_status":"open","sticky":false,"template":"","format":"standard","meta":{"_jetpack_memberships_contains_paid_content":false,"footnotes":""},"categories":[5684],"tags":[],"class_list":["post-9714","post","type-post","status-publish","format-standard","hentry","category-ein-gedicht"],"yoast_head":"<!-- This site is optimized with the Yoast SEO plugin v21.0 - https:\/\/yoast.com\/wordpress\/plugins\/seo\/ -->\n<title>Der Bachelor ist vergangen - ZEIT der Leser<\/title>\n<meta name=\"robots\" content=\"index, follow, max-snippet:-1, max-image-preview:large, max-video-preview:-1\" \/>\n<link rel=\"canonical\" href=\"https:\/\/blog.zeit.de\/zeit-der-leser\/2012\/05\/22\/der-bachelor-ist-vergangen\/\" \/>\n<meta property=\"og:locale\" content=\"de_DE\" \/>\n<meta property=\"og:type\" content=\"article\" \/>\n<meta property=\"og:title\" content=\"Der Bachelor ist vergangen - ZEIT der Leser\" \/>\n<meta property=\"og:description\" content=\"(Nach dem Volkslied \u00bbDer Winter ist vergangen\u00ab) Der Bachelor ist vergangen, Ich seh schon meinen Schein. Ich seh den Abschluss prangen, Des ist mein Herz erfreut. Und auf der Abschiedsfeier, Da ist gar lustig sein. Da l\u00e4dt uns der Dekane zu manchem Biere ein. Ich geh, euch alle gr\u00fc\u00dfend, Durch meine Uni lang. Schenk Kommilitonen [&hellip;]\" \/>\n<meta property=\"og:url\" content=\"https:\/\/blog.zeit.de\/zeit-der-leser\/2012\/05\/22\/der-bachelor-ist-vergangen\/\" \/>\n<meta property=\"og:site_name\" content=\"ZEIT der Leser\" \/>\n<meta property=\"article:published_time\" content=\"2012-05-22T18:00:37+00:00\" \/>\n<meta property=\"article:modified_time\" content=\"2012-05-18T10:29:57+00:00\" \/>\n<meta name=\"author\" content=\"&quot;Zeit der Leser&quot;-Redaktion\" \/>\n<meta name=\"twitter:card\" content=\"summary_large_image\" \/>\n<meta name=\"twitter:label1\" content=\"Geschrieben von\" \/>\n\t<meta name=\"twitter:data1\" content=\"\"Zeit der Leser\"-Redaktion\" \/>\n\t<meta name=\"twitter:label2\" content=\"Gesch\u00e4tzte Lesezeit\" \/>\n\t<meta name=\"twitter:data2\" content=\"1\u00a0Minute\" \/>\n<script type=\"application\/ld+json\" class=\"yoast-schema-graph\">{\"@context\":\"https:\/\/schema.org\",\"@graph\":[{\"@type\":\"WebPage\",\"@id\":\"https:\/\/blog.zeit.de\/zeit-der-leser\/2012\/05\/22\/der-bachelor-ist-vergangen\/\",\"url\":\"https:\/\/blog.zeit.de\/zeit-der-leser\/2012\/05\/22\/der-bachelor-ist-vergangen\/\",\"name\":\"Der Bachelor ist vergangen - ZEIT der Leser\",\"isPartOf\":{\"@id\":\"https:\/\/blog.zeit.de\/zeit-der-leser\/#website\"},\"datePublished\":\"2012-05-22T18:00:37+00:00\",\"dateModified\":\"2012-05-18T10:29:57+00:00\",\"author\":{\"@id\":\"https:\/\/blog.zeit.de\/zeit-der-leser\/#\/schema\/person\/583b14e5ad6368c23af846ecbde9f20f\"},\"breadcrumb\":{\"@id\":\"https:\/\/blog.zeit.de\/zeit-der-leser\/2012\/05\/22\/der-bachelor-ist-vergangen\/#breadcrumb\"},\"inLanguage\":\"de\",\"potentialAction\":[{\"@type\":\"ReadAction\",\"target\":[\"https:\/\/blog.zeit.de\/zeit-der-leser\/2012\/05\/22\/der-bachelor-ist-vergangen\/\"]}]},{\"@type\":\"BreadcrumbList\",\"@id\":\"https:\/\/blog.zeit.de\/zeit-der-leser\/2012\/05\/22\/der-bachelor-ist-vergangen\/#breadcrumb\",\"itemListElement\":[{\"@type\":\"ListItem\",\"position\":1,\"name\":\"Startseite\",\"item\":\"https:\/\/blog.zeit.de\/zeit-der-leser\/\"},{\"@type\":\"ListItem\",\"position\":2,\"name\":\"Der Bachelor ist vergangen\"}]},{\"@type\":\"WebSite\",\"@id\":\"https:\/\/blog.zeit.de\/zeit-der-leser\/#website\",\"url\":\"https:\/\/blog.zeit.de\/zeit-der-leser\/\",\"name\":\"ZEIT der Leser\",\"description\":\"Ein Blog mit Ihren Notizen, Gedichten und Bildern f\u00fcr die gedruckte ZEIT\",\"potentialAction\":[{\"@type\":\"SearchAction\",\"target\":{\"@type\":\"EntryPoint\",\"urlTemplate\":\"https:\/\/blog.zeit.de\/zeit-der-leser\/?s={search_term_string}\"},\"query-input\":\"required name=search_term_string\"}],\"inLanguage\":\"de\"},{\"@type\":\"Person\",\"@id\":\"https:\/\/blog.zeit.de\/zeit-der-leser\/#\/schema\/person\/583b14e5ad6368c23af846ecbde9f20f\",\"name\":\"\\\"Zeit der Leser\\\"-Redaktion\",\"image\":{\"@type\":\"ImageObject\",\"inLanguage\":\"de\",\"@id\":\"https:\/\/blog.zeit.de\/zeit-der-leser\/#\/schema\/person\/image\/\",\"url\":\"https:\/\/secure.gravatar.com\/avatar\/e801a681bd3bbf2345131a815930b48d9f8e0a94de1346b624840dc850f67ad0?s=96&d=mm&r=g\",\"contentUrl\":\"https:\/\/secure.gravatar.com\/avatar\/e801a681bd3bbf2345131a815930b48d9f8e0a94de1346b624840dc850f67ad0?s=96&d=mm&r=g\",\"caption\":\"\\\"Zeit der Leser\\\"-Redaktion\"},\"url\":\"https:\/\/blog.zeit.de\/zeit-der-leser\/author\/zeit-der-leser-redaktion\/\"}]}<\/script>\n<!-- \/ Yoast SEO plugin. -->","yoast_head_json":{"title":"Der Bachelor ist vergangen - ZEIT der Leser","robots":{"index":"index","follow":"follow","max-snippet":"max-snippet:-1","max-image-preview":"max-image-preview:large","max-video-preview":"max-video-preview:-1"},"canonical":"https:\/\/blog.zeit.de\/zeit-der-leser\/2012\/05\/22\/der-bachelor-ist-vergangen\/","og_locale":"de_DE","og_type":"article","og_title":"Der Bachelor ist vergangen - ZEIT der Leser","og_description":"(Nach dem Volkslied \u00bbDer Winter ist vergangen\u00ab) Der Bachelor ist vergangen, Ich seh schon meinen Schein. Ich seh den Abschluss prangen, Des ist mein Herz erfreut. Und auf der Abschiedsfeier, Da ist gar lustig sein. Da l\u00e4dt uns der Dekane zu manchem Biere ein. Ich geh, euch alle gr\u00fc\u00dfend, Durch meine Uni lang. Schenk Kommilitonen [&hellip;]","og_url":"https:\/\/blog.zeit.de\/zeit-der-leser\/2012\/05\/22\/der-bachelor-ist-vergangen\/","og_site_name":"ZEIT der Leser","article_published_time":"2012-05-22T18:00:37+00:00","article_modified_time":"2012-05-18T10:29:57+00:00","author":"\"Zeit der Leser\"-Redaktion","twitter_card":"summary_large_image","twitter_misc":{"Geschrieben von":"\"Zeit der Leser\"-Redaktion","Gesch\u00e4tzte Lesezeit":"1\u00a0Minute"},"schema":{"@context":"https:\/\/schema.org","@graph":[{"@type":"WebPage","@id":"https:\/\/blog.zeit.de\/zeit-der-leser\/2012\/05\/22\/der-bachelor-ist-vergangen\/","url":"https:\/\/blog.zeit.de\/zeit-der-leser\/2012\/05\/22\/der-bachelor-ist-vergangen\/","name":"Der Bachelor ist vergangen - ZEIT der Leser","isPartOf":{"@id":"https:\/\/blog.zeit.de\/zeit-der-leser\/#website"},"datePublished":"2012-05-22T18:00:37+00:00","dateModified":"2012-05-18T10:29:57+00:00","author":{"@id":"https:\/\/blog.zeit.de\/zeit-der-leser\/#\/schema\/person\/583b14e5ad6368c23af846ecbde9f20f"},"breadcrumb":{"@id":"https:\/\/blog.zeit.de\/zeit-der-leser\/2012\/05\/22\/der-bachelor-ist-vergangen\/#breadcrumb"},"inLanguage":"de","potentialAction":[{"@type":"ReadAction","target":["https:\/\/blog.zeit.de\/zeit-der-leser\/2012\/05\/22\/der-bachelor-ist-vergangen\/"]}]},{"@type":"BreadcrumbList","@id":"https:\/\/blog.zeit.de\/zeit-der-leser\/2012\/05\/22\/der-bachelor-ist-vergangen\/#breadcrumb","itemListElement":[{"@type":"ListItem","position":1,"name":"Startseite","item":"https:\/\/blog.zeit.de\/zeit-der-leser\/"},{"@type":"ListItem","position":2,"name":"Der Bachelor ist vergangen"}]},{"@type":"WebSite","@id":"https:\/\/blog.zeit.de\/zeit-der-leser\/#website","url":"https:\/\/blog.zeit.de\/zeit-der-leser\/","name":"ZEIT der Leser","description":"Ein Blog mit Ihren Notizen, Gedichten und Bildern f\u00fcr die gedruckte ZEIT","potentialAction":[{"@type":"SearchAction","target":{"@type":"EntryPoint","urlTemplate":"https:\/\/blog.zeit.de\/zeit-der-leser\/?s={search_term_string}"},"query-input":"required name=search_term_string"}],"inLanguage":"de"},{"@type":"Person","@id":"https:\/\/blog.zeit.de\/zeit-der-leser\/#\/schema\/person\/583b14e5ad6368c23af846ecbde9f20f","name":"\"Zeit der Leser\"-Redaktion","image":{"@type":"ImageObject","inLanguage":"de","@id":"https:\/\/blog.zeit.de\/zeit-der-leser\/#\/schema\/person\/image\/","url":"https:\/\/secure.gravatar.com\/avatar\/e801a681bd3bbf2345131a815930b48d9f8e0a94de1346b624840dc850f67ad0?s=96&d=mm&r=g","contentUrl":"https:\/\/secure.gravatar.com\/avatar\/e801a681bd3bbf2345131a815930b48d9f8e0a94de1346b624840dc850f67ad0?s=96&d=mm&r=g","caption":"\"Zeit der Leser\"-Redaktion"},"url":"https:\/\/blog.zeit.de\/zeit-der-leser\/author\/zeit-der-leser-redaktion\/"}]}},"jetpack_featured_media_url":"","jetpack_sharing_enabled":true,"_links":{"self":[{"href":"https:\/\/blog.zeit.de\/zeit-der-leser\/wp-json\/wp\/v2\/posts\/9714","targetHints":{"allow":["GET"]}}],"collection":[{"href":"https:\/\/blog.zeit.de\/zeit-der-leser\/wp-json\/wp\/v2\/posts"}],"about":[{"href":"https:\/\/blog.zeit.de\/zeit-der-leser\/wp-json\/wp\/v2\/types\/post"}],"author":[{"embeddable":true,"href":"https:\/\/blog.zeit.de\/zeit-der-leser\/wp-json\/wp\/v2\/users\/265"}],"replies":[{"embeddable":true,"href":"https:\/\/blog.zeit.de\/zeit-der-leser\/wp-json\/wp\/v2\/comments?post=9714"}],"version-history":[{"count":2,"href":"https:\/\/blog.zeit.de\/zeit-der-leser\/wp-json\/wp\/v2\/posts\/9714\/revisions"}],"predecessor-version":[{"id":9764,"href":"https:\/\/blog.zeit.de\/zeit-der-leser\/wp-json\/wp\/v2\/posts\/9714\/revisions\/9764"}],"wp:attachment":[{"href":"https:\/\/blog.zeit.de\/zeit-der-leser\/wp-json\/wp\/v2\/media?parent=9714"}],"wp:term":[{"taxonomy":"category","embeddable":true,"href":"https:\/\/blog.zeit.de\/zeit-der-leser\/wp-json\/wp\/v2\/categories?post=9714"},{"taxonomy":"post_tag","embeddable":true,"href":"https:\/\/blog.zeit.de\/zeit-der-leser\/wp-json\/wp\/v2\/tags?post=9714"}],"curies":[{"name":"wp","href":"https:\/\/api.w.org\/{rel}","templated":true}]}}