{"id":9786,"date":"2012-05-26T16:00:20","date_gmt":"2012-05-26T14:00:20","guid":{"rendered":"http:\/\/blog.zeit.de\/zeit-der-leser\/?p=9786"},"modified":"2012-05-23T13:30:21","modified_gmt":"2012-05-23T11:30:21","slug":"das-ist-mein-ding-9","status":"publish","type":"post","link":"https:\/\/blog.zeit.de\/zeit-der-leser\/2012\/05\/26\/das-ist-mein-ding-9\/","title":{"rendered":"Das ist mein Ding"},"content":{"rendered":"<p><a href=\"https:\/\/blog.zeit.de\/zeit-der-leser\/files\/2012\/05\/s78-mein-ding.jpg\"><img loading=\"lazy\" decoding=\"async\" class=\"alignleft size-full wp-image-9787\" src=\"https:\/\/blog.zeit.de\/zeit-der-leser\/files\/2012\/05\/s78-mein-ding.jpg\" alt=\"\" width=\"180\" height=\"246\" \/><\/a><\/p>\n<p>Als ich vier Jahre alt war, ging ich zusammen mit meiner Cousine Gudrun durch den Prenzlauer Berg in Berlin. In einem vom Krieg zerst\u00f6rten Haus sah sie dieses B\u00e4rchen in einer Fensterh\u00f6hle liegen und \u00bbrettete\u00ab es f\u00fcr mich in einer waghalsigen\u00a0Klettertour. Seitdem ist der B\u00e4r mein treuer Begleiter \u00fcber viele Stationen und St\u00e4dte meines Lebens hinweg. Sp\u00e4ter bekam ich auch noch diverse Puppen, doch diesen B\u00e4ren habe ich ihnen allen vorgezogen. Man sieht ihm die Jahre und meine Reparaturen an, aber auch die Liebe, mit der wohl einst in den Kriegsjahren eine Mutter dieses Spielzeug aus Wollresten f\u00fcr ihr Kind geh\u00e4kelt haben muss. Vor ein paar Jahren nun sind wir beide zusammen wieder in \u00bbseine\u00ab Heimat, nach Prenzlauer Berg gezogen.<\/p>\n<p><strong>Dagmar Helmbold<\/strong>,\u00a0Berlin<\/p>\n","protected":false},"excerpt":{"rendered":"<p>Als ich vier Jahre alt war, ging ich zusammen mit meiner Cousine Gudrun durch den Prenzlauer Berg in Berlin. In einem vom Krieg zerst\u00f6rten Haus sah sie dieses B\u00e4rchen in einer Fensterh\u00f6hle liegen und \u00bbrettete\u00ab es f\u00fcr mich in einer waghalsigen\u00a0Klettertour. Seitdem ist der B\u00e4r mein treuer Begleiter \u00fcber viele Stationen und St\u00e4dte meines Lebens [&hellip;]<\/p>\n","protected":false},"author":265,"featured_media":0,"comment_status":"open","ping_status":"open","sticky":false,"template":"","format":"standard","meta":{"_jetpack_memberships_contains_paid_content":false,"footnotes":""},"categories":[5689],"tags":[],"class_list":["post-9786","post","type-post","status-publish","format-standard","hentry","category-mein-ding"],"yoast_head":"<!-- This site is optimized with the Yoast SEO plugin v21.0 - https:\/\/yoast.com\/wordpress\/plugins\/seo\/ -->\n<title>Das ist mein Ding - ZEIT der Leser<\/title>\n<meta name=\"robots\" content=\"index, follow, max-snippet:-1, max-image-preview:large, max-video-preview:-1\" \/>\n<link rel=\"canonical\" href=\"https:\/\/blog.zeit.de\/zeit-der-leser\/2012\/05\/26\/das-ist-mein-ding-9\/\" \/>\n<meta property=\"og:locale\" content=\"de_DE\" \/>\n<meta property=\"og:type\" content=\"article\" \/>\n<meta property=\"og:title\" content=\"Das ist mein Ding - ZEIT der Leser\" \/>\n<meta property=\"og:description\" content=\"Als ich vier Jahre alt war, ging ich zusammen mit meiner Cousine Gudrun durch den Prenzlauer Berg in Berlin. In einem vom Krieg zerst\u00f6rten Haus sah sie dieses B\u00e4rchen in einer Fensterh\u00f6hle liegen und \u00bbrettete\u00ab es f\u00fcr mich in einer waghalsigen\u00a0Klettertour. Seitdem ist der B\u00e4r mein treuer Begleiter \u00fcber viele Stationen und St\u00e4dte meines Lebens [&hellip;]\" \/>\n<meta property=\"og:url\" content=\"https:\/\/blog.zeit.de\/zeit-der-leser\/2012\/05\/26\/das-ist-mein-ding-9\/\" \/>\n<meta property=\"og:site_name\" content=\"ZEIT der Leser\" \/>\n<meta property=\"article:published_time\" content=\"2012-05-26T14:00:20+00:00\" \/>\n<meta property=\"article:modified_time\" content=\"2012-05-23T11:30:21+00:00\" \/>\n<meta property=\"og:image\" content=\"https:\/\/blog.zeit.de\/zeit-der-leser\/files\/2012\/05\/s78-mein-ding.jpg\" \/>\n<meta name=\"author\" content=\"&quot;Zeit der Leser&quot;-Redaktion\" \/>\n<meta name=\"twitter:card\" content=\"summary_large_image\" \/>\n<meta name=\"twitter:label1\" content=\"Geschrieben von\" \/>\n\t<meta name=\"twitter:data1\" content=\"\"Zeit der Leser\"-Redaktion\" \/>\n\t<meta name=\"twitter:label2\" content=\"Gesch\u00e4tzte Lesezeit\" \/>\n\t<meta name=\"twitter:data2\" content=\"1\u00a0Minute\" \/>\n<script type=\"application\/ld+json\" class=\"yoast-schema-graph\">{\"@context\":\"https:\/\/schema.org\",\"@graph\":[{\"@type\":\"WebPage\",\"@id\":\"https:\/\/blog.zeit.de\/zeit-der-leser\/2012\/05\/26\/das-ist-mein-ding-9\/\",\"url\":\"https:\/\/blog.zeit.de\/zeit-der-leser\/2012\/05\/26\/das-ist-mein-ding-9\/\",\"name\":\"Das ist mein Ding - ZEIT der Leser\",\"isPartOf\":{\"@id\":\"https:\/\/blog.zeit.de\/zeit-der-leser\/#website\"},\"datePublished\":\"2012-05-26T14:00:20+00:00\",\"dateModified\":\"2012-05-23T11:30:21+00:00\",\"author\":{\"@id\":\"https:\/\/blog.zeit.de\/zeit-der-leser\/#\/schema\/person\/583b14e5ad6368c23af846ecbde9f20f\"},\"breadcrumb\":{\"@id\":\"https:\/\/blog.zeit.de\/zeit-der-leser\/2012\/05\/26\/das-ist-mein-ding-9\/#breadcrumb\"},\"inLanguage\":\"de\",\"potentialAction\":[{\"@type\":\"ReadAction\",\"target\":[\"https:\/\/blog.zeit.de\/zeit-der-leser\/2012\/05\/26\/das-ist-mein-ding-9\/\"]}]},{\"@type\":\"BreadcrumbList\",\"@id\":\"https:\/\/blog.zeit.de\/zeit-der-leser\/2012\/05\/26\/das-ist-mein-ding-9\/#breadcrumb\",\"itemListElement\":[{\"@type\":\"ListItem\",\"position\":1,\"name\":\"Startseite\",\"item\":\"https:\/\/blog.zeit.de\/zeit-der-leser\/\"},{\"@type\":\"ListItem\",\"position\":2,\"name\":\"Das ist mein Ding\"}]},{\"@type\":\"WebSite\",\"@id\":\"https:\/\/blog.zeit.de\/zeit-der-leser\/#website\",\"url\":\"https:\/\/blog.zeit.de\/zeit-der-leser\/\",\"name\":\"ZEIT der Leser\",\"description\":\"Ein Blog mit Ihren Notizen, Gedichten und Bildern f\u00fcr die gedruckte ZEIT\",\"potentialAction\":[{\"@type\":\"SearchAction\",\"target\":{\"@type\":\"EntryPoint\",\"urlTemplate\":\"https:\/\/blog.zeit.de\/zeit-der-leser\/?s={search_term_string}\"},\"query-input\":\"required name=search_term_string\"}],\"inLanguage\":\"de\"},{\"@type\":\"Person\",\"@id\":\"https:\/\/blog.zeit.de\/zeit-der-leser\/#\/schema\/person\/583b14e5ad6368c23af846ecbde9f20f\",\"name\":\"\\\"Zeit der Leser\\\"-Redaktion\",\"image\":{\"@type\":\"ImageObject\",\"inLanguage\":\"de\",\"@id\":\"https:\/\/blog.zeit.de\/zeit-der-leser\/#\/schema\/person\/image\/\",\"url\":\"https:\/\/secure.gravatar.com\/avatar\/e801a681bd3bbf2345131a815930b48d9f8e0a94de1346b624840dc850f67ad0?s=96&d=mm&r=g\",\"contentUrl\":\"https:\/\/secure.gravatar.com\/avatar\/e801a681bd3bbf2345131a815930b48d9f8e0a94de1346b624840dc850f67ad0?s=96&d=mm&r=g\",\"caption\":\"\\\"Zeit der Leser\\\"-Redaktion\"},\"url\":\"https:\/\/blog.zeit.de\/zeit-der-leser\/author\/zeit-der-leser-redaktion\/\"}]}<\/script>\n<!-- \/ Yoast SEO plugin. -->","yoast_head_json":{"title":"Das ist mein Ding - ZEIT der Leser","robots":{"index":"index","follow":"follow","max-snippet":"max-snippet:-1","max-image-preview":"max-image-preview:large","max-video-preview":"max-video-preview:-1"},"canonical":"https:\/\/blog.zeit.de\/zeit-der-leser\/2012\/05\/26\/das-ist-mein-ding-9\/","og_locale":"de_DE","og_type":"article","og_title":"Das ist mein Ding - ZEIT der Leser","og_description":"Als ich vier Jahre alt war, ging ich zusammen mit meiner Cousine Gudrun durch den Prenzlauer Berg in Berlin. In einem vom Krieg zerst\u00f6rten Haus sah sie dieses B\u00e4rchen in einer Fensterh\u00f6hle liegen und \u00bbrettete\u00ab es f\u00fcr mich in einer waghalsigen\u00a0Klettertour. Seitdem ist der B\u00e4r mein treuer Begleiter \u00fcber viele Stationen und St\u00e4dte meines Lebens [&hellip;]","og_url":"https:\/\/blog.zeit.de\/zeit-der-leser\/2012\/05\/26\/das-ist-mein-ding-9\/","og_site_name":"ZEIT der Leser","article_published_time":"2012-05-26T14:00:20+00:00","article_modified_time":"2012-05-23T11:30:21+00:00","og_image":[{"url":"https:\/\/blog.zeit.de\/zeit-der-leser\/files\/2012\/05\/s78-mein-ding.jpg"}],"author":"\"Zeit der Leser\"-Redaktion","twitter_card":"summary_large_image","twitter_misc":{"Geschrieben von":"\"Zeit der Leser\"-Redaktion","Gesch\u00e4tzte Lesezeit":"1\u00a0Minute"},"schema":{"@context":"https:\/\/schema.org","@graph":[{"@type":"WebPage","@id":"https:\/\/blog.zeit.de\/zeit-der-leser\/2012\/05\/26\/das-ist-mein-ding-9\/","url":"https:\/\/blog.zeit.de\/zeit-der-leser\/2012\/05\/26\/das-ist-mein-ding-9\/","name":"Das ist mein Ding - ZEIT der Leser","isPartOf":{"@id":"https:\/\/blog.zeit.de\/zeit-der-leser\/#website"},"datePublished":"2012-05-26T14:00:20+00:00","dateModified":"2012-05-23T11:30:21+00:00","author":{"@id":"https:\/\/blog.zeit.de\/zeit-der-leser\/#\/schema\/person\/583b14e5ad6368c23af846ecbde9f20f"},"breadcrumb":{"@id":"https:\/\/blog.zeit.de\/zeit-der-leser\/2012\/05\/26\/das-ist-mein-ding-9\/#breadcrumb"},"inLanguage":"de","potentialAction":[{"@type":"ReadAction","target":["https:\/\/blog.zeit.de\/zeit-der-leser\/2012\/05\/26\/das-ist-mein-ding-9\/"]}]},{"@type":"BreadcrumbList","@id":"https:\/\/blog.zeit.de\/zeit-der-leser\/2012\/05\/26\/das-ist-mein-ding-9\/#breadcrumb","itemListElement":[{"@type":"ListItem","position":1,"name":"Startseite","item":"https:\/\/blog.zeit.de\/zeit-der-leser\/"},{"@type":"ListItem","position":2,"name":"Das ist mein Ding"}]},{"@type":"WebSite","@id":"https:\/\/blog.zeit.de\/zeit-der-leser\/#website","url":"https:\/\/blog.zeit.de\/zeit-der-leser\/","name":"ZEIT der Leser","description":"Ein Blog mit Ihren Notizen, Gedichten und Bildern f\u00fcr die gedruckte ZEIT","potentialAction":[{"@type":"SearchAction","target":{"@type":"EntryPoint","urlTemplate":"https:\/\/blog.zeit.de\/zeit-der-leser\/?s={search_term_string}"},"query-input":"required name=search_term_string"}],"inLanguage":"de"},{"@type":"Person","@id":"https:\/\/blog.zeit.de\/zeit-der-leser\/#\/schema\/person\/583b14e5ad6368c23af846ecbde9f20f","name":"\"Zeit der Leser\"-Redaktion","image":{"@type":"ImageObject","inLanguage":"de","@id":"https:\/\/blog.zeit.de\/zeit-der-leser\/#\/schema\/person\/image\/","url":"https:\/\/secure.gravatar.com\/avatar\/e801a681bd3bbf2345131a815930b48d9f8e0a94de1346b624840dc850f67ad0?s=96&d=mm&r=g","contentUrl":"https:\/\/secure.gravatar.com\/avatar\/e801a681bd3bbf2345131a815930b48d9f8e0a94de1346b624840dc850f67ad0?s=96&d=mm&r=g","caption":"\"Zeit der Leser\"-Redaktion"},"url":"https:\/\/blog.zeit.de\/zeit-der-leser\/author\/zeit-der-leser-redaktion\/"}]}},"jetpack_featured_media_url":"","jetpack_sharing_enabled":true,"_links":{"self":[{"href":"https:\/\/blog.zeit.de\/zeit-der-leser\/wp-json\/wp\/v2\/posts\/9786","targetHints":{"allow":["GET"]}}],"collection":[{"href":"https:\/\/blog.zeit.de\/zeit-der-leser\/wp-json\/wp\/v2\/posts"}],"about":[{"href":"https:\/\/blog.zeit.de\/zeit-der-leser\/wp-json\/wp\/v2\/types\/post"}],"author":[{"embeddable":true,"href":"https:\/\/blog.zeit.de\/zeit-der-leser\/wp-json\/wp\/v2\/users\/265"}],"replies":[{"embeddable":true,"href":"https:\/\/blog.zeit.de\/zeit-der-leser\/wp-json\/wp\/v2\/comments?post=9786"}],"version-history":[{"count":4,"href":"https:\/\/blog.zeit.de\/zeit-der-leser\/wp-json\/wp\/v2\/posts\/9786\/revisions"}],"predecessor-version":[{"id":9843,"href":"https:\/\/blog.zeit.de\/zeit-der-leser\/wp-json\/wp\/v2\/posts\/9786\/revisions\/9843"}],"wp:attachment":[{"href":"https:\/\/blog.zeit.de\/zeit-der-leser\/wp-json\/wp\/v2\/media?parent=9786"}],"wp:term":[{"taxonomy":"category","embeddable":true,"href":"https:\/\/blog.zeit.de\/zeit-der-leser\/wp-json\/wp\/v2\/categories?post=9786"},{"taxonomy":"post_tag","embeddable":true,"href":"https:\/\/blog.zeit.de\/zeit-der-leser\/wp-json\/wp\/v2\/tags?post=9786"}],"curies":[{"name":"wp","href":"https:\/\/api.w.org\/{rel}","templated":true}]}}