{"id":9826,"date":"2012-05-31T20:00:37","date_gmt":"2012-05-31T18:00:37","guid":{"rendered":"http:\/\/blog.zeit.de\/zeit-der-leser\/?p=9826"},"modified":"2012-05-23T13:36:07","modified_gmt":"2012-05-23T11:36:07","slug":"zeitsprung-60","status":"publish","type":"post","link":"https:\/\/blog.zeit.de\/zeit-der-leser\/2012\/05\/31\/zeitsprung-60\/","title":{"rendered":"Zeitsprung"},"content":{"rendered":"<p><a href=\"https:\/\/blog.zeit.de\/zeit-der-leser\/files\/2012\/05\/s78-zeitsprung-11.jpg\"><img loading=\"lazy\" decoding=\"async\" class=\"alignnone size-full wp-image-9832\" src=\"https:\/\/blog.zeit.de\/zeit-der-leser\/files\/2012\/05\/s78-zeitsprung-11.jpg\" alt=\"\" width=\"540\" height=\"361\" srcset=\"https:\/\/blog.zeit.de\/zeit-der-leser\/files\/2012\/05\/s78-zeitsprung-11.jpg 540w, https:\/\/blog.zeit.de\/zeit-der-leser\/files\/2012\/05\/s78-zeitsprung-11-300x200.jpg 300w\" sizes=\"auto, (max-width: 540px) 100vw, 540px\" \/><\/a><a href=\"https:\/\/blog.zeit.de\/zeit-der-leser\/files\/2012\/05\/s78-zeitsprung-21.jpg\"><img loading=\"lazy\" decoding=\"async\" class=\"alignnone size-full wp-image-9833\" src=\"https:\/\/blog.zeit.de\/zeit-der-leser\/files\/2012\/05\/s78-zeitsprung-21.jpg\" alt=\"\" width=\"540\" height=\"361\" srcset=\"https:\/\/blog.zeit.de\/zeit-der-leser\/files\/2012\/05\/s78-zeitsprung-21.jpg 540w, https:\/\/blog.zeit.de\/zeit-der-leser\/files\/2012\/05\/s78-zeitsprung-21-300x200.jpg 300w\" sizes=\"auto, (max-width: 540px) 100vw, 540px\" \/><\/a><a href=\"https:\/\/blog.zeit.de\/zeit-der-leser\/files\/2012\/05\/s78-zeitsprung-31.jpg\"><img loading=\"lazy\" decoding=\"async\" class=\"alignnone size-full wp-image-9834\" src=\"https:\/\/blog.zeit.de\/zeit-der-leser\/files\/2012\/05\/s78-zeitsprung-31.jpg\" alt=\"\" width=\"540\" height=\"361\" srcset=\"https:\/\/blog.zeit.de\/zeit-der-leser\/files\/2012\/05\/s78-zeitsprung-31.jpg 540w, https:\/\/blog.zeit.de\/zeit-der-leser\/files\/2012\/05\/s78-zeitsprung-31-300x200.jpg 300w\" sizes=\"auto, (max-width: 540px) 100vw, 540px\" \/><\/a><a href=\"https:\/\/blog.zeit.de\/zeit-der-leser\/files\/2012\/05\/s78-zeitsprung-41.jpg\"><img loading=\"lazy\" decoding=\"async\" class=\"alignnone size-full wp-image-9835\" src=\"https:\/\/blog.zeit.de\/zeit-der-leser\/files\/2012\/05\/s78-zeitsprung-41.jpg\" alt=\"\" width=\"540\" height=\"361\" srcset=\"https:\/\/blog.zeit.de\/zeit-der-leser\/files\/2012\/05\/s78-zeitsprung-41.jpg 540w, https:\/\/blog.zeit.de\/zeit-der-leser\/files\/2012\/05\/s78-zeitsprung-41-300x200.jpg 300w\" sizes=\"auto, (max-width: 540px) 100vw, 540px\" \/><\/a><\/p>\n<p>Im Fr\u00fchjahr 2011 entstand das erste Bild, und fortan fotografierte ich diesen wundersch\u00f6nen Birnbaum auf jedem meiner Rundg\u00e4nge um unser kleines Dorf am Rande der Fr\u00e4nkischen Schweiz. Er hat mich sofort beeindruckt: Umgeben von vielen sch\u00f6nen Obstb\u00e4umen, war dieser Baum doch ohne Zweifel etwas Besonderes \u2013 \u00e4lter mit Sicherheit, aber auch majest\u00e4tischer&#8230; ein wahrer K\u00f6nig. Indem ich ihn durch alle Jahreszeiten hindurch fotografierte, wuchs er mir regelrecht ans Herz. Umso furchtbarer dann der Anblick, der sich mir Ende Januar 2012 bot: grausam von Menschenhand entwurzelt, lag er pl\u00f6tzlich im frischen Schnee. Bald war er abtransportiert, und nun erinnert nur noch ein Loch in der Wiese an seine Existenz \u2013 in K\u00fcrze wird wohl auch dar\u00fcber Gras gewachsen sein. Ich denke jedoch t\u00e4glich an meinen Baum und bin dankbar daf\u00fcr, dass ich ihn in seinem letzten Lebensjahr begleiten durfte.<\/p>\n<p><strong>Uta Vogt<\/strong>, Effeltrich-Gaiganz, Franken<\/p>\n","protected":false},"excerpt":{"rendered":"<p>Im Fr\u00fchjahr 2011 entstand das erste Bild, und fortan fotografierte ich diesen wundersch\u00f6nen Birnbaum auf jedem meiner Rundg\u00e4nge um unser kleines Dorf am Rande der Fr\u00e4nkischen Schweiz. Er hat mich sofort beeindruckt: Umgeben von vielen sch\u00f6nen Obstb\u00e4umen, war dieser Baum doch ohne Zweifel etwas Besonderes \u2013 \u00e4lter mit Sicherheit, aber auch majest\u00e4tischer&#8230; ein wahrer K\u00f6nig. [&hellip;]<\/p>\n","protected":false},"author":265,"featured_media":0,"comment_status":"open","ping_status":"open","sticky":false,"template":"","format":"standard","meta":{"_jetpack_memberships_contains_paid_content":false,"footnotes":""},"categories":[1878],"tags":[],"class_list":["post-9826","post","type-post","status-publish","format-standard","hentry","category-zeitsprung"],"yoast_head":"<!-- This site is optimized with the Yoast SEO plugin v21.0 - https:\/\/yoast.com\/wordpress\/plugins\/seo\/ -->\n<title>Zeitsprung - ZEIT der Leser<\/title>\n<meta name=\"robots\" content=\"index, follow, max-snippet:-1, max-image-preview:large, max-video-preview:-1\" \/>\n<link rel=\"canonical\" href=\"https:\/\/blog.zeit.de\/zeit-der-leser\/2012\/05\/31\/zeitsprung-60\/\" \/>\n<meta property=\"og:locale\" content=\"de_DE\" \/>\n<meta property=\"og:type\" content=\"article\" \/>\n<meta property=\"og:title\" content=\"Zeitsprung - ZEIT der Leser\" \/>\n<meta property=\"og:description\" content=\"Im Fr\u00fchjahr 2011 entstand das erste Bild, und fortan fotografierte ich diesen wundersch\u00f6nen Birnbaum auf jedem meiner Rundg\u00e4nge um unser kleines Dorf am Rande der Fr\u00e4nkischen Schweiz. Er hat mich sofort beeindruckt: Umgeben von vielen sch\u00f6nen Obstb\u00e4umen, war dieser Baum doch ohne Zweifel etwas Besonderes \u2013 \u00e4lter mit Sicherheit, aber auch majest\u00e4tischer&#8230; ein wahrer K\u00f6nig. [&hellip;]\" \/>\n<meta property=\"og:url\" content=\"https:\/\/blog.zeit.de\/zeit-der-leser\/2012\/05\/31\/zeitsprung-60\/\" \/>\n<meta property=\"og:site_name\" content=\"ZEIT der Leser\" \/>\n<meta property=\"article:published_time\" content=\"2012-05-31T18:00:37+00:00\" \/>\n<meta property=\"article:modified_time\" content=\"2012-05-23T11:36:07+00:00\" \/>\n<meta property=\"og:image\" content=\"https:\/\/blog.zeit.de\/zeit-der-leser\/files\/2012\/05\/s78-zeitsprung-11.jpg\" \/>\n<meta name=\"author\" content=\"&quot;Zeit der Leser&quot;-Redaktion\" \/>\n<meta name=\"twitter:card\" content=\"summary_large_image\" \/>\n<meta name=\"twitter:label1\" content=\"Geschrieben von\" \/>\n\t<meta name=\"twitter:data1\" content=\"\"Zeit der Leser\"-Redaktion\" \/>\n\t<meta name=\"twitter:label2\" content=\"Gesch\u00e4tzte Lesezeit\" \/>\n\t<meta name=\"twitter:data2\" content=\"1\u00a0Minute\" \/>\n<script type=\"application\/ld+json\" class=\"yoast-schema-graph\">{\"@context\":\"https:\/\/schema.org\",\"@graph\":[{\"@type\":\"WebPage\",\"@id\":\"https:\/\/blog.zeit.de\/zeit-der-leser\/2012\/05\/31\/zeitsprung-60\/\",\"url\":\"https:\/\/blog.zeit.de\/zeit-der-leser\/2012\/05\/31\/zeitsprung-60\/\",\"name\":\"Zeitsprung - ZEIT der Leser\",\"isPartOf\":{\"@id\":\"https:\/\/blog.zeit.de\/zeit-der-leser\/#website\"},\"datePublished\":\"2012-05-31T18:00:37+00:00\",\"dateModified\":\"2012-05-23T11:36:07+00:00\",\"author\":{\"@id\":\"https:\/\/blog.zeit.de\/zeit-der-leser\/#\/schema\/person\/583b14e5ad6368c23af846ecbde9f20f\"},\"breadcrumb\":{\"@id\":\"https:\/\/blog.zeit.de\/zeit-der-leser\/2012\/05\/31\/zeitsprung-60\/#breadcrumb\"},\"inLanguage\":\"de\",\"potentialAction\":[{\"@type\":\"ReadAction\",\"target\":[\"https:\/\/blog.zeit.de\/zeit-der-leser\/2012\/05\/31\/zeitsprung-60\/\"]}]},{\"@type\":\"BreadcrumbList\",\"@id\":\"https:\/\/blog.zeit.de\/zeit-der-leser\/2012\/05\/31\/zeitsprung-60\/#breadcrumb\",\"itemListElement\":[{\"@type\":\"ListItem\",\"position\":1,\"name\":\"Startseite\",\"item\":\"https:\/\/blog.zeit.de\/zeit-der-leser\/\"},{\"@type\":\"ListItem\",\"position\":2,\"name\":\"Zeitsprung\"}]},{\"@type\":\"WebSite\",\"@id\":\"https:\/\/blog.zeit.de\/zeit-der-leser\/#website\",\"url\":\"https:\/\/blog.zeit.de\/zeit-der-leser\/\",\"name\":\"ZEIT der Leser\",\"description\":\"Ein Blog mit Ihren Notizen, Gedichten und Bildern f\u00fcr die gedruckte ZEIT\",\"potentialAction\":[{\"@type\":\"SearchAction\",\"target\":{\"@type\":\"EntryPoint\",\"urlTemplate\":\"https:\/\/blog.zeit.de\/zeit-der-leser\/?s={search_term_string}\"},\"query-input\":\"required name=search_term_string\"}],\"inLanguage\":\"de\"},{\"@type\":\"Person\",\"@id\":\"https:\/\/blog.zeit.de\/zeit-der-leser\/#\/schema\/person\/583b14e5ad6368c23af846ecbde9f20f\",\"name\":\"\\\"Zeit der Leser\\\"-Redaktion\",\"image\":{\"@type\":\"ImageObject\",\"inLanguage\":\"de\",\"@id\":\"https:\/\/blog.zeit.de\/zeit-der-leser\/#\/schema\/person\/image\/\",\"url\":\"https:\/\/secure.gravatar.com\/avatar\/e801a681bd3bbf2345131a815930b48d9f8e0a94de1346b624840dc850f67ad0?s=96&d=mm&r=g\",\"contentUrl\":\"https:\/\/secure.gravatar.com\/avatar\/e801a681bd3bbf2345131a815930b48d9f8e0a94de1346b624840dc850f67ad0?s=96&d=mm&r=g\",\"caption\":\"\\\"Zeit der Leser\\\"-Redaktion\"},\"url\":\"https:\/\/blog.zeit.de\/zeit-der-leser\/author\/zeit-der-leser-redaktion\/\"}]}<\/script>\n<!-- \/ Yoast SEO plugin. -->","yoast_head_json":{"title":"Zeitsprung - ZEIT der Leser","robots":{"index":"index","follow":"follow","max-snippet":"max-snippet:-1","max-image-preview":"max-image-preview:large","max-video-preview":"max-video-preview:-1"},"canonical":"https:\/\/blog.zeit.de\/zeit-der-leser\/2012\/05\/31\/zeitsprung-60\/","og_locale":"de_DE","og_type":"article","og_title":"Zeitsprung - ZEIT der Leser","og_description":"Im Fr\u00fchjahr 2011 entstand das erste Bild, und fortan fotografierte ich diesen wundersch\u00f6nen Birnbaum auf jedem meiner Rundg\u00e4nge um unser kleines Dorf am Rande der Fr\u00e4nkischen Schweiz. Er hat mich sofort beeindruckt: Umgeben von vielen sch\u00f6nen Obstb\u00e4umen, war dieser Baum doch ohne Zweifel etwas Besonderes \u2013 \u00e4lter mit Sicherheit, aber auch majest\u00e4tischer&#8230; ein wahrer K\u00f6nig. [&hellip;]","og_url":"https:\/\/blog.zeit.de\/zeit-der-leser\/2012\/05\/31\/zeitsprung-60\/","og_site_name":"ZEIT der Leser","article_published_time":"2012-05-31T18:00:37+00:00","article_modified_time":"2012-05-23T11:36:07+00:00","og_image":[{"url":"https:\/\/blog.zeit.de\/zeit-der-leser\/files\/2012\/05\/s78-zeitsprung-11.jpg"}],"author":"\"Zeit der Leser\"-Redaktion","twitter_card":"summary_large_image","twitter_misc":{"Geschrieben von":"\"Zeit der Leser\"-Redaktion","Gesch\u00e4tzte Lesezeit":"1\u00a0Minute"},"schema":{"@context":"https:\/\/schema.org","@graph":[{"@type":"WebPage","@id":"https:\/\/blog.zeit.de\/zeit-der-leser\/2012\/05\/31\/zeitsprung-60\/","url":"https:\/\/blog.zeit.de\/zeit-der-leser\/2012\/05\/31\/zeitsprung-60\/","name":"Zeitsprung - ZEIT der Leser","isPartOf":{"@id":"https:\/\/blog.zeit.de\/zeit-der-leser\/#website"},"datePublished":"2012-05-31T18:00:37+00:00","dateModified":"2012-05-23T11:36:07+00:00","author":{"@id":"https:\/\/blog.zeit.de\/zeit-der-leser\/#\/schema\/person\/583b14e5ad6368c23af846ecbde9f20f"},"breadcrumb":{"@id":"https:\/\/blog.zeit.de\/zeit-der-leser\/2012\/05\/31\/zeitsprung-60\/#breadcrumb"},"inLanguage":"de","potentialAction":[{"@type":"ReadAction","target":["https:\/\/blog.zeit.de\/zeit-der-leser\/2012\/05\/31\/zeitsprung-60\/"]}]},{"@type":"BreadcrumbList","@id":"https:\/\/blog.zeit.de\/zeit-der-leser\/2012\/05\/31\/zeitsprung-60\/#breadcrumb","itemListElement":[{"@type":"ListItem","position":1,"name":"Startseite","item":"https:\/\/blog.zeit.de\/zeit-der-leser\/"},{"@type":"ListItem","position":2,"name":"Zeitsprung"}]},{"@type":"WebSite","@id":"https:\/\/blog.zeit.de\/zeit-der-leser\/#website","url":"https:\/\/blog.zeit.de\/zeit-der-leser\/","name":"ZEIT der Leser","description":"Ein Blog mit Ihren Notizen, Gedichten und Bildern f\u00fcr die gedruckte ZEIT","potentialAction":[{"@type":"SearchAction","target":{"@type":"EntryPoint","urlTemplate":"https:\/\/blog.zeit.de\/zeit-der-leser\/?s={search_term_string}"},"query-input":"required name=search_term_string"}],"inLanguage":"de"},{"@type":"Person","@id":"https:\/\/blog.zeit.de\/zeit-der-leser\/#\/schema\/person\/583b14e5ad6368c23af846ecbde9f20f","name":"\"Zeit der Leser\"-Redaktion","image":{"@type":"ImageObject","inLanguage":"de","@id":"https:\/\/blog.zeit.de\/zeit-der-leser\/#\/schema\/person\/image\/","url":"https:\/\/secure.gravatar.com\/avatar\/e801a681bd3bbf2345131a815930b48d9f8e0a94de1346b624840dc850f67ad0?s=96&d=mm&r=g","contentUrl":"https:\/\/secure.gravatar.com\/avatar\/e801a681bd3bbf2345131a815930b48d9f8e0a94de1346b624840dc850f67ad0?s=96&d=mm&r=g","caption":"\"Zeit der Leser\"-Redaktion"},"url":"https:\/\/blog.zeit.de\/zeit-der-leser\/author\/zeit-der-leser-redaktion\/"}]}},"jetpack_featured_media_url":"","jetpack_sharing_enabled":true,"_links":{"self":[{"href":"https:\/\/blog.zeit.de\/zeit-der-leser\/wp-json\/wp\/v2\/posts\/9826","targetHints":{"allow":["GET"]}}],"collection":[{"href":"https:\/\/blog.zeit.de\/zeit-der-leser\/wp-json\/wp\/v2\/posts"}],"about":[{"href":"https:\/\/blog.zeit.de\/zeit-der-leser\/wp-json\/wp\/v2\/types\/post"}],"author":[{"embeddable":true,"href":"https:\/\/blog.zeit.de\/zeit-der-leser\/wp-json\/wp\/v2\/users\/265"}],"replies":[{"embeddable":true,"href":"https:\/\/blog.zeit.de\/zeit-der-leser\/wp-json\/wp\/v2\/comments?post=9826"}],"version-history":[{"count":5,"href":"https:\/\/blog.zeit.de\/zeit-der-leser\/wp-json\/wp\/v2\/posts\/9826\/revisions"}],"predecessor-version":[{"id":9857,"href":"https:\/\/blog.zeit.de\/zeit-der-leser\/wp-json\/wp\/v2\/posts\/9826\/revisions\/9857"}],"wp:attachment":[{"href":"https:\/\/blog.zeit.de\/zeit-der-leser\/wp-json\/wp\/v2\/media?parent=9826"}],"wp:term":[{"taxonomy":"category","embeddable":true,"href":"https:\/\/blog.zeit.de\/zeit-der-leser\/wp-json\/wp\/v2\/categories?post=9826"},{"taxonomy":"post_tag","embeddable":true,"href":"https:\/\/blog.zeit.de\/zeit-der-leser\/wp-json\/wp\/v2\/tags?post=9826"}],"curies":[{"name":"wp","href":"https:\/\/api.w.org\/{rel}","templated":true}]}}