{"id":988,"date":"2010-05-19T09:32:02","date_gmt":"2010-05-19T07:32:02","guid":{"rendered":"http:\/\/blog.zeit.de\/zeit-der-leser\/?p=988"},"modified":"2010-05-19T09:32:02","modified_gmt":"2010-05-19T07:32:02","slug":"ich-bin-mehr-indie-als-du","status":"publish","type":"post","link":"https:\/\/blog.zeit.de\/zeit-der-leser\/2010\/05\/19\/ich-bin-mehr-indie-als-du\/","title":{"rendered":"Ich bin mehr indie als du!"},"content":{"rendered":"<p><figure id=\"attachment_1200\" aria-describedby=\"caption-attachment-1200\" style=\"width: 540px\" class=\"wp-caption alignleft\"><a href=\"http:\/\/www.photocase.com\/de\/user.asp?u=213996\"><img loading=\"lazy\" decoding=\"async\" src=\"https:\/\/blog.zeit.de\/zeit-der-leser\/files\/2010\/05\/indie.jpg\" alt=\"\" title=\"indie\" width=\"540\" height=\"400\" class=\"size-full wp-image-1200\" srcset=\"https:\/\/blog.zeit.de\/zeit-der-leser\/files\/2010\/05\/indie.jpg 540w, https:\/\/blog.zeit.de\/zeit-der-leser\/files\/2010\/05\/indie-300x222.jpg 300w\" sizes=\"auto, (max-width: 540px) 100vw, 540px\" \/><\/a><figcaption id=\"caption-attachment-1200\" class=\"wp-caption-text\">\u00a9 gregor.kiosk \/ photocase.com<\/figcaption><\/figure><\/p>\n<p>Egal, ob bei der Musik, beim Schreiben, bei der Mode oder in der Kunst, \u00fcberall muss man individuell sein. Wer m\u00f6chte denn noch zum Mainstream geh\u00f6ren? Musik aus dem Radio ist jetzt &#8222;uncool&#8220;, weil das ja jeder h\u00f6rt.<\/p>\n<p>Cool ist, sich Musik aus dem Netzt zu ziehen, irgendwas, was sonst keiner h\u00f6rt, von irgendeiner Band oder einem K\u00fcnstler, den keiner kennt. Man rennt nicht mehr zu Justin-Timberlake-Konzerten, die nach einem Tag ausverkauft sind, nein, man kauft sich f\u00fcr f\u00fcnf Euro Konzert Karten von irgendeinem unbekannten Newcomer, der in der letzten Bruchbude im Westend auftritt und bei dessen Konzert man mit f\u00fcnf weiteren Fans, die ebenfalls den Unbekanntheitsgrad des K\u00fcnstlers genutzt haben um individuell zu sein, vor der B\u00fchne tanzt, und warum? Um sich vor der ganzen Masse da drau\u00dfen, von denen, die Lady Gaga und die Black Eyed Peas h\u00f6ren, kurz gesagt, vom Mainstream abzusondern.<\/p>\n<p>Vielleicht gef\u00e4llt einem die Musik des K\u00fcnstlers, vielleicht auch nicht. Falls sie einem gef\u00e4llt, versucht man auf jeden Fall mit allen Mitteln vor allem eins zu erreichen: Ihn unbekannt bleiben zu lassen! Mainstream ist, was bekannt ist.<\/p>\n<p>Vor 10 Jahren war das noch ganz anders. In der Grundschule sprachen wir \u00fcber Britney Spears und Shakira und \u00fcber die Backstreet Boys. Wer den Refrain von Britneys neustem Hit auswendig konnte, ohne auch nur ein Wort davon zu verstehen, war cool. So einfach war das. Internet kannte man damals noch fast gar nicht und w\u00e4re man mit irgendeinem unbekannten S\u00e4nger angekommen, w\u00e4re man bei den Freundinnen bestimmt nicht auf Bewunderung gesto\u00dfen. Es h\u00e4tte sich schlicht keiner f\u00fcr den armen Gitarrenspieler mit der einzigartigen Stimme aus Londons hintersten Gasse, der rein zuf\u00e4llig von irgendeinem Musikmanager entdeckt wurde, interessiert.<\/p>\n<p>Selbst beim Weggehen achtet man darauf, so alternativ wie m\u00f6glich zu sein. Alternative Jugendliche gehen in M\u00fcnchen nicht zur Partymeile am Ostbahnhof, man geht nicht in die Nachtgalerie oder in die Kultfabrik, denn dort sind nur Proleten und es l\u00e4uft schei\u00df Radioges\u00e4usel. Man geht in die Szeneviertel. Viertel wie Schwabing sind out, denn man m\u00f6chte nicht zu dem neureichen Partyvolk geh\u00f6ren, das Samstagabends das P1 oder das 8 Seasons mit ihren Zehn-Zentimenter-Heels und ihren Gucci-T\u00e4schchen unsicher macht und, sollte man zum m\u00e4nnlichen Geschlecht geh\u00f6ren, sich mit 20-Liter-Vodka-Flaschen ablichten l\u00e4sst und schmierige Frisuren mit Seitenscheitel tr\u00e4gt.<\/p>\n<p>Nein, man geht lieber mit Gleichgesinnten in Haidhausen weg, oder im Glockenbachviertel. Dabei versucht man so unaufgestylt wie m\u00f6glich auszusehen. Man tr\u00e4gt Chucks oder Sneaker, Karohemden und l\u00f6chrige Jeans und Frisuren, die so aussehen, als sei man gerade aufgestanden. <\/p>\n<p>Und nun? Gef\u00e4llt es einem jetzt oder nicht? Liegt es an der Generation oder einfach nur an dem erwachsener werden, dass sich Kult pl\u00f6tzlich von Mainstream in Independent gewandelt hat?<\/p>\n<p><em>Tabea Kernert , M\u00fcnchen<\/em><\/p>\n","protected":false},"excerpt":{"rendered":"<p>Egal, ob bei der Musik, beim Schreiben, bei der Mode oder in der Kunst, \u00fcberall muss man individuell sein. Wer m\u00f6chte denn noch zum Mainstream geh\u00f6ren? Musik aus dem Radio ist jetzt &#8222;uncool&#8220;, weil das ja jeder h\u00f6rt. Cool ist, sich Musik aus dem Netzt zu ziehen, irgendwas, was sonst keiner h\u00f6rt, von irgendeiner Band [&hellip;]<\/p>\n","protected":false},"author":264,"featured_media":0,"comment_status":"open","ping_status":"open","sticky":false,"template":"","format":"standard","meta":{"_jetpack_memberships_contains_paid_content":false,"footnotes":""},"categories":[1869],"tags":[],"class_list":["post-988","post","type-post","status-publish","format-standard","hentry","category-das-regt-mich-auf"],"yoast_head":"<!-- This site is optimized with the Yoast SEO plugin v21.0 - https:\/\/yoast.com\/wordpress\/plugins\/seo\/ -->\n<title>Ich bin mehr indie als du! - ZEIT der Leser<\/title>\n<meta name=\"robots\" content=\"index, follow, max-snippet:-1, max-image-preview:large, max-video-preview:-1\" \/>\n<link rel=\"canonical\" href=\"https:\/\/blog.zeit.de\/zeit-der-leser\/2010\/05\/19\/ich-bin-mehr-indie-als-du\/\" \/>\n<meta property=\"og:locale\" content=\"de_DE\" \/>\n<meta property=\"og:type\" content=\"article\" \/>\n<meta property=\"og:title\" content=\"Ich bin mehr indie als du! - ZEIT der Leser\" \/>\n<meta property=\"og:description\" content=\"Egal, ob bei der Musik, beim Schreiben, bei der Mode oder in der Kunst, \u00fcberall muss man individuell sein. Wer m\u00f6chte denn noch zum Mainstream geh\u00f6ren? Musik aus dem Radio ist jetzt &#8222;uncool&#8220;, weil das ja jeder h\u00f6rt. Cool ist, sich Musik aus dem Netzt zu ziehen, irgendwas, was sonst keiner h\u00f6rt, von irgendeiner Band [&hellip;]\" \/>\n<meta property=\"og:url\" content=\"https:\/\/blog.zeit.de\/zeit-der-leser\/2010\/05\/19\/ich-bin-mehr-indie-als-du\/\" \/>\n<meta property=\"og:site_name\" content=\"ZEIT der Leser\" \/>\n<meta property=\"article:published_time\" content=\"2010-05-19T07:32:02+00:00\" \/>\n<meta property=\"og:image\" content=\"https:\/\/blog.zeit.de\/zeit-der-leser\/files\/2010\/05\/indie.jpg\" \/>\n<meta name=\"author\" content=\"Zeit der Leser\" \/>\n<meta name=\"twitter:card\" content=\"summary_large_image\" \/>\n<meta name=\"twitter:label1\" content=\"Geschrieben von\" \/>\n\t<meta name=\"twitter:data1\" content=\"Zeit der Leser\" \/>\n\t<meta name=\"twitter:label2\" content=\"Gesch\u00e4tzte Lesezeit\" \/>\n\t<meta name=\"twitter:data2\" content=\"2\u00a0Minuten\" \/>\n<script type=\"application\/ld+json\" class=\"yoast-schema-graph\">{\"@context\":\"https:\/\/schema.org\",\"@graph\":[{\"@type\":\"WebPage\",\"@id\":\"https:\/\/blog.zeit.de\/zeit-der-leser\/2010\/05\/19\/ich-bin-mehr-indie-als-du\/\",\"url\":\"https:\/\/blog.zeit.de\/zeit-der-leser\/2010\/05\/19\/ich-bin-mehr-indie-als-du\/\",\"name\":\"Ich bin mehr indie als du! - ZEIT der Leser\",\"isPartOf\":{\"@id\":\"https:\/\/blog.zeit.de\/zeit-der-leser\/#website\"},\"datePublished\":\"2010-05-19T07:32:02+00:00\",\"dateModified\":\"2010-05-19T07:32:02+00:00\",\"author\":{\"@id\":\"https:\/\/blog.zeit.de\/zeit-der-leser\/#\/schema\/person\/e248c7ff5a10552f6a3bd5e9385b3667\"},\"breadcrumb\":{\"@id\":\"https:\/\/blog.zeit.de\/zeit-der-leser\/2010\/05\/19\/ich-bin-mehr-indie-als-du\/#breadcrumb\"},\"inLanguage\":\"de\",\"potentialAction\":[{\"@type\":\"ReadAction\",\"target\":[\"https:\/\/blog.zeit.de\/zeit-der-leser\/2010\/05\/19\/ich-bin-mehr-indie-als-du\/\"]}]},{\"@type\":\"BreadcrumbList\",\"@id\":\"https:\/\/blog.zeit.de\/zeit-der-leser\/2010\/05\/19\/ich-bin-mehr-indie-als-du\/#breadcrumb\",\"itemListElement\":[{\"@type\":\"ListItem\",\"position\":1,\"name\":\"Startseite\",\"item\":\"https:\/\/blog.zeit.de\/zeit-der-leser\/\"},{\"@type\":\"ListItem\",\"position\":2,\"name\":\"Ich bin mehr indie als du!\"}]},{\"@type\":\"WebSite\",\"@id\":\"https:\/\/blog.zeit.de\/zeit-der-leser\/#website\",\"url\":\"https:\/\/blog.zeit.de\/zeit-der-leser\/\",\"name\":\"ZEIT der Leser\",\"description\":\"Ein Blog mit Ihren Notizen, Gedichten und Bildern f\u00fcr die gedruckte ZEIT\",\"potentialAction\":[{\"@type\":\"SearchAction\",\"target\":{\"@type\":\"EntryPoint\",\"urlTemplate\":\"https:\/\/blog.zeit.de\/zeit-der-leser\/?s={search_term_string}\"},\"query-input\":\"required name=search_term_string\"}],\"inLanguage\":\"de\"},{\"@type\":\"Person\",\"@id\":\"https:\/\/blog.zeit.de\/zeit-der-leser\/#\/schema\/person\/e248c7ff5a10552f6a3bd5e9385b3667\",\"name\":\"Zeit der Leser\",\"image\":{\"@type\":\"ImageObject\",\"inLanguage\":\"de\",\"@id\":\"https:\/\/blog.zeit.de\/zeit-der-leser\/#\/schema\/person\/image\/\",\"url\":\"https:\/\/secure.gravatar.com\/avatar\/529bb2731085995bda6c8ba0e4da7e528ea8be4e6c7abdd217f176e2309035f6?s=96&d=mm&r=g\",\"contentUrl\":\"https:\/\/secure.gravatar.com\/avatar\/529bb2731085995bda6c8ba0e4da7e528ea8be4e6c7abdd217f176e2309035f6?s=96&d=mm&r=g\",\"caption\":\"Zeit der Leser\"},\"url\":\"https:\/\/blog.zeit.de\/zeit-der-leser\/author\/zeit-der-leser\/\"}]}<\/script>\n<!-- \/ Yoast SEO plugin. -->","yoast_head_json":{"title":"Ich bin mehr indie als du! - ZEIT der Leser","robots":{"index":"index","follow":"follow","max-snippet":"max-snippet:-1","max-image-preview":"max-image-preview:large","max-video-preview":"max-video-preview:-1"},"canonical":"https:\/\/blog.zeit.de\/zeit-der-leser\/2010\/05\/19\/ich-bin-mehr-indie-als-du\/","og_locale":"de_DE","og_type":"article","og_title":"Ich bin mehr indie als du! - ZEIT der Leser","og_description":"Egal, ob bei der Musik, beim Schreiben, bei der Mode oder in der Kunst, \u00fcberall muss man individuell sein. Wer m\u00f6chte denn noch zum Mainstream geh\u00f6ren? Musik aus dem Radio ist jetzt &#8222;uncool&#8220;, weil das ja jeder h\u00f6rt. Cool ist, sich Musik aus dem Netzt zu ziehen, irgendwas, was sonst keiner h\u00f6rt, von irgendeiner Band [&hellip;]","og_url":"https:\/\/blog.zeit.de\/zeit-der-leser\/2010\/05\/19\/ich-bin-mehr-indie-als-du\/","og_site_name":"ZEIT der Leser","article_published_time":"2010-05-19T07:32:02+00:00","og_image":[{"url":"https:\/\/blog.zeit.de\/zeit-der-leser\/files\/2010\/05\/indie.jpg"}],"author":"Zeit der Leser","twitter_card":"summary_large_image","twitter_misc":{"Geschrieben von":"Zeit der Leser","Gesch\u00e4tzte Lesezeit":"2\u00a0Minuten"},"schema":{"@context":"https:\/\/schema.org","@graph":[{"@type":"WebPage","@id":"https:\/\/blog.zeit.de\/zeit-der-leser\/2010\/05\/19\/ich-bin-mehr-indie-als-du\/","url":"https:\/\/blog.zeit.de\/zeit-der-leser\/2010\/05\/19\/ich-bin-mehr-indie-als-du\/","name":"Ich bin mehr indie als du! - ZEIT der Leser","isPartOf":{"@id":"https:\/\/blog.zeit.de\/zeit-der-leser\/#website"},"datePublished":"2010-05-19T07:32:02+00:00","dateModified":"2010-05-19T07:32:02+00:00","author":{"@id":"https:\/\/blog.zeit.de\/zeit-der-leser\/#\/schema\/person\/e248c7ff5a10552f6a3bd5e9385b3667"},"breadcrumb":{"@id":"https:\/\/blog.zeit.de\/zeit-der-leser\/2010\/05\/19\/ich-bin-mehr-indie-als-du\/#breadcrumb"},"inLanguage":"de","potentialAction":[{"@type":"ReadAction","target":["https:\/\/blog.zeit.de\/zeit-der-leser\/2010\/05\/19\/ich-bin-mehr-indie-als-du\/"]}]},{"@type":"BreadcrumbList","@id":"https:\/\/blog.zeit.de\/zeit-der-leser\/2010\/05\/19\/ich-bin-mehr-indie-als-du\/#breadcrumb","itemListElement":[{"@type":"ListItem","position":1,"name":"Startseite","item":"https:\/\/blog.zeit.de\/zeit-der-leser\/"},{"@type":"ListItem","position":2,"name":"Ich bin mehr indie als du!"}]},{"@type":"WebSite","@id":"https:\/\/blog.zeit.de\/zeit-der-leser\/#website","url":"https:\/\/blog.zeit.de\/zeit-der-leser\/","name":"ZEIT der Leser","description":"Ein Blog mit Ihren Notizen, Gedichten und Bildern f\u00fcr die gedruckte ZEIT","potentialAction":[{"@type":"SearchAction","target":{"@type":"EntryPoint","urlTemplate":"https:\/\/blog.zeit.de\/zeit-der-leser\/?s={search_term_string}"},"query-input":"required name=search_term_string"}],"inLanguage":"de"},{"@type":"Person","@id":"https:\/\/blog.zeit.de\/zeit-der-leser\/#\/schema\/person\/e248c7ff5a10552f6a3bd5e9385b3667","name":"Zeit der Leser","image":{"@type":"ImageObject","inLanguage":"de","@id":"https:\/\/blog.zeit.de\/zeit-der-leser\/#\/schema\/person\/image\/","url":"https:\/\/secure.gravatar.com\/avatar\/529bb2731085995bda6c8ba0e4da7e528ea8be4e6c7abdd217f176e2309035f6?s=96&d=mm&r=g","contentUrl":"https:\/\/secure.gravatar.com\/avatar\/529bb2731085995bda6c8ba0e4da7e528ea8be4e6c7abdd217f176e2309035f6?s=96&d=mm&r=g","caption":"Zeit der Leser"},"url":"https:\/\/blog.zeit.de\/zeit-der-leser\/author\/zeit-der-leser\/"}]}},"jetpack_featured_media_url":"","jetpack_sharing_enabled":true,"_links":{"self":[{"href":"https:\/\/blog.zeit.de\/zeit-der-leser\/wp-json\/wp\/v2\/posts\/988","targetHints":{"allow":["GET"]}}],"collection":[{"href":"https:\/\/blog.zeit.de\/zeit-der-leser\/wp-json\/wp\/v2\/posts"}],"about":[{"href":"https:\/\/blog.zeit.de\/zeit-der-leser\/wp-json\/wp\/v2\/types\/post"}],"author":[{"embeddable":true,"href":"https:\/\/blog.zeit.de\/zeit-der-leser\/wp-json\/wp\/v2\/users\/264"}],"replies":[{"embeddable":true,"href":"https:\/\/blog.zeit.de\/zeit-der-leser\/wp-json\/wp\/v2\/comments?post=988"}],"version-history":[{"count":0,"href":"https:\/\/blog.zeit.de\/zeit-der-leser\/wp-json\/wp\/v2\/posts\/988\/revisions"}],"wp:attachment":[{"href":"https:\/\/blog.zeit.de\/zeit-der-leser\/wp-json\/wp\/v2\/media?parent=988"}],"wp:term":[{"taxonomy":"category","embeddable":true,"href":"https:\/\/blog.zeit.de\/zeit-der-leser\/wp-json\/wp\/v2\/categories?post=988"},{"taxonomy":"post_tag","embeddable":true,"href":"https:\/\/blog.zeit.de\/zeit-der-leser\/wp-json\/wp\/v2\/tags?post=988"}],"curies":[{"name":"wp","href":"https:\/\/api.w.org\/{rel}","templated":true}]}}