{"id":9888,"date":"2012-06-05T12:00:32","date_gmt":"2012-06-05T10:00:32","guid":{"rendered":"http:\/\/blog.zeit.de\/zeit-der-leser\/?p=9888"},"modified":"2012-05-31T17:46:42","modified_gmt":"2012-05-31T15:46:42","slug":"das-ist-mein-ding-10","status":"publish","type":"post","link":"https:\/\/blog.zeit.de\/zeit-der-leser\/2012\/06\/05\/das-ist-mein-ding-10\/","title":{"rendered":"Das ist mein Ding"},"content":{"rendered":"<p><a href=\"https:\/\/blog.zeit.de\/zeit-der-leser\/files\/2012\/05\/s80-mein-ding.jpg\"><img loading=\"lazy\" decoding=\"async\" class=\"alignnone size-full wp-image-9889\" src=\"https:\/\/blog.zeit.de\/zeit-der-leser\/files\/2012\/05\/s80-mein-ding.jpg\" alt=\"\" width=\"540\" height=\"406\" srcset=\"https:\/\/blog.zeit.de\/zeit-der-leser\/files\/2012\/05\/s80-mein-ding.jpg 540w, https:\/\/blog.zeit.de\/zeit-der-leser\/files\/2012\/05\/s80-mein-ding-300x225.jpg 300w\" sizes=\"auto, (max-width: 540px) 100vw, 540px\" \/><\/a><\/p>\n<p>Meine Gro\u00dfmutter schenkte mir, als ich etwa vier Jahre alt war, dieses kleine Fl\u00e4schchen <em>uralt lavendel<\/em> mit einem letzten Tr\u00f6pfchen Parf\u00fcm. Damit ich mich m\u00f6glichst lange mit diesem Duft benetzen konnte, verd\u00fcnnte ich den Tropfen zu immer h\u00f6heren hom\u00f6opathischen Potenzen. Kr\u00e4ftiges und langes Sch\u00fctteln sollte helfen, alle Duftreste aus dem Flascheninneren zu l\u00f6sen. Meine Mutter zweifelte am Erfolg meiner Anstrengungen. Als der Flakon leer war, steckte ich das Flaschenh\u00e4lschen in mein Nasenloch, um die allerletzten Lavendelmolek\u00fcle zu erhaschen. Und was soll ich sagen? 40 Jahre sp\u00e4ter duftet es \u2013 so meine ich zumindest \u2013 immer noch nach Lavendel und Omi.<\/p>\n<p><strong>Georgia Wendling-Platz<\/strong>, Landshut<\/p>\n","protected":false},"excerpt":{"rendered":"<p>Meine Gro\u00dfmutter schenkte mir, als ich etwa vier Jahre alt war, dieses kleine Fl\u00e4schchen uralt lavendel mit einem letzten Tr\u00f6pfchen Parf\u00fcm. Damit ich mich m\u00f6glichst lange mit diesem Duft benetzen konnte, verd\u00fcnnte ich den Tropfen zu immer h\u00f6heren hom\u00f6opathischen Potenzen. Kr\u00e4ftiges und langes Sch\u00fctteln sollte helfen, alle Duftreste aus dem Flascheninneren zu l\u00f6sen. Meine Mutter [&hellip;]<\/p>\n","protected":false},"author":265,"featured_media":0,"comment_status":"open","ping_status":"open","sticky":false,"template":"","format":"standard","meta":{"_jetpack_memberships_contains_paid_content":false,"footnotes":""},"categories":[5689],"tags":[],"class_list":["post-9888","post","type-post","status-publish","format-standard","hentry","category-mein-ding"],"yoast_head":"<!-- This site is optimized with the Yoast SEO plugin v21.0 - https:\/\/yoast.com\/wordpress\/plugins\/seo\/ -->\n<title>Das ist mein Ding - ZEIT der Leser<\/title>\n<meta name=\"robots\" content=\"index, follow, max-snippet:-1, max-image-preview:large, max-video-preview:-1\" \/>\n<link rel=\"canonical\" href=\"https:\/\/blog.zeit.de\/zeit-der-leser\/2012\/06\/05\/das-ist-mein-ding-10\/\" \/>\n<meta property=\"og:locale\" content=\"de_DE\" \/>\n<meta property=\"og:type\" content=\"article\" \/>\n<meta property=\"og:title\" content=\"Das ist mein Ding - ZEIT der Leser\" \/>\n<meta property=\"og:description\" content=\"Meine Gro\u00dfmutter schenkte mir, als ich etwa vier Jahre alt war, dieses kleine Fl\u00e4schchen uralt lavendel mit einem letzten Tr\u00f6pfchen Parf\u00fcm. Damit ich mich m\u00f6glichst lange mit diesem Duft benetzen konnte, verd\u00fcnnte ich den Tropfen zu immer h\u00f6heren hom\u00f6opathischen Potenzen. Kr\u00e4ftiges und langes Sch\u00fctteln sollte helfen, alle Duftreste aus dem Flascheninneren zu l\u00f6sen. Meine Mutter [&hellip;]\" \/>\n<meta property=\"og:url\" content=\"https:\/\/blog.zeit.de\/zeit-der-leser\/2012\/06\/05\/das-ist-mein-ding-10\/\" \/>\n<meta property=\"og:site_name\" content=\"ZEIT der Leser\" \/>\n<meta property=\"article:published_time\" content=\"2012-06-05T10:00:32+00:00\" \/>\n<meta property=\"article:modified_time\" content=\"2012-05-31T15:46:42+00:00\" \/>\n<meta property=\"og:image\" content=\"https:\/\/blog.zeit.de\/zeit-der-leser\/files\/2012\/05\/s80-mein-ding.jpg\" \/>\n<meta name=\"author\" content=\"&quot;Zeit der Leser&quot;-Redaktion\" \/>\n<meta name=\"twitter:card\" content=\"summary_large_image\" \/>\n<meta name=\"twitter:label1\" content=\"Geschrieben von\" \/>\n\t<meta name=\"twitter:data1\" content=\"\"Zeit der Leser\"-Redaktion\" \/>\n\t<meta name=\"twitter:label2\" content=\"Gesch\u00e4tzte Lesezeit\" \/>\n\t<meta name=\"twitter:data2\" content=\"1\u00a0Minute\" \/>\n<script type=\"application\/ld+json\" class=\"yoast-schema-graph\">{\"@context\":\"https:\/\/schema.org\",\"@graph\":[{\"@type\":\"WebPage\",\"@id\":\"https:\/\/blog.zeit.de\/zeit-der-leser\/2012\/06\/05\/das-ist-mein-ding-10\/\",\"url\":\"https:\/\/blog.zeit.de\/zeit-der-leser\/2012\/06\/05\/das-ist-mein-ding-10\/\",\"name\":\"Das ist mein Ding - ZEIT der Leser\",\"isPartOf\":{\"@id\":\"https:\/\/blog.zeit.de\/zeit-der-leser\/#website\"},\"datePublished\":\"2012-06-05T10:00:32+00:00\",\"dateModified\":\"2012-05-31T15:46:42+00:00\",\"author\":{\"@id\":\"https:\/\/blog.zeit.de\/zeit-der-leser\/#\/schema\/person\/583b14e5ad6368c23af846ecbde9f20f\"},\"breadcrumb\":{\"@id\":\"https:\/\/blog.zeit.de\/zeit-der-leser\/2012\/06\/05\/das-ist-mein-ding-10\/#breadcrumb\"},\"inLanguage\":\"de\",\"potentialAction\":[{\"@type\":\"ReadAction\",\"target\":[\"https:\/\/blog.zeit.de\/zeit-der-leser\/2012\/06\/05\/das-ist-mein-ding-10\/\"]}]},{\"@type\":\"BreadcrumbList\",\"@id\":\"https:\/\/blog.zeit.de\/zeit-der-leser\/2012\/06\/05\/das-ist-mein-ding-10\/#breadcrumb\",\"itemListElement\":[{\"@type\":\"ListItem\",\"position\":1,\"name\":\"Startseite\",\"item\":\"https:\/\/blog.zeit.de\/zeit-der-leser\/\"},{\"@type\":\"ListItem\",\"position\":2,\"name\":\"Das ist mein Ding\"}]},{\"@type\":\"WebSite\",\"@id\":\"https:\/\/blog.zeit.de\/zeit-der-leser\/#website\",\"url\":\"https:\/\/blog.zeit.de\/zeit-der-leser\/\",\"name\":\"ZEIT der Leser\",\"description\":\"Ein Blog mit Ihren Notizen, Gedichten und Bildern f\u00fcr die gedruckte ZEIT\",\"potentialAction\":[{\"@type\":\"SearchAction\",\"target\":{\"@type\":\"EntryPoint\",\"urlTemplate\":\"https:\/\/blog.zeit.de\/zeit-der-leser\/?s={search_term_string}\"},\"query-input\":\"required name=search_term_string\"}],\"inLanguage\":\"de\"},{\"@type\":\"Person\",\"@id\":\"https:\/\/blog.zeit.de\/zeit-der-leser\/#\/schema\/person\/583b14e5ad6368c23af846ecbde9f20f\",\"name\":\"\\\"Zeit der Leser\\\"-Redaktion\",\"image\":{\"@type\":\"ImageObject\",\"inLanguage\":\"de\",\"@id\":\"https:\/\/blog.zeit.de\/zeit-der-leser\/#\/schema\/person\/image\/\",\"url\":\"https:\/\/secure.gravatar.com\/avatar\/e801a681bd3bbf2345131a815930b48d9f8e0a94de1346b624840dc850f67ad0?s=96&d=mm&r=g\",\"contentUrl\":\"https:\/\/secure.gravatar.com\/avatar\/e801a681bd3bbf2345131a815930b48d9f8e0a94de1346b624840dc850f67ad0?s=96&d=mm&r=g\",\"caption\":\"\\\"Zeit der Leser\\\"-Redaktion\"},\"url\":\"https:\/\/blog.zeit.de\/zeit-der-leser\/author\/zeit-der-leser-redaktion\/\"}]}<\/script>\n<!-- \/ Yoast SEO plugin. -->","yoast_head_json":{"title":"Das ist mein Ding - ZEIT der Leser","robots":{"index":"index","follow":"follow","max-snippet":"max-snippet:-1","max-image-preview":"max-image-preview:large","max-video-preview":"max-video-preview:-1"},"canonical":"https:\/\/blog.zeit.de\/zeit-der-leser\/2012\/06\/05\/das-ist-mein-ding-10\/","og_locale":"de_DE","og_type":"article","og_title":"Das ist mein Ding - ZEIT der Leser","og_description":"Meine Gro\u00dfmutter schenkte mir, als ich etwa vier Jahre alt war, dieses kleine Fl\u00e4schchen uralt lavendel mit einem letzten Tr\u00f6pfchen Parf\u00fcm. Damit ich mich m\u00f6glichst lange mit diesem Duft benetzen konnte, verd\u00fcnnte ich den Tropfen zu immer h\u00f6heren hom\u00f6opathischen Potenzen. Kr\u00e4ftiges und langes Sch\u00fctteln sollte helfen, alle Duftreste aus dem Flascheninneren zu l\u00f6sen. Meine Mutter [&hellip;]","og_url":"https:\/\/blog.zeit.de\/zeit-der-leser\/2012\/06\/05\/das-ist-mein-ding-10\/","og_site_name":"ZEIT der Leser","article_published_time":"2012-06-05T10:00:32+00:00","article_modified_time":"2012-05-31T15:46:42+00:00","og_image":[{"url":"https:\/\/blog.zeit.de\/zeit-der-leser\/files\/2012\/05\/s80-mein-ding.jpg"}],"author":"\"Zeit der Leser\"-Redaktion","twitter_card":"summary_large_image","twitter_misc":{"Geschrieben von":"\"Zeit der Leser\"-Redaktion","Gesch\u00e4tzte Lesezeit":"1\u00a0Minute"},"schema":{"@context":"https:\/\/schema.org","@graph":[{"@type":"WebPage","@id":"https:\/\/blog.zeit.de\/zeit-der-leser\/2012\/06\/05\/das-ist-mein-ding-10\/","url":"https:\/\/blog.zeit.de\/zeit-der-leser\/2012\/06\/05\/das-ist-mein-ding-10\/","name":"Das ist mein Ding - ZEIT der Leser","isPartOf":{"@id":"https:\/\/blog.zeit.de\/zeit-der-leser\/#website"},"datePublished":"2012-06-05T10:00:32+00:00","dateModified":"2012-05-31T15:46:42+00:00","author":{"@id":"https:\/\/blog.zeit.de\/zeit-der-leser\/#\/schema\/person\/583b14e5ad6368c23af846ecbde9f20f"},"breadcrumb":{"@id":"https:\/\/blog.zeit.de\/zeit-der-leser\/2012\/06\/05\/das-ist-mein-ding-10\/#breadcrumb"},"inLanguage":"de","potentialAction":[{"@type":"ReadAction","target":["https:\/\/blog.zeit.de\/zeit-der-leser\/2012\/06\/05\/das-ist-mein-ding-10\/"]}]},{"@type":"BreadcrumbList","@id":"https:\/\/blog.zeit.de\/zeit-der-leser\/2012\/06\/05\/das-ist-mein-ding-10\/#breadcrumb","itemListElement":[{"@type":"ListItem","position":1,"name":"Startseite","item":"https:\/\/blog.zeit.de\/zeit-der-leser\/"},{"@type":"ListItem","position":2,"name":"Das ist mein Ding"}]},{"@type":"WebSite","@id":"https:\/\/blog.zeit.de\/zeit-der-leser\/#website","url":"https:\/\/blog.zeit.de\/zeit-der-leser\/","name":"ZEIT der Leser","description":"Ein Blog mit Ihren Notizen, Gedichten und Bildern f\u00fcr die gedruckte ZEIT","potentialAction":[{"@type":"SearchAction","target":{"@type":"EntryPoint","urlTemplate":"https:\/\/blog.zeit.de\/zeit-der-leser\/?s={search_term_string}"},"query-input":"required name=search_term_string"}],"inLanguage":"de"},{"@type":"Person","@id":"https:\/\/blog.zeit.de\/zeit-der-leser\/#\/schema\/person\/583b14e5ad6368c23af846ecbde9f20f","name":"\"Zeit der Leser\"-Redaktion","image":{"@type":"ImageObject","inLanguage":"de","@id":"https:\/\/blog.zeit.de\/zeit-der-leser\/#\/schema\/person\/image\/","url":"https:\/\/secure.gravatar.com\/avatar\/e801a681bd3bbf2345131a815930b48d9f8e0a94de1346b624840dc850f67ad0?s=96&d=mm&r=g","contentUrl":"https:\/\/secure.gravatar.com\/avatar\/e801a681bd3bbf2345131a815930b48d9f8e0a94de1346b624840dc850f67ad0?s=96&d=mm&r=g","caption":"\"Zeit der Leser\"-Redaktion"},"url":"https:\/\/blog.zeit.de\/zeit-der-leser\/author\/zeit-der-leser-redaktion\/"}]}},"jetpack_featured_media_url":"","jetpack_sharing_enabled":true,"_links":{"self":[{"href":"https:\/\/blog.zeit.de\/zeit-der-leser\/wp-json\/wp\/v2\/posts\/9888","targetHints":{"allow":["GET"]}}],"collection":[{"href":"https:\/\/blog.zeit.de\/zeit-der-leser\/wp-json\/wp\/v2\/posts"}],"about":[{"href":"https:\/\/blog.zeit.de\/zeit-der-leser\/wp-json\/wp\/v2\/types\/post"}],"author":[{"embeddable":true,"href":"https:\/\/blog.zeit.de\/zeit-der-leser\/wp-json\/wp\/v2\/users\/265"}],"replies":[{"embeddable":true,"href":"https:\/\/blog.zeit.de\/zeit-der-leser\/wp-json\/wp\/v2\/comments?post=9888"}],"version-history":[{"count":4,"href":"https:\/\/blog.zeit.de\/zeit-der-leser\/wp-json\/wp\/v2\/posts\/9888\/revisions"}],"predecessor-version":[{"id":9898,"href":"https:\/\/blog.zeit.de\/zeit-der-leser\/wp-json\/wp\/v2\/posts\/9888\/revisions\/9898"}],"wp:attachment":[{"href":"https:\/\/blog.zeit.de\/zeit-der-leser\/wp-json\/wp\/v2\/media?parent=9888"}],"wp:term":[{"taxonomy":"category","embeddable":true,"href":"https:\/\/blog.zeit.de\/zeit-der-leser\/wp-json\/wp\/v2\/categories?post=9888"},{"taxonomy":"post_tag","embeddable":true,"href":"https:\/\/blog.zeit.de\/zeit-der-leser\/wp-json\/wp\/v2\/tags?post=9888"}],"curies":[{"name":"wp","href":"https:\/\/api.w.org\/{rel}","templated":true}]}}