{"id":9961,"date":"2012-06-11T18:00:57","date_gmt":"2012-06-11T16:00:57","guid":{"rendered":"http:\/\/blog.zeit.de\/zeit-der-leser\/?p=9961"},"modified":"2012-06-07T14:19:03","modified_gmt":"2012-06-07T12:19:03","slug":"mein-ding-5","status":"publish","type":"post","link":"https:\/\/blog.zeit.de\/zeit-der-leser\/2012\/06\/11\/mein-ding-5\/","title":{"rendered":"Mein Ding"},"content":{"rendered":"<p><a href=\"https:\/\/blog.zeit.de\/zeit-der-leser\/files\/2012\/06\/s88-mein-ding.jpg\"><img loading=\"lazy\" decoding=\"async\" class=\"alignnone size-full wp-image-9962\" src=\"https:\/\/blog.zeit.de\/zeit-der-leser\/files\/2012\/06\/s88-mein-ding.jpg\" alt=\"\" width=\"540\" height=\"304\" srcset=\"https:\/\/blog.zeit.de\/zeit-der-leser\/files\/2012\/06\/s88-mein-ding.jpg 540w, https:\/\/blog.zeit.de\/zeit-der-leser\/files\/2012\/06\/s88-mein-ding-300x168.jpg 300w\" sizes=\"auto, (max-width: 540px) 100vw, 540px\" \/><\/a><\/p>\n<p>Dieser Schemel geh\u00f6rte schon zum Haushalt meiner Gro\u00dfeltern und wurde immer dann braun angestrichen, wenn auch der Fu\u00dfboden eine neue Farbe ben\u00f6tigte. Meine Urgro\u00dfmutter sa\u00df auf ihm (sie lebte im Haushalt meiner Gro\u00dfeltern), wenn sie ihren Enkeln M\u00e4rchen erz\u00e4hlte. Sp\u00e4ter benutzte ihn der heranwachsende Enkelsohn, um seiner Mutter, die sehr klein war, die Gelegenheit zu geben, ihm eine Ohrfeige zu verpassen. Was ihr trotzdem nicht m\u00f6glich war: Er wehrte den Arm ab. Dann kam der Schemel zu mir, der Urenkelin, wurde abgebeizt, und die Narben (Wurmstiche und N\u00e4gel) kamen zum Vorschein. Heute steige ich auf den Schemel, wenn ich Gegenst\u00e4nde aus den obersten Schrankf\u00e4chern nehmen will.<\/p>\n<p><strong>Renate Gottwald<\/strong>, Kalchreuth, Mittelfranken<\/p>\n","protected":false},"excerpt":{"rendered":"<p>Dieser Schemel geh\u00f6rte schon zum Haushalt meiner Gro\u00dfeltern und wurde immer dann braun angestrichen, wenn auch der Fu\u00dfboden eine neue Farbe ben\u00f6tigte. Meine Urgro\u00dfmutter sa\u00df auf ihm (sie lebte im Haushalt meiner Gro\u00dfeltern), wenn sie ihren Enkeln M\u00e4rchen erz\u00e4hlte. Sp\u00e4ter benutzte ihn der heranwachsende Enkelsohn, um seiner Mutter, die sehr klein war, die Gelegenheit zu [&hellip;]<\/p>\n","protected":false},"author":265,"featured_media":0,"comment_status":"open","ping_status":"open","sticky":false,"template":"","format":"standard","meta":{"_jetpack_memberships_contains_paid_content":false,"footnotes":""},"categories":[5689],"tags":[],"class_list":["post-9961","post","type-post","status-publish","format-standard","hentry","category-mein-ding"],"yoast_head":"<!-- This site is optimized with the Yoast SEO plugin v21.0 - https:\/\/yoast.com\/wordpress\/plugins\/seo\/ -->\n<title>Mein Ding - ZEIT der Leser<\/title>\n<meta name=\"robots\" content=\"index, follow, max-snippet:-1, max-image-preview:large, max-video-preview:-1\" \/>\n<link rel=\"canonical\" href=\"https:\/\/blog.zeit.de\/zeit-der-leser\/2012\/06\/11\/mein-ding-5\/\" \/>\n<meta property=\"og:locale\" content=\"de_DE\" \/>\n<meta property=\"og:type\" content=\"article\" \/>\n<meta property=\"og:title\" content=\"Mein Ding - ZEIT der Leser\" \/>\n<meta property=\"og:description\" content=\"Dieser Schemel geh\u00f6rte schon zum Haushalt meiner Gro\u00dfeltern und wurde immer dann braun angestrichen, wenn auch der Fu\u00dfboden eine neue Farbe ben\u00f6tigte. Meine Urgro\u00dfmutter sa\u00df auf ihm (sie lebte im Haushalt meiner Gro\u00dfeltern), wenn sie ihren Enkeln M\u00e4rchen erz\u00e4hlte. Sp\u00e4ter benutzte ihn der heranwachsende Enkelsohn, um seiner Mutter, die sehr klein war, die Gelegenheit zu [&hellip;]\" \/>\n<meta property=\"og:url\" content=\"https:\/\/blog.zeit.de\/zeit-der-leser\/2012\/06\/11\/mein-ding-5\/\" \/>\n<meta property=\"og:site_name\" content=\"ZEIT der Leser\" \/>\n<meta property=\"article:published_time\" content=\"2012-06-11T16:00:57+00:00\" \/>\n<meta property=\"article:modified_time\" content=\"2012-06-07T12:19:03+00:00\" \/>\n<meta property=\"og:image\" content=\"https:\/\/blog.zeit.de\/zeit-der-leser\/files\/2012\/06\/s88-mein-ding.jpg\" \/>\n<meta name=\"author\" content=\"&quot;Zeit der Leser&quot;-Redaktion\" \/>\n<meta name=\"twitter:card\" content=\"summary_large_image\" \/>\n<meta name=\"twitter:label1\" content=\"Geschrieben von\" \/>\n\t<meta name=\"twitter:data1\" content=\"\"Zeit der Leser\"-Redaktion\" \/>\n\t<meta name=\"twitter:label2\" content=\"Gesch\u00e4tzte Lesezeit\" \/>\n\t<meta name=\"twitter:data2\" content=\"1\u00a0Minute\" \/>\n<script type=\"application\/ld+json\" class=\"yoast-schema-graph\">{\"@context\":\"https:\/\/schema.org\",\"@graph\":[{\"@type\":\"WebPage\",\"@id\":\"https:\/\/blog.zeit.de\/zeit-der-leser\/2012\/06\/11\/mein-ding-5\/\",\"url\":\"https:\/\/blog.zeit.de\/zeit-der-leser\/2012\/06\/11\/mein-ding-5\/\",\"name\":\"Mein Ding - ZEIT der Leser\",\"isPartOf\":{\"@id\":\"https:\/\/blog.zeit.de\/zeit-der-leser\/#website\"},\"datePublished\":\"2012-06-11T16:00:57+00:00\",\"dateModified\":\"2012-06-07T12:19:03+00:00\",\"author\":{\"@id\":\"https:\/\/blog.zeit.de\/zeit-der-leser\/#\/schema\/person\/583b14e5ad6368c23af846ecbde9f20f\"},\"breadcrumb\":{\"@id\":\"https:\/\/blog.zeit.de\/zeit-der-leser\/2012\/06\/11\/mein-ding-5\/#breadcrumb\"},\"inLanguage\":\"de\",\"potentialAction\":[{\"@type\":\"ReadAction\",\"target\":[\"https:\/\/blog.zeit.de\/zeit-der-leser\/2012\/06\/11\/mein-ding-5\/\"]}]},{\"@type\":\"BreadcrumbList\",\"@id\":\"https:\/\/blog.zeit.de\/zeit-der-leser\/2012\/06\/11\/mein-ding-5\/#breadcrumb\",\"itemListElement\":[{\"@type\":\"ListItem\",\"position\":1,\"name\":\"Startseite\",\"item\":\"https:\/\/blog.zeit.de\/zeit-der-leser\/\"},{\"@type\":\"ListItem\",\"position\":2,\"name\":\"Mein Ding\"}]},{\"@type\":\"WebSite\",\"@id\":\"https:\/\/blog.zeit.de\/zeit-der-leser\/#website\",\"url\":\"https:\/\/blog.zeit.de\/zeit-der-leser\/\",\"name\":\"ZEIT der Leser\",\"description\":\"Ein Blog mit Ihren Notizen, Gedichten und Bildern f\u00fcr die gedruckte ZEIT\",\"potentialAction\":[{\"@type\":\"SearchAction\",\"target\":{\"@type\":\"EntryPoint\",\"urlTemplate\":\"https:\/\/blog.zeit.de\/zeit-der-leser\/?s={search_term_string}\"},\"query-input\":\"required name=search_term_string\"}],\"inLanguage\":\"de\"},{\"@type\":\"Person\",\"@id\":\"https:\/\/blog.zeit.de\/zeit-der-leser\/#\/schema\/person\/583b14e5ad6368c23af846ecbde9f20f\",\"name\":\"\\\"Zeit der Leser\\\"-Redaktion\",\"image\":{\"@type\":\"ImageObject\",\"inLanguage\":\"de\",\"@id\":\"https:\/\/blog.zeit.de\/zeit-der-leser\/#\/schema\/person\/image\/\",\"url\":\"https:\/\/secure.gravatar.com\/avatar\/e801a681bd3bbf2345131a815930b48d9f8e0a94de1346b624840dc850f67ad0?s=96&d=mm&r=g\",\"contentUrl\":\"https:\/\/secure.gravatar.com\/avatar\/e801a681bd3bbf2345131a815930b48d9f8e0a94de1346b624840dc850f67ad0?s=96&d=mm&r=g\",\"caption\":\"\\\"Zeit der Leser\\\"-Redaktion\"},\"url\":\"https:\/\/blog.zeit.de\/zeit-der-leser\/author\/zeit-der-leser-redaktion\/\"}]}<\/script>\n<!-- \/ Yoast SEO plugin. -->","yoast_head_json":{"title":"Mein Ding - ZEIT der Leser","robots":{"index":"index","follow":"follow","max-snippet":"max-snippet:-1","max-image-preview":"max-image-preview:large","max-video-preview":"max-video-preview:-1"},"canonical":"https:\/\/blog.zeit.de\/zeit-der-leser\/2012\/06\/11\/mein-ding-5\/","og_locale":"de_DE","og_type":"article","og_title":"Mein Ding - ZEIT der Leser","og_description":"Dieser Schemel geh\u00f6rte schon zum Haushalt meiner Gro\u00dfeltern und wurde immer dann braun angestrichen, wenn auch der Fu\u00dfboden eine neue Farbe ben\u00f6tigte. Meine Urgro\u00dfmutter sa\u00df auf ihm (sie lebte im Haushalt meiner Gro\u00dfeltern), wenn sie ihren Enkeln M\u00e4rchen erz\u00e4hlte. Sp\u00e4ter benutzte ihn der heranwachsende Enkelsohn, um seiner Mutter, die sehr klein war, die Gelegenheit zu [&hellip;]","og_url":"https:\/\/blog.zeit.de\/zeit-der-leser\/2012\/06\/11\/mein-ding-5\/","og_site_name":"ZEIT der Leser","article_published_time":"2012-06-11T16:00:57+00:00","article_modified_time":"2012-06-07T12:19:03+00:00","og_image":[{"url":"https:\/\/blog.zeit.de\/zeit-der-leser\/files\/2012\/06\/s88-mein-ding.jpg"}],"author":"\"Zeit der Leser\"-Redaktion","twitter_card":"summary_large_image","twitter_misc":{"Geschrieben von":"\"Zeit der Leser\"-Redaktion","Gesch\u00e4tzte Lesezeit":"1\u00a0Minute"},"schema":{"@context":"https:\/\/schema.org","@graph":[{"@type":"WebPage","@id":"https:\/\/blog.zeit.de\/zeit-der-leser\/2012\/06\/11\/mein-ding-5\/","url":"https:\/\/blog.zeit.de\/zeit-der-leser\/2012\/06\/11\/mein-ding-5\/","name":"Mein Ding - ZEIT der Leser","isPartOf":{"@id":"https:\/\/blog.zeit.de\/zeit-der-leser\/#website"},"datePublished":"2012-06-11T16:00:57+00:00","dateModified":"2012-06-07T12:19:03+00:00","author":{"@id":"https:\/\/blog.zeit.de\/zeit-der-leser\/#\/schema\/person\/583b14e5ad6368c23af846ecbde9f20f"},"breadcrumb":{"@id":"https:\/\/blog.zeit.de\/zeit-der-leser\/2012\/06\/11\/mein-ding-5\/#breadcrumb"},"inLanguage":"de","potentialAction":[{"@type":"ReadAction","target":["https:\/\/blog.zeit.de\/zeit-der-leser\/2012\/06\/11\/mein-ding-5\/"]}]},{"@type":"BreadcrumbList","@id":"https:\/\/blog.zeit.de\/zeit-der-leser\/2012\/06\/11\/mein-ding-5\/#breadcrumb","itemListElement":[{"@type":"ListItem","position":1,"name":"Startseite","item":"https:\/\/blog.zeit.de\/zeit-der-leser\/"},{"@type":"ListItem","position":2,"name":"Mein Ding"}]},{"@type":"WebSite","@id":"https:\/\/blog.zeit.de\/zeit-der-leser\/#website","url":"https:\/\/blog.zeit.de\/zeit-der-leser\/","name":"ZEIT der Leser","description":"Ein Blog mit Ihren Notizen, Gedichten und Bildern f\u00fcr die gedruckte ZEIT","potentialAction":[{"@type":"SearchAction","target":{"@type":"EntryPoint","urlTemplate":"https:\/\/blog.zeit.de\/zeit-der-leser\/?s={search_term_string}"},"query-input":"required name=search_term_string"}],"inLanguage":"de"},{"@type":"Person","@id":"https:\/\/blog.zeit.de\/zeit-der-leser\/#\/schema\/person\/583b14e5ad6368c23af846ecbde9f20f","name":"\"Zeit der Leser\"-Redaktion","image":{"@type":"ImageObject","inLanguage":"de","@id":"https:\/\/blog.zeit.de\/zeit-der-leser\/#\/schema\/person\/image\/","url":"https:\/\/secure.gravatar.com\/avatar\/e801a681bd3bbf2345131a815930b48d9f8e0a94de1346b624840dc850f67ad0?s=96&d=mm&r=g","contentUrl":"https:\/\/secure.gravatar.com\/avatar\/e801a681bd3bbf2345131a815930b48d9f8e0a94de1346b624840dc850f67ad0?s=96&d=mm&r=g","caption":"\"Zeit der Leser\"-Redaktion"},"url":"https:\/\/blog.zeit.de\/zeit-der-leser\/author\/zeit-der-leser-redaktion\/"}]}},"jetpack_featured_media_url":"","jetpack_sharing_enabled":true,"_links":{"self":[{"href":"https:\/\/blog.zeit.de\/zeit-der-leser\/wp-json\/wp\/v2\/posts\/9961","targetHints":{"allow":["GET"]}}],"collection":[{"href":"https:\/\/blog.zeit.de\/zeit-der-leser\/wp-json\/wp\/v2\/posts"}],"about":[{"href":"https:\/\/blog.zeit.de\/zeit-der-leser\/wp-json\/wp\/v2\/types\/post"}],"author":[{"embeddable":true,"href":"https:\/\/blog.zeit.de\/zeit-der-leser\/wp-json\/wp\/v2\/users\/265"}],"replies":[{"embeddable":true,"href":"https:\/\/blog.zeit.de\/zeit-der-leser\/wp-json\/wp\/v2\/comments?post=9961"}],"version-history":[{"count":4,"href":"https:\/\/blog.zeit.de\/zeit-der-leser\/wp-json\/wp\/v2\/posts\/9961\/revisions"}],"predecessor-version":[{"id":9990,"href":"https:\/\/blog.zeit.de\/zeit-der-leser\/wp-json\/wp\/v2\/posts\/9961\/revisions\/9990"}],"wp:attachment":[{"href":"https:\/\/blog.zeit.de\/zeit-der-leser\/wp-json\/wp\/v2\/media?parent=9961"}],"wp:term":[{"taxonomy":"category","embeddable":true,"href":"https:\/\/blog.zeit.de\/zeit-der-leser\/wp-json\/wp\/v2\/categories?post=9961"},{"taxonomy":"post_tag","embeddable":true,"href":"https:\/\/blog.zeit.de\/zeit-der-leser\/wp-json\/wp\/v2\/tags?post=9961"}],"curies":[{"name":"wp","href":"https:\/\/api.w.org\/{rel}","templated":true}]}}