{"id":9979,"date":"2012-06-14T18:00:27","date_gmt":"2012-06-14T16:00:27","guid":{"rendered":"http:\/\/blog.zeit.de\/zeit-der-leser\/?p=9979"},"modified":"2012-06-07T14:17:45","modified_gmt":"2012-06-07T12:17:45","slug":"9979","status":"publish","type":"post","link":"https:\/\/blog.zeit.de\/zeit-der-leser\/2012\/06\/14\/9979\/","title":{"rendered":"Zeitsprung"},"content":{"rendered":"<p><a href=\"https:\/\/blog.zeit.de\/zeit-der-leser\/files\/2012\/06\/s88-zeitsprung-1971.jpg\"><img loading=\"lazy\" decoding=\"async\" class=\"alignnone size-full wp-image-9980\" src=\"https:\/\/blog.zeit.de\/zeit-der-leser\/files\/2012\/06\/s88-zeitsprung-1971.jpg\" alt=\"\" width=\"540\" height=\"652\" srcset=\"https:\/\/blog.zeit.de\/zeit-der-leser\/files\/2012\/06\/s88-zeitsprung-1971.jpg 540w, https:\/\/blog.zeit.de\/zeit-der-leser\/files\/2012\/06\/s88-zeitsprung-1971-248x300.jpg 248w\" sizes=\"auto, (max-width: 540px) 100vw, 540px\" \/><\/a><\/p>\n<p><a href=\"https:\/\/blog.zeit.de\/zeit-der-leser\/files\/2012\/06\/s88-zeitsprung-2011.jpg\"><img loading=\"lazy\" decoding=\"async\" class=\"alignnone size-full wp-image-9981\" src=\"https:\/\/blog.zeit.de\/zeit-der-leser\/files\/2012\/06\/s88-zeitsprung-2011.jpg\" alt=\"\" width=\"540\" height=\"652\" srcset=\"https:\/\/blog.zeit.de\/zeit-der-leser\/files\/2012\/06\/s88-zeitsprung-2011.jpg 540w, https:\/\/blog.zeit.de\/zeit-der-leser\/files\/2012\/06\/s88-zeitsprung-2011-248x300.jpg 248w\" sizes=\"auto, (max-width: 540px) 100vw, 540px\" \/><\/a><\/p>\n<p>Genau vierzig Jahre liegen zwischen diesen beiden Aufnahmen. Auf der einen von 1971 bin ich auf der Promenade in Travem\u00fcnde zu sehen. Ich hatte mich so vor dem Strandfotografen postiert, dass er einfach ein Bild machen musste!\u00a0Mein Gro\u00dfvater war selbst ein begeisterter Hobbyfotograf und hat mich zuerst gescholten. Aber als er am Abend auf dem R\u00fcckweg vom Strandkorb die fertigen Abz\u00fcge sah, hat er das Foto doch gekauft, weil es ihm so gut gefiel!\u00a0Die zweite Aufnahme zeigt meine j\u00fcngste Tochter Ida \u2013 inzwischen auch sechs Jahre alt. Und nichts hat sich ver\u00e4ndert am Strand von\u00a0Travem\u00fcnde, oder? H\u00f6chstens das\u00a0Wetter &#8230;\u00a0Und diesmal war kein Fotograf da.<\/p>\n<p><strong>Maj Kuchenbecker<\/strong>,\u00a0Wegberg, Nordrhein-Westfalen<\/p>\n","protected":false},"excerpt":{"rendered":"<p>Genau vierzig Jahre liegen zwischen diesen beiden Aufnahmen. Auf der einen von 1971 bin ich auf der Promenade in Travem\u00fcnde zu sehen. Ich hatte mich so vor dem Strandfotografen postiert, dass er einfach ein Bild machen musste!\u00a0Mein Gro\u00dfvater war selbst ein begeisterter Hobbyfotograf und hat mich zuerst gescholten. Aber als er am Abend auf dem [&hellip;]<\/p>\n","protected":false},"author":265,"featured_media":0,"comment_status":"open","ping_status":"open","sticky":false,"template":"","format":"standard","meta":{"_jetpack_memberships_contains_paid_content":false,"footnotes":""},"categories":[1878],"tags":[],"class_list":["post-9979","post","type-post","status-publish","format-standard","hentry","category-zeitsprung"],"yoast_head":"<!-- This site is optimized with the Yoast SEO plugin v21.0 - https:\/\/yoast.com\/wordpress\/plugins\/seo\/ -->\n<title>Zeitsprung - ZEIT der Leser<\/title>\n<meta name=\"robots\" content=\"index, follow, max-snippet:-1, max-image-preview:large, max-video-preview:-1\" \/>\n<link rel=\"canonical\" href=\"https:\/\/blog.zeit.de\/zeit-der-leser\/2012\/06\/14\/9979\/\" \/>\n<meta property=\"og:locale\" content=\"de_DE\" \/>\n<meta property=\"og:type\" content=\"article\" \/>\n<meta property=\"og:title\" content=\"Zeitsprung - ZEIT der Leser\" \/>\n<meta property=\"og:description\" content=\"Genau vierzig Jahre liegen zwischen diesen beiden Aufnahmen. Auf der einen von 1971 bin ich auf der Promenade in Travem\u00fcnde zu sehen. Ich hatte mich so vor dem Strandfotografen postiert, dass er einfach ein Bild machen musste!\u00a0Mein Gro\u00dfvater war selbst ein begeisterter Hobbyfotograf und hat mich zuerst gescholten. Aber als er am Abend auf dem [&hellip;]\" \/>\n<meta property=\"og:url\" content=\"https:\/\/blog.zeit.de\/zeit-der-leser\/2012\/06\/14\/9979\/\" \/>\n<meta property=\"og:site_name\" content=\"ZEIT der Leser\" \/>\n<meta property=\"article:published_time\" content=\"2012-06-14T16:00:27+00:00\" \/>\n<meta property=\"article:modified_time\" content=\"2012-06-07T12:17:45+00:00\" \/>\n<meta property=\"og:image\" content=\"https:\/\/blog.zeit.de\/zeit-der-leser\/files\/2012\/06\/s88-zeitsprung-1971.jpg\" \/>\n<meta name=\"author\" content=\"&quot;Zeit der Leser&quot;-Redaktion\" \/>\n<meta name=\"twitter:card\" content=\"summary_large_image\" \/>\n<meta name=\"twitter:label1\" content=\"Geschrieben von\" \/>\n\t<meta name=\"twitter:data1\" content=\"\"Zeit der Leser\"-Redaktion\" \/>\n\t<meta name=\"twitter:label2\" content=\"Gesch\u00e4tzte Lesezeit\" \/>\n\t<meta name=\"twitter:data2\" content=\"1\u00a0Minute\" \/>\n<script type=\"application\/ld+json\" class=\"yoast-schema-graph\">{\"@context\":\"https:\/\/schema.org\",\"@graph\":[{\"@type\":\"WebPage\",\"@id\":\"https:\/\/blog.zeit.de\/zeit-der-leser\/2012\/06\/14\/9979\/\",\"url\":\"https:\/\/blog.zeit.de\/zeit-der-leser\/2012\/06\/14\/9979\/\",\"name\":\"Zeitsprung - ZEIT der Leser\",\"isPartOf\":{\"@id\":\"https:\/\/blog.zeit.de\/zeit-der-leser\/#website\"},\"datePublished\":\"2012-06-14T16:00:27+00:00\",\"dateModified\":\"2012-06-07T12:17:45+00:00\",\"author\":{\"@id\":\"https:\/\/blog.zeit.de\/zeit-der-leser\/#\/schema\/person\/583b14e5ad6368c23af846ecbde9f20f\"},\"breadcrumb\":{\"@id\":\"https:\/\/blog.zeit.de\/zeit-der-leser\/2012\/06\/14\/9979\/#breadcrumb\"},\"inLanguage\":\"de\",\"potentialAction\":[{\"@type\":\"ReadAction\",\"target\":[\"https:\/\/blog.zeit.de\/zeit-der-leser\/2012\/06\/14\/9979\/\"]}]},{\"@type\":\"BreadcrumbList\",\"@id\":\"https:\/\/blog.zeit.de\/zeit-der-leser\/2012\/06\/14\/9979\/#breadcrumb\",\"itemListElement\":[{\"@type\":\"ListItem\",\"position\":1,\"name\":\"Startseite\",\"item\":\"https:\/\/blog.zeit.de\/zeit-der-leser\/\"},{\"@type\":\"ListItem\",\"position\":2,\"name\":\"Zeitsprung\"}]},{\"@type\":\"WebSite\",\"@id\":\"https:\/\/blog.zeit.de\/zeit-der-leser\/#website\",\"url\":\"https:\/\/blog.zeit.de\/zeit-der-leser\/\",\"name\":\"ZEIT der Leser\",\"description\":\"Ein Blog mit Ihren Notizen, Gedichten und Bildern f\u00fcr die gedruckte ZEIT\",\"potentialAction\":[{\"@type\":\"SearchAction\",\"target\":{\"@type\":\"EntryPoint\",\"urlTemplate\":\"https:\/\/blog.zeit.de\/zeit-der-leser\/?s={search_term_string}\"},\"query-input\":\"required name=search_term_string\"}],\"inLanguage\":\"de\"},{\"@type\":\"Person\",\"@id\":\"https:\/\/blog.zeit.de\/zeit-der-leser\/#\/schema\/person\/583b14e5ad6368c23af846ecbde9f20f\",\"name\":\"\\\"Zeit der Leser\\\"-Redaktion\",\"image\":{\"@type\":\"ImageObject\",\"inLanguage\":\"de\",\"@id\":\"https:\/\/blog.zeit.de\/zeit-der-leser\/#\/schema\/person\/image\/\",\"url\":\"https:\/\/secure.gravatar.com\/avatar\/e801a681bd3bbf2345131a815930b48d9f8e0a94de1346b624840dc850f67ad0?s=96&d=mm&r=g\",\"contentUrl\":\"https:\/\/secure.gravatar.com\/avatar\/e801a681bd3bbf2345131a815930b48d9f8e0a94de1346b624840dc850f67ad0?s=96&d=mm&r=g\",\"caption\":\"\\\"Zeit der Leser\\\"-Redaktion\"},\"url\":\"https:\/\/blog.zeit.de\/zeit-der-leser\/author\/zeit-der-leser-redaktion\/\"}]}<\/script>\n<!-- \/ Yoast SEO plugin. -->","yoast_head_json":{"title":"Zeitsprung - ZEIT der Leser","robots":{"index":"index","follow":"follow","max-snippet":"max-snippet:-1","max-image-preview":"max-image-preview:large","max-video-preview":"max-video-preview:-1"},"canonical":"https:\/\/blog.zeit.de\/zeit-der-leser\/2012\/06\/14\/9979\/","og_locale":"de_DE","og_type":"article","og_title":"Zeitsprung - ZEIT der Leser","og_description":"Genau vierzig Jahre liegen zwischen diesen beiden Aufnahmen. Auf der einen von 1971 bin ich auf der Promenade in Travem\u00fcnde zu sehen. Ich hatte mich so vor dem Strandfotografen postiert, dass er einfach ein Bild machen musste!\u00a0Mein Gro\u00dfvater war selbst ein begeisterter Hobbyfotograf und hat mich zuerst gescholten. Aber als er am Abend auf dem [&hellip;]","og_url":"https:\/\/blog.zeit.de\/zeit-der-leser\/2012\/06\/14\/9979\/","og_site_name":"ZEIT der Leser","article_published_time":"2012-06-14T16:00:27+00:00","article_modified_time":"2012-06-07T12:17:45+00:00","og_image":[{"url":"https:\/\/blog.zeit.de\/zeit-der-leser\/files\/2012\/06\/s88-zeitsprung-1971.jpg"}],"author":"\"Zeit der Leser\"-Redaktion","twitter_card":"summary_large_image","twitter_misc":{"Geschrieben von":"\"Zeit der Leser\"-Redaktion","Gesch\u00e4tzte Lesezeit":"1\u00a0Minute"},"schema":{"@context":"https:\/\/schema.org","@graph":[{"@type":"WebPage","@id":"https:\/\/blog.zeit.de\/zeit-der-leser\/2012\/06\/14\/9979\/","url":"https:\/\/blog.zeit.de\/zeit-der-leser\/2012\/06\/14\/9979\/","name":"Zeitsprung - ZEIT der Leser","isPartOf":{"@id":"https:\/\/blog.zeit.de\/zeit-der-leser\/#website"},"datePublished":"2012-06-14T16:00:27+00:00","dateModified":"2012-06-07T12:17:45+00:00","author":{"@id":"https:\/\/blog.zeit.de\/zeit-der-leser\/#\/schema\/person\/583b14e5ad6368c23af846ecbde9f20f"},"breadcrumb":{"@id":"https:\/\/blog.zeit.de\/zeit-der-leser\/2012\/06\/14\/9979\/#breadcrumb"},"inLanguage":"de","potentialAction":[{"@type":"ReadAction","target":["https:\/\/blog.zeit.de\/zeit-der-leser\/2012\/06\/14\/9979\/"]}]},{"@type":"BreadcrumbList","@id":"https:\/\/blog.zeit.de\/zeit-der-leser\/2012\/06\/14\/9979\/#breadcrumb","itemListElement":[{"@type":"ListItem","position":1,"name":"Startseite","item":"https:\/\/blog.zeit.de\/zeit-der-leser\/"},{"@type":"ListItem","position":2,"name":"Zeitsprung"}]},{"@type":"WebSite","@id":"https:\/\/blog.zeit.de\/zeit-der-leser\/#website","url":"https:\/\/blog.zeit.de\/zeit-der-leser\/","name":"ZEIT der Leser","description":"Ein Blog mit Ihren Notizen, Gedichten und Bildern f\u00fcr die gedruckte ZEIT","potentialAction":[{"@type":"SearchAction","target":{"@type":"EntryPoint","urlTemplate":"https:\/\/blog.zeit.de\/zeit-der-leser\/?s={search_term_string}"},"query-input":"required name=search_term_string"}],"inLanguage":"de"},{"@type":"Person","@id":"https:\/\/blog.zeit.de\/zeit-der-leser\/#\/schema\/person\/583b14e5ad6368c23af846ecbde9f20f","name":"\"Zeit der Leser\"-Redaktion","image":{"@type":"ImageObject","inLanguage":"de","@id":"https:\/\/blog.zeit.de\/zeit-der-leser\/#\/schema\/person\/image\/","url":"https:\/\/secure.gravatar.com\/avatar\/e801a681bd3bbf2345131a815930b48d9f8e0a94de1346b624840dc850f67ad0?s=96&d=mm&r=g","contentUrl":"https:\/\/secure.gravatar.com\/avatar\/e801a681bd3bbf2345131a815930b48d9f8e0a94de1346b624840dc850f67ad0?s=96&d=mm&r=g","caption":"\"Zeit der Leser\"-Redaktion"},"url":"https:\/\/blog.zeit.de\/zeit-der-leser\/author\/zeit-der-leser-redaktion\/"}]}},"jetpack_featured_media_url":"","jetpack_sharing_enabled":true,"_links":{"self":[{"href":"https:\/\/blog.zeit.de\/zeit-der-leser\/wp-json\/wp\/v2\/posts\/9979","targetHints":{"allow":["GET"]}}],"collection":[{"href":"https:\/\/blog.zeit.de\/zeit-der-leser\/wp-json\/wp\/v2\/posts"}],"about":[{"href":"https:\/\/blog.zeit.de\/zeit-der-leser\/wp-json\/wp\/v2\/types\/post"}],"author":[{"embeddable":true,"href":"https:\/\/blog.zeit.de\/zeit-der-leser\/wp-json\/wp\/v2\/users\/265"}],"replies":[{"embeddable":true,"href":"https:\/\/blog.zeit.de\/zeit-der-leser\/wp-json\/wp\/v2\/comments?post=9979"}],"version-history":[{"count":3,"href":"https:\/\/blog.zeit.de\/zeit-der-leser\/wp-json\/wp\/v2\/posts\/9979\/revisions"}],"predecessor-version":[{"id":9984,"href":"https:\/\/blog.zeit.de\/zeit-der-leser\/wp-json\/wp\/v2\/posts\/9979\/revisions\/9984"}],"wp:attachment":[{"href":"https:\/\/blog.zeit.de\/zeit-der-leser\/wp-json\/wp\/v2\/media?parent=9979"}],"wp:term":[{"taxonomy":"category","embeddable":true,"href":"https:\/\/blog.zeit.de\/zeit-der-leser\/wp-json\/wp\/v2\/categories?post=9979"},{"taxonomy":"post_tag","embeddable":true,"href":"https:\/\/blog.zeit.de\/zeit-der-leser\/wp-json\/wp\/v2\/tags?post=9979"}],"curies":[{"name":"wp","href":"https:\/\/api.w.org\/{rel}","templated":true}]}}