{"id":111,"date":"2008-01-09T12:31:31","date_gmt":"2008-01-09T11:31:31","guid":{"rendered":"http:\/\/blog.zeit.de\/zeitansage\/2008\/01\/09\/neuer-chefredakteur-von-zeit-online_111"},"modified":"2008-01-09T12:31:31","modified_gmt":"2008-01-09T11:31:31","slug":"neuer-chefredakteur-von-zeit-online","status":"publish","type":"post","link":"https:\/\/blog.zeit.de\/zeitansage\/2008\/01\/09\/neuer-chefredakteur-von-zeit-online_111","title":{"rendered":"Neuer Chefredakteur von ZEIT online"},"content":{"rendered":"<p>Hier kommt die Pressemeldung vom 9.1. im Wortlaut:<\/p>\n<p>&#8212;<\/p>\n<p>Wolfgang Blau, 40, wird zum 1. M\u00e4rz 2008 Chefredakteur von ZEIT Online. Er folgt auf Gero von Randow, 54, der k\u00fcnftig f\u00fcr DIE ZEIT und ZEIT online als Reporter f\u00fcr Politik und Wissenschaft arbeiten wird.<br \/>\nDr. Rainer Esser, Gesch\u00e4ftsf\u00fchrer DIE ZEIT: \u201eWir freuen uns, mit Wolfgang Blau einen gro\u00dfen Namen aus dem Internetjournalismus gewonnen zu haben, der ZEIT Online ma\u00dfgeblich voranbringen wird. ZEIT Online wird von Wolfgang Blaus langj\u00e4hriger Erfahrung in der deutschen Medienlandschaft, aber auch von seinem Gesp\u00fcr f\u00fcr internationale Entwicklungen im Internetbereich profitieren.\u201c<\/p>\n<p>Wolfgang Blau, der bis 2006 unter dem Namen Wolfgang Harrer publiziert hat, arbeitet seit 1999 als freier Journalist und Autor in den USA. Davor war er Chef vom Dienst bei BLR-Radiodienst in M\u00fcnchen. Seine Artikel, Radio- und Fernsehproduktionen \u00fcber Technologie- und Medientrends aus dem Silicon Valley sind u. a. bei heute.de, Deutsche-Welle-Online, ORF-TV, 3Sat, BLR-Radio, Bayerischer Rundfunk, sowie in der Tageszeitung \u201eDie Welt\u201c erschienen. Wolfgang Blau hat sich auch mit der Entwicklung journalistischer Online-Projekte einen Namen gemacht. F\u00fcr \u201eDie Welt\u201c entwickelte und produzierte er bereits 1999 das erste Online-Audio-Portal einer europ\u00e4ischen Tageszeitung. 2003 initiierte und entwickelte er die erfolgreiche Online-Audioausgabe der ZEIT und initiierte auch die Gr\u00fcndung des H\u00f6rbuch-Downloadportals Audible.de, ein Joint-Venture von Holtzbrinck Ventures, Random-House und Audible Inc. Sein Podcast und Blog zur amerikanischen Pr\u00e4sidentschaftswahl f\u00fcr ZDF und Deutsche-Welle-Online aus Washington D.C. im Jahr 2004 war der erste Podcast eines deutschen Medienunternehmens. Sein Blog \u00fcber die Tsunami-Katastrophe in S\u00fcdostasien f\u00fcr heute.de wurde 2005 f\u00fcr einen Grimme-Online-Award nominiert. Gemeinsam mit der amerikanischen Journalistin Alysa Selene hat Wolfgang Blau im Herbst 2007 das Buch \u201eGerman Dream \u2013 Tr\u00e4umen f\u00fcr Deutschland\u201c (dtv) herausgegeben und unternahm von Oktober bis Dezember 2007 eine Lesereise durch 25 deutsche St\u00e4dte. Das Buch ist aus einer lnterview-Serie hervorgegangen, die die beiden Journalisten f\u00fcr ZDFonline produziert haben.<\/p>\n<p>Wolfgang Blau hat in den letzten Jahren auch zahlreiche Vortr\u00e4ge zur digitalen Medienzukunft gehalten, beispielsweise auf der OECD-Konferenz \u201eThe Participative Web\u201c im Oktober 2007 in Ottawa, dem Ars Electronica Festival in Linz und bei den M\u00fcnchener Medientagen.<\/p>\n<p>\u201eZEIT Online ist die vielversprechendste Marke f\u00fcr anspruchsvollen, progressiven Online-Journalismus in Deutschland\u201c, sagt Wolfgang Blau. \u201eIch freue mich sehr auf die Herausforderung, diese Plattform in Zusammenarbeit mit den Kolleginnen und Kollegen aus der Onlineredaktion und der Printredaktion weiter auszubauen.\u201c<\/p>\n<p>&#8212;<\/p>\n","protected":false},"excerpt":{"rendered":"<p>Hier kommt die Pressemeldung vom 9.1. im Wortlaut: &#8212; Wolfgang Blau, 40, wird zum 1. M\u00e4rz 2008 Chefredakteur von ZEIT Online. Er folgt auf Gero von Randow, 54, der k\u00fcnftig f\u00fcr DIE ZEIT und ZEIT online als Reporter f\u00fcr Politik und Wissenschaft arbeiten wird. Dr. Rainer Esser, Gesch\u00e4ftsf\u00fchrer DIE ZEIT: \u201eWir freuen uns, mit Wolfgang [&hellip;]<\/p>\n","protected":false},"author":65,"featured_media":0,"comment_status":"open","ping_status":"closed","sticky":false,"template":"","format":"standard","meta":{"_jetpack_memberships_contains_paid_content":false,"footnotes":""},"categories":[1],"tags":[],"class_list":["post-111","post","type-post","status-publish","format-standard","hentry","category-allgemein"],"yoast_head":"<!-- This site is optimized with the Yoast SEO plugin v21.0 - https:\/\/yoast.com\/wordpress\/plugins\/seo\/ -->\n<title>Neuer Chefredakteur von ZEIT online - ZEITansage<\/title>\n<meta name=\"robots\" content=\"index, follow, max-snippet:-1, max-image-preview:large, max-video-preview:-1\" \/>\n<link rel=\"canonical\" href=\"https:\/\/blog.zeit.de\/zeitansage\/2008\/01\/09\/neuer-chefredakteur-von-zeit-online_111\" \/>\n<meta property=\"og:locale\" content=\"de_DE\" \/>\n<meta property=\"og:type\" content=\"article\" \/>\n<meta property=\"og:title\" content=\"Neuer Chefredakteur von ZEIT online - ZEITansage\" \/>\n<meta property=\"og:description\" content=\"Hier kommt die Pressemeldung vom 9.1. im Wortlaut: &#8212; Wolfgang Blau, 40, wird zum 1. M\u00e4rz 2008 Chefredakteur von ZEIT Online. Er folgt auf Gero von Randow, 54, der k\u00fcnftig f\u00fcr DIE ZEIT und ZEIT online als Reporter f\u00fcr Politik und Wissenschaft arbeiten wird. Dr. Rainer Esser, Gesch\u00e4ftsf\u00fchrer DIE ZEIT: \u201eWir freuen uns, mit Wolfgang [&hellip;]\" \/>\n<meta property=\"og:url\" content=\"https:\/\/blog.zeit.de\/zeitansage\/2008\/01\/09\/neuer-chefredakteur-von-zeit-online_111\" \/>\n<meta property=\"og:site_name\" content=\"ZEITansage\" \/>\n<meta property=\"article:published_time\" content=\"2008-01-09T11:31:31+00:00\" \/>\n<meta name=\"author\" content=\"ZEIT ONLINE Admin\" \/>\n<meta name=\"twitter:label1\" content=\"Geschrieben von\" \/>\n\t<meta name=\"twitter:data1\" content=\"ZEIT ONLINE Admin\" \/>\n\t<meta name=\"twitter:label2\" content=\"Gesch\u00e4tzte Lesezeit\" \/>\n\t<meta name=\"twitter:data2\" content=\"2\u00a0Minuten\" \/>\n<script type=\"application\/ld+json\" class=\"yoast-schema-graph\">{\"@context\":\"https:\/\/schema.org\",\"@graph\":[{\"@type\":\"WebPage\",\"@id\":\"https:\/\/blog.zeit.de\/zeitansage\/2008\/01\/09\/neuer-chefredakteur-von-zeit-online_111\",\"url\":\"https:\/\/blog.zeit.de\/zeitansage\/2008\/01\/09\/neuer-chefredakteur-von-zeit-online_111\",\"name\":\"Neuer Chefredakteur von ZEIT online - ZEITansage\",\"isPartOf\":{\"@id\":\"https:\/\/blog.zeit.de\/zeitansage\/#website\"},\"datePublished\":\"2008-01-09T11:31:31+00:00\",\"dateModified\":\"2008-01-09T11:31:31+00:00\",\"author\":{\"@id\":\"https:\/\/blog.zeit.de\/zeitansage\/#\/schema\/person\/29ce5b7921a5c4a905ec0fc46111d85e\"},\"breadcrumb\":{\"@id\":\"https:\/\/blog.zeit.de\/zeitansage\/2008\/01\/09\/neuer-chefredakteur-von-zeit-online_111#breadcrumb\"},\"inLanguage\":\"de\",\"potentialAction\":[{\"@type\":\"ReadAction\",\"target\":[\"https:\/\/blog.zeit.de\/zeitansage\/2008\/01\/09\/neuer-chefredakteur-von-zeit-online_111\"]}]},{\"@type\":\"BreadcrumbList\",\"@id\":\"https:\/\/blog.zeit.de\/zeitansage\/2008\/01\/09\/neuer-chefredakteur-von-zeit-online_111#breadcrumb\",\"itemListElement\":[{\"@type\":\"ListItem\",\"position\":1,\"name\":\"Startseite\",\"item\":\"https:\/\/blog.zeit.de\/zeitansage\"},{\"@type\":\"ListItem\",\"position\":2,\"name\":\"Neuer Chefredakteur von ZEIT online\"}]},{\"@type\":\"WebSite\",\"@id\":\"https:\/\/blog.zeit.de\/zeitansage\/#website\",\"url\":\"https:\/\/blog.zeit.de\/zeitansage\/\",\"name\":\"ZEITansage\",\"description\":\"Hier bloggt die Redaktion. Ein Fenster ins Innenleben von ZEIT ONLINE\",\"potentialAction\":[{\"@type\":\"SearchAction\",\"target\":{\"@type\":\"EntryPoint\",\"urlTemplate\":\"https:\/\/blog.zeit.de\/zeitansage\/?s={search_term_string}\"},\"query-input\":\"required name=search_term_string\"}],\"inLanguage\":\"de\"},{\"@type\":\"Person\",\"@id\":\"https:\/\/blog.zeit.de\/zeitansage\/#\/schema\/person\/29ce5b7921a5c4a905ec0fc46111d85e\",\"name\":\"ZEIT ONLINE Admin\",\"image\":{\"@type\":\"ImageObject\",\"inLanguage\":\"de\",\"@id\":\"https:\/\/blog.zeit.de\/zeitansage\/#\/schema\/person\/image\/\",\"url\":\"https:\/\/secure.gravatar.com\/avatar\/afb5d9eb7dff249a1f6445f62f4d8bc712cb6913fa324caba961b5d951154a07?s=96&d=mm&r=g\",\"contentUrl\":\"https:\/\/secure.gravatar.com\/avatar\/afb5d9eb7dff249a1f6445f62f4d8bc712cb6913fa324caba961b5d951154a07?s=96&d=mm&r=g\",\"caption\":\"ZEIT ONLINE Admin\"},\"url\":\"https:\/\/blog.zeit.de\/zeitansage\/author\/zeit-admin\"}]}<\/script>\n<!-- \/ Yoast SEO plugin. -->","yoast_head_json":{"title":"Neuer Chefredakteur von ZEIT online - ZEITansage","robots":{"index":"index","follow":"follow","max-snippet":"max-snippet:-1","max-image-preview":"max-image-preview:large","max-video-preview":"max-video-preview:-1"},"canonical":"https:\/\/blog.zeit.de\/zeitansage\/2008\/01\/09\/neuer-chefredakteur-von-zeit-online_111","og_locale":"de_DE","og_type":"article","og_title":"Neuer Chefredakteur von ZEIT online - ZEITansage","og_description":"Hier kommt die Pressemeldung vom 9.1. im Wortlaut: &#8212; Wolfgang Blau, 40, wird zum 1. M\u00e4rz 2008 Chefredakteur von ZEIT Online. Er folgt auf Gero von Randow, 54, der k\u00fcnftig f\u00fcr DIE ZEIT und ZEIT online als Reporter f\u00fcr Politik und Wissenschaft arbeiten wird. Dr. Rainer Esser, Gesch\u00e4ftsf\u00fchrer DIE ZEIT: \u201eWir freuen uns, mit Wolfgang [&hellip;]","og_url":"https:\/\/blog.zeit.de\/zeitansage\/2008\/01\/09\/neuer-chefredakteur-von-zeit-online_111","og_site_name":"ZEITansage","article_published_time":"2008-01-09T11:31:31+00:00","author":"ZEIT ONLINE Admin","twitter_misc":{"Geschrieben von":"ZEIT ONLINE Admin","Gesch\u00e4tzte Lesezeit":"2\u00a0Minuten"},"schema":{"@context":"https:\/\/schema.org","@graph":[{"@type":"WebPage","@id":"https:\/\/blog.zeit.de\/zeitansage\/2008\/01\/09\/neuer-chefredakteur-von-zeit-online_111","url":"https:\/\/blog.zeit.de\/zeitansage\/2008\/01\/09\/neuer-chefredakteur-von-zeit-online_111","name":"Neuer Chefredakteur von ZEIT online - ZEITansage","isPartOf":{"@id":"https:\/\/blog.zeit.de\/zeitansage\/#website"},"datePublished":"2008-01-09T11:31:31+00:00","dateModified":"2008-01-09T11:31:31+00:00","author":{"@id":"https:\/\/blog.zeit.de\/zeitansage\/#\/schema\/person\/29ce5b7921a5c4a905ec0fc46111d85e"},"breadcrumb":{"@id":"https:\/\/blog.zeit.de\/zeitansage\/2008\/01\/09\/neuer-chefredakteur-von-zeit-online_111#breadcrumb"},"inLanguage":"de","potentialAction":[{"@type":"ReadAction","target":["https:\/\/blog.zeit.de\/zeitansage\/2008\/01\/09\/neuer-chefredakteur-von-zeit-online_111"]}]},{"@type":"BreadcrumbList","@id":"https:\/\/blog.zeit.de\/zeitansage\/2008\/01\/09\/neuer-chefredakteur-von-zeit-online_111#breadcrumb","itemListElement":[{"@type":"ListItem","position":1,"name":"Startseite","item":"https:\/\/blog.zeit.de\/zeitansage"},{"@type":"ListItem","position":2,"name":"Neuer Chefredakteur von ZEIT online"}]},{"@type":"WebSite","@id":"https:\/\/blog.zeit.de\/zeitansage\/#website","url":"https:\/\/blog.zeit.de\/zeitansage\/","name":"ZEITansage","description":"Hier bloggt die Redaktion. Ein Fenster ins Innenleben von ZEIT ONLINE","potentialAction":[{"@type":"SearchAction","target":{"@type":"EntryPoint","urlTemplate":"https:\/\/blog.zeit.de\/zeitansage\/?s={search_term_string}"},"query-input":"required name=search_term_string"}],"inLanguage":"de"},{"@type":"Person","@id":"https:\/\/blog.zeit.de\/zeitansage\/#\/schema\/person\/29ce5b7921a5c4a905ec0fc46111d85e","name":"ZEIT ONLINE Admin","image":{"@type":"ImageObject","inLanguage":"de","@id":"https:\/\/blog.zeit.de\/zeitansage\/#\/schema\/person\/image\/","url":"https:\/\/secure.gravatar.com\/avatar\/afb5d9eb7dff249a1f6445f62f4d8bc712cb6913fa324caba961b5d951154a07?s=96&d=mm&r=g","contentUrl":"https:\/\/secure.gravatar.com\/avatar\/afb5d9eb7dff249a1f6445f62f4d8bc712cb6913fa324caba961b5d951154a07?s=96&d=mm&r=g","caption":"ZEIT ONLINE Admin"},"url":"https:\/\/blog.zeit.de\/zeitansage\/author\/zeit-admin"}]}},"jetpack_featured_media_url":"","jetpack_sharing_enabled":true,"_links":{"self":[{"href":"https:\/\/blog.zeit.de\/zeitansage\/wp-json\/wp\/v2\/posts\/111","targetHints":{"allow":["GET"]}}],"collection":[{"href":"https:\/\/blog.zeit.de\/zeitansage\/wp-json\/wp\/v2\/posts"}],"about":[{"href":"https:\/\/blog.zeit.de\/zeitansage\/wp-json\/wp\/v2\/types\/post"}],"author":[{"embeddable":true,"href":"https:\/\/blog.zeit.de\/zeitansage\/wp-json\/wp\/v2\/users\/65"}],"replies":[{"embeddable":true,"href":"https:\/\/blog.zeit.de\/zeitansage\/wp-json\/wp\/v2\/comments?post=111"}],"version-history":[{"count":0,"href":"https:\/\/blog.zeit.de\/zeitansage\/wp-json\/wp\/v2\/posts\/111\/revisions"}],"wp:attachment":[{"href":"https:\/\/blog.zeit.de\/zeitansage\/wp-json\/wp\/v2\/media?parent=111"}],"wp:term":[{"taxonomy":"category","embeddable":true,"href":"https:\/\/blog.zeit.de\/zeitansage\/wp-json\/wp\/v2\/categories?post=111"},{"taxonomy":"post_tag","embeddable":true,"href":"https:\/\/blog.zeit.de\/zeitansage\/wp-json\/wp\/v2\/tags?post=111"}],"curies":[{"name":"wp","href":"https:\/\/api.w.org\/{rel}","templated":true}]}}