{"id":1194,"date":"2013-01-03T14:23:21","date_gmt":"2013-01-03T13:23:21","guid":{"rendered":"http:\/\/blog.zeit.de\/zeitansage\/?p=1194"},"modified":"2013-01-03T16:08:30","modified_gmt":"2013-01-03T15:08:30","slug":"komplexe-themen-erklaren-zeit-online-startet-video-kooperation-mit-explainity","status":"publish","type":"post","link":"https:\/\/blog.zeit.de\/zeitansage\/2013\/01\/03\/komplexe-themen-erklaren-zeit-online-startet-video-kooperation-mit-explainity_1194","title":{"rendered":"Komplexe Themen erkl\u00e4ren: ZEIT ONLINE startet Video-Kooperation mit &#8222;explainity&#8220;"},"content":{"rendered":"<p>Wer? Was? Wann? Wo? Wie? Warum? Das sind die klassischen Fragen, die sich Journalisten stellen, wenn sie \u00fcber ein Thema schreiben, eine Fotostrecke produzieren, ein datenjournalistisches Projekt entwickeln oder ein Video drehen und schneiden. Das &#8222;Warum&#8220; wird als Frage dabei zunehmend wichtiger. Es ist in den vergangenen Jahren nicht leichter geworden, die Welt um uns herum zu verstehen. Und die Zeit zu finden, es sich erkl\u00e4ren zu lassen. Bei ZEIT ONLINE legen wir Wert darauf, mehr zu bieten als die nackte Nachricht allein. Wir wollen Nachrichten erkl\u00e4ren und bei der intelligenten Einordnung helfen. <\/p>\n<p>Wir freuen uns deshalb sehr, dass wir von nun an mit dem L\u00fcneburger Startup <a href=\"http:\/\/www.explainity.com\/\">&#8222;explainity&#8220;<\/a> zusammenarbeiten. &#8222;explainity&#8220; wurde urspr\u00fcnglich als Gr\u00fcndungsidee im Rahmen des EU-Gro\u00dfprojekts Innovations-Inkubator der <a href=\"http:\/\/www.leuphana.de\/\">Leuphana Universit\u00e4t L\u00fcneburg<\/a> eingebracht und dort weiterentwickelt. <\/p>\n<p>&#8222;explainity&#8220; will komplexe Sachverhalte durch aufw\u00e4ndig produzierte Erkl\u00e4rvideos zug\u00e4nglicher machen. Oft, davon sind wir \u00fcberzeugt, ist Bewegtbild einem Text \u00fcberlegen, wenn es darum geht, schwierige Themen verst\u00e4ndlich zu erkl\u00e4ren. Deswegen werden wir k\u00fcnftig unsere Artikel und Themenschwerpunkte auf ZEIT ONLINE mit Erkl\u00e4rvideos von &#8222;explainity&#8220; erg\u00e4nzen. <\/p>\n<p>Wir starten mit einem Thema, das uns alle in j\u00fcngster Zeit mehr besch\u00e4ftigt hat, als uns vielleicht lieb war: Konjunkturzyklen, das Auf und Ab der Wirtschaft zwischen Boom und Rezession. Wie entstehen diese Wellenbewegungen? Und welche Rolle kann der Staat spielen, um hier Einflu\u00df zu nehmen? <\/p>\n<div class=\"zol_video art_wide vid2068210837001\"> <\/div>\n","protected":false},"excerpt":{"rendered":"<p>Wer? Was? Wann? Wo? Wie? Warum? Das sind die klassischen Fragen, die sich Journalisten stellen, wenn sie \u00fcber ein Thema schreiben, eine Fotostrecke produzieren, ein datenjournalistisches Projekt entwickeln oder ein Video drehen und schneiden. Das &#8222;Warum&#8220; wird als Frage dabei zunehmend wichtiger. Es ist in den vergangenen Jahren nicht leichter geworden, die Welt um uns [&hellip;]<\/p>\n","protected":false},"author":45,"featured_media":0,"comment_status":"open","ping_status":"closed","sticky":false,"template":"","format":"standard","meta":{"_jetpack_memberships_contains_paid_content":false,"footnotes":""},"categories":[1],"tags":[],"class_list":["post-1194","post","type-post","status-publish","format-standard","hentry","category-allgemein"],"yoast_head":"<!-- This site is optimized with the Yoast SEO plugin v21.0 - https:\/\/yoast.com\/wordpress\/plugins\/seo\/ -->\n<title>Komplexe Themen erkl\u00e4ren: ZEIT ONLINE startet Video-Kooperation mit &quot;explainity&quot; - ZEITansage<\/title>\n<meta name=\"robots\" content=\"index, follow, max-snippet:-1, max-image-preview:large, max-video-preview:-1\" \/>\n<link rel=\"canonical\" href=\"https:\/\/blog.zeit.de\/zeitansage\/2013\/01\/03\/komplexe-themen-erklaren-zeit-online-startet-video-kooperation-mit-explainity_1194\" \/>\n<meta property=\"og:locale\" content=\"de_DE\" \/>\n<meta property=\"og:type\" content=\"article\" \/>\n<meta property=\"og:title\" content=\"Komplexe Themen erkl\u00e4ren: ZEIT ONLINE startet Video-Kooperation mit &quot;explainity&quot; - ZEITansage\" \/>\n<meta property=\"og:description\" content=\"Wer? Was? Wann? Wo? Wie? Warum? Das sind die klassischen Fragen, die sich Journalisten stellen, wenn sie \u00fcber ein Thema schreiben, eine Fotostrecke produzieren, ein datenjournalistisches Projekt entwickeln oder ein Video drehen und schneiden. Das &#8222;Warum&#8220; wird als Frage dabei zunehmend wichtiger. Es ist in den vergangenen Jahren nicht leichter geworden, die Welt um uns [&hellip;]\" \/>\n<meta property=\"og:url\" content=\"https:\/\/blog.zeit.de\/zeitansage\/2013\/01\/03\/komplexe-themen-erklaren-zeit-online-startet-video-kooperation-mit-explainity_1194\" \/>\n<meta property=\"og:site_name\" content=\"ZEITansage\" \/>\n<meta property=\"article:published_time\" content=\"2013-01-03T13:23:21+00:00\" \/>\n<meta property=\"article:modified_time\" content=\"2013-01-03T15:08:30+00:00\" \/>\n<meta name=\"author\" content=\"Fabian Mohr\" \/>\n<meta name=\"twitter:label1\" content=\"Geschrieben von\" \/>\n\t<meta name=\"twitter:data1\" content=\"Fabian Mohr\" \/>\n\t<meta name=\"twitter:label2\" content=\"Gesch\u00e4tzte Lesezeit\" \/>\n\t<meta name=\"twitter:data2\" content=\"1\u00a0Minute\" \/>\n<script type=\"application\/ld+json\" class=\"yoast-schema-graph\">{\"@context\":\"https:\/\/schema.org\",\"@graph\":[{\"@type\":\"WebPage\",\"@id\":\"https:\/\/blog.zeit.de\/zeitansage\/2013\/01\/03\/komplexe-themen-erklaren-zeit-online-startet-video-kooperation-mit-explainity_1194\",\"url\":\"https:\/\/blog.zeit.de\/zeitansage\/2013\/01\/03\/komplexe-themen-erklaren-zeit-online-startet-video-kooperation-mit-explainity_1194\",\"name\":\"Komplexe Themen erkl\u00e4ren: ZEIT ONLINE startet Video-Kooperation mit \\\"explainity\\\" - ZEITansage\",\"isPartOf\":{\"@id\":\"https:\/\/blog.zeit.de\/zeitansage\/#website\"},\"datePublished\":\"2013-01-03T13:23:21+00:00\",\"dateModified\":\"2013-01-03T15:08:30+00:00\",\"author\":{\"@id\":\"https:\/\/blog.zeit.de\/zeitansage\/#\/schema\/person\/59fed30f107cb33d9bc2599d49d6d030\"},\"breadcrumb\":{\"@id\":\"https:\/\/blog.zeit.de\/zeitansage\/2013\/01\/03\/komplexe-themen-erklaren-zeit-online-startet-video-kooperation-mit-explainity_1194#breadcrumb\"},\"inLanguage\":\"de\",\"potentialAction\":[{\"@type\":\"ReadAction\",\"target\":[\"https:\/\/blog.zeit.de\/zeitansage\/2013\/01\/03\/komplexe-themen-erklaren-zeit-online-startet-video-kooperation-mit-explainity_1194\"]}]},{\"@type\":\"BreadcrumbList\",\"@id\":\"https:\/\/blog.zeit.de\/zeitansage\/2013\/01\/03\/komplexe-themen-erklaren-zeit-online-startet-video-kooperation-mit-explainity_1194#breadcrumb\",\"itemListElement\":[{\"@type\":\"ListItem\",\"position\":1,\"name\":\"Startseite\",\"item\":\"https:\/\/blog.zeit.de\/zeitansage\"},{\"@type\":\"ListItem\",\"position\":2,\"name\":\"Komplexe Themen erkl\u00e4ren: ZEIT ONLINE startet Video-Kooperation mit &#8222;explainity&#8220;\"}]},{\"@type\":\"WebSite\",\"@id\":\"https:\/\/blog.zeit.de\/zeitansage\/#website\",\"url\":\"https:\/\/blog.zeit.de\/zeitansage\/\",\"name\":\"ZEITansage\",\"description\":\"Hier bloggt die Redaktion. Ein Fenster ins Innenleben von ZEIT ONLINE\",\"potentialAction\":[{\"@type\":\"SearchAction\",\"target\":{\"@type\":\"EntryPoint\",\"urlTemplate\":\"https:\/\/blog.zeit.de\/zeitansage\/?s={search_term_string}\"},\"query-input\":\"required name=search_term_string\"}],\"inLanguage\":\"de\"},{\"@type\":\"Person\",\"@id\":\"https:\/\/blog.zeit.de\/zeitansage\/#\/schema\/person\/59fed30f107cb33d9bc2599d49d6d030\",\"name\":\"Fabian Mohr\",\"image\":{\"@type\":\"ImageObject\",\"inLanguage\":\"de\",\"@id\":\"https:\/\/blog.zeit.de\/zeitansage\/#\/schema\/person\/image\/\",\"url\":\"https:\/\/secure.gravatar.com\/avatar\/a9bd8972e7bd81d78d999ce57c1fc1c323e018db0c437e973b5662c3564c4edb?s=96&d=mm&r=g\",\"contentUrl\":\"https:\/\/secure.gravatar.com\/avatar\/a9bd8972e7bd81d78d999ce57c1fc1c323e018db0c437e973b5662c3564c4edb?s=96&d=mm&r=g\",\"caption\":\"Fabian Mohr\"},\"description\":\"ist Redakteur bei ZEIT ONLINE.\",\"sameAs\":[\"http:\/\/community.zeit.de\/user\/fabianmohrzeitonline\"],\"url\":\"https:\/\/blog.zeit.de\/zeitansage\/author\/fabian-mohr\"}]}<\/script>\n<!-- \/ Yoast SEO plugin. -->","yoast_head_json":{"title":"Komplexe Themen erkl\u00e4ren: ZEIT ONLINE startet Video-Kooperation mit \"explainity\" - ZEITansage","robots":{"index":"index","follow":"follow","max-snippet":"max-snippet:-1","max-image-preview":"max-image-preview:large","max-video-preview":"max-video-preview:-1"},"canonical":"https:\/\/blog.zeit.de\/zeitansage\/2013\/01\/03\/komplexe-themen-erklaren-zeit-online-startet-video-kooperation-mit-explainity_1194","og_locale":"de_DE","og_type":"article","og_title":"Komplexe Themen erkl\u00e4ren: ZEIT ONLINE startet Video-Kooperation mit \"explainity\" - ZEITansage","og_description":"Wer? Was? Wann? Wo? Wie? Warum? Das sind die klassischen Fragen, die sich Journalisten stellen, wenn sie \u00fcber ein Thema schreiben, eine Fotostrecke produzieren, ein datenjournalistisches Projekt entwickeln oder ein Video drehen und schneiden. Das &#8222;Warum&#8220; wird als Frage dabei zunehmend wichtiger. Es ist in den vergangenen Jahren nicht leichter geworden, die Welt um uns [&hellip;]","og_url":"https:\/\/blog.zeit.de\/zeitansage\/2013\/01\/03\/komplexe-themen-erklaren-zeit-online-startet-video-kooperation-mit-explainity_1194","og_site_name":"ZEITansage","article_published_time":"2013-01-03T13:23:21+00:00","article_modified_time":"2013-01-03T15:08:30+00:00","author":"Fabian Mohr","twitter_misc":{"Geschrieben von":"Fabian Mohr","Gesch\u00e4tzte Lesezeit":"1\u00a0Minute"},"schema":{"@context":"https:\/\/schema.org","@graph":[{"@type":"WebPage","@id":"https:\/\/blog.zeit.de\/zeitansage\/2013\/01\/03\/komplexe-themen-erklaren-zeit-online-startet-video-kooperation-mit-explainity_1194","url":"https:\/\/blog.zeit.de\/zeitansage\/2013\/01\/03\/komplexe-themen-erklaren-zeit-online-startet-video-kooperation-mit-explainity_1194","name":"Komplexe Themen erkl\u00e4ren: ZEIT ONLINE startet Video-Kooperation mit \"explainity\" - ZEITansage","isPartOf":{"@id":"https:\/\/blog.zeit.de\/zeitansage\/#website"},"datePublished":"2013-01-03T13:23:21+00:00","dateModified":"2013-01-03T15:08:30+00:00","author":{"@id":"https:\/\/blog.zeit.de\/zeitansage\/#\/schema\/person\/59fed30f107cb33d9bc2599d49d6d030"},"breadcrumb":{"@id":"https:\/\/blog.zeit.de\/zeitansage\/2013\/01\/03\/komplexe-themen-erklaren-zeit-online-startet-video-kooperation-mit-explainity_1194#breadcrumb"},"inLanguage":"de","potentialAction":[{"@type":"ReadAction","target":["https:\/\/blog.zeit.de\/zeitansage\/2013\/01\/03\/komplexe-themen-erklaren-zeit-online-startet-video-kooperation-mit-explainity_1194"]}]},{"@type":"BreadcrumbList","@id":"https:\/\/blog.zeit.de\/zeitansage\/2013\/01\/03\/komplexe-themen-erklaren-zeit-online-startet-video-kooperation-mit-explainity_1194#breadcrumb","itemListElement":[{"@type":"ListItem","position":1,"name":"Startseite","item":"https:\/\/blog.zeit.de\/zeitansage"},{"@type":"ListItem","position":2,"name":"Komplexe Themen erkl\u00e4ren: ZEIT ONLINE startet Video-Kooperation mit &#8222;explainity&#8220;"}]},{"@type":"WebSite","@id":"https:\/\/blog.zeit.de\/zeitansage\/#website","url":"https:\/\/blog.zeit.de\/zeitansage\/","name":"ZEITansage","description":"Hier bloggt die Redaktion. Ein Fenster ins Innenleben von ZEIT ONLINE","potentialAction":[{"@type":"SearchAction","target":{"@type":"EntryPoint","urlTemplate":"https:\/\/blog.zeit.de\/zeitansage\/?s={search_term_string}"},"query-input":"required name=search_term_string"}],"inLanguage":"de"},{"@type":"Person","@id":"https:\/\/blog.zeit.de\/zeitansage\/#\/schema\/person\/59fed30f107cb33d9bc2599d49d6d030","name":"Fabian Mohr","image":{"@type":"ImageObject","inLanguage":"de","@id":"https:\/\/blog.zeit.de\/zeitansage\/#\/schema\/person\/image\/","url":"https:\/\/secure.gravatar.com\/avatar\/a9bd8972e7bd81d78d999ce57c1fc1c323e018db0c437e973b5662c3564c4edb?s=96&d=mm&r=g","contentUrl":"https:\/\/secure.gravatar.com\/avatar\/a9bd8972e7bd81d78d999ce57c1fc1c323e018db0c437e973b5662c3564c4edb?s=96&d=mm&r=g","caption":"Fabian Mohr"},"description":"ist Redakteur bei ZEIT ONLINE.","sameAs":["http:\/\/community.zeit.de\/user\/fabianmohrzeitonline"],"url":"https:\/\/blog.zeit.de\/zeitansage\/author\/fabian-mohr"}]}},"jetpack_featured_media_url":"","jetpack_sharing_enabled":true,"_links":{"self":[{"href":"https:\/\/blog.zeit.de\/zeitansage\/wp-json\/wp\/v2\/posts\/1194","targetHints":{"allow":["GET"]}}],"collection":[{"href":"https:\/\/blog.zeit.de\/zeitansage\/wp-json\/wp\/v2\/posts"}],"about":[{"href":"https:\/\/blog.zeit.de\/zeitansage\/wp-json\/wp\/v2\/types\/post"}],"author":[{"embeddable":true,"href":"https:\/\/blog.zeit.de\/zeitansage\/wp-json\/wp\/v2\/users\/45"}],"replies":[{"embeddable":true,"href":"https:\/\/blog.zeit.de\/zeitansage\/wp-json\/wp\/v2\/comments?post=1194"}],"version-history":[{"count":14,"href":"https:\/\/blog.zeit.de\/zeitansage\/wp-json\/wp\/v2\/posts\/1194\/revisions"}],"predecessor-version":[{"id":1208,"href":"https:\/\/blog.zeit.de\/zeitansage\/wp-json\/wp\/v2\/posts\/1194\/revisions\/1208"}],"wp:attachment":[{"href":"https:\/\/blog.zeit.de\/zeitansage\/wp-json\/wp\/v2\/media?parent=1194"}],"wp:term":[{"taxonomy":"category","embeddable":true,"href":"https:\/\/blog.zeit.de\/zeitansage\/wp-json\/wp\/v2\/categories?post=1194"},{"taxonomy":"post_tag","embeddable":true,"href":"https:\/\/blog.zeit.de\/zeitansage\/wp-json\/wp\/v2\/tags?post=1194"}],"curies":[{"name":"wp","href":"https:\/\/api.w.org\/{rel}","templated":true}]}}