{"id":124,"date":"2008-11-19T20:30:42","date_gmt":"2008-11-19T19:30:42","guid":{"rendered":"http:\/\/blog.zeit.de\/zeitansage\/?p=124"},"modified":"2008-11-19T20:30:42","modified_gmt":"2008-11-19T19:30:42","slug":"neue-kollegen","status":"publish","type":"post","link":"https:\/\/blog.zeit.de\/zeitansage\/2008\/11\/19\/neue-kollegen_124","title":{"rendered":"Neue Kollegen"},"content":{"rendered":"<p>Liebe Leserinnen und Leser,<\/p>\n<p>nach langer Zeit endlich wieder ein Lebenszeichen hier im Blog, verbunden mit dem Versprechen, uns nun wieder deutlich \u00f6fter zu Wort zu melden.<\/p>\n<p>In den letzten Monaten haben wir hier bei ZEIT ONLINE viele interne Abl\u00e4ufe ver\u00e4ndert, damit wir Sie bald noch umfangreicher \u00fcber das Tagesgeschehen informieren k\u00f6nnen. Dazu geh\u00f6rt zum Beispiel die Einrichtung eines Newsrooms, in dem der Chef vom Dienst, die aktuelle Bildredakteurin, ein Korrektor, ein Videoredakteur, unser Community-Redakteur und ein Nachrichtenredakteur auf Zuruf und damit noch deutlich schneller zusammenarbeiten k\u00f6nnen als bisher. Gleichzeitig arbeiten wir auch an der technischen Infrastruktur der Website, um ZEIT ONLINE noch lesefreundlicher f\u00fcr Sie zu gestalten.<\/p>\n<p>In den letzten Monaten sind auch mehrere neue Kolleginnen und Kollegen an Bord gekommen, die ich Ihnen ganz kurz vorstellen m\u00f6chte:<\/p>\n<p>Kirsten Haake ist seit November unsere neue Chefin vom Dienst. Frau Haake ist eine sehr versierte Online-Journalistin. Sie war unter anderem bereits Redaktionsleiterin bei <a title=\"ftd.de\" href=\"http:\/\/www.ftd.de\/\">ftd.de<\/a>.<\/p>\n<p>Fabian Mohr ist seit Oktober f\u00fcr die weitere Entwicklung der Website und neue Multimedia-Formate verantwortlich. Herr Mohr war unter anderem schon f\u00fcr Focus Online, ZDF.de und BR-Online als CvD, Reporter und Entwicklungsredakteur t\u00e4tig. Seine <a href=\"http:\/\/www.fabianmohr.de\/iso800\/ueber-den-autor\/\">Online-Projekte<\/a> wurden unter anderem mit einem Grimme-Online-Award ausgezeichnet.<\/p>\n<p>Christoph Dowe ist seit August unser neuer Gesch\u00e4ftsf\u00fchrender Redakteur und stellvertretender Chefredakteur. Er war zuvor Gesch\u00e4ftsf\u00fchrer von <a href=\"http:\/\/politik-digital.de\/\">politik-digital.de<\/a> in Berlin und ist ein ausgewiesener Experte f\u00fcr das Thema \u201cDigitale Demokratie\u201d.<\/p>\n<p>In den n\u00e4chsten Monaten werden wir die Redaktion von ZEIT ONLINE noch weiter verst\u00e4rken und freuen uns schon jetzt auf die neuen Kolleginnen und Kollegen.<\/p>\n<p>Mit herzlichem Gru\u00df,<\/p>\n<p>Ihr Wolfgang Blau<\/p>\n","protected":false},"excerpt":{"rendered":"<p>Liebe Leserinnen und Leser, nach langer Zeit endlich wieder ein Lebenszeichen hier im Blog, verbunden mit dem Versprechen, uns nun wieder deutlich \u00f6fter zu Wort zu melden. In den letzten Monaten haben wir hier bei ZEIT ONLINE viele interne Abl\u00e4ufe ver\u00e4ndert, damit wir Sie bald noch umfangreicher \u00fcber das Tagesgeschehen informieren k\u00f6nnen. Dazu geh\u00f6rt zum [&hellip;]<\/p>\n","protected":false},"author":65,"featured_media":0,"comment_status":"open","ping_status":"closed","sticky":false,"template":"","format":"standard","meta":{"_jetpack_memberships_contains_paid_content":false,"footnotes":""},"categories":[923],"tags":[],"class_list":["post-124","post","type-post","status-publish","format-standard","hentry","category-tagesgeschaft"],"yoast_head":"<!-- This site is optimized with the Yoast SEO plugin v21.0 - https:\/\/yoast.com\/wordpress\/plugins\/seo\/ -->\n<title>Neue Kollegen - ZEITansage<\/title>\n<meta name=\"robots\" content=\"index, follow, max-snippet:-1, max-image-preview:large, max-video-preview:-1\" \/>\n<link rel=\"canonical\" href=\"https:\/\/blog.zeit.de\/zeitansage\/2008\/11\/19\/neue-kollegen_124\" \/>\n<meta property=\"og:locale\" content=\"de_DE\" \/>\n<meta property=\"og:type\" content=\"article\" \/>\n<meta property=\"og:title\" content=\"Neue Kollegen - ZEITansage\" \/>\n<meta property=\"og:description\" content=\"Liebe Leserinnen und Leser, nach langer Zeit endlich wieder ein Lebenszeichen hier im Blog, verbunden mit dem Versprechen, uns nun wieder deutlich \u00f6fter zu Wort zu melden. In den letzten Monaten haben wir hier bei ZEIT ONLINE viele interne Abl\u00e4ufe ver\u00e4ndert, damit wir Sie bald noch umfangreicher \u00fcber das Tagesgeschehen informieren k\u00f6nnen. Dazu geh\u00f6rt zum [&hellip;]\" \/>\n<meta property=\"og:url\" content=\"https:\/\/blog.zeit.de\/zeitansage\/2008\/11\/19\/neue-kollegen_124\" \/>\n<meta property=\"og:site_name\" content=\"ZEITansage\" \/>\n<meta property=\"article:published_time\" content=\"2008-11-19T19:30:42+00:00\" \/>\n<meta name=\"author\" content=\"ZEIT ONLINE Admin\" \/>\n<meta name=\"twitter:label1\" content=\"Geschrieben von\" \/>\n\t<meta name=\"twitter:data1\" content=\"ZEIT ONLINE Admin\" \/>\n\t<meta name=\"twitter:label2\" content=\"Gesch\u00e4tzte Lesezeit\" \/>\n\t<meta name=\"twitter:data2\" content=\"1\u00a0Minute\" \/>\n<script type=\"application\/ld+json\" class=\"yoast-schema-graph\">{\"@context\":\"https:\/\/schema.org\",\"@graph\":[{\"@type\":\"WebPage\",\"@id\":\"https:\/\/blog.zeit.de\/zeitansage\/2008\/11\/19\/neue-kollegen_124\",\"url\":\"https:\/\/blog.zeit.de\/zeitansage\/2008\/11\/19\/neue-kollegen_124\",\"name\":\"Neue Kollegen - ZEITansage\",\"isPartOf\":{\"@id\":\"https:\/\/blog.zeit.de\/zeitansage\/#website\"},\"datePublished\":\"2008-11-19T19:30:42+00:00\",\"dateModified\":\"2008-11-19T19:30:42+00:00\",\"author\":{\"@id\":\"https:\/\/blog.zeit.de\/zeitansage\/#\/schema\/person\/29ce5b7921a5c4a905ec0fc46111d85e\"},\"breadcrumb\":{\"@id\":\"https:\/\/blog.zeit.de\/zeitansage\/2008\/11\/19\/neue-kollegen_124#breadcrumb\"},\"inLanguage\":\"de\",\"potentialAction\":[{\"@type\":\"ReadAction\",\"target\":[\"https:\/\/blog.zeit.de\/zeitansage\/2008\/11\/19\/neue-kollegen_124\"]}]},{\"@type\":\"BreadcrumbList\",\"@id\":\"https:\/\/blog.zeit.de\/zeitansage\/2008\/11\/19\/neue-kollegen_124#breadcrumb\",\"itemListElement\":[{\"@type\":\"ListItem\",\"position\":1,\"name\":\"Startseite\",\"item\":\"https:\/\/blog.zeit.de\/zeitansage\"},{\"@type\":\"ListItem\",\"position\":2,\"name\":\"Neue Kollegen\"}]},{\"@type\":\"WebSite\",\"@id\":\"https:\/\/blog.zeit.de\/zeitansage\/#website\",\"url\":\"https:\/\/blog.zeit.de\/zeitansage\/\",\"name\":\"ZEITansage\",\"description\":\"Hier bloggt die Redaktion. Ein Fenster ins Innenleben von ZEIT ONLINE\",\"potentialAction\":[{\"@type\":\"SearchAction\",\"target\":{\"@type\":\"EntryPoint\",\"urlTemplate\":\"https:\/\/blog.zeit.de\/zeitansage\/?s={search_term_string}\"},\"query-input\":\"required name=search_term_string\"}],\"inLanguage\":\"de\"},{\"@type\":\"Person\",\"@id\":\"https:\/\/blog.zeit.de\/zeitansage\/#\/schema\/person\/29ce5b7921a5c4a905ec0fc46111d85e\",\"name\":\"ZEIT ONLINE Admin\",\"image\":{\"@type\":\"ImageObject\",\"inLanguage\":\"de\",\"@id\":\"https:\/\/blog.zeit.de\/zeitansage\/#\/schema\/person\/image\/\",\"url\":\"https:\/\/secure.gravatar.com\/avatar\/afb5d9eb7dff249a1f6445f62f4d8bc712cb6913fa324caba961b5d951154a07?s=96&d=mm&r=g\",\"contentUrl\":\"https:\/\/secure.gravatar.com\/avatar\/afb5d9eb7dff249a1f6445f62f4d8bc712cb6913fa324caba961b5d951154a07?s=96&d=mm&r=g\",\"caption\":\"ZEIT ONLINE Admin\"},\"url\":\"https:\/\/blog.zeit.de\/zeitansage\/author\/zeit-admin\"}]}<\/script>\n<!-- \/ Yoast SEO plugin. -->","yoast_head_json":{"title":"Neue Kollegen - ZEITansage","robots":{"index":"index","follow":"follow","max-snippet":"max-snippet:-1","max-image-preview":"max-image-preview:large","max-video-preview":"max-video-preview:-1"},"canonical":"https:\/\/blog.zeit.de\/zeitansage\/2008\/11\/19\/neue-kollegen_124","og_locale":"de_DE","og_type":"article","og_title":"Neue Kollegen - ZEITansage","og_description":"Liebe Leserinnen und Leser, nach langer Zeit endlich wieder ein Lebenszeichen hier im Blog, verbunden mit dem Versprechen, uns nun wieder deutlich \u00f6fter zu Wort zu melden. In den letzten Monaten haben wir hier bei ZEIT ONLINE viele interne Abl\u00e4ufe ver\u00e4ndert, damit wir Sie bald noch umfangreicher \u00fcber das Tagesgeschehen informieren k\u00f6nnen. Dazu geh\u00f6rt zum [&hellip;]","og_url":"https:\/\/blog.zeit.de\/zeitansage\/2008\/11\/19\/neue-kollegen_124","og_site_name":"ZEITansage","article_published_time":"2008-11-19T19:30:42+00:00","author":"ZEIT ONLINE Admin","twitter_misc":{"Geschrieben von":"ZEIT ONLINE Admin","Gesch\u00e4tzte Lesezeit":"1\u00a0Minute"},"schema":{"@context":"https:\/\/schema.org","@graph":[{"@type":"WebPage","@id":"https:\/\/blog.zeit.de\/zeitansage\/2008\/11\/19\/neue-kollegen_124","url":"https:\/\/blog.zeit.de\/zeitansage\/2008\/11\/19\/neue-kollegen_124","name":"Neue Kollegen - ZEITansage","isPartOf":{"@id":"https:\/\/blog.zeit.de\/zeitansage\/#website"},"datePublished":"2008-11-19T19:30:42+00:00","dateModified":"2008-11-19T19:30:42+00:00","author":{"@id":"https:\/\/blog.zeit.de\/zeitansage\/#\/schema\/person\/29ce5b7921a5c4a905ec0fc46111d85e"},"breadcrumb":{"@id":"https:\/\/blog.zeit.de\/zeitansage\/2008\/11\/19\/neue-kollegen_124#breadcrumb"},"inLanguage":"de","potentialAction":[{"@type":"ReadAction","target":["https:\/\/blog.zeit.de\/zeitansage\/2008\/11\/19\/neue-kollegen_124"]}]},{"@type":"BreadcrumbList","@id":"https:\/\/blog.zeit.de\/zeitansage\/2008\/11\/19\/neue-kollegen_124#breadcrumb","itemListElement":[{"@type":"ListItem","position":1,"name":"Startseite","item":"https:\/\/blog.zeit.de\/zeitansage"},{"@type":"ListItem","position":2,"name":"Neue Kollegen"}]},{"@type":"WebSite","@id":"https:\/\/blog.zeit.de\/zeitansage\/#website","url":"https:\/\/blog.zeit.de\/zeitansage\/","name":"ZEITansage","description":"Hier bloggt die Redaktion. Ein Fenster ins Innenleben von ZEIT ONLINE","potentialAction":[{"@type":"SearchAction","target":{"@type":"EntryPoint","urlTemplate":"https:\/\/blog.zeit.de\/zeitansage\/?s={search_term_string}"},"query-input":"required name=search_term_string"}],"inLanguage":"de"},{"@type":"Person","@id":"https:\/\/blog.zeit.de\/zeitansage\/#\/schema\/person\/29ce5b7921a5c4a905ec0fc46111d85e","name":"ZEIT ONLINE Admin","image":{"@type":"ImageObject","inLanguage":"de","@id":"https:\/\/blog.zeit.de\/zeitansage\/#\/schema\/person\/image\/","url":"https:\/\/secure.gravatar.com\/avatar\/afb5d9eb7dff249a1f6445f62f4d8bc712cb6913fa324caba961b5d951154a07?s=96&d=mm&r=g","contentUrl":"https:\/\/secure.gravatar.com\/avatar\/afb5d9eb7dff249a1f6445f62f4d8bc712cb6913fa324caba961b5d951154a07?s=96&d=mm&r=g","caption":"ZEIT ONLINE Admin"},"url":"https:\/\/blog.zeit.de\/zeitansage\/author\/zeit-admin"}]}},"jetpack_featured_media_url":"","jetpack_sharing_enabled":true,"_links":{"self":[{"href":"https:\/\/blog.zeit.de\/zeitansage\/wp-json\/wp\/v2\/posts\/124","targetHints":{"allow":["GET"]}}],"collection":[{"href":"https:\/\/blog.zeit.de\/zeitansage\/wp-json\/wp\/v2\/posts"}],"about":[{"href":"https:\/\/blog.zeit.de\/zeitansage\/wp-json\/wp\/v2\/types\/post"}],"author":[{"embeddable":true,"href":"https:\/\/blog.zeit.de\/zeitansage\/wp-json\/wp\/v2\/users\/65"}],"replies":[{"embeddable":true,"href":"https:\/\/blog.zeit.de\/zeitansage\/wp-json\/wp\/v2\/comments?post=124"}],"version-history":[{"count":0,"href":"https:\/\/blog.zeit.de\/zeitansage\/wp-json\/wp\/v2\/posts\/124\/revisions"}],"wp:attachment":[{"href":"https:\/\/blog.zeit.de\/zeitansage\/wp-json\/wp\/v2\/media?parent=124"}],"wp:term":[{"taxonomy":"category","embeddable":true,"href":"https:\/\/blog.zeit.de\/zeitansage\/wp-json\/wp\/v2\/categories?post=124"},{"taxonomy":"post_tag","embeddable":true,"href":"https:\/\/blog.zeit.de\/zeitansage\/wp-json\/wp\/v2\/tags?post=124"}],"curies":[{"name":"wp","href":"https:\/\/api.w.org\/{rel}","templated":true}]}}