{"id":133,"date":"2008-12-03T09:49:52","date_gmt":"2008-12-03T08:49:52","guid":{"rendered":"http:\/\/blog.zeit.de\/zeitansage\/?p=133"},"modified":"2008-12-03T09:49:52","modified_gmt":"2008-12-03T08:49:52","slug":"preis-fur-susanne-bergius","status":"publish","type":"post","link":"https:\/\/blog.zeit.de\/zeitansage\/2008\/12\/03\/preis-fur-susanne-bergius_133","title":{"rendered":"Preis f\u00fcr Susanne Bergius"},"content":{"rendered":"<p>Liebe Leserinnen und Leser,<\/p>\n<p>Wir freuen uns mit unserer freie Autorin Susanne Bergius, die f\u00fcr eine Serie \u00fcber sozial und \u00f6kologisch verantwortungsvolle Formen der Geldanlage auf ZEIT ONLINE und den damit verbundenen Artikel <em>Kuponschneider f\u00fcr den Klimaschutz<\/em> in der ZEIT den Finanzjournalistenpreis von State Street in der Kategorie &#8222;Strategien, Trends und Innovationen in der institutionellen Verm\u00f6gensverwaltung&#8220; erhalten hat. Wer Interesse hat, die Serie nachzulesen: <a title=\"Korrekt sparen - nachhaltige Geldanlage\" href=\"http:\/\/www.zeit.de\/themen\/wirtschaft\/geld\/nachhaltigkeit\/index\">Hier ist sie zu finden<\/a>.<\/p>\n<p>Herzlich<\/p>\n<p>Karsten Polke-Majewski<\/p>\n","protected":false},"excerpt":{"rendered":"<p>Liebe Leserinnen und Leser, Wir freuen uns mit unserer freie Autorin Susanne Bergius, die f\u00fcr eine Serie \u00fcber sozial und \u00f6kologisch verantwortungsvolle Formen der Geldanlage auf ZEIT ONLINE und den damit verbundenen Artikel Kuponschneider f\u00fcr den Klimaschutz in der ZEIT den Finanzjournalistenpreis von State Street in der Kategorie &#8222;Strategien, Trends und Innovationen in der institutionellen [&hellip;]<\/p>\n","protected":false},"author":65,"featured_media":0,"comment_status":"open","ping_status":"closed","sticky":false,"template":"","format":"standard","meta":{"_jetpack_memberships_contains_paid_content":false,"footnotes":""},"categories":[1],"tags":[],"class_list":["post-133","post","type-post","status-publish","format-standard","hentry","category-allgemein"],"yoast_head":"<!-- This site is optimized with the Yoast SEO plugin v21.0 - https:\/\/yoast.com\/wordpress\/plugins\/seo\/ -->\n<title>Preis f\u00fcr Susanne Bergius - ZEITansage<\/title>\n<meta name=\"robots\" content=\"index, follow, max-snippet:-1, max-image-preview:large, max-video-preview:-1\" \/>\n<link rel=\"canonical\" href=\"https:\/\/blog.zeit.de\/zeitansage\/2008\/12\/03\/preis-fur-susanne-bergius_133\" \/>\n<meta property=\"og:locale\" content=\"de_DE\" \/>\n<meta property=\"og:type\" content=\"article\" \/>\n<meta property=\"og:title\" content=\"Preis f\u00fcr Susanne Bergius - ZEITansage\" \/>\n<meta property=\"og:description\" content=\"Liebe Leserinnen und Leser, Wir freuen uns mit unserer freie Autorin Susanne Bergius, die f\u00fcr eine Serie \u00fcber sozial und \u00f6kologisch verantwortungsvolle Formen der Geldanlage auf ZEIT ONLINE und den damit verbundenen Artikel Kuponschneider f\u00fcr den Klimaschutz in der ZEIT den Finanzjournalistenpreis von State Street in der Kategorie &#8222;Strategien, Trends und Innovationen in der institutionellen [&hellip;]\" \/>\n<meta property=\"og:url\" content=\"https:\/\/blog.zeit.de\/zeitansage\/2008\/12\/03\/preis-fur-susanne-bergius_133\" \/>\n<meta property=\"og:site_name\" content=\"ZEITansage\" \/>\n<meta property=\"article:published_time\" content=\"2008-12-03T08:49:52+00:00\" \/>\n<meta name=\"author\" content=\"ZEIT ONLINE Admin\" \/>\n<meta name=\"twitter:label1\" content=\"Geschrieben von\" \/>\n\t<meta name=\"twitter:data1\" content=\"ZEIT ONLINE Admin\" \/>\n<script type=\"application\/ld+json\" class=\"yoast-schema-graph\">{\"@context\":\"https:\/\/schema.org\",\"@graph\":[{\"@type\":\"WebPage\",\"@id\":\"https:\/\/blog.zeit.de\/zeitansage\/2008\/12\/03\/preis-fur-susanne-bergius_133\",\"url\":\"https:\/\/blog.zeit.de\/zeitansage\/2008\/12\/03\/preis-fur-susanne-bergius_133\",\"name\":\"Preis f\u00fcr Susanne Bergius - ZEITansage\",\"isPartOf\":{\"@id\":\"https:\/\/blog.zeit.de\/zeitansage\/#website\"},\"datePublished\":\"2008-12-03T08:49:52+00:00\",\"dateModified\":\"2008-12-03T08:49:52+00:00\",\"author\":{\"@id\":\"https:\/\/blog.zeit.de\/zeitansage\/#\/schema\/person\/29ce5b7921a5c4a905ec0fc46111d85e\"},\"breadcrumb\":{\"@id\":\"https:\/\/blog.zeit.de\/zeitansage\/2008\/12\/03\/preis-fur-susanne-bergius_133#breadcrumb\"},\"inLanguage\":\"de\",\"potentialAction\":[{\"@type\":\"ReadAction\",\"target\":[\"https:\/\/blog.zeit.de\/zeitansage\/2008\/12\/03\/preis-fur-susanne-bergius_133\"]}]},{\"@type\":\"BreadcrumbList\",\"@id\":\"https:\/\/blog.zeit.de\/zeitansage\/2008\/12\/03\/preis-fur-susanne-bergius_133#breadcrumb\",\"itemListElement\":[{\"@type\":\"ListItem\",\"position\":1,\"name\":\"Startseite\",\"item\":\"https:\/\/blog.zeit.de\/zeitansage\"},{\"@type\":\"ListItem\",\"position\":2,\"name\":\"Preis f\u00fcr Susanne Bergius\"}]},{\"@type\":\"WebSite\",\"@id\":\"https:\/\/blog.zeit.de\/zeitansage\/#website\",\"url\":\"https:\/\/blog.zeit.de\/zeitansage\/\",\"name\":\"ZEITansage\",\"description\":\"Hier bloggt die Redaktion. Ein Fenster ins Innenleben von ZEIT ONLINE\",\"potentialAction\":[{\"@type\":\"SearchAction\",\"target\":{\"@type\":\"EntryPoint\",\"urlTemplate\":\"https:\/\/blog.zeit.de\/zeitansage\/?s={search_term_string}\"},\"query-input\":\"required name=search_term_string\"}],\"inLanguage\":\"de\"},{\"@type\":\"Person\",\"@id\":\"https:\/\/blog.zeit.de\/zeitansage\/#\/schema\/person\/29ce5b7921a5c4a905ec0fc46111d85e\",\"name\":\"ZEIT ONLINE Admin\",\"image\":{\"@type\":\"ImageObject\",\"inLanguage\":\"de\",\"@id\":\"https:\/\/blog.zeit.de\/zeitansage\/#\/schema\/person\/image\/\",\"url\":\"https:\/\/secure.gravatar.com\/avatar\/afb5d9eb7dff249a1f6445f62f4d8bc712cb6913fa324caba961b5d951154a07?s=96&d=mm&r=g\",\"contentUrl\":\"https:\/\/secure.gravatar.com\/avatar\/afb5d9eb7dff249a1f6445f62f4d8bc712cb6913fa324caba961b5d951154a07?s=96&d=mm&r=g\",\"caption\":\"ZEIT ONLINE Admin\"},\"url\":\"https:\/\/blog.zeit.de\/zeitansage\/author\/zeit-admin\"}]}<\/script>\n<!-- \/ Yoast SEO plugin. -->","yoast_head_json":{"title":"Preis f\u00fcr Susanne Bergius - ZEITansage","robots":{"index":"index","follow":"follow","max-snippet":"max-snippet:-1","max-image-preview":"max-image-preview:large","max-video-preview":"max-video-preview:-1"},"canonical":"https:\/\/blog.zeit.de\/zeitansage\/2008\/12\/03\/preis-fur-susanne-bergius_133","og_locale":"de_DE","og_type":"article","og_title":"Preis f\u00fcr Susanne Bergius - ZEITansage","og_description":"Liebe Leserinnen und Leser, Wir freuen uns mit unserer freie Autorin Susanne Bergius, die f\u00fcr eine Serie \u00fcber sozial und \u00f6kologisch verantwortungsvolle Formen der Geldanlage auf ZEIT ONLINE und den damit verbundenen Artikel Kuponschneider f\u00fcr den Klimaschutz in der ZEIT den Finanzjournalistenpreis von State Street in der Kategorie &#8222;Strategien, Trends und Innovationen in der institutionellen [&hellip;]","og_url":"https:\/\/blog.zeit.de\/zeitansage\/2008\/12\/03\/preis-fur-susanne-bergius_133","og_site_name":"ZEITansage","article_published_time":"2008-12-03T08:49:52+00:00","author":"ZEIT ONLINE Admin","twitter_misc":{"Geschrieben von":"ZEIT ONLINE Admin"},"schema":{"@context":"https:\/\/schema.org","@graph":[{"@type":"WebPage","@id":"https:\/\/blog.zeit.de\/zeitansage\/2008\/12\/03\/preis-fur-susanne-bergius_133","url":"https:\/\/blog.zeit.de\/zeitansage\/2008\/12\/03\/preis-fur-susanne-bergius_133","name":"Preis f\u00fcr Susanne Bergius - ZEITansage","isPartOf":{"@id":"https:\/\/blog.zeit.de\/zeitansage\/#website"},"datePublished":"2008-12-03T08:49:52+00:00","dateModified":"2008-12-03T08:49:52+00:00","author":{"@id":"https:\/\/blog.zeit.de\/zeitansage\/#\/schema\/person\/29ce5b7921a5c4a905ec0fc46111d85e"},"breadcrumb":{"@id":"https:\/\/blog.zeit.de\/zeitansage\/2008\/12\/03\/preis-fur-susanne-bergius_133#breadcrumb"},"inLanguage":"de","potentialAction":[{"@type":"ReadAction","target":["https:\/\/blog.zeit.de\/zeitansage\/2008\/12\/03\/preis-fur-susanne-bergius_133"]}]},{"@type":"BreadcrumbList","@id":"https:\/\/blog.zeit.de\/zeitansage\/2008\/12\/03\/preis-fur-susanne-bergius_133#breadcrumb","itemListElement":[{"@type":"ListItem","position":1,"name":"Startseite","item":"https:\/\/blog.zeit.de\/zeitansage"},{"@type":"ListItem","position":2,"name":"Preis f\u00fcr Susanne Bergius"}]},{"@type":"WebSite","@id":"https:\/\/blog.zeit.de\/zeitansage\/#website","url":"https:\/\/blog.zeit.de\/zeitansage\/","name":"ZEITansage","description":"Hier bloggt die Redaktion. Ein Fenster ins Innenleben von ZEIT ONLINE","potentialAction":[{"@type":"SearchAction","target":{"@type":"EntryPoint","urlTemplate":"https:\/\/blog.zeit.de\/zeitansage\/?s={search_term_string}"},"query-input":"required name=search_term_string"}],"inLanguage":"de"},{"@type":"Person","@id":"https:\/\/blog.zeit.de\/zeitansage\/#\/schema\/person\/29ce5b7921a5c4a905ec0fc46111d85e","name":"ZEIT ONLINE Admin","image":{"@type":"ImageObject","inLanguage":"de","@id":"https:\/\/blog.zeit.de\/zeitansage\/#\/schema\/person\/image\/","url":"https:\/\/secure.gravatar.com\/avatar\/afb5d9eb7dff249a1f6445f62f4d8bc712cb6913fa324caba961b5d951154a07?s=96&d=mm&r=g","contentUrl":"https:\/\/secure.gravatar.com\/avatar\/afb5d9eb7dff249a1f6445f62f4d8bc712cb6913fa324caba961b5d951154a07?s=96&d=mm&r=g","caption":"ZEIT ONLINE Admin"},"url":"https:\/\/blog.zeit.de\/zeitansage\/author\/zeit-admin"}]}},"jetpack_featured_media_url":"","jetpack_sharing_enabled":true,"_links":{"self":[{"href":"https:\/\/blog.zeit.de\/zeitansage\/wp-json\/wp\/v2\/posts\/133","targetHints":{"allow":["GET"]}}],"collection":[{"href":"https:\/\/blog.zeit.de\/zeitansage\/wp-json\/wp\/v2\/posts"}],"about":[{"href":"https:\/\/blog.zeit.de\/zeitansage\/wp-json\/wp\/v2\/types\/post"}],"author":[{"embeddable":true,"href":"https:\/\/blog.zeit.de\/zeitansage\/wp-json\/wp\/v2\/users\/65"}],"replies":[{"embeddable":true,"href":"https:\/\/blog.zeit.de\/zeitansage\/wp-json\/wp\/v2\/comments?post=133"}],"version-history":[{"count":0,"href":"https:\/\/blog.zeit.de\/zeitansage\/wp-json\/wp\/v2\/posts\/133\/revisions"}],"wp:attachment":[{"href":"https:\/\/blog.zeit.de\/zeitansage\/wp-json\/wp\/v2\/media?parent=133"}],"wp:term":[{"taxonomy":"category","embeddable":true,"href":"https:\/\/blog.zeit.de\/zeitansage\/wp-json\/wp\/v2\/categories?post=133"},{"taxonomy":"post_tag","embeddable":true,"href":"https:\/\/blog.zeit.de\/zeitansage\/wp-json\/wp\/v2\/tags?post=133"}],"curies":[{"name":"wp","href":"https:\/\/api.w.org\/{rel}","templated":true}]}}