{"id":1381,"date":"2014-02-06T12:19:06","date_gmt":"2014-02-06T11:19:06","guid":{"rendered":"http:\/\/blog.zeit.de\/zeitansage\/?p=1381"},"modified":"2014-03-04T10:59:39","modified_gmt":"2014-03-04T09:59:39","slug":"zeit-online-grundet-ein-investigativ-ressort-damit-verbunden-ist-ein-wechsel-in-der-chefredaktion","status":"publish","type":"post","link":"https:\/\/blog.zeit.de\/zeitansage\/2014\/02\/06\/zeit-online-grundet-ein-investigativ-ressort-damit-verbunden-ist-ein-wechsel-in-der-chefredaktion_1381","title":{"rendered":"ZEIT ONLINE gr\u00fcndet ein Investigativ-Ressort. Damit verbunden ist ein Wechsel in der Chefredaktion."},"content":{"rendered":"<p><img loading=\"lazy\" decoding=\"async\" class=\"aligncenter size-full wp-image-1398\" alt=\"Das neue Investigativ-Team (c) Andreas Labes\" src=\"https:\/\/blog.zeit.de\/zeitansage\/files\/2014\/02\/inv-daten580.jpg\" width=\"580\" height=\"365\" srcset=\"https:\/\/blog.zeit.de\/zeitansage\/files\/2014\/02\/inv-daten580.jpg 580w, https:\/\/blog.zeit.de\/zeitansage\/files\/2014\/02\/inv-daten580-300x188.jpg 300w\" sizes=\"auto, (max-width: 580px) 100vw, 580px\" \/><\/p>\n<p>Viele journalistische Projekte sind heute so umfassend, dass sie von einzelnen Redakteuren oder Ressorts kaum zu bew\u00e4ltigen sind. Bei den &#8222;<a href=\"http:\/\/www.zeit.de\/serie\/drohnen-dokumente\">Drohnen-Dokumenten<\/a>&#8222;, die ZEIT ONLINE k\u00fcrzlich in einer Serie aufbereitete, galt es beispielsweise, 800 Geheimakten aus dem Untersuchungsausschuss des Bundestages in kurzer Zeit zu analysieren und zu bewerten. Auch unsere Recherche zu den <a href=\"http:\/\/www.zeit.de\/politik\/deutschland\/abgeordnetenbilanz\/?partei=-&amp;ansicht=ml&amp;kategorie=5\">Aktivit\u00e4ten der Bundestagsabgeordneten<\/a> in der letzten Legislaturperiode beruht auf einem gro\u00dfen Datenberg, den es weiter auszuwerten gilt.<\/p>\n<p>Unser neues Team Investigativ\/Daten wird sich permanent um solche Recherchen k\u00fcmmern. Es wird eine Schnittstelle zu anderen Rechercheteams im In- und Ausland sein \u2013 und nach innen eine Art Dienstleistungsressort, das ZEIT-ONLINE-Kollegen bei ihrer Arbeit unterst\u00fctzt.<\/p>\n<p>Alle Teammitglieder sind erfahrene Onliner und kennen die kooperative Arbeitsweise digitaler Journalisten. Sie werden also nicht, wie es dem investigativen Klischee entspr\u00e4che, f\u00fcr ein halbes Jahr abtauchen, um dann mit einem Scoop wieder aufzutauchen &#8211; sondern sich t\u00e4glich mit unserer Redaktion austauschen. Vor allem werden sie den Schwerpunkt, den ZEIT ONLINE im Datenjournalismus gesetzt hat, weiter ausbauen. Aber auch eine klassische Recherche, die einen etwas l\u00e4ngeren Atem erfordert, kann im Investigativ-Team angesiedelt sein. Auch gro\u00dfe Crowdsourcing-Projekte, mit denen ZEIT ONLINE bereits sehr erfolgreich ist, werden in Zukunft vom Team organisiert: An unserer <a href=\"http:\/\/www.zeit.de\/2013\/24\/dispo-zinsen-wucher\">Erhebung zu Dispozinsen<\/a>\u00a0etwa haben sich mehr als 10.000 Leser beteiligt.<\/p>\n<p>Leiten wird das Team Investigativ\/Daten Karsten Polke-Majewski, bisher stellvertretender Chefredakteur. Markus Horeld, bisher Leiter der Ressorts Politik und Gesellschaft, wird stellvertretender Chefredakteur. Die stellvertretende Chefredakteurin Domenika Ahlrichs und der Gesch\u00e4ftsf\u00fchrende Redakteur Christoph Dowe bleiben wie bisher Mitglieder der Chefredaktion.<\/p>\n<p>In das neue Team Investigativ\/Daten wechseln <a title=\"Profilseite von Kai Biermann\" href=\"http:\/\/community.zeit.de\/user\/kai-biermann\" target=\"_blank\">Kai Biermann<\/a>, <a title=\"Profilseite von Philip Faigle\" href=\"http:\/\/community.zeit.de\/user\/philip-faigle-0\" target=\"_blank\">Philip Faigle<\/a> und <a title=\"Profilseite von Sascha Venohr\" href=\"http:\/\/community.zeit.de\/user\/sascha-venohr\" target=\"_blank\">Sascha Venohr<\/a>. Kai Biermann ist seit 2007 bei ZEIT ONLINE und war zuletzt f\u00fcr die Themen Internet, Datenschutz und Netzpolitik zust\u00e4ndig. Philip Faigle kam Ende 2007 als Redakteur ins Wirtschaftsressort von ZEIT ONLINE. Mit Sascha Venohr, Head of Data Journalism, b\u00fcndelt ZEIT ONLINE alle datenjournalistischen Projekte im neuen Team.<\/p>\n<p>&nbsp;<\/p>\n","protected":false},"excerpt":{"rendered":"<p>Viele journalistische Projekte sind heute so umfassend, dass sie von einzelnen Redakteuren oder Ressorts kaum zu bew\u00e4ltigen sind. Bei den &#8222;Drohnen-Dokumenten&#8222;, die ZEIT ONLINE k\u00fcrzlich in einer Serie aufbereitete, galt es beispielsweise, 800 Geheimakten aus dem Untersuchungsausschuss des Bundestages in kurzer Zeit zu analysieren und zu bewerten. Auch unsere Recherche zu den Aktivit\u00e4ten der Bundestagsabgeordneten [&hellip;]<\/p>\n","protected":false},"author":405,"featured_media":0,"comment_status":"open","ping_status":"closed","sticky":false,"template":"","format":"standard","meta":{"_jetpack_memberships_contains_paid_content":false,"footnotes":""},"categories":[1],"tags":[],"class_list":["post-1381","post","type-post","status-publish","format-standard","hentry","category-allgemein"],"yoast_head":"<!-- This site is optimized with the Yoast SEO plugin v21.0 - https:\/\/yoast.com\/wordpress\/plugins\/seo\/ -->\n<title>ZEIT ONLINE gr\u00fcndet ein Investigativ-Ressort. Damit verbunden ist ein Wechsel in der Chefredaktion. - ZEITansage<\/title>\n<meta name=\"robots\" content=\"index, follow, max-snippet:-1, max-image-preview:large, max-video-preview:-1\" \/>\n<link rel=\"canonical\" href=\"https:\/\/blog.zeit.de\/zeitansage\/2014\/02\/06\/zeit-online-grundet-ein-investigativ-ressort-damit-verbunden-ist-ein-wechsel-in-der-chefredaktion_1381\" \/>\n<meta property=\"og:locale\" content=\"de_DE\" \/>\n<meta property=\"og:type\" content=\"article\" \/>\n<meta property=\"og:title\" content=\"ZEIT ONLINE gr\u00fcndet ein Investigativ-Ressort. Damit verbunden ist ein Wechsel in der Chefredaktion. - ZEITansage\" \/>\n<meta property=\"og:description\" content=\"Viele journalistische Projekte sind heute so umfassend, dass sie von einzelnen Redakteuren oder Ressorts kaum zu bew\u00e4ltigen sind. Bei den &#8222;Drohnen-Dokumenten&#8222;, die ZEIT ONLINE k\u00fcrzlich in einer Serie aufbereitete, galt es beispielsweise, 800 Geheimakten aus dem Untersuchungsausschuss des Bundestages in kurzer Zeit zu analysieren und zu bewerten. Auch unsere Recherche zu den Aktivit\u00e4ten der Bundestagsabgeordneten [&hellip;]\" \/>\n<meta property=\"og:url\" content=\"https:\/\/blog.zeit.de\/zeitansage\/2014\/02\/06\/zeit-online-grundet-ein-investigativ-ressort-damit-verbunden-ist-ein-wechsel-in-der-chefredaktion_1381\" \/>\n<meta property=\"og:site_name\" content=\"ZEITansage\" \/>\n<meta property=\"article:published_time\" content=\"2014-02-06T11:19:06+00:00\" \/>\n<meta property=\"article:modified_time\" content=\"2014-03-04T09:59:39+00:00\" \/>\n<meta property=\"og:image\" content=\"https:\/\/blog.zeit.de\/zeitansage\/files\/2014\/02\/inv-daten580.jpg\" \/>\n<meta name=\"author\" content=\"Jochen Wegner\" \/>\n<meta name=\"twitter:label1\" content=\"Geschrieben von\" \/>\n\t<meta name=\"twitter:data1\" content=\"Jochen Wegner\" \/>\n\t<meta name=\"twitter:label2\" content=\"Gesch\u00e4tzte Lesezeit\" \/>\n\t<meta name=\"twitter:data2\" content=\"2\u00a0Minuten\" \/>\n<script type=\"application\/ld+json\" class=\"yoast-schema-graph\">{\"@context\":\"https:\/\/schema.org\",\"@graph\":[{\"@type\":\"WebPage\",\"@id\":\"https:\/\/blog.zeit.de\/zeitansage\/2014\/02\/06\/zeit-online-grundet-ein-investigativ-ressort-damit-verbunden-ist-ein-wechsel-in-der-chefredaktion_1381\",\"url\":\"https:\/\/blog.zeit.de\/zeitansage\/2014\/02\/06\/zeit-online-grundet-ein-investigativ-ressort-damit-verbunden-ist-ein-wechsel-in-der-chefredaktion_1381\",\"name\":\"ZEIT ONLINE gr\u00fcndet ein Investigativ-Ressort. Damit verbunden ist ein Wechsel in der Chefredaktion. - ZEITansage\",\"isPartOf\":{\"@id\":\"https:\/\/blog.zeit.de\/zeitansage\/#website\"},\"datePublished\":\"2014-02-06T11:19:06+00:00\",\"dateModified\":\"2014-03-04T09:59:39+00:00\",\"author\":{\"@id\":\"https:\/\/blog.zeit.de\/zeitansage\/#\/schema\/person\/82f6935810400daea06b79b4d9885040\"},\"breadcrumb\":{\"@id\":\"https:\/\/blog.zeit.de\/zeitansage\/2014\/02\/06\/zeit-online-grundet-ein-investigativ-ressort-damit-verbunden-ist-ein-wechsel-in-der-chefredaktion_1381#breadcrumb\"},\"inLanguage\":\"de\",\"potentialAction\":[{\"@type\":\"ReadAction\",\"target\":[\"https:\/\/blog.zeit.de\/zeitansage\/2014\/02\/06\/zeit-online-grundet-ein-investigativ-ressort-damit-verbunden-ist-ein-wechsel-in-der-chefredaktion_1381\"]}]},{\"@type\":\"BreadcrumbList\",\"@id\":\"https:\/\/blog.zeit.de\/zeitansage\/2014\/02\/06\/zeit-online-grundet-ein-investigativ-ressort-damit-verbunden-ist-ein-wechsel-in-der-chefredaktion_1381#breadcrumb\",\"itemListElement\":[{\"@type\":\"ListItem\",\"position\":1,\"name\":\"Startseite\",\"item\":\"https:\/\/blog.zeit.de\/zeitansage\"},{\"@type\":\"ListItem\",\"position\":2,\"name\":\"ZEIT ONLINE gr\u00fcndet ein Investigativ-Ressort. Damit verbunden ist ein Wechsel in der Chefredaktion.\"}]},{\"@type\":\"WebSite\",\"@id\":\"https:\/\/blog.zeit.de\/zeitansage\/#website\",\"url\":\"https:\/\/blog.zeit.de\/zeitansage\/\",\"name\":\"ZEITansage\",\"description\":\"Hier bloggt die Redaktion. Ein Fenster ins Innenleben von ZEIT ONLINE\",\"potentialAction\":[{\"@type\":\"SearchAction\",\"target\":{\"@type\":\"EntryPoint\",\"urlTemplate\":\"https:\/\/blog.zeit.de\/zeitansage\/?s={search_term_string}\"},\"query-input\":\"required name=search_term_string\"}],\"inLanguage\":\"de\"},{\"@type\":\"Person\",\"@id\":\"https:\/\/blog.zeit.de\/zeitansage\/#\/schema\/person\/82f6935810400daea06b79b4d9885040\",\"name\":\"Jochen Wegner\",\"image\":{\"@type\":\"ImageObject\",\"inLanguage\":\"de\",\"@id\":\"https:\/\/blog.zeit.de\/zeitansage\/#\/schema\/person\/image\/\",\"url\":\"https:\/\/secure.gravatar.com\/avatar\/ede9e7eaa2d11a60d6c4be5c8ed9b71621c06f308727782dfc78ef3f46b6922f?s=96&d=mm&r=g\",\"contentUrl\":\"https:\/\/secure.gravatar.com\/avatar\/ede9e7eaa2d11a60d6c4be5c8ed9b71621c06f308727782dfc78ef3f46b6922f?s=96&d=mm&r=g\",\"caption\":\"Jochen Wegner\"},\"description\":\"ist Chefredakteur von ZEIT ONLINE.\",\"url\":\"https:\/\/blog.zeit.de\/zeitansage\/author\/jochenwegner\"}]}<\/script>\n<!-- \/ Yoast SEO plugin. -->","yoast_head_json":{"title":"ZEIT ONLINE gr\u00fcndet ein Investigativ-Ressort. Damit verbunden ist ein Wechsel in der Chefredaktion. - ZEITansage","robots":{"index":"index","follow":"follow","max-snippet":"max-snippet:-1","max-image-preview":"max-image-preview:large","max-video-preview":"max-video-preview:-1"},"canonical":"https:\/\/blog.zeit.de\/zeitansage\/2014\/02\/06\/zeit-online-grundet-ein-investigativ-ressort-damit-verbunden-ist-ein-wechsel-in-der-chefredaktion_1381","og_locale":"de_DE","og_type":"article","og_title":"ZEIT ONLINE gr\u00fcndet ein Investigativ-Ressort. Damit verbunden ist ein Wechsel in der Chefredaktion. - ZEITansage","og_description":"Viele journalistische Projekte sind heute so umfassend, dass sie von einzelnen Redakteuren oder Ressorts kaum zu bew\u00e4ltigen sind. Bei den &#8222;Drohnen-Dokumenten&#8222;, die ZEIT ONLINE k\u00fcrzlich in einer Serie aufbereitete, galt es beispielsweise, 800 Geheimakten aus dem Untersuchungsausschuss des Bundestages in kurzer Zeit zu analysieren und zu bewerten. Auch unsere Recherche zu den Aktivit\u00e4ten der Bundestagsabgeordneten [&hellip;]","og_url":"https:\/\/blog.zeit.de\/zeitansage\/2014\/02\/06\/zeit-online-grundet-ein-investigativ-ressort-damit-verbunden-ist-ein-wechsel-in-der-chefredaktion_1381","og_site_name":"ZEITansage","article_published_time":"2014-02-06T11:19:06+00:00","article_modified_time":"2014-03-04T09:59:39+00:00","og_image":[{"url":"https:\/\/blog.zeit.de\/zeitansage\/files\/2014\/02\/inv-daten580.jpg"}],"author":"Jochen Wegner","twitter_misc":{"Geschrieben von":"Jochen Wegner","Gesch\u00e4tzte Lesezeit":"2\u00a0Minuten"},"schema":{"@context":"https:\/\/schema.org","@graph":[{"@type":"WebPage","@id":"https:\/\/blog.zeit.de\/zeitansage\/2014\/02\/06\/zeit-online-grundet-ein-investigativ-ressort-damit-verbunden-ist-ein-wechsel-in-der-chefredaktion_1381","url":"https:\/\/blog.zeit.de\/zeitansage\/2014\/02\/06\/zeit-online-grundet-ein-investigativ-ressort-damit-verbunden-ist-ein-wechsel-in-der-chefredaktion_1381","name":"ZEIT ONLINE gr\u00fcndet ein Investigativ-Ressort. Damit verbunden ist ein Wechsel in der Chefredaktion. - ZEITansage","isPartOf":{"@id":"https:\/\/blog.zeit.de\/zeitansage\/#website"},"datePublished":"2014-02-06T11:19:06+00:00","dateModified":"2014-03-04T09:59:39+00:00","author":{"@id":"https:\/\/blog.zeit.de\/zeitansage\/#\/schema\/person\/82f6935810400daea06b79b4d9885040"},"breadcrumb":{"@id":"https:\/\/blog.zeit.de\/zeitansage\/2014\/02\/06\/zeit-online-grundet-ein-investigativ-ressort-damit-verbunden-ist-ein-wechsel-in-der-chefredaktion_1381#breadcrumb"},"inLanguage":"de","potentialAction":[{"@type":"ReadAction","target":["https:\/\/blog.zeit.de\/zeitansage\/2014\/02\/06\/zeit-online-grundet-ein-investigativ-ressort-damit-verbunden-ist-ein-wechsel-in-der-chefredaktion_1381"]}]},{"@type":"BreadcrumbList","@id":"https:\/\/blog.zeit.de\/zeitansage\/2014\/02\/06\/zeit-online-grundet-ein-investigativ-ressort-damit-verbunden-ist-ein-wechsel-in-der-chefredaktion_1381#breadcrumb","itemListElement":[{"@type":"ListItem","position":1,"name":"Startseite","item":"https:\/\/blog.zeit.de\/zeitansage"},{"@type":"ListItem","position":2,"name":"ZEIT ONLINE gr\u00fcndet ein Investigativ-Ressort. Damit verbunden ist ein Wechsel in der Chefredaktion."}]},{"@type":"WebSite","@id":"https:\/\/blog.zeit.de\/zeitansage\/#website","url":"https:\/\/blog.zeit.de\/zeitansage\/","name":"ZEITansage","description":"Hier bloggt die Redaktion. Ein Fenster ins Innenleben von ZEIT ONLINE","potentialAction":[{"@type":"SearchAction","target":{"@type":"EntryPoint","urlTemplate":"https:\/\/blog.zeit.de\/zeitansage\/?s={search_term_string}"},"query-input":"required name=search_term_string"}],"inLanguage":"de"},{"@type":"Person","@id":"https:\/\/blog.zeit.de\/zeitansage\/#\/schema\/person\/82f6935810400daea06b79b4d9885040","name":"Jochen Wegner","image":{"@type":"ImageObject","inLanguage":"de","@id":"https:\/\/blog.zeit.de\/zeitansage\/#\/schema\/person\/image\/","url":"https:\/\/secure.gravatar.com\/avatar\/ede9e7eaa2d11a60d6c4be5c8ed9b71621c06f308727782dfc78ef3f46b6922f?s=96&d=mm&r=g","contentUrl":"https:\/\/secure.gravatar.com\/avatar\/ede9e7eaa2d11a60d6c4be5c8ed9b71621c06f308727782dfc78ef3f46b6922f?s=96&d=mm&r=g","caption":"Jochen Wegner"},"description":"ist Chefredakteur von ZEIT ONLINE.","url":"https:\/\/blog.zeit.de\/zeitansage\/author\/jochenwegner"}]}},"jetpack_featured_media_url":"","jetpack_sharing_enabled":true,"_links":{"self":[{"href":"https:\/\/blog.zeit.de\/zeitansage\/wp-json\/wp\/v2\/posts\/1381","targetHints":{"allow":["GET"]}}],"collection":[{"href":"https:\/\/blog.zeit.de\/zeitansage\/wp-json\/wp\/v2\/posts"}],"about":[{"href":"https:\/\/blog.zeit.de\/zeitansage\/wp-json\/wp\/v2\/types\/post"}],"author":[{"embeddable":true,"href":"https:\/\/blog.zeit.de\/zeitansage\/wp-json\/wp\/v2\/users\/405"}],"replies":[{"embeddable":true,"href":"https:\/\/blog.zeit.de\/zeitansage\/wp-json\/wp\/v2\/comments?post=1381"}],"version-history":[{"count":17,"href":"https:\/\/blog.zeit.de\/zeitansage\/wp-json\/wp\/v2\/posts\/1381\/revisions"}],"predecessor-version":[{"id":1392,"href":"https:\/\/blog.zeit.de\/zeitansage\/wp-json\/wp\/v2\/posts\/1381\/revisions\/1392"}],"wp:attachment":[{"href":"https:\/\/blog.zeit.de\/zeitansage\/wp-json\/wp\/v2\/media?parent=1381"}],"wp:term":[{"taxonomy":"category","embeddable":true,"href":"https:\/\/blog.zeit.de\/zeitansage\/wp-json\/wp\/v2\/categories?post=1381"},{"taxonomy":"post_tag","embeddable":true,"href":"https:\/\/blog.zeit.de\/zeitansage\/wp-json\/wp\/v2\/tags?post=1381"}],"curies":[{"name":"wp","href":"https:\/\/api.w.org\/{rel}","templated":true}]}}