{"id":1403,"date":"2014-02-25T08:58:38","date_gmt":"2014-02-25T07:58:38","guid":{"rendered":"http:\/\/blog.zeit.de\/zeitansage\/?p=1403"},"modified":"2014-02-25T09:18:38","modified_gmt":"2014-02-25T08:18:38","slug":"zeit-online-gewinnt-deutschen-infografik-preis","status":"publish","type":"post","link":"https:\/\/blog.zeit.de\/zeitansage\/2014\/02\/25\/zeit-online-gewinnt-deutschen-infografik-preis_1403","title":{"rendered":"ZEIT ONLINE gewinnt Deutschen Infografik Preis"},"content":{"rendered":"<p><figure id=\"attachment_1404\" aria-describedby=\"caption-attachment-1404\" style=\"width: 580px\" class=\"wp-caption aligncenter\"><img loading=\"lazy\" decoding=\"async\" class=\"size-full wp-image-1404\" alt=\"Paul Blickle, Sascha Venohr und Philip Faigle\" src=\"https:\/\/blog.zeit.de\/zeitansage\/files\/2014\/02\/infografik-Preis-Gewinner.jpg\" width=\"580\" height=\"326\" srcset=\"https:\/\/blog.zeit.de\/zeitansage\/files\/2014\/02\/infografik-Preis-Gewinner.jpg 580w, https:\/\/blog.zeit.de\/zeitansage\/files\/2014\/02\/infografik-Preis-Gewinner-300x168.jpg 300w\" sizes=\"auto, (max-width: 580px) 100vw, 580px\" \/><figcaption id=\"caption-attachment-1404\" class=\"wp-caption-text\">Paul Blickle, Sascha Venohr und Philip Faigle<\/figcaption><\/figure><\/p>\n<p>Eine gute Infografik f\u00e4ngt die komplexe Wirklichkeit ein und macht sie f\u00fcr die Leser verstehbar. Die Grafik &#8222;<a href=\"http:\/\/www.zeit.de\/wirtschaft\/arbeitslosigkeit\">Wo das Jobwunder stattfindet \u2013 und wo nicht<\/a>&#8220; will noch etwas mehr: Sie will den Leser dazu anregen, selbst in einem gewaltigen Datensatz zu recherchieren. Jetzt ist die Infografik der ZEIT-ONLINE-Redakteure\u00a0<a href=\"https:\/\/twitter.com\/colorfuldata\" target=\"_blank\">Paul Blickle<\/a>,\u00a0<a href=\"https:\/\/twitter.com\/venohr\" target=\"_blank\">Sascha Venohr<\/a>\u00a0und\u00a0<a href=\"https:\/\/twitter.com\/pfaigle\" target=\"_blank\">Philip Faigle<\/a>\u00a0in Berlin mit dem\u00a0<a href=\"http:\/\/deutscherinfografikpreis.de\/beitraege\/preistraeger\" target=\"_blank\">Deutschen Infografik Preis<\/a>\u00a0ausgezeichnet worden.<\/p>\n<p>Jedes Jahr verk\u00fcndet die Bundesagentur f\u00fcr Arbeit eine Zahl, die durchschnittliche bundesweite Arbeitslosenquote. Sie ist in den vergangenen Jahren deutlich kleiner geworden. Und doch gibt diese eine Zahl wenig Auskunft dar\u00fcber, wie gleich oder ungleich diese Entwicklung im Land verl\u00e4uft. Das war der Ausgangspunkt der Recherche. Die Idee: Eine Datenvisualisierung, die m\u00f6glichst anschaulich zeigt, wie unterschiedlich stark einzelne St\u00e4dte, Gemeinden und Regionen vom Boom am Arbeitsmarkt profitiert haben. \u00dcber ein Intro werden die Leser zu Beginn in die interaktiven Entdeckungsm\u00f6glichkeiten der Grafik eingef\u00fchrt.<\/p>\n<p>Der Deutsche Infografik Preis wird in diesem Jahr erstmals vom Deutschen Institut f\u00fcr Wirtschaftsforschung (DIW) in Berlin verliehen. Eine unabh\u00e4ngige Jury zeichnete dabei &#8222;herausragende, deutschsprachige Infografiken aus, die sich mit der Vermittlung von Wirtschafts- und Sozialdaten befassen&#8220;. Neben der Grafik zum Arbeitsmarkt waren zwei weitere Arbeiten von ZEIT ONLINE f\u00fcr die Endrunde des Wettbewerbs nominiert: die <a href=\"http:\/\/www.zeit.de\/politik\/deutschland\/2013-09\/fs-wahlkantine-bundestagswahl-2013-ergebnis\">Wahlkantine<\/a> zur Bundestagswahl und die gro\u00dfe <a href=\"http:\/\/www.zeit.de\/politik\/deutschland\/abgeordnetenbilanz\">Abgeordnetenbilanz<\/a>.<\/p>\n","protected":false},"excerpt":{"rendered":"<p>Eine gute Infografik f\u00e4ngt die komplexe Wirklichkeit ein und macht sie f\u00fcr die Leser verstehbar. Die Grafik &#8222;Wo das Jobwunder stattfindet \u2013 und wo nicht&#8220; will noch etwas mehr: Sie will den Leser dazu anregen, selbst in einem gewaltigen Datensatz zu recherchieren. Jetzt ist die Infografik der ZEIT-ONLINE-Redakteure\u00a0Paul Blickle,\u00a0Sascha Venohr\u00a0und\u00a0Philip Faigle\u00a0in Berlin mit dem\u00a0Deutschen Infografik [&hellip;]<\/p>\n","protected":false},"author":405,"featured_media":0,"comment_status":"open","ping_status":"closed","sticky":false,"template":"","format":"standard","meta":{"_jetpack_memberships_contains_paid_content":false,"footnotes":""},"categories":[1,2657,2441],"tags":[],"class_list":["post-1403","post","type-post","status-publish","format-standard","hentry","category-allgemein","category-data","category-infografik"],"yoast_head":"<!-- This site is optimized with the Yoast SEO plugin v21.0 - https:\/\/yoast.com\/wordpress\/plugins\/seo\/ -->\n<title>ZEIT ONLINE gewinnt Deutschen Infografik Preis - ZEITansage<\/title>\n<meta name=\"robots\" content=\"index, follow, max-snippet:-1, max-image-preview:large, max-video-preview:-1\" \/>\n<link rel=\"canonical\" href=\"https:\/\/blog.zeit.de\/zeitansage\/2014\/02\/25\/zeit-online-gewinnt-deutschen-infografik-preis_1403\" \/>\n<meta property=\"og:locale\" content=\"de_DE\" \/>\n<meta property=\"og:type\" content=\"article\" \/>\n<meta property=\"og:title\" content=\"ZEIT ONLINE gewinnt Deutschen Infografik Preis - ZEITansage\" \/>\n<meta property=\"og:description\" content=\"Eine gute Infografik f\u00e4ngt die komplexe Wirklichkeit ein und macht sie f\u00fcr die Leser verstehbar. Die Grafik &#8222;Wo das Jobwunder stattfindet \u2013 und wo nicht&#8220; will noch etwas mehr: Sie will den Leser dazu anregen, selbst in einem gewaltigen Datensatz zu recherchieren. Jetzt ist die Infografik der ZEIT-ONLINE-Redakteure\u00a0Paul Blickle,\u00a0Sascha Venohr\u00a0und\u00a0Philip Faigle\u00a0in Berlin mit dem\u00a0Deutschen Infografik [&hellip;]\" \/>\n<meta property=\"og:url\" content=\"https:\/\/blog.zeit.de\/zeitansage\/2014\/02\/25\/zeit-online-gewinnt-deutschen-infografik-preis_1403\" \/>\n<meta property=\"og:site_name\" content=\"ZEITansage\" \/>\n<meta property=\"article:published_time\" content=\"2014-02-25T07:58:38+00:00\" \/>\n<meta property=\"article:modified_time\" content=\"2014-02-25T08:18:38+00:00\" \/>\n<meta property=\"og:image\" content=\"https:\/\/blog.zeit.de\/zeitansage\/files\/2014\/02\/infografik-Preis-Gewinner.jpg\" \/>\n<meta name=\"author\" content=\"Jochen Wegner\" \/>\n<meta name=\"twitter:label1\" content=\"Geschrieben von\" \/>\n\t<meta name=\"twitter:data1\" content=\"Jochen Wegner\" \/>\n\t<meta name=\"twitter:label2\" content=\"Gesch\u00e4tzte Lesezeit\" \/>\n\t<meta name=\"twitter:data2\" content=\"1\u00a0Minute\" \/>\n<script type=\"application\/ld+json\" class=\"yoast-schema-graph\">{\"@context\":\"https:\/\/schema.org\",\"@graph\":[{\"@type\":\"WebPage\",\"@id\":\"https:\/\/blog.zeit.de\/zeitansage\/2014\/02\/25\/zeit-online-gewinnt-deutschen-infografik-preis_1403\",\"url\":\"https:\/\/blog.zeit.de\/zeitansage\/2014\/02\/25\/zeit-online-gewinnt-deutschen-infografik-preis_1403\",\"name\":\"ZEIT ONLINE gewinnt Deutschen Infografik Preis - ZEITansage\",\"isPartOf\":{\"@id\":\"https:\/\/blog.zeit.de\/zeitansage\/#website\"},\"datePublished\":\"2014-02-25T07:58:38+00:00\",\"dateModified\":\"2014-02-25T08:18:38+00:00\",\"author\":{\"@id\":\"https:\/\/blog.zeit.de\/zeitansage\/#\/schema\/person\/82f6935810400daea06b79b4d9885040\"},\"breadcrumb\":{\"@id\":\"https:\/\/blog.zeit.de\/zeitansage\/2014\/02\/25\/zeit-online-gewinnt-deutschen-infografik-preis_1403#breadcrumb\"},\"inLanguage\":\"de\",\"potentialAction\":[{\"@type\":\"ReadAction\",\"target\":[\"https:\/\/blog.zeit.de\/zeitansage\/2014\/02\/25\/zeit-online-gewinnt-deutschen-infografik-preis_1403\"]}]},{\"@type\":\"BreadcrumbList\",\"@id\":\"https:\/\/blog.zeit.de\/zeitansage\/2014\/02\/25\/zeit-online-gewinnt-deutschen-infografik-preis_1403#breadcrumb\",\"itemListElement\":[{\"@type\":\"ListItem\",\"position\":1,\"name\":\"Startseite\",\"item\":\"https:\/\/blog.zeit.de\/zeitansage\"},{\"@type\":\"ListItem\",\"position\":2,\"name\":\"ZEIT ONLINE gewinnt Deutschen Infografik Preis\"}]},{\"@type\":\"WebSite\",\"@id\":\"https:\/\/blog.zeit.de\/zeitansage\/#website\",\"url\":\"https:\/\/blog.zeit.de\/zeitansage\/\",\"name\":\"ZEITansage\",\"description\":\"Hier bloggt die Redaktion. Ein Fenster ins Innenleben von ZEIT ONLINE\",\"potentialAction\":[{\"@type\":\"SearchAction\",\"target\":{\"@type\":\"EntryPoint\",\"urlTemplate\":\"https:\/\/blog.zeit.de\/zeitansage\/?s={search_term_string}\"},\"query-input\":\"required name=search_term_string\"}],\"inLanguage\":\"de\"},{\"@type\":\"Person\",\"@id\":\"https:\/\/blog.zeit.de\/zeitansage\/#\/schema\/person\/82f6935810400daea06b79b4d9885040\",\"name\":\"Jochen Wegner\",\"image\":{\"@type\":\"ImageObject\",\"inLanguage\":\"de\",\"@id\":\"https:\/\/blog.zeit.de\/zeitansage\/#\/schema\/person\/image\/\",\"url\":\"https:\/\/secure.gravatar.com\/avatar\/ede9e7eaa2d11a60d6c4be5c8ed9b71621c06f308727782dfc78ef3f46b6922f?s=96&d=mm&r=g\",\"contentUrl\":\"https:\/\/secure.gravatar.com\/avatar\/ede9e7eaa2d11a60d6c4be5c8ed9b71621c06f308727782dfc78ef3f46b6922f?s=96&d=mm&r=g\",\"caption\":\"Jochen Wegner\"},\"description\":\"ist Chefredakteur von ZEIT ONLINE.\",\"url\":\"https:\/\/blog.zeit.de\/zeitansage\/author\/jochenwegner\"}]}<\/script>\n<!-- \/ Yoast SEO plugin. -->","yoast_head_json":{"title":"ZEIT ONLINE gewinnt Deutschen Infografik Preis - ZEITansage","robots":{"index":"index","follow":"follow","max-snippet":"max-snippet:-1","max-image-preview":"max-image-preview:large","max-video-preview":"max-video-preview:-1"},"canonical":"https:\/\/blog.zeit.de\/zeitansage\/2014\/02\/25\/zeit-online-gewinnt-deutschen-infografik-preis_1403","og_locale":"de_DE","og_type":"article","og_title":"ZEIT ONLINE gewinnt Deutschen Infografik Preis - ZEITansage","og_description":"Eine gute Infografik f\u00e4ngt die komplexe Wirklichkeit ein und macht sie f\u00fcr die Leser verstehbar. Die Grafik &#8222;Wo das Jobwunder stattfindet \u2013 und wo nicht&#8220; will noch etwas mehr: Sie will den Leser dazu anregen, selbst in einem gewaltigen Datensatz zu recherchieren. Jetzt ist die Infografik der ZEIT-ONLINE-Redakteure\u00a0Paul Blickle,\u00a0Sascha Venohr\u00a0und\u00a0Philip Faigle\u00a0in Berlin mit dem\u00a0Deutschen Infografik [&hellip;]","og_url":"https:\/\/blog.zeit.de\/zeitansage\/2014\/02\/25\/zeit-online-gewinnt-deutschen-infografik-preis_1403","og_site_name":"ZEITansage","article_published_time":"2014-02-25T07:58:38+00:00","article_modified_time":"2014-02-25T08:18:38+00:00","og_image":[{"url":"https:\/\/blog.zeit.de\/zeitansage\/files\/2014\/02\/infografik-Preis-Gewinner.jpg"}],"author":"Jochen Wegner","twitter_misc":{"Geschrieben von":"Jochen Wegner","Gesch\u00e4tzte Lesezeit":"1\u00a0Minute"},"schema":{"@context":"https:\/\/schema.org","@graph":[{"@type":"WebPage","@id":"https:\/\/blog.zeit.de\/zeitansage\/2014\/02\/25\/zeit-online-gewinnt-deutschen-infografik-preis_1403","url":"https:\/\/blog.zeit.de\/zeitansage\/2014\/02\/25\/zeit-online-gewinnt-deutschen-infografik-preis_1403","name":"ZEIT ONLINE gewinnt Deutschen Infografik Preis - ZEITansage","isPartOf":{"@id":"https:\/\/blog.zeit.de\/zeitansage\/#website"},"datePublished":"2014-02-25T07:58:38+00:00","dateModified":"2014-02-25T08:18:38+00:00","author":{"@id":"https:\/\/blog.zeit.de\/zeitansage\/#\/schema\/person\/82f6935810400daea06b79b4d9885040"},"breadcrumb":{"@id":"https:\/\/blog.zeit.de\/zeitansage\/2014\/02\/25\/zeit-online-gewinnt-deutschen-infografik-preis_1403#breadcrumb"},"inLanguage":"de","potentialAction":[{"@type":"ReadAction","target":["https:\/\/blog.zeit.de\/zeitansage\/2014\/02\/25\/zeit-online-gewinnt-deutschen-infografik-preis_1403"]}]},{"@type":"BreadcrumbList","@id":"https:\/\/blog.zeit.de\/zeitansage\/2014\/02\/25\/zeit-online-gewinnt-deutschen-infografik-preis_1403#breadcrumb","itemListElement":[{"@type":"ListItem","position":1,"name":"Startseite","item":"https:\/\/blog.zeit.de\/zeitansage"},{"@type":"ListItem","position":2,"name":"ZEIT ONLINE gewinnt Deutschen Infografik Preis"}]},{"@type":"WebSite","@id":"https:\/\/blog.zeit.de\/zeitansage\/#website","url":"https:\/\/blog.zeit.de\/zeitansage\/","name":"ZEITansage","description":"Hier bloggt die Redaktion. Ein Fenster ins Innenleben von ZEIT ONLINE","potentialAction":[{"@type":"SearchAction","target":{"@type":"EntryPoint","urlTemplate":"https:\/\/blog.zeit.de\/zeitansage\/?s={search_term_string}"},"query-input":"required name=search_term_string"}],"inLanguage":"de"},{"@type":"Person","@id":"https:\/\/blog.zeit.de\/zeitansage\/#\/schema\/person\/82f6935810400daea06b79b4d9885040","name":"Jochen Wegner","image":{"@type":"ImageObject","inLanguage":"de","@id":"https:\/\/blog.zeit.de\/zeitansage\/#\/schema\/person\/image\/","url":"https:\/\/secure.gravatar.com\/avatar\/ede9e7eaa2d11a60d6c4be5c8ed9b71621c06f308727782dfc78ef3f46b6922f?s=96&d=mm&r=g","contentUrl":"https:\/\/secure.gravatar.com\/avatar\/ede9e7eaa2d11a60d6c4be5c8ed9b71621c06f308727782dfc78ef3f46b6922f?s=96&d=mm&r=g","caption":"Jochen Wegner"},"description":"ist Chefredakteur von ZEIT ONLINE.","url":"https:\/\/blog.zeit.de\/zeitansage\/author\/jochenwegner"}]}},"jetpack_featured_media_url":"","jetpack_sharing_enabled":true,"_links":{"self":[{"href":"https:\/\/blog.zeit.de\/zeitansage\/wp-json\/wp\/v2\/posts\/1403","targetHints":{"allow":["GET"]}}],"collection":[{"href":"https:\/\/blog.zeit.de\/zeitansage\/wp-json\/wp\/v2\/posts"}],"about":[{"href":"https:\/\/blog.zeit.de\/zeitansage\/wp-json\/wp\/v2\/types\/post"}],"author":[{"embeddable":true,"href":"https:\/\/blog.zeit.de\/zeitansage\/wp-json\/wp\/v2\/users\/405"}],"replies":[{"embeddable":true,"href":"https:\/\/blog.zeit.de\/zeitansage\/wp-json\/wp\/v2\/comments?post=1403"}],"version-history":[{"count":23,"href":"https:\/\/blog.zeit.de\/zeitansage\/wp-json\/wp\/v2\/posts\/1403\/revisions"}],"predecessor-version":[{"id":1427,"href":"https:\/\/blog.zeit.de\/zeitansage\/wp-json\/wp\/v2\/posts\/1403\/revisions\/1427"}],"wp:attachment":[{"href":"https:\/\/blog.zeit.de\/zeitansage\/wp-json\/wp\/v2\/media?parent=1403"}],"wp:term":[{"taxonomy":"category","embeddable":true,"href":"https:\/\/blog.zeit.de\/zeitansage\/wp-json\/wp\/v2\/categories?post=1403"},{"taxonomy":"post_tag","embeddable":true,"href":"https:\/\/blog.zeit.de\/zeitansage\/wp-json\/wp\/v2\/tags?post=1403"}],"curies":[{"name":"wp","href":"https:\/\/api.w.org\/{rel}","templated":true}]}}