{"id":1534,"date":"2014-07-25T09:46:37","date_gmt":"2014-07-25T07:46:37","guid":{"rendered":"http:\/\/blog.zeit.de\/zeitansage\/?p=1534"},"modified":"2015-04-15T12:05:07","modified_gmt":"2015-04-15T10:05:07","slug":"zeit-online-fuer-drei-leadawards-nominiert","status":"publish","type":"post","link":"https:\/\/blog.zeit.de\/zeitansage\/2014\/07\/25\/zeit-online-fuer-drei-leadawards-nominiert_1534","title":{"rendered":"ZEIT ONLINE f\u00fcr drei LeadAwards nominiert"},"content":{"rendered":"<p><img loading=\"lazy\" decoding=\"async\" class=\"alignnone size-full wp-image-1545\" src=\"https:\/\/blog.zeit.de\/zeitansage\/files\/2014\/07\/theater.jpg\" alt=\"ZEITMagazin Online\" width=\"580\" height=\"343\" srcset=\"https:\/\/blog.zeit.de\/zeitansage\/files\/2014\/07\/theater.jpg 580w, https:\/\/blog.zeit.de\/zeitansage\/files\/2014\/07\/theater-300x177.jpg 300w\" sizes=\"auto, (max-width: 580px) 100vw, 580px\" \/><\/p>\n<p style=\"text-align: left;\">In diesem Jahr ist ZEIT ONLINE drei Mal f\u00fcr einen\u00a0<a href=\"http:\/\/www.leadacademy.de\/2014\/dienominierten.html\">LeadAward<\/a>\u00a0nominiert. &#8222;Deutschlands f\u00fchrende Auszeichnung f\u00fcr Fotografie, Medien und visuelle Kommunikation&#8220; wird seit 1992 nach einem aufw\u00e4ndigen Auswahlverfahren vergeben.<\/p>\n<p style=\"text-align: left;\"><!--more--><\/p>\n<p style=\"text-align: left;\">Dieses Mal haben gleich mehrere unserer Projekte die Vor- und Hauptjury \u00fcberzeugt:<\/p>\n<p style=\"text-align: left;\">&#8211; In der Kategorie &#8222;Webmagazin des Jahres&#8220; wurde unser neues <a href=\"http:\/\/www.zeitmagazin.de\">ZEITmagazin Online<\/a> nominiert \u2013 und <a href=\"http:\/\/www.zeit.de\">ZEIT ONLINE<\/a> selbst.<\/p>\n<p>&#8211; In die Finalauswahl der Online-Kategorie &#8222;Webfeature des Jahres&#8220; hat es unser Storytelling-Projekt <a href=\"http:\/\/www.zeit.de\/kultur\/karl-marx-allee\/index.html#prolog\">&#8222;Das neue Leben der Stalinallee&#8220;<\/a> geschafft.<\/p>\n<p>DIE ZEIT ist weitere sechs Mal nominiert,\u00a0das ZEITMagazin gleich 21 Mal.<\/p>\n<p>Ob wir tats\u00e4chlich eine der in den Kategorien Gold, Silber und Bronze ausgelobten Medaillen erhalten, erfahren wir bei der Preisverleihung im September.<\/p>\n","protected":false},"excerpt":{"rendered":"<p>In diesem Jahr ist ZEIT ONLINE drei Mal f\u00fcr einen\u00a0LeadAward\u00a0nominiert. &#8222;Deutschlands f\u00fchrende Auszeichnung f\u00fcr Fotografie, Medien und visuelle Kommunikation&#8220; wird seit 1992 nach einem aufw\u00e4ndigen Auswahlverfahren vergeben.<\/p>\n","protected":false},"author":405,"featured_media":0,"comment_status":"open","ping_status":"closed","sticky":false,"template":"","format":"standard","meta":{"_jetpack_memberships_contains_paid_content":false,"footnotes":""},"categories":[1],"tags":[],"class_list":["post-1534","post","type-post","status-publish","format-standard","hentry","category-allgemein"],"yoast_head":"<!-- This site is optimized with the Yoast SEO plugin v21.0 - https:\/\/yoast.com\/wordpress\/plugins\/seo\/ -->\n<title>ZEIT ONLINE f\u00fcr drei LeadAwards nominiert - ZEITansage<\/title>\n<meta name=\"robots\" content=\"index, follow, max-snippet:-1, max-image-preview:large, max-video-preview:-1\" \/>\n<link rel=\"canonical\" href=\"https:\/\/blog.zeit.de\/zeitansage\/2014\/07\/25\/zeit-online-fuer-drei-leadawards-nominiert_1534\" \/>\n<meta property=\"og:locale\" content=\"de_DE\" \/>\n<meta property=\"og:type\" content=\"article\" \/>\n<meta property=\"og:title\" content=\"ZEIT ONLINE f\u00fcr drei LeadAwards nominiert - ZEITansage\" \/>\n<meta property=\"og:description\" content=\"In diesem Jahr ist ZEIT ONLINE drei Mal f\u00fcr einen\u00a0LeadAward\u00a0nominiert. &#8222;Deutschlands f\u00fchrende Auszeichnung f\u00fcr Fotografie, Medien und visuelle Kommunikation&#8220; wird seit 1992 nach einem aufw\u00e4ndigen Auswahlverfahren vergeben.\" \/>\n<meta property=\"og:url\" content=\"https:\/\/blog.zeit.de\/zeitansage\/2014\/07\/25\/zeit-online-fuer-drei-leadawards-nominiert_1534\" \/>\n<meta property=\"og:site_name\" content=\"ZEITansage\" \/>\n<meta property=\"article:published_time\" content=\"2014-07-25T07:46:37+00:00\" \/>\n<meta property=\"article:modified_time\" content=\"2015-04-15T10:05:07+00:00\" \/>\n<meta property=\"og:image\" content=\"https:\/\/blog.zeit.de\/zeitansage\/files\/2014\/07\/theater.jpg\" \/>\n<meta name=\"author\" content=\"Jochen Wegner\" \/>\n<meta name=\"twitter:label1\" content=\"Geschrieben von\" \/>\n\t<meta name=\"twitter:data1\" content=\"Jochen Wegner\" \/>\n\t<meta name=\"twitter:label2\" content=\"Gesch\u00e4tzte Lesezeit\" \/>\n\t<meta name=\"twitter:data2\" content=\"1\u00a0Minute\" \/>\n<script type=\"application\/ld+json\" class=\"yoast-schema-graph\">{\"@context\":\"https:\/\/schema.org\",\"@graph\":[{\"@type\":\"WebPage\",\"@id\":\"https:\/\/blog.zeit.de\/zeitansage\/2014\/07\/25\/zeit-online-fuer-drei-leadawards-nominiert_1534\",\"url\":\"https:\/\/blog.zeit.de\/zeitansage\/2014\/07\/25\/zeit-online-fuer-drei-leadawards-nominiert_1534\",\"name\":\"ZEIT ONLINE f\u00fcr drei LeadAwards nominiert - ZEITansage\",\"isPartOf\":{\"@id\":\"https:\/\/blog.zeit.de\/zeitansage\/#website\"},\"datePublished\":\"2014-07-25T07:46:37+00:00\",\"dateModified\":\"2015-04-15T10:05:07+00:00\",\"author\":{\"@id\":\"https:\/\/blog.zeit.de\/zeitansage\/#\/schema\/person\/82f6935810400daea06b79b4d9885040\"},\"breadcrumb\":{\"@id\":\"https:\/\/blog.zeit.de\/zeitansage\/2014\/07\/25\/zeit-online-fuer-drei-leadawards-nominiert_1534#breadcrumb\"},\"inLanguage\":\"de\",\"potentialAction\":[{\"@type\":\"ReadAction\",\"target\":[\"https:\/\/blog.zeit.de\/zeitansage\/2014\/07\/25\/zeit-online-fuer-drei-leadawards-nominiert_1534\"]}]},{\"@type\":\"BreadcrumbList\",\"@id\":\"https:\/\/blog.zeit.de\/zeitansage\/2014\/07\/25\/zeit-online-fuer-drei-leadawards-nominiert_1534#breadcrumb\",\"itemListElement\":[{\"@type\":\"ListItem\",\"position\":1,\"name\":\"Startseite\",\"item\":\"https:\/\/blog.zeit.de\/zeitansage\"},{\"@type\":\"ListItem\",\"position\":2,\"name\":\"ZEIT ONLINE f\u00fcr drei LeadAwards nominiert\"}]},{\"@type\":\"WebSite\",\"@id\":\"https:\/\/blog.zeit.de\/zeitansage\/#website\",\"url\":\"https:\/\/blog.zeit.de\/zeitansage\/\",\"name\":\"ZEITansage\",\"description\":\"Hier bloggt die Redaktion. Ein Fenster ins Innenleben von ZEIT ONLINE\",\"potentialAction\":[{\"@type\":\"SearchAction\",\"target\":{\"@type\":\"EntryPoint\",\"urlTemplate\":\"https:\/\/blog.zeit.de\/zeitansage\/?s={search_term_string}\"},\"query-input\":\"required name=search_term_string\"}],\"inLanguage\":\"de\"},{\"@type\":\"Person\",\"@id\":\"https:\/\/blog.zeit.de\/zeitansage\/#\/schema\/person\/82f6935810400daea06b79b4d9885040\",\"name\":\"Jochen Wegner\",\"image\":{\"@type\":\"ImageObject\",\"inLanguage\":\"de\",\"@id\":\"https:\/\/blog.zeit.de\/zeitansage\/#\/schema\/person\/image\/\",\"url\":\"https:\/\/secure.gravatar.com\/avatar\/ede9e7eaa2d11a60d6c4be5c8ed9b71621c06f308727782dfc78ef3f46b6922f?s=96&d=mm&r=g\",\"contentUrl\":\"https:\/\/secure.gravatar.com\/avatar\/ede9e7eaa2d11a60d6c4be5c8ed9b71621c06f308727782dfc78ef3f46b6922f?s=96&d=mm&r=g\",\"caption\":\"Jochen Wegner\"},\"description\":\"ist Chefredakteur von ZEIT ONLINE.\",\"url\":\"https:\/\/blog.zeit.de\/zeitansage\/author\/jochenwegner\"}]}<\/script>\n<!-- \/ Yoast SEO plugin. -->","yoast_head_json":{"title":"ZEIT ONLINE f\u00fcr drei LeadAwards nominiert - ZEITansage","robots":{"index":"index","follow":"follow","max-snippet":"max-snippet:-1","max-image-preview":"max-image-preview:large","max-video-preview":"max-video-preview:-1"},"canonical":"https:\/\/blog.zeit.de\/zeitansage\/2014\/07\/25\/zeit-online-fuer-drei-leadawards-nominiert_1534","og_locale":"de_DE","og_type":"article","og_title":"ZEIT ONLINE f\u00fcr drei LeadAwards nominiert - ZEITansage","og_description":"In diesem Jahr ist ZEIT ONLINE drei Mal f\u00fcr einen\u00a0LeadAward\u00a0nominiert. &#8222;Deutschlands f\u00fchrende Auszeichnung f\u00fcr Fotografie, Medien und visuelle Kommunikation&#8220; wird seit 1992 nach einem aufw\u00e4ndigen Auswahlverfahren vergeben.","og_url":"https:\/\/blog.zeit.de\/zeitansage\/2014\/07\/25\/zeit-online-fuer-drei-leadawards-nominiert_1534","og_site_name":"ZEITansage","article_published_time":"2014-07-25T07:46:37+00:00","article_modified_time":"2015-04-15T10:05:07+00:00","og_image":[{"url":"https:\/\/blog.zeit.de\/zeitansage\/files\/2014\/07\/theater.jpg"}],"author":"Jochen Wegner","twitter_misc":{"Geschrieben von":"Jochen Wegner","Gesch\u00e4tzte Lesezeit":"1\u00a0Minute"},"schema":{"@context":"https:\/\/schema.org","@graph":[{"@type":"WebPage","@id":"https:\/\/blog.zeit.de\/zeitansage\/2014\/07\/25\/zeit-online-fuer-drei-leadawards-nominiert_1534","url":"https:\/\/blog.zeit.de\/zeitansage\/2014\/07\/25\/zeit-online-fuer-drei-leadawards-nominiert_1534","name":"ZEIT ONLINE f\u00fcr drei LeadAwards nominiert - ZEITansage","isPartOf":{"@id":"https:\/\/blog.zeit.de\/zeitansage\/#website"},"datePublished":"2014-07-25T07:46:37+00:00","dateModified":"2015-04-15T10:05:07+00:00","author":{"@id":"https:\/\/blog.zeit.de\/zeitansage\/#\/schema\/person\/82f6935810400daea06b79b4d9885040"},"breadcrumb":{"@id":"https:\/\/blog.zeit.de\/zeitansage\/2014\/07\/25\/zeit-online-fuer-drei-leadawards-nominiert_1534#breadcrumb"},"inLanguage":"de","potentialAction":[{"@type":"ReadAction","target":["https:\/\/blog.zeit.de\/zeitansage\/2014\/07\/25\/zeit-online-fuer-drei-leadawards-nominiert_1534"]}]},{"@type":"BreadcrumbList","@id":"https:\/\/blog.zeit.de\/zeitansage\/2014\/07\/25\/zeit-online-fuer-drei-leadawards-nominiert_1534#breadcrumb","itemListElement":[{"@type":"ListItem","position":1,"name":"Startseite","item":"https:\/\/blog.zeit.de\/zeitansage"},{"@type":"ListItem","position":2,"name":"ZEIT ONLINE f\u00fcr drei LeadAwards nominiert"}]},{"@type":"WebSite","@id":"https:\/\/blog.zeit.de\/zeitansage\/#website","url":"https:\/\/blog.zeit.de\/zeitansage\/","name":"ZEITansage","description":"Hier bloggt die Redaktion. Ein Fenster ins Innenleben von ZEIT ONLINE","potentialAction":[{"@type":"SearchAction","target":{"@type":"EntryPoint","urlTemplate":"https:\/\/blog.zeit.de\/zeitansage\/?s={search_term_string}"},"query-input":"required name=search_term_string"}],"inLanguage":"de"},{"@type":"Person","@id":"https:\/\/blog.zeit.de\/zeitansage\/#\/schema\/person\/82f6935810400daea06b79b4d9885040","name":"Jochen Wegner","image":{"@type":"ImageObject","inLanguage":"de","@id":"https:\/\/blog.zeit.de\/zeitansage\/#\/schema\/person\/image\/","url":"https:\/\/secure.gravatar.com\/avatar\/ede9e7eaa2d11a60d6c4be5c8ed9b71621c06f308727782dfc78ef3f46b6922f?s=96&d=mm&r=g","contentUrl":"https:\/\/secure.gravatar.com\/avatar\/ede9e7eaa2d11a60d6c4be5c8ed9b71621c06f308727782dfc78ef3f46b6922f?s=96&d=mm&r=g","caption":"Jochen Wegner"},"description":"ist Chefredakteur von ZEIT ONLINE.","url":"https:\/\/blog.zeit.de\/zeitansage\/author\/jochenwegner"}]}},"jetpack_featured_media_url":"","jetpack_sharing_enabled":true,"_links":{"self":[{"href":"https:\/\/blog.zeit.de\/zeitansage\/wp-json\/wp\/v2\/posts\/1534","targetHints":{"allow":["GET"]}}],"collection":[{"href":"https:\/\/blog.zeit.de\/zeitansage\/wp-json\/wp\/v2\/posts"}],"about":[{"href":"https:\/\/blog.zeit.de\/zeitansage\/wp-json\/wp\/v2\/types\/post"}],"author":[{"embeddable":true,"href":"https:\/\/blog.zeit.de\/zeitansage\/wp-json\/wp\/v2\/users\/405"}],"replies":[{"embeddable":true,"href":"https:\/\/blog.zeit.de\/zeitansage\/wp-json\/wp\/v2\/comments?post=1534"}],"version-history":[{"count":16,"href":"https:\/\/blog.zeit.de\/zeitansage\/wp-json\/wp\/v2\/posts\/1534\/revisions"}],"predecessor-version":[{"id":1596,"href":"https:\/\/blog.zeit.de\/zeitansage\/wp-json\/wp\/v2\/posts\/1534\/revisions\/1596"}],"wp:attachment":[{"href":"https:\/\/blog.zeit.de\/zeitansage\/wp-json\/wp\/v2\/media?parent=1534"}],"wp:term":[{"taxonomy":"category","embeddable":true,"href":"https:\/\/blog.zeit.de\/zeitansage\/wp-json\/wp\/v2\/categories?post=1534"},{"taxonomy":"post_tag","embeddable":true,"href":"https:\/\/blog.zeit.de\/zeitansage\/wp-json\/wp\/v2\/tags?post=1534"}],"curies":[{"name":"wp","href":"https:\/\/api.w.org\/{rel}","templated":true}]}}