{"id":1573,"date":"2014-11-28T17:24:41","date_gmt":"2014-11-28T16:24:41","guid":{"rendered":"http:\/\/blog.zeit.de\/zeitansage\/?p=1573"},"modified":"2015-04-15T12:04:30","modified_gmt":"2015-04-15T10:04:30","slug":"georg-von-holtzbrinck-preis-fuer-investigativprojekt-grossstadtaerzte","status":"publish","type":"post","link":"https:\/\/blog.zeit.de\/zeitansage\/2014\/11\/28\/georg-von-holtzbrinck-preis-fuer-investigativprojekt-grossstadtaerzte_1573","title":{"rendered":"Georg von Holtzbrinck-Preis f\u00fcr Investigativprojekt &#8222;Gro\u00dfstadt\u00e4rzte&#8220;"},"content":{"rendered":"<p>Das Investigativteam von ZEIT ONLINE ist mit dem Georg von Holtzbrinck-Preis f\u00fcr Wirtschaftspublizistik ausgezeichnet worden. In der Kategorie Online wurde der Preis f\u00fcr die 7-teilige Serie <a href=\"http:\/\/www.zeit.de\/serie\/grossstadtaerzte\">&#8222;Gro\u00dfstadt\u00e4rzte&#8220;<\/a> verliehen.<\/p>\n<p>Ressortleiter Karsten Polke-Majewski und sein Team <a href=\"http:\/\/www.zeit.de\/wirtschaft\/2014-03\/arzt-facharzt-praxis-verteilung-berlin-hamburg-koeln-muenchen\">analysierten die Zusammenh\u00e4nge zwischen der Kaufkraft bestimmter Regionen und ihrer medizinischen Versorgung<\/a>. Das Fazit: Die Medizin folgt dem Geld.<\/p>\n<p><figure id=\"attachment_1579\" aria-describedby=\"caption-attachment-1579\" style=\"width: 580px\" class=\"wp-caption alignnone\"><a href=\"https:\/\/blog.zeit.de\/zeitansage\/files\/2014\/11\/preisverleihung.jpg\"><img loading=\"lazy\" decoding=\"async\" class=\"size-full wp-image-1579\" src=\"https:\/\/blog.zeit.de\/zeitansage\/files\/2014\/11\/preisverleihung.jpg\" alt=\"Matthias von Blumencron (rechts) \u00fcbergibt dem Investigativem den Preis \" width=\"580\" height=\"326\" srcset=\"https:\/\/blog.zeit.de\/zeitansage\/files\/2014\/11\/preisverleihung.jpg 580w, https:\/\/blog.zeit.de\/zeitansage\/files\/2014\/11\/preisverleihung-300x168.jpg 300w\" sizes=\"auto, (max-width: 580px) 100vw, 580px\" \/><\/a><figcaption id=\"caption-attachment-1579\" class=\"wp-caption-text\">Mathias von Blumencron (rechts) \u00fcbergibt dem Investigativteam den Preis. \u00a0\u00a0 Copyright Jochen Wegner<\/figcaption><\/figure><\/p>\n<p><!--more--><\/p>\n<p>Die Georg von Holtzbrinck-Preise f\u00fcr Wirtschaftspublizistik wurden am Donnerstagabend, 27. November, vor rund 140 geladenen G\u00e4sten in Frankfurt verliehen. Weitere Preistr\u00e4ger: In der Kategorie Print gewann Lorenz Wagner, der mehr als\u00a0ein Jahr den Daimler-Vorstandschef Dieter Zetsche begleitete. Sein Portr\u00e4t &#8222;Einsame Spitze&#8220; erschien im Magazin der <em>S\u00fcddeutschen Zeitung<\/em>, bei der er arbeitet. Der Fernsehjournalist Kersten Sebastian Sch\u00fc\u00dfler ver\u00f6ffentlichte im ZDF ein Experiment: Zwei junge Menschen wetten darum, wer zuerst einen Job mit Perspektive bekommt. &#8222;Kersten Sebastian Sch\u00fc\u00dfler ist ein Meister darin, abstrakte Wirtschaftsthemen greifbar zu machen \u2013 sei es das Freihandelsabkommen TTIP oder den deutschen Arbeitsmarkt. Dies gelingt ihm stets mit einer eigenen, unaufdringlichen Handschrift&#8220;, sagte Laudator ZEIT-ONLINE-Chefredakteur Jochen Wegner. Eine Reportage \u00fcber marode Br\u00fccken in Deutschland \u00fcberzeugte die Jury von <em>Stern<\/em>-Journalist Dominik Stawski, der den Ferdinand Simoneit-Nachwuchspreis f\u00fcr Wirtschafts- und Finanzjournalismus erhielt.<\/p>\n<p>Mit dem Preis zeichnet die DvH Medien GmbH herausragende journalistische Arbeiten \u00fcber das Wirtschaftsleben aus. Unter den Jurymitgliedern waren in diesem Jahr u.a. Thomas Bellut (ZDF-Intendant), Heike G\u00f6bel (<em>FAZ<\/em> Ressortleiterin Wirtschaft), Miriam Meckel (Chefredakteurin <em>WirtschaftsWoche<\/em>), Barbara Kux (Aufsichtsr\u00e4tin von Henkel und Total) und Jochen Wegner (Chefredakteur von ZEIT ONLINE). Die Juroren w\u00e4hlten die Sieger aus insgesamt \u00fcber 140 Bewerbungen aus.<\/p>\n","protected":false},"excerpt":{"rendered":"<p>Das Investigativteam von ZEIT ONLINE ist mit dem Georg von Holtzbrinck-Preis f\u00fcr Wirtschaftspublizistik ausgezeichnet worden. In der Kategorie Online wurde der Preis f\u00fcr die 7-teilige Serie &#8222;Gro\u00dfstadt\u00e4rzte&#8220; verliehen. Ressortleiter Karsten Polke-Majewski und sein Team analysierten die Zusammenh\u00e4nge zwischen der Kaufkraft bestimmter Regionen und ihrer medizinischen Versorgung. Das Fazit: Die Medizin folgt dem Geld.<\/p>\n","protected":false},"author":340,"featured_media":0,"comment_status":"open","ping_status":"closed","sticky":false,"template":"","format":"standard","meta":{"_jetpack_memberships_contains_paid_content":false,"footnotes":""},"categories":[1],"tags":[],"class_list":["post-1573","post","type-post","status-publish","format-standard","hentry","category-allgemein"],"yoast_head":"<!-- This site is optimized with the Yoast SEO plugin v21.0 - https:\/\/yoast.com\/wordpress\/plugins\/seo\/ -->\n<title>Georg von Holtzbrinck-Preis f\u00fcr Investigativprojekt &quot;Gro\u00dfstadt\u00e4rzte&quot; - ZEITansage<\/title>\n<meta name=\"robots\" content=\"index, follow, max-snippet:-1, max-image-preview:large, max-video-preview:-1\" \/>\n<link rel=\"canonical\" href=\"https:\/\/blog.zeit.de\/zeitansage\/2014\/11\/28\/georg-von-holtzbrinck-preis-fuer-investigativprojekt-grossstadtaerzte_1573\" \/>\n<meta property=\"og:locale\" content=\"de_DE\" \/>\n<meta property=\"og:type\" content=\"article\" \/>\n<meta property=\"og:title\" content=\"Georg von Holtzbrinck-Preis f\u00fcr Investigativprojekt &quot;Gro\u00dfstadt\u00e4rzte&quot; - ZEITansage\" \/>\n<meta property=\"og:description\" content=\"Das Investigativteam von ZEIT ONLINE ist mit dem Georg von Holtzbrinck-Preis f\u00fcr Wirtschaftspublizistik ausgezeichnet worden. In der Kategorie Online wurde der Preis f\u00fcr die 7-teilige Serie &#8222;Gro\u00dfstadt\u00e4rzte&#8220; verliehen. Ressortleiter Karsten Polke-Majewski und sein Team analysierten die Zusammenh\u00e4nge zwischen der Kaufkraft bestimmter Regionen und ihrer medizinischen Versorgung. Das Fazit: Die Medizin folgt dem Geld.\" \/>\n<meta property=\"og:url\" content=\"https:\/\/blog.zeit.de\/zeitansage\/2014\/11\/28\/georg-von-holtzbrinck-preis-fuer-investigativprojekt-grossstadtaerzte_1573\" \/>\n<meta property=\"og:site_name\" content=\"ZEITansage\" \/>\n<meta property=\"article:published_time\" content=\"2014-11-28T16:24:41+00:00\" \/>\n<meta property=\"article:modified_time\" content=\"2015-04-15T10:04:30+00:00\" \/>\n<meta property=\"og:image\" content=\"https:\/\/blog.zeit.de\/zeitansage\/files\/2014\/11\/preisverleihung.jpg\" \/>\n<meta name=\"author\" content=\"Domenika Ahlrichs\" \/>\n<meta name=\"twitter:label1\" content=\"Geschrieben von\" \/>\n\t<meta name=\"twitter:data1\" content=\"Domenika Ahlrichs\" \/>\n\t<meta name=\"twitter:label2\" content=\"Gesch\u00e4tzte Lesezeit\" \/>\n\t<meta name=\"twitter:data2\" content=\"1\u00a0Minute\" \/>\n<script type=\"application\/ld+json\" class=\"yoast-schema-graph\">{\"@context\":\"https:\/\/schema.org\",\"@graph\":[{\"@type\":\"WebPage\",\"@id\":\"https:\/\/blog.zeit.de\/zeitansage\/2014\/11\/28\/georg-von-holtzbrinck-preis-fuer-investigativprojekt-grossstadtaerzte_1573\",\"url\":\"https:\/\/blog.zeit.de\/zeitansage\/2014\/11\/28\/georg-von-holtzbrinck-preis-fuer-investigativprojekt-grossstadtaerzte_1573\",\"name\":\"Georg von Holtzbrinck-Preis f\u00fcr Investigativprojekt \\\"Gro\u00dfstadt\u00e4rzte\\\" - ZEITansage\",\"isPartOf\":{\"@id\":\"https:\/\/blog.zeit.de\/zeitansage\/#website\"},\"datePublished\":\"2014-11-28T16:24:41+00:00\",\"dateModified\":\"2015-04-15T10:04:30+00:00\",\"author\":{\"@id\":\"https:\/\/blog.zeit.de\/zeitansage\/#\/schema\/person\/4c90c89f5b83b5e0e88e68b4b2486bd8\"},\"breadcrumb\":{\"@id\":\"https:\/\/blog.zeit.de\/zeitansage\/2014\/11\/28\/georg-von-holtzbrinck-preis-fuer-investigativprojekt-grossstadtaerzte_1573#breadcrumb\"},\"inLanguage\":\"de\",\"potentialAction\":[{\"@type\":\"ReadAction\",\"target\":[\"https:\/\/blog.zeit.de\/zeitansage\/2014\/11\/28\/georg-von-holtzbrinck-preis-fuer-investigativprojekt-grossstadtaerzte_1573\"]}]},{\"@type\":\"BreadcrumbList\",\"@id\":\"https:\/\/blog.zeit.de\/zeitansage\/2014\/11\/28\/georg-von-holtzbrinck-preis-fuer-investigativprojekt-grossstadtaerzte_1573#breadcrumb\",\"itemListElement\":[{\"@type\":\"ListItem\",\"position\":1,\"name\":\"Startseite\",\"item\":\"https:\/\/blog.zeit.de\/zeitansage\"},{\"@type\":\"ListItem\",\"position\":2,\"name\":\"Georg von Holtzbrinck-Preis f\u00fcr Investigativprojekt &#8222;Gro\u00dfstadt\u00e4rzte&#8220;\"}]},{\"@type\":\"WebSite\",\"@id\":\"https:\/\/blog.zeit.de\/zeitansage\/#website\",\"url\":\"https:\/\/blog.zeit.de\/zeitansage\/\",\"name\":\"ZEITansage\",\"description\":\"Hier bloggt die Redaktion. Ein Fenster ins Innenleben von ZEIT ONLINE\",\"potentialAction\":[{\"@type\":\"SearchAction\",\"target\":{\"@type\":\"EntryPoint\",\"urlTemplate\":\"https:\/\/blog.zeit.de\/zeitansage\/?s={search_term_string}\"},\"query-input\":\"required name=search_term_string\"}],\"inLanguage\":\"de\"},{\"@type\":\"Person\",\"@id\":\"https:\/\/blog.zeit.de\/zeitansage\/#\/schema\/person\/4c90c89f5b83b5e0e88e68b4b2486bd8\",\"name\":\"Domenika Ahlrichs\",\"image\":{\"@type\":\"ImageObject\",\"inLanguage\":\"de\",\"@id\":\"https:\/\/blog.zeit.de\/zeitansage\/#\/schema\/person\/image\/\",\"url\":\"https:\/\/secure.gravatar.com\/avatar\/c99d0163647380b97db9b85e1482c505d4b37d438a25639035a7c4143c225a3b?s=96&d=mm&r=g\",\"contentUrl\":\"https:\/\/secure.gravatar.com\/avatar\/c99d0163647380b97db9b85e1482c505d4b37d438a25639035a7c4143c225a3b?s=96&d=mm&r=g\",\"caption\":\"Domenika Ahlrichs\"},\"url\":\"https:\/\/blog.zeit.de\/zeitansage\/author\/dahlrichs\"}]}<\/script>\n<!-- \/ Yoast SEO plugin. -->","yoast_head_json":{"title":"Georg von Holtzbrinck-Preis f\u00fcr Investigativprojekt \"Gro\u00dfstadt\u00e4rzte\" - ZEITansage","robots":{"index":"index","follow":"follow","max-snippet":"max-snippet:-1","max-image-preview":"max-image-preview:large","max-video-preview":"max-video-preview:-1"},"canonical":"https:\/\/blog.zeit.de\/zeitansage\/2014\/11\/28\/georg-von-holtzbrinck-preis-fuer-investigativprojekt-grossstadtaerzte_1573","og_locale":"de_DE","og_type":"article","og_title":"Georg von Holtzbrinck-Preis f\u00fcr Investigativprojekt \"Gro\u00dfstadt\u00e4rzte\" - ZEITansage","og_description":"Das Investigativteam von ZEIT ONLINE ist mit dem Georg von Holtzbrinck-Preis f\u00fcr Wirtschaftspublizistik ausgezeichnet worden. In der Kategorie Online wurde der Preis f\u00fcr die 7-teilige Serie &#8222;Gro\u00dfstadt\u00e4rzte&#8220; verliehen. Ressortleiter Karsten Polke-Majewski und sein Team analysierten die Zusammenh\u00e4nge zwischen der Kaufkraft bestimmter Regionen und ihrer medizinischen Versorgung. Das Fazit: Die Medizin folgt dem Geld.","og_url":"https:\/\/blog.zeit.de\/zeitansage\/2014\/11\/28\/georg-von-holtzbrinck-preis-fuer-investigativprojekt-grossstadtaerzte_1573","og_site_name":"ZEITansage","article_published_time":"2014-11-28T16:24:41+00:00","article_modified_time":"2015-04-15T10:04:30+00:00","og_image":[{"url":"https:\/\/blog.zeit.de\/zeitansage\/files\/2014\/11\/preisverleihung.jpg"}],"author":"Domenika Ahlrichs","twitter_misc":{"Geschrieben von":"Domenika Ahlrichs","Gesch\u00e4tzte Lesezeit":"1\u00a0Minute"},"schema":{"@context":"https:\/\/schema.org","@graph":[{"@type":"WebPage","@id":"https:\/\/blog.zeit.de\/zeitansage\/2014\/11\/28\/georg-von-holtzbrinck-preis-fuer-investigativprojekt-grossstadtaerzte_1573","url":"https:\/\/blog.zeit.de\/zeitansage\/2014\/11\/28\/georg-von-holtzbrinck-preis-fuer-investigativprojekt-grossstadtaerzte_1573","name":"Georg von Holtzbrinck-Preis f\u00fcr Investigativprojekt \"Gro\u00dfstadt\u00e4rzte\" - ZEITansage","isPartOf":{"@id":"https:\/\/blog.zeit.de\/zeitansage\/#website"},"datePublished":"2014-11-28T16:24:41+00:00","dateModified":"2015-04-15T10:04:30+00:00","author":{"@id":"https:\/\/blog.zeit.de\/zeitansage\/#\/schema\/person\/4c90c89f5b83b5e0e88e68b4b2486bd8"},"breadcrumb":{"@id":"https:\/\/blog.zeit.de\/zeitansage\/2014\/11\/28\/georg-von-holtzbrinck-preis-fuer-investigativprojekt-grossstadtaerzte_1573#breadcrumb"},"inLanguage":"de","potentialAction":[{"@type":"ReadAction","target":["https:\/\/blog.zeit.de\/zeitansage\/2014\/11\/28\/georg-von-holtzbrinck-preis-fuer-investigativprojekt-grossstadtaerzte_1573"]}]},{"@type":"BreadcrumbList","@id":"https:\/\/blog.zeit.de\/zeitansage\/2014\/11\/28\/georg-von-holtzbrinck-preis-fuer-investigativprojekt-grossstadtaerzte_1573#breadcrumb","itemListElement":[{"@type":"ListItem","position":1,"name":"Startseite","item":"https:\/\/blog.zeit.de\/zeitansage"},{"@type":"ListItem","position":2,"name":"Georg von Holtzbrinck-Preis f\u00fcr Investigativprojekt &#8222;Gro\u00dfstadt\u00e4rzte&#8220;"}]},{"@type":"WebSite","@id":"https:\/\/blog.zeit.de\/zeitansage\/#website","url":"https:\/\/blog.zeit.de\/zeitansage\/","name":"ZEITansage","description":"Hier bloggt die Redaktion. Ein Fenster ins Innenleben von ZEIT ONLINE","potentialAction":[{"@type":"SearchAction","target":{"@type":"EntryPoint","urlTemplate":"https:\/\/blog.zeit.de\/zeitansage\/?s={search_term_string}"},"query-input":"required name=search_term_string"}],"inLanguage":"de"},{"@type":"Person","@id":"https:\/\/blog.zeit.de\/zeitansage\/#\/schema\/person\/4c90c89f5b83b5e0e88e68b4b2486bd8","name":"Domenika Ahlrichs","image":{"@type":"ImageObject","inLanguage":"de","@id":"https:\/\/blog.zeit.de\/zeitansage\/#\/schema\/person\/image\/","url":"https:\/\/secure.gravatar.com\/avatar\/c99d0163647380b97db9b85e1482c505d4b37d438a25639035a7c4143c225a3b?s=96&d=mm&r=g","contentUrl":"https:\/\/secure.gravatar.com\/avatar\/c99d0163647380b97db9b85e1482c505d4b37d438a25639035a7c4143c225a3b?s=96&d=mm&r=g","caption":"Domenika Ahlrichs"},"url":"https:\/\/blog.zeit.de\/zeitansage\/author\/dahlrichs"}]}},"jetpack_featured_media_url":"","jetpack_sharing_enabled":true,"_links":{"self":[{"href":"https:\/\/blog.zeit.de\/zeitansage\/wp-json\/wp\/v2\/posts\/1573","targetHints":{"allow":["GET"]}}],"collection":[{"href":"https:\/\/blog.zeit.de\/zeitansage\/wp-json\/wp\/v2\/posts"}],"about":[{"href":"https:\/\/blog.zeit.de\/zeitansage\/wp-json\/wp\/v2\/types\/post"}],"author":[{"embeddable":true,"href":"https:\/\/blog.zeit.de\/zeitansage\/wp-json\/wp\/v2\/users\/340"}],"replies":[{"embeddable":true,"href":"https:\/\/blog.zeit.de\/zeitansage\/wp-json\/wp\/v2\/comments?post=1573"}],"version-history":[{"count":10,"href":"https:\/\/blog.zeit.de\/zeitansage\/wp-json\/wp\/v2\/posts\/1573\/revisions"}],"predecessor-version":[{"id":1592,"href":"https:\/\/blog.zeit.de\/zeitansage\/wp-json\/wp\/v2\/posts\/1573\/revisions\/1592"}],"wp:attachment":[{"href":"https:\/\/blog.zeit.de\/zeitansage\/wp-json\/wp\/v2\/media?parent=1573"}],"wp:term":[{"taxonomy":"category","embeddable":true,"href":"https:\/\/blog.zeit.de\/zeitansage\/wp-json\/wp\/v2\/categories?post=1573"},{"taxonomy":"post_tag","embeddable":true,"href":"https:\/\/blog.zeit.de\/zeitansage\/wp-json\/wp\/v2\/tags?post=1573"}],"curies":[{"name":"wp","href":"https:\/\/api.w.org\/{rel}","templated":true}]}}