{"id":1627,"date":"2015-04-29T12:05:48","date_gmt":"2015-04-29T10:05:48","guid":{"rendered":"http:\/\/blog.zeit.de\/zeitansage\/?p=1627"},"modified":"2015-04-29T13:28:35","modified_gmt":"2015-04-29T11:28:35","slug":"wer-darf-leben-fuer-grimme-online-award-nominiert","status":"publish","type":"post","link":"https:\/\/blog.zeit.de\/zeitansage\/2015\/04\/29\/wer-darf-leben-fuer-grimme-online-award-nominiert_1627","title":{"rendered":"\u201cWer darf leben?\u201d f\u00fcr Grimme Online Award nominiert"},"content":{"rendered":"<p>Eines unserer am meisten beachteten journalistischen Projekte in diesem Jahr ist f\u00fcr den <a href=\"http:\/\/www.grimme-institut.de\/html\/index.php?id=180\">Grimme Online Award<\/a> in der Kategorie Information nominiert. Mit dem Preis zeichnet eine unabh\u00e4ngige Jury herausragende Arbeiten\u00a0des Online-Journalismus aus.<\/p>\n<p>Unser Multimedia-Dossier <em><a href=\"http:\/\/www.zeit.de\/werdarfleben\">Wer darf leben?<\/a><\/em> zum Down-Syndrom beleuchtet eine der schwerwiegendsten Fragen, der sich werdende Eltern und Mediziner stellen m\u00fcssen: Neue Gentests erm\u00f6glichen es, Behinderungen viel fr\u00fcher und leichter zu entdecken als bisher. Wie gehen wir damit um?<\/p>\n<p>Unser Multimedia-Dossier erz\u00e4hlt die Geschichte zweier Jungen: &#8222;Benjamin lebt, Luca ist tot.&#8220; In Reportagen, Infografiken und Videos berichtet das Team um unsere Wissen-Ressortleiterin Dagny L\u00fcdemann \u00fcber das Dilemma, in das vorgeburtliche Gentests Paare oft unvorbereitet st\u00fcrzt: Abtreiben oder behalten?<\/p>\n<p>Die starken Reaktionen auf <em>Wer darf leben?<\/em> waren f\u00fcr uns \u00fcberw\u00e4ltigend. Viele Leser waren von unserer Erz\u00e4hlung ber\u00fchrt, sie meldeten sich bei uns, teilten ihre eigenen Erfahrungen mit uns, twitterten Fotos mit Freunden und Angeh\u00f6rigen, die das Down-Syndrom haben.<\/p>\n<p>So hat <em>Wer darf leben?<\/em> eine breite Debatte ausgel\u00f6st und ist das bisher meistgelesene Longform-Projekt von ZEIT ONLINE. Viele Leser <a href=\"http:\/\/www.zeit.de\/wissen\/gesundheit\/2015-01\/behinderung-praenataldiagnostik-schwangerschaft-debatte\">debattierten auf unserer Website<\/a>, auf Facebook oder auf Twitter unter dem Hashtag <a href=\"https:\/\/twitter.com\/hashtag\/werdarfleben?f=realtime\">#werdarfleben<\/a>. Auch andere Medien beteiligten sich.<\/p>\n<p>Einzigartig an diesem Projekt war auch die Sprache: Wohl als erstes Nachrichtenmedium in Deutschland hat ZEIT ONLINE eine umfangreiche Berichterstattung <a href=\"http:\/\/www.zeit.de\/werdarfleben-leichtesprache\">in leichte Sprache \u00fcbersetzen lassen<\/a>. So k\u00f6nnen sich auch Menschen mit geistiger Behinderung oder Lern-Behinderung \u00fcber das Thema informieren, die Reportagen lesen, sich eine Meinung bilden.<\/p>\n<p>Am 18. Juni verleiht das Grimme Institut den Grimme Online Award. Auch ein Publikumspreis wird vergeben. <a href=\"http:\/\/www.tvspielfilm.de\/news-und-specials\/grimme\/abstimmung\/\">Hier k\u00f6nnen Sie mit\u00a0entscheiden, ob <em>Wer darf leben?<\/em> damit ausgezeichnet wird<\/a>.<\/p>\n<p>Hinter dem Multimedia-Dossier steht ein Team von Autoren, Redakteuren, Infografikern, Fotografen, Programmierern, Korrektoren und einer \u00dcbersetzerin. Das Projekt wurde im Rahmen der Masterclass &#8222;Zukunft des Wissenschaftsjournalismus&#8220; der Robert-Bosch-Stiftung und des Reporter-Forums <a href=\"http:\/\/www.bosch-stiftung.de\/content\/language1\/html\/1485.asp\">gef\u00f6rdert<\/a>.<\/p>\n","protected":false},"excerpt":{"rendered":"<p>Eines unserer am meisten beachteten journalistischen Projekte in diesem Jahr ist f\u00fcr den Grimme Online Award in der Kategorie Information nominiert. Mit dem Preis zeichnet eine unabh\u00e4ngige Jury herausragende Arbeiten\u00a0des Online-Journalismus aus. Unser Multimedia-Dossier Wer darf leben? zum Down-Syndrom beleuchtet eine der schwerwiegendsten Fragen, der sich werdende Eltern und Mediziner stellen m\u00fcssen: Neue Gentests erm\u00f6glichen [&hellip;]<\/p>\n","protected":false},"author":405,"featured_media":0,"comment_status":"open","ping_status":"closed","sticky":false,"template":"","format":"standard","meta":{"_jetpack_memberships_contains_paid_content":false,"footnotes":""},"categories":[1],"tags":[],"class_list":["post-1627","post","type-post","status-publish","format-standard","hentry","category-allgemein"],"yoast_head":"<!-- This site is optimized with the Yoast SEO plugin v21.0 - https:\/\/yoast.com\/wordpress\/plugins\/seo\/ -->\n<title>\u201cWer darf leben?\u201d f\u00fcr Grimme Online Award nominiert - ZEITansage<\/title>\n<meta name=\"robots\" content=\"index, follow, max-snippet:-1, max-image-preview:large, max-video-preview:-1\" \/>\n<link rel=\"canonical\" href=\"https:\/\/blog.zeit.de\/zeitansage\/2015\/04\/29\/wer-darf-leben-fuer-grimme-online-award-nominiert_1627\" \/>\n<meta property=\"og:locale\" content=\"de_DE\" \/>\n<meta property=\"og:type\" content=\"article\" \/>\n<meta property=\"og:title\" content=\"\u201cWer darf leben?\u201d f\u00fcr Grimme Online Award nominiert - ZEITansage\" \/>\n<meta property=\"og:description\" content=\"Eines unserer am meisten beachteten journalistischen Projekte in diesem Jahr ist f\u00fcr den Grimme Online Award in der Kategorie Information nominiert. Mit dem Preis zeichnet eine unabh\u00e4ngige Jury herausragende Arbeiten\u00a0des Online-Journalismus aus. Unser Multimedia-Dossier Wer darf leben? zum Down-Syndrom beleuchtet eine der schwerwiegendsten Fragen, der sich werdende Eltern und Mediziner stellen m\u00fcssen: Neue Gentests erm\u00f6glichen [&hellip;]\" \/>\n<meta property=\"og:url\" content=\"https:\/\/blog.zeit.de\/zeitansage\/2015\/04\/29\/wer-darf-leben-fuer-grimme-online-award-nominiert_1627\" \/>\n<meta property=\"og:site_name\" content=\"ZEITansage\" \/>\n<meta property=\"article:published_time\" content=\"2015-04-29T10:05:48+00:00\" \/>\n<meta property=\"article:modified_time\" content=\"2015-04-29T11:28:35+00:00\" \/>\n<meta name=\"author\" content=\"Jochen Wegner\" \/>\n<meta name=\"twitter:label1\" content=\"Geschrieben von\" \/>\n\t<meta name=\"twitter:data1\" content=\"Jochen Wegner\" \/>\n\t<meta name=\"twitter:label2\" content=\"Gesch\u00e4tzte Lesezeit\" \/>\n\t<meta name=\"twitter:data2\" content=\"2\u00a0Minuten\" \/>\n<script type=\"application\/ld+json\" class=\"yoast-schema-graph\">{\"@context\":\"https:\/\/schema.org\",\"@graph\":[{\"@type\":\"WebPage\",\"@id\":\"https:\/\/blog.zeit.de\/zeitansage\/2015\/04\/29\/wer-darf-leben-fuer-grimme-online-award-nominiert_1627\",\"url\":\"https:\/\/blog.zeit.de\/zeitansage\/2015\/04\/29\/wer-darf-leben-fuer-grimme-online-award-nominiert_1627\",\"name\":\"\u201cWer darf leben?\u201d f\u00fcr Grimme Online Award nominiert - ZEITansage\",\"isPartOf\":{\"@id\":\"https:\/\/blog.zeit.de\/zeitansage\/#website\"},\"datePublished\":\"2015-04-29T10:05:48+00:00\",\"dateModified\":\"2015-04-29T11:28:35+00:00\",\"author\":{\"@id\":\"https:\/\/blog.zeit.de\/zeitansage\/#\/schema\/person\/82f6935810400daea06b79b4d9885040\"},\"breadcrumb\":{\"@id\":\"https:\/\/blog.zeit.de\/zeitansage\/2015\/04\/29\/wer-darf-leben-fuer-grimme-online-award-nominiert_1627#breadcrumb\"},\"inLanguage\":\"de\",\"potentialAction\":[{\"@type\":\"ReadAction\",\"target\":[\"https:\/\/blog.zeit.de\/zeitansage\/2015\/04\/29\/wer-darf-leben-fuer-grimme-online-award-nominiert_1627\"]}]},{\"@type\":\"BreadcrumbList\",\"@id\":\"https:\/\/blog.zeit.de\/zeitansage\/2015\/04\/29\/wer-darf-leben-fuer-grimme-online-award-nominiert_1627#breadcrumb\",\"itemListElement\":[{\"@type\":\"ListItem\",\"position\":1,\"name\":\"Startseite\",\"item\":\"https:\/\/blog.zeit.de\/zeitansage\"},{\"@type\":\"ListItem\",\"position\":2,\"name\":\"\u201cWer darf leben?\u201d f\u00fcr Grimme Online Award nominiert\"}]},{\"@type\":\"WebSite\",\"@id\":\"https:\/\/blog.zeit.de\/zeitansage\/#website\",\"url\":\"https:\/\/blog.zeit.de\/zeitansage\/\",\"name\":\"ZEITansage\",\"description\":\"Hier bloggt die Redaktion. Ein Fenster ins Innenleben von ZEIT ONLINE\",\"potentialAction\":[{\"@type\":\"SearchAction\",\"target\":{\"@type\":\"EntryPoint\",\"urlTemplate\":\"https:\/\/blog.zeit.de\/zeitansage\/?s={search_term_string}\"},\"query-input\":\"required name=search_term_string\"}],\"inLanguage\":\"de\"},{\"@type\":\"Person\",\"@id\":\"https:\/\/blog.zeit.de\/zeitansage\/#\/schema\/person\/82f6935810400daea06b79b4d9885040\",\"name\":\"Jochen Wegner\",\"image\":{\"@type\":\"ImageObject\",\"inLanguage\":\"de\",\"@id\":\"https:\/\/blog.zeit.de\/zeitansage\/#\/schema\/person\/image\/\",\"url\":\"https:\/\/secure.gravatar.com\/avatar\/ede9e7eaa2d11a60d6c4be5c8ed9b71621c06f308727782dfc78ef3f46b6922f?s=96&d=mm&r=g\",\"contentUrl\":\"https:\/\/secure.gravatar.com\/avatar\/ede9e7eaa2d11a60d6c4be5c8ed9b71621c06f308727782dfc78ef3f46b6922f?s=96&d=mm&r=g\",\"caption\":\"Jochen Wegner\"},\"description\":\"ist Chefredakteur von ZEIT ONLINE.\",\"url\":\"https:\/\/blog.zeit.de\/zeitansage\/author\/jochenwegner\"}]}<\/script>\n<!-- \/ Yoast SEO plugin. -->","yoast_head_json":{"title":"\u201cWer darf leben?\u201d f\u00fcr Grimme Online Award nominiert - ZEITansage","robots":{"index":"index","follow":"follow","max-snippet":"max-snippet:-1","max-image-preview":"max-image-preview:large","max-video-preview":"max-video-preview:-1"},"canonical":"https:\/\/blog.zeit.de\/zeitansage\/2015\/04\/29\/wer-darf-leben-fuer-grimme-online-award-nominiert_1627","og_locale":"de_DE","og_type":"article","og_title":"\u201cWer darf leben?\u201d f\u00fcr Grimme Online Award nominiert - ZEITansage","og_description":"Eines unserer am meisten beachteten journalistischen Projekte in diesem Jahr ist f\u00fcr den Grimme Online Award in der Kategorie Information nominiert. Mit dem Preis zeichnet eine unabh\u00e4ngige Jury herausragende Arbeiten\u00a0des Online-Journalismus aus. Unser Multimedia-Dossier Wer darf leben? zum Down-Syndrom beleuchtet eine der schwerwiegendsten Fragen, der sich werdende Eltern und Mediziner stellen m\u00fcssen: Neue Gentests erm\u00f6glichen [&hellip;]","og_url":"https:\/\/blog.zeit.de\/zeitansage\/2015\/04\/29\/wer-darf-leben-fuer-grimme-online-award-nominiert_1627","og_site_name":"ZEITansage","article_published_time":"2015-04-29T10:05:48+00:00","article_modified_time":"2015-04-29T11:28:35+00:00","author":"Jochen Wegner","twitter_misc":{"Geschrieben von":"Jochen Wegner","Gesch\u00e4tzte Lesezeit":"2\u00a0Minuten"},"schema":{"@context":"https:\/\/schema.org","@graph":[{"@type":"WebPage","@id":"https:\/\/blog.zeit.de\/zeitansage\/2015\/04\/29\/wer-darf-leben-fuer-grimme-online-award-nominiert_1627","url":"https:\/\/blog.zeit.de\/zeitansage\/2015\/04\/29\/wer-darf-leben-fuer-grimme-online-award-nominiert_1627","name":"\u201cWer darf leben?\u201d f\u00fcr Grimme Online Award nominiert - ZEITansage","isPartOf":{"@id":"https:\/\/blog.zeit.de\/zeitansage\/#website"},"datePublished":"2015-04-29T10:05:48+00:00","dateModified":"2015-04-29T11:28:35+00:00","author":{"@id":"https:\/\/blog.zeit.de\/zeitansage\/#\/schema\/person\/82f6935810400daea06b79b4d9885040"},"breadcrumb":{"@id":"https:\/\/blog.zeit.de\/zeitansage\/2015\/04\/29\/wer-darf-leben-fuer-grimme-online-award-nominiert_1627#breadcrumb"},"inLanguage":"de","potentialAction":[{"@type":"ReadAction","target":["https:\/\/blog.zeit.de\/zeitansage\/2015\/04\/29\/wer-darf-leben-fuer-grimme-online-award-nominiert_1627"]}]},{"@type":"BreadcrumbList","@id":"https:\/\/blog.zeit.de\/zeitansage\/2015\/04\/29\/wer-darf-leben-fuer-grimme-online-award-nominiert_1627#breadcrumb","itemListElement":[{"@type":"ListItem","position":1,"name":"Startseite","item":"https:\/\/blog.zeit.de\/zeitansage"},{"@type":"ListItem","position":2,"name":"\u201cWer darf leben?\u201d f\u00fcr Grimme Online Award nominiert"}]},{"@type":"WebSite","@id":"https:\/\/blog.zeit.de\/zeitansage\/#website","url":"https:\/\/blog.zeit.de\/zeitansage\/","name":"ZEITansage","description":"Hier bloggt die Redaktion. Ein Fenster ins Innenleben von ZEIT ONLINE","potentialAction":[{"@type":"SearchAction","target":{"@type":"EntryPoint","urlTemplate":"https:\/\/blog.zeit.de\/zeitansage\/?s={search_term_string}"},"query-input":"required name=search_term_string"}],"inLanguage":"de"},{"@type":"Person","@id":"https:\/\/blog.zeit.de\/zeitansage\/#\/schema\/person\/82f6935810400daea06b79b4d9885040","name":"Jochen Wegner","image":{"@type":"ImageObject","inLanguage":"de","@id":"https:\/\/blog.zeit.de\/zeitansage\/#\/schema\/person\/image\/","url":"https:\/\/secure.gravatar.com\/avatar\/ede9e7eaa2d11a60d6c4be5c8ed9b71621c06f308727782dfc78ef3f46b6922f?s=96&d=mm&r=g","contentUrl":"https:\/\/secure.gravatar.com\/avatar\/ede9e7eaa2d11a60d6c4be5c8ed9b71621c06f308727782dfc78ef3f46b6922f?s=96&d=mm&r=g","caption":"Jochen Wegner"},"description":"ist Chefredakteur von ZEIT ONLINE.","url":"https:\/\/blog.zeit.de\/zeitansage\/author\/jochenwegner"}]}},"jetpack_featured_media_url":"","jetpack_sharing_enabled":true,"_links":{"self":[{"href":"https:\/\/blog.zeit.de\/zeitansage\/wp-json\/wp\/v2\/posts\/1627","targetHints":{"allow":["GET"]}}],"collection":[{"href":"https:\/\/blog.zeit.de\/zeitansage\/wp-json\/wp\/v2\/posts"}],"about":[{"href":"https:\/\/blog.zeit.de\/zeitansage\/wp-json\/wp\/v2\/types\/post"}],"author":[{"embeddable":true,"href":"https:\/\/blog.zeit.de\/zeitansage\/wp-json\/wp\/v2\/users\/405"}],"replies":[{"embeddable":true,"href":"https:\/\/blog.zeit.de\/zeitansage\/wp-json\/wp\/v2\/comments?post=1627"}],"version-history":[{"count":9,"href":"https:\/\/blog.zeit.de\/zeitansage\/wp-json\/wp\/v2\/posts\/1627\/revisions"}],"predecessor-version":[{"id":1642,"href":"https:\/\/blog.zeit.de\/zeitansage\/wp-json\/wp\/v2\/posts\/1627\/revisions\/1642"}],"wp:attachment":[{"href":"https:\/\/blog.zeit.de\/zeitansage\/wp-json\/wp\/v2\/media?parent=1627"}],"wp:term":[{"taxonomy":"category","embeddable":true,"href":"https:\/\/blog.zeit.de\/zeitansage\/wp-json\/wp\/v2\/categories?post=1627"},{"taxonomy":"post_tag","embeddable":true,"href":"https:\/\/blog.zeit.de\/zeitansage\/wp-json\/wp\/v2\/tags?post=1627"}],"curies":[{"name":"wp","href":"https:\/\/api.w.org\/{rel}","templated":true}]}}