{"id":239,"date":"2009-09-11T20:58:31","date_gmt":"2009-09-11T18:58:31","guid":{"rendered":"http:\/\/blog.zeit.de\/zeitansage\/?p=239"},"modified":"2009-09-11T20:58:31","modified_gmt":"2009-09-11T18:58:31","slug":"relaunch-faq","status":"publish","type":"post","link":"https:\/\/blog.zeit.de\/zeitansage\/2009\/09\/11\/relaunch-faq_239","title":{"rendered":"Relaunch-FAQ"},"content":{"rendered":"<p>Seit unserem Relaunch am 5. September haben uns viele R\u00fcckmeldungen von Ihnen erreicht, darunter zahlreiche Verbesserungsvorschl\u00e4ge und wertvolle Tipps. Nachdem wir in den letzten Tagen sehr viele Anfragen von Leserinnen und Lesern einzeln beantwortet haben, hier noch einmal die wichtigsten <a href=\"http:\/\/www.zeit.de\/administratives\/2009-09\/faq-relaunch\">Fragen und Antworten f\u00fcr Sie in einem \u00fcbersichtlicheren FAQ<\/a>.<\/p>\n<p>An dieser Stelle auch noch einmal herzlichen Dank f\u00fcr die vielen hilfreichen Hinweise. Bei diesem Relaunch mussten mehr als eine halbe Million Dokumente in ein neues Layout \u00fcbertragen werden. Ohne Ihre Mithilfe h\u00e4tten wir viele kleine und gr\u00f6\u00dfere Fehlfunktionen l\u00e4ngst nicht so schnell erfassen k\u00f6nnen. Danke!<\/p>\n","protected":false},"excerpt":{"rendered":"<p>Seit unserem Relaunch am 5. September haben uns viele R\u00fcckmeldungen von Ihnen erreicht, darunter zahlreiche Verbesserungsvorschl\u00e4ge und wertvolle Tipps. Nachdem wir in den letzten Tagen sehr viele Anfragen von Leserinnen und Lesern einzeln beantwortet haben, hier noch einmal die wichtigsten Fragen und Antworten f\u00fcr Sie in einem \u00fcbersichtlicheren FAQ. An dieser Stelle auch noch einmal [&hellip;]<\/p>\n","protected":false},"author":149,"featured_media":0,"comment_status":"open","ping_status":"closed","sticky":false,"template":"","format":"standard","meta":{"_jetpack_memberships_contains_paid_content":false,"footnotes":""},"categories":[923,924],"tags":[],"class_list":["post-239","post","type-post","status-publish","format-standard","hentry","category-tagesgeschaft","category-usability"],"yoast_head":"<!-- This site is optimized with the Yoast SEO plugin v21.0 - https:\/\/yoast.com\/wordpress\/plugins\/seo\/ -->\n<title>Relaunch-FAQ - ZEITansage<\/title>\n<meta name=\"robots\" content=\"index, follow, max-snippet:-1, max-image-preview:large, max-video-preview:-1\" \/>\n<link rel=\"canonical\" href=\"https:\/\/blog.zeit.de\/zeitansage\/2009\/09\/11\/relaunch-faq_239\" \/>\n<meta property=\"og:locale\" content=\"de_DE\" \/>\n<meta property=\"og:type\" content=\"article\" \/>\n<meta property=\"og:title\" content=\"Relaunch-FAQ - ZEITansage\" \/>\n<meta property=\"og:description\" content=\"Seit unserem Relaunch am 5. September haben uns viele R\u00fcckmeldungen von Ihnen erreicht, darunter zahlreiche Verbesserungsvorschl\u00e4ge und wertvolle Tipps. Nachdem wir in den letzten Tagen sehr viele Anfragen von Leserinnen und Lesern einzeln beantwortet haben, hier noch einmal die wichtigsten Fragen und Antworten f\u00fcr Sie in einem \u00fcbersichtlicheren FAQ. An dieser Stelle auch noch einmal [&hellip;]\" \/>\n<meta property=\"og:url\" content=\"https:\/\/blog.zeit.de\/zeitansage\/2009\/09\/11\/relaunch-faq_239\" \/>\n<meta property=\"og:site_name\" content=\"ZEITansage\" \/>\n<meta property=\"article:published_time\" content=\"2009-09-11T18:58:31+00:00\" \/>\n<meta name=\"author\" content=\"Wolfgang Blau\" \/>\n<meta name=\"twitter:label1\" content=\"Geschrieben von\" \/>\n\t<meta name=\"twitter:data1\" content=\"Wolfgang Blau\" \/>\n\t<meta name=\"twitter:label2\" content=\"Gesch\u00e4tzte Lesezeit\" \/>\n\t<meta name=\"twitter:data2\" content=\"1\u00a0Minute\" \/>\n<script type=\"application\/ld+json\" class=\"yoast-schema-graph\">{\"@context\":\"https:\/\/schema.org\",\"@graph\":[{\"@type\":\"WebPage\",\"@id\":\"https:\/\/blog.zeit.de\/zeitansage\/2009\/09\/11\/relaunch-faq_239\",\"url\":\"https:\/\/blog.zeit.de\/zeitansage\/2009\/09\/11\/relaunch-faq_239\",\"name\":\"Relaunch-FAQ - ZEITansage\",\"isPartOf\":{\"@id\":\"https:\/\/blog.zeit.de\/zeitansage\/#website\"},\"datePublished\":\"2009-09-11T18:58:31+00:00\",\"dateModified\":\"2009-09-11T18:58:31+00:00\",\"author\":{\"@id\":\"https:\/\/blog.zeit.de\/zeitansage\/#\/schema\/person\/5c2060eae7898b56934c296c1ef5d5c1\"},\"breadcrumb\":{\"@id\":\"https:\/\/blog.zeit.de\/zeitansage\/2009\/09\/11\/relaunch-faq_239#breadcrumb\"},\"inLanguage\":\"de\",\"potentialAction\":[{\"@type\":\"ReadAction\",\"target\":[\"https:\/\/blog.zeit.de\/zeitansage\/2009\/09\/11\/relaunch-faq_239\"]}]},{\"@type\":\"BreadcrumbList\",\"@id\":\"https:\/\/blog.zeit.de\/zeitansage\/2009\/09\/11\/relaunch-faq_239#breadcrumb\",\"itemListElement\":[{\"@type\":\"ListItem\",\"position\":1,\"name\":\"Startseite\",\"item\":\"https:\/\/blog.zeit.de\/zeitansage\"},{\"@type\":\"ListItem\",\"position\":2,\"name\":\"Relaunch-FAQ\"}]},{\"@type\":\"WebSite\",\"@id\":\"https:\/\/blog.zeit.de\/zeitansage\/#website\",\"url\":\"https:\/\/blog.zeit.de\/zeitansage\/\",\"name\":\"ZEITansage\",\"description\":\"Hier bloggt die Redaktion. Ein Fenster ins Innenleben von ZEIT ONLINE\",\"potentialAction\":[{\"@type\":\"SearchAction\",\"target\":{\"@type\":\"EntryPoint\",\"urlTemplate\":\"https:\/\/blog.zeit.de\/zeitansage\/?s={search_term_string}\"},\"query-input\":\"required name=search_term_string\"}],\"inLanguage\":\"de\"},{\"@type\":\"Person\",\"@id\":\"https:\/\/blog.zeit.de\/zeitansage\/#\/schema\/person\/5c2060eae7898b56934c296c1ef5d5c1\",\"name\":\"Wolfgang Blau\",\"image\":{\"@type\":\"ImageObject\",\"inLanguage\":\"de\",\"@id\":\"https:\/\/blog.zeit.de\/zeitansage\/#\/schema\/person\/image\/\",\"url\":\"https:\/\/secure.gravatar.com\/avatar\/e30ec7eaaefb9145296751a97004918bf4ded43ea2bfd5ef33b28396e6bce765?s=96&d=mm&r=g\",\"contentUrl\":\"https:\/\/secure.gravatar.com\/avatar\/e30ec7eaaefb9145296751a97004918bf4ded43ea2bfd5ef33b28396e6bce765?s=96&d=mm&r=g\",\"caption\":\"Wolfgang Blau\"},\"url\":\"https:\/\/blog.zeit.de\/zeitansage\/author\/wolfgang-blau\"}]}<\/script>\n<!-- \/ Yoast SEO plugin. -->","yoast_head_json":{"title":"Relaunch-FAQ - ZEITansage","robots":{"index":"index","follow":"follow","max-snippet":"max-snippet:-1","max-image-preview":"max-image-preview:large","max-video-preview":"max-video-preview:-1"},"canonical":"https:\/\/blog.zeit.de\/zeitansage\/2009\/09\/11\/relaunch-faq_239","og_locale":"de_DE","og_type":"article","og_title":"Relaunch-FAQ - ZEITansage","og_description":"Seit unserem Relaunch am 5. September haben uns viele R\u00fcckmeldungen von Ihnen erreicht, darunter zahlreiche Verbesserungsvorschl\u00e4ge und wertvolle Tipps. Nachdem wir in den letzten Tagen sehr viele Anfragen von Leserinnen und Lesern einzeln beantwortet haben, hier noch einmal die wichtigsten Fragen und Antworten f\u00fcr Sie in einem \u00fcbersichtlicheren FAQ. An dieser Stelle auch noch einmal [&hellip;]","og_url":"https:\/\/blog.zeit.de\/zeitansage\/2009\/09\/11\/relaunch-faq_239","og_site_name":"ZEITansage","article_published_time":"2009-09-11T18:58:31+00:00","author":"Wolfgang Blau","twitter_misc":{"Geschrieben von":"Wolfgang Blau","Gesch\u00e4tzte Lesezeit":"1\u00a0Minute"},"schema":{"@context":"https:\/\/schema.org","@graph":[{"@type":"WebPage","@id":"https:\/\/blog.zeit.de\/zeitansage\/2009\/09\/11\/relaunch-faq_239","url":"https:\/\/blog.zeit.de\/zeitansage\/2009\/09\/11\/relaunch-faq_239","name":"Relaunch-FAQ - ZEITansage","isPartOf":{"@id":"https:\/\/blog.zeit.de\/zeitansage\/#website"},"datePublished":"2009-09-11T18:58:31+00:00","dateModified":"2009-09-11T18:58:31+00:00","author":{"@id":"https:\/\/blog.zeit.de\/zeitansage\/#\/schema\/person\/5c2060eae7898b56934c296c1ef5d5c1"},"breadcrumb":{"@id":"https:\/\/blog.zeit.de\/zeitansage\/2009\/09\/11\/relaunch-faq_239#breadcrumb"},"inLanguage":"de","potentialAction":[{"@type":"ReadAction","target":["https:\/\/blog.zeit.de\/zeitansage\/2009\/09\/11\/relaunch-faq_239"]}]},{"@type":"BreadcrumbList","@id":"https:\/\/blog.zeit.de\/zeitansage\/2009\/09\/11\/relaunch-faq_239#breadcrumb","itemListElement":[{"@type":"ListItem","position":1,"name":"Startseite","item":"https:\/\/blog.zeit.de\/zeitansage"},{"@type":"ListItem","position":2,"name":"Relaunch-FAQ"}]},{"@type":"WebSite","@id":"https:\/\/blog.zeit.de\/zeitansage\/#website","url":"https:\/\/blog.zeit.de\/zeitansage\/","name":"ZEITansage","description":"Hier bloggt die Redaktion. Ein Fenster ins Innenleben von ZEIT ONLINE","potentialAction":[{"@type":"SearchAction","target":{"@type":"EntryPoint","urlTemplate":"https:\/\/blog.zeit.de\/zeitansage\/?s={search_term_string}"},"query-input":"required name=search_term_string"}],"inLanguage":"de"},{"@type":"Person","@id":"https:\/\/blog.zeit.de\/zeitansage\/#\/schema\/person\/5c2060eae7898b56934c296c1ef5d5c1","name":"Wolfgang Blau","image":{"@type":"ImageObject","inLanguage":"de","@id":"https:\/\/blog.zeit.de\/zeitansage\/#\/schema\/person\/image\/","url":"https:\/\/secure.gravatar.com\/avatar\/e30ec7eaaefb9145296751a97004918bf4ded43ea2bfd5ef33b28396e6bce765?s=96&d=mm&r=g","contentUrl":"https:\/\/secure.gravatar.com\/avatar\/e30ec7eaaefb9145296751a97004918bf4ded43ea2bfd5ef33b28396e6bce765?s=96&d=mm&r=g","caption":"Wolfgang Blau"},"url":"https:\/\/blog.zeit.de\/zeitansage\/author\/wolfgang-blau"}]}},"jetpack_featured_media_url":"","jetpack_sharing_enabled":true,"_links":{"self":[{"href":"https:\/\/blog.zeit.de\/zeitansage\/wp-json\/wp\/v2\/posts\/239","targetHints":{"allow":["GET"]}}],"collection":[{"href":"https:\/\/blog.zeit.de\/zeitansage\/wp-json\/wp\/v2\/posts"}],"about":[{"href":"https:\/\/blog.zeit.de\/zeitansage\/wp-json\/wp\/v2\/types\/post"}],"author":[{"embeddable":true,"href":"https:\/\/blog.zeit.de\/zeitansage\/wp-json\/wp\/v2\/users\/149"}],"replies":[{"embeddable":true,"href":"https:\/\/blog.zeit.de\/zeitansage\/wp-json\/wp\/v2\/comments?post=239"}],"version-history":[{"count":0,"href":"https:\/\/blog.zeit.de\/zeitansage\/wp-json\/wp\/v2\/posts\/239\/revisions"}],"wp:attachment":[{"href":"https:\/\/blog.zeit.de\/zeitansage\/wp-json\/wp\/v2\/media?parent=239"}],"wp:term":[{"taxonomy":"category","embeddable":true,"href":"https:\/\/blog.zeit.de\/zeitansage\/wp-json\/wp\/v2\/categories?post=239"},{"taxonomy":"post_tag","embeddable":true,"href":"https:\/\/blog.zeit.de\/zeitansage\/wp-json\/wp\/v2\/tags?post=239"}],"curies":[{"name":"wp","href":"https:\/\/api.w.org\/{rel}","templated":true}]}}