{"id":246,"date":"2010-01-19T19:38:37","date_gmt":"2010-01-19T18:38:37","guid":{"rendered":"http:\/\/blog.zeit.de\/zeitansage\/?p=246"},"modified":"2010-01-19T19:38:37","modified_gmt":"2010-01-19T18:38:37","slug":"feeds-fur-suchergebnisse-themen-und-serien","status":"publish","type":"post","link":"https:\/\/blog.zeit.de\/zeitansage\/2010\/01\/19\/feeds-fur-suchergebnisse-themen-und-serien_246","title":{"rendered":"Feeds f\u00fcr Suchergebnisse, Themen und Serien"},"content":{"rendered":"<p>Wir haben heute ein Feature freigeschaltet, das sich viele Leserinnen und Leser gew\u00fcnscht hatten &#8211; punktgenaue RSS-Feeds, mit denen man \u00fcber Homepage und Ressorts hinaus auch speziellere Themen im Auge behalten kann.<\/p>\n<p>Ab sofort bieten alle unsere Suchergebnisseiten, die Themenseiten sowie alle Serien ihren eigenen RSS-Feed. Das ist dann hilfreich, wenn Sie bspw. auf dem Laufenden bleiben wollen, ob irgendwo bei Zeit Online <a href=\"http:\/\/www.zeit.de\/suche\/index?q=datenschutz&#038;from=&#038;to=\">Artikel \u00fcber Datenschutz<\/a> ver\u00f6ffentlicht wurden, ob es Neues auf der <a href=\"http:\/\/www.zeit.de\/themen\/wissen\/wissenschaft\/klima\/index\">Themenseite zur Klimadebatte<\/a> gibt oder eine <a href=\"http:\/\/www.zeit.de\/themen\/serie\/index?q=martenstein\">aktuelle Folge von Martenstein<\/a> erschienen ist.<\/p>\n<p>Sie finden den Link zum RSS-Feed am unteren Ende der Seiten (&#8222;Abonnieren:  RSS-Feed&#8220;). Je nach Browser sehen Sie eventuell auch in der Adressleiste oder in den Bedienelementen das orange RSS-Symbol &#8211; mit einem Klick auf das Icon k\u00f6nnen Sie den Feed als Abo speichern, das sich ohne weiteres Zutun aktuell h\u00e4lt.<\/p>\n<p>Viel Spa\u00df mit den zus\u00e4tzlichen Feeds &#8211; sollte es irgendwo wider Erwarten noch haken, lassen Sie es uns bitte wissen. Mehr \u00fcber RSS bei <a href=\"http:\/\/de.wikipedia.org\/wiki\/RSS\">Wikipedia<\/a>.<\/p>\n<p>PS.: F\u00fcr die <a href=\"http:\/\/www.zeit.de\/autoren\/A\/index.xml\">Autorinnen und Autoren<\/a> von ZEIT und ZEIT ONLINE gibt es die Einzelfeeds schon l\u00e4nger. Jeder Autor hat die <a href=\"http:\/\/www.zeit.de\/autoren\/A\/Christoph_Amend\/index.xml\">Sammelseite aller seiner Artikel (hier: Christoph Amend) <\/a> sowie den korrespondierenden <a href=\"http:\/\/newsfeed.zeit.de\/autoren\/A\/Christoph_Amend\/index.xml\">RSS-Feed<\/a>.<\/p>\n","protected":false},"excerpt":{"rendered":"<p>Wir haben heute ein Feature freigeschaltet, das sich viele Leserinnen und Leser gew\u00fcnscht hatten &#8211; punktgenaue RSS-Feeds, mit denen man \u00fcber Homepage und Ressorts hinaus auch speziellere Themen im Auge behalten kann. Ab sofort bieten alle unsere Suchergebnisseiten, die Themenseiten sowie alle Serien ihren eigenen RSS-Feed. Das ist dann hilfreich, wenn Sie bspw. auf dem [&hellip;]<\/p>\n","protected":false},"author":45,"featured_media":0,"comment_status":"open","ping_status":"closed","sticky":false,"template":"","format":"standard","meta":{"_jetpack_memberships_contains_paid_content":false,"footnotes":""},"categories":[921,924],"tags":[],"class_list":["post-246","post","type-post","status-publish","format-standard","hentry","category-features","category-usability"],"yoast_head":"<!-- This site is optimized with the Yoast SEO plugin v21.0 - https:\/\/yoast.com\/wordpress\/plugins\/seo\/ -->\n<title>Feeds f\u00fcr Suchergebnisse, Themen und Serien - ZEITansage<\/title>\n<meta name=\"robots\" content=\"index, follow, max-snippet:-1, max-image-preview:large, max-video-preview:-1\" \/>\n<link rel=\"canonical\" href=\"https:\/\/blog.zeit.de\/zeitansage\/2010\/01\/19\/feeds-fur-suchergebnisse-themen-und-serien_246\" \/>\n<meta property=\"og:locale\" content=\"de_DE\" \/>\n<meta property=\"og:type\" content=\"article\" \/>\n<meta property=\"og:title\" content=\"Feeds f\u00fcr Suchergebnisse, Themen und Serien - ZEITansage\" \/>\n<meta property=\"og:description\" content=\"Wir haben heute ein Feature freigeschaltet, das sich viele Leserinnen und Leser gew\u00fcnscht hatten &#8211; punktgenaue RSS-Feeds, mit denen man \u00fcber Homepage und Ressorts hinaus auch speziellere Themen im Auge behalten kann. Ab sofort bieten alle unsere Suchergebnisseiten, die Themenseiten sowie alle Serien ihren eigenen RSS-Feed. Das ist dann hilfreich, wenn Sie bspw. auf dem [&hellip;]\" \/>\n<meta property=\"og:url\" content=\"https:\/\/blog.zeit.de\/zeitansage\/2010\/01\/19\/feeds-fur-suchergebnisse-themen-und-serien_246\" \/>\n<meta property=\"og:site_name\" content=\"ZEITansage\" \/>\n<meta property=\"article:published_time\" content=\"2010-01-19T18:38:37+00:00\" \/>\n<meta name=\"author\" content=\"Fabian Mohr\" \/>\n<meta name=\"twitter:label1\" content=\"Geschrieben von\" \/>\n\t<meta name=\"twitter:data1\" content=\"Fabian Mohr\" \/>\n\t<meta name=\"twitter:label2\" content=\"Gesch\u00e4tzte Lesezeit\" \/>\n\t<meta name=\"twitter:data2\" content=\"1\u00a0Minute\" \/>\n<script type=\"application\/ld+json\" class=\"yoast-schema-graph\">{\"@context\":\"https:\/\/schema.org\",\"@graph\":[{\"@type\":\"WebPage\",\"@id\":\"https:\/\/blog.zeit.de\/zeitansage\/2010\/01\/19\/feeds-fur-suchergebnisse-themen-und-serien_246\",\"url\":\"https:\/\/blog.zeit.de\/zeitansage\/2010\/01\/19\/feeds-fur-suchergebnisse-themen-und-serien_246\",\"name\":\"Feeds f\u00fcr Suchergebnisse, Themen und Serien - ZEITansage\",\"isPartOf\":{\"@id\":\"https:\/\/blog.zeit.de\/zeitansage\/#website\"},\"datePublished\":\"2010-01-19T18:38:37+00:00\",\"dateModified\":\"2010-01-19T18:38:37+00:00\",\"author\":{\"@id\":\"https:\/\/blog.zeit.de\/zeitansage\/#\/schema\/person\/59fed30f107cb33d9bc2599d49d6d030\"},\"breadcrumb\":{\"@id\":\"https:\/\/blog.zeit.de\/zeitansage\/2010\/01\/19\/feeds-fur-suchergebnisse-themen-und-serien_246#breadcrumb\"},\"inLanguage\":\"de\",\"potentialAction\":[{\"@type\":\"ReadAction\",\"target\":[\"https:\/\/blog.zeit.de\/zeitansage\/2010\/01\/19\/feeds-fur-suchergebnisse-themen-und-serien_246\"]}]},{\"@type\":\"BreadcrumbList\",\"@id\":\"https:\/\/blog.zeit.de\/zeitansage\/2010\/01\/19\/feeds-fur-suchergebnisse-themen-und-serien_246#breadcrumb\",\"itemListElement\":[{\"@type\":\"ListItem\",\"position\":1,\"name\":\"Startseite\",\"item\":\"https:\/\/blog.zeit.de\/zeitansage\"},{\"@type\":\"ListItem\",\"position\":2,\"name\":\"Feeds f\u00fcr Suchergebnisse, Themen und Serien\"}]},{\"@type\":\"WebSite\",\"@id\":\"https:\/\/blog.zeit.de\/zeitansage\/#website\",\"url\":\"https:\/\/blog.zeit.de\/zeitansage\/\",\"name\":\"ZEITansage\",\"description\":\"Hier bloggt die Redaktion. Ein Fenster ins Innenleben von ZEIT ONLINE\",\"potentialAction\":[{\"@type\":\"SearchAction\",\"target\":{\"@type\":\"EntryPoint\",\"urlTemplate\":\"https:\/\/blog.zeit.de\/zeitansage\/?s={search_term_string}\"},\"query-input\":\"required name=search_term_string\"}],\"inLanguage\":\"de\"},{\"@type\":\"Person\",\"@id\":\"https:\/\/blog.zeit.de\/zeitansage\/#\/schema\/person\/59fed30f107cb33d9bc2599d49d6d030\",\"name\":\"Fabian Mohr\",\"image\":{\"@type\":\"ImageObject\",\"inLanguage\":\"de\",\"@id\":\"https:\/\/blog.zeit.de\/zeitansage\/#\/schema\/person\/image\/\",\"url\":\"https:\/\/secure.gravatar.com\/avatar\/a9bd8972e7bd81d78d999ce57c1fc1c323e018db0c437e973b5662c3564c4edb?s=96&d=mm&r=g\",\"contentUrl\":\"https:\/\/secure.gravatar.com\/avatar\/a9bd8972e7bd81d78d999ce57c1fc1c323e018db0c437e973b5662c3564c4edb?s=96&d=mm&r=g\",\"caption\":\"Fabian Mohr\"},\"description\":\"ist Redakteur bei ZEIT ONLINE.\",\"sameAs\":[\"http:\/\/community.zeit.de\/user\/fabianmohrzeitonline\"],\"url\":\"https:\/\/blog.zeit.de\/zeitansage\/author\/fabian-mohr\"}]}<\/script>\n<!-- \/ Yoast SEO plugin. -->","yoast_head_json":{"title":"Feeds f\u00fcr Suchergebnisse, Themen und Serien - ZEITansage","robots":{"index":"index","follow":"follow","max-snippet":"max-snippet:-1","max-image-preview":"max-image-preview:large","max-video-preview":"max-video-preview:-1"},"canonical":"https:\/\/blog.zeit.de\/zeitansage\/2010\/01\/19\/feeds-fur-suchergebnisse-themen-und-serien_246","og_locale":"de_DE","og_type":"article","og_title":"Feeds f\u00fcr Suchergebnisse, Themen und Serien - ZEITansage","og_description":"Wir haben heute ein Feature freigeschaltet, das sich viele Leserinnen und Leser gew\u00fcnscht hatten &#8211; punktgenaue RSS-Feeds, mit denen man \u00fcber Homepage und Ressorts hinaus auch speziellere Themen im Auge behalten kann. Ab sofort bieten alle unsere Suchergebnisseiten, die Themenseiten sowie alle Serien ihren eigenen RSS-Feed. Das ist dann hilfreich, wenn Sie bspw. auf dem [&hellip;]","og_url":"https:\/\/blog.zeit.de\/zeitansage\/2010\/01\/19\/feeds-fur-suchergebnisse-themen-und-serien_246","og_site_name":"ZEITansage","article_published_time":"2010-01-19T18:38:37+00:00","author":"Fabian Mohr","twitter_misc":{"Geschrieben von":"Fabian Mohr","Gesch\u00e4tzte Lesezeit":"1\u00a0Minute"},"schema":{"@context":"https:\/\/schema.org","@graph":[{"@type":"WebPage","@id":"https:\/\/blog.zeit.de\/zeitansage\/2010\/01\/19\/feeds-fur-suchergebnisse-themen-und-serien_246","url":"https:\/\/blog.zeit.de\/zeitansage\/2010\/01\/19\/feeds-fur-suchergebnisse-themen-und-serien_246","name":"Feeds f\u00fcr Suchergebnisse, Themen und Serien - ZEITansage","isPartOf":{"@id":"https:\/\/blog.zeit.de\/zeitansage\/#website"},"datePublished":"2010-01-19T18:38:37+00:00","dateModified":"2010-01-19T18:38:37+00:00","author":{"@id":"https:\/\/blog.zeit.de\/zeitansage\/#\/schema\/person\/59fed30f107cb33d9bc2599d49d6d030"},"breadcrumb":{"@id":"https:\/\/blog.zeit.de\/zeitansage\/2010\/01\/19\/feeds-fur-suchergebnisse-themen-und-serien_246#breadcrumb"},"inLanguage":"de","potentialAction":[{"@type":"ReadAction","target":["https:\/\/blog.zeit.de\/zeitansage\/2010\/01\/19\/feeds-fur-suchergebnisse-themen-und-serien_246"]}]},{"@type":"BreadcrumbList","@id":"https:\/\/blog.zeit.de\/zeitansage\/2010\/01\/19\/feeds-fur-suchergebnisse-themen-und-serien_246#breadcrumb","itemListElement":[{"@type":"ListItem","position":1,"name":"Startseite","item":"https:\/\/blog.zeit.de\/zeitansage"},{"@type":"ListItem","position":2,"name":"Feeds f\u00fcr Suchergebnisse, Themen und Serien"}]},{"@type":"WebSite","@id":"https:\/\/blog.zeit.de\/zeitansage\/#website","url":"https:\/\/blog.zeit.de\/zeitansage\/","name":"ZEITansage","description":"Hier bloggt die Redaktion. Ein Fenster ins Innenleben von ZEIT ONLINE","potentialAction":[{"@type":"SearchAction","target":{"@type":"EntryPoint","urlTemplate":"https:\/\/blog.zeit.de\/zeitansage\/?s={search_term_string}"},"query-input":"required name=search_term_string"}],"inLanguage":"de"},{"@type":"Person","@id":"https:\/\/blog.zeit.de\/zeitansage\/#\/schema\/person\/59fed30f107cb33d9bc2599d49d6d030","name":"Fabian Mohr","image":{"@type":"ImageObject","inLanguage":"de","@id":"https:\/\/blog.zeit.de\/zeitansage\/#\/schema\/person\/image\/","url":"https:\/\/secure.gravatar.com\/avatar\/a9bd8972e7bd81d78d999ce57c1fc1c323e018db0c437e973b5662c3564c4edb?s=96&d=mm&r=g","contentUrl":"https:\/\/secure.gravatar.com\/avatar\/a9bd8972e7bd81d78d999ce57c1fc1c323e018db0c437e973b5662c3564c4edb?s=96&d=mm&r=g","caption":"Fabian Mohr"},"description":"ist Redakteur bei ZEIT ONLINE.","sameAs":["http:\/\/community.zeit.de\/user\/fabianmohrzeitonline"],"url":"https:\/\/blog.zeit.de\/zeitansage\/author\/fabian-mohr"}]}},"jetpack_featured_media_url":"","jetpack_sharing_enabled":true,"_links":{"self":[{"href":"https:\/\/blog.zeit.de\/zeitansage\/wp-json\/wp\/v2\/posts\/246","targetHints":{"allow":["GET"]}}],"collection":[{"href":"https:\/\/blog.zeit.de\/zeitansage\/wp-json\/wp\/v2\/posts"}],"about":[{"href":"https:\/\/blog.zeit.de\/zeitansage\/wp-json\/wp\/v2\/types\/post"}],"author":[{"embeddable":true,"href":"https:\/\/blog.zeit.de\/zeitansage\/wp-json\/wp\/v2\/users\/45"}],"replies":[{"embeddable":true,"href":"https:\/\/blog.zeit.de\/zeitansage\/wp-json\/wp\/v2\/comments?post=246"}],"version-history":[{"count":0,"href":"https:\/\/blog.zeit.de\/zeitansage\/wp-json\/wp\/v2\/posts\/246\/revisions"}],"wp:attachment":[{"href":"https:\/\/blog.zeit.de\/zeitansage\/wp-json\/wp\/v2\/media?parent=246"}],"wp:term":[{"taxonomy":"category","embeddable":true,"href":"https:\/\/blog.zeit.de\/zeitansage\/wp-json\/wp\/v2\/categories?post=246"},{"taxonomy":"post_tag","embeddable":true,"href":"https:\/\/blog.zeit.de\/zeitansage\/wp-json\/wp\/v2\/tags?post=246"}],"curies":[{"name":"wp","href":"https:\/\/api.w.org\/{rel}","templated":true}]}}