{"id":314,"date":"2010-03-01T19:31:04","date_gmt":"2010-03-01T18:31:04","guid":{"rendered":"http:\/\/blog.zeit.de\/zeitansage\/?p=314"},"modified":"2010-03-02T10:57:21","modified_gmt":"2010-03-02T09:57:21","slug":"das-schul-blog","status":"publish","type":"post","link":"https:\/\/blog.zeit.de\/zeitansage\/2010\/03\/01\/das-schul-blog_314","title":{"rendered":"Das Schul-Blog"},"content":{"rendered":"<p>Wir starten ein neues Blog zum Thema Schule. Das <a href=\"https:\/\/blog.zeit.de\/schulblog\/\">Schul-Blog<\/a> richtet sich an Lehrer, Sch\u00fcler und Eltern, die sich f\u00fcr Diskussionen \u00fcber den Zustand von Deutschlands Schulen, f\u00fcr Schulpolitik und auch f\u00fcr alternative Schulkonzepte interessieren. Autor des Blogs ist <a href=\"https:\/\/blog.zeit.de\/schulblog\/ueber-mich\/\">Thomas Kerstan<\/a>, einer der profiliertesten Fachjournalisten zu diesem Themenbereich und Leiter des Ressorts Chancen bei der ZEIT.<\/p>\n<p>Es wird sicher ein Weilchen dauern, bis dieses Blog seine Leserschaft und seine eigene Tonalit\u00e4t gefunden hat. Wir nehmen uns diese Zeit und hoffen, dass das Blog ein Ort f\u00fcr gute, zivilisierte Debatten zum Thema Schule wird und dass auch Raum f\u00fcr Humor bleibt. Der Alltag in Deutschlands Schulen ist schon ernst genug.<\/p>\n<p><a href=\"https:\/\/blog.zeit.de\/schulblog\/\">https:\/\/blog.zeit.de\/schulblog\/<\/a><\/p>\n","protected":false},"excerpt":{"rendered":"<p>Wir starten ein neues Blog zum Thema Schule. Das Schul-Blog richtet sich an Lehrer, Sch\u00fcler und Eltern, die sich f\u00fcr Diskussionen \u00fcber den Zustand von Deutschlands Schulen, f\u00fcr Schulpolitik und auch f\u00fcr alternative Schulkonzepte interessieren. Autor des Blogs ist Thomas Kerstan, einer der profiliertesten Fachjournalisten zu diesem Themenbereich und Leiter des Ressorts Chancen bei der [&hellip;]<\/p>\n","protected":false},"author":149,"featured_media":0,"comment_status":"open","ping_status":"closed","sticky":false,"template":"","format":"standard","meta":{"_jetpack_memberships_contains_paid_content":false,"footnotes":""},"categories":[925],"tags":[],"class_list":["post-314","post","type-post","status-publish","format-standard","hentry","category-weblogs"],"yoast_head":"<!-- This site is optimized with the Yoast SEO plugin v21.0 - https:\/\/yoast.com\/wordpress\/plugins\/seo\/ -->\n<title>Das Schul-Blog - ZEITansage<\/title>\n<meta name=\"robots\" content=\"index, follow, max-snippet:-1, max-image-preview:large, max-video-preview:-1\" \/>\n<link rel=\"canonical\" href=\"https:\/\/blog.zeit.de\/zeitansage\/2010\/03\/01\/das-schul-blog_314\" \/>\n<meta property=\"og:locale\" content=\"de_DE\" \/>\n<meta property=\"og:type\" content=\"article\" \/>\n<meta property=\"og:title\" content=\"Das Schul-Blog - ZEITansage\" \/>\n<meta property=\"og:description\" content=\"Wir starten ein neues Blog zum Thema Schule. Das Schul-Blog richtet sich an Lehrer, Sch\u00fcler und Eltern, die sich f\u00fcr Diskussionen \u00fcber den Zustand von Deutschlands Schulen, f\u00fcr Schulpolitik und auch f\u00fcr alternative Schulkonzepte interessieren. Autor des Blogs ist Thomas Kerstan, einer der profiliertesten Fachjournalisten zu diesem Themenbereich und Leiter des Ressorts Chancen bei der [&hellip;]\" \/>\n<meta property=\"og:url\" content=\"https:\/\/blog.zeit.de\/zeitansage\/2010\/03\/01\/das-schul-blog_314\" \/>\n<meta property=\"og:site_name\" content=\"ZEITansage\" \/>\n<meta property=\"article:published_time\" content=\"2010-03-01T18:31:04+00:00\" \/>\n<meta property=\"article:modified_time\" content=\"2010-03-02T09:57:21+00:00\" \/>\n<meta name=\"author\" content=\"Wolfgang Blau\" \/>\n<meta name=\"twitter:label1\" content=\"Geschrieben von\" \/>\n\t<meta name=\"twitter:data1\" content=\"Wolfgang Blau\" \/>\n\t<meta name=\"twitter:label2\" content=\"Gesch\u00e4tzte Lesezeit\" \/>\n\t<meta name=\"twitter:data2\" content=\"1\u00a0Minute\" \/>\n<script type=\"application\/ld+json\" class=\"yoast-schema-graph\">{\"@context\":\"https:\/\/schema.org\",\"@graph\":[{\"@type\":\"WebPage\",\"@id\":\"https:\/\/blog.zeit.de\/zeitansage\/2010\/03\/01\/das-schul-blog_314\",\"url\":\"https:\/\/blog.zeit.de\/zeitansage\/2010\/03\/01\/das-schul-blog_314\",\"name\":\"Das Schul-Blog - ZEITansage\",\"isPartOf\":{\"@id\":\"https:\/\/blog.zeit.de\/zeitansage\/#website\"},\"datePublished\":\"2010-03-01T18:31:04+00:00\",\"dateModified\":\"2010-03-02T09:57:21+00:00\",\"author\":{\"@id\":\"https:\/\/blog.zeit.de\/zeitansage\/#\/schema\/person\/5c2060eae7898b56934c296c1ef5d5c1\"},\"breadcrumb\":{\"@id\":\"https:\/\/blog.zeit.de\/zeitansage\/2010\/03\/01\/das-schul-blog_314#breadcrumb\"},\"inLanguage\":\"de\",\"potentialAction\":[{\"@type\":\"ReadAction\",\"target\":[\"https:\/\/blog.zeit.de\/zeitansage\/2010\/03\/01\/das-schul-blog_314\"]}]},{\"@type\":\"BreadcrumbList\",\"@id\":\"https:\/\/blog.zeit.de\/zeitansage\/2010\/03\/01\/das-schul-blog_314#breadcrumb\",\"itemListElement\":[{\"@type\":\"ListItem\",\"position\":1,\"name\":\"Startseite\",\"item\":\"https:\/\/blog.zeit.de\/zeitansage\"},{\"@type\":\"ListItem\",\"position\":2,\"name\":\"Das Schul-Blog\"}]},{\"@type\":\"WebSite\",\"@id\":\"https:\/\/blog.zeit.de\/zeitansage\/#website\",\"url\":\"https:\/\/blog.zeit.de\/zeitansage\/\",\"name\":\"ZEITansage\",\"description\":\"Hier bloggt die Redaktion. Ein Fenster ins Innenleben von ZEIT ONLINE\",\"potentialAction\":[{\"@type\":\"SearchAction\",\"target\":{\"@type\":\"EntryPoint\",\"urlTemplate\":\"https:\/\/blog.zeit.de\/zeitansage\/?s={search_term_string}\"},\"query-input\":\"required name=search_term_string\"}],\"inLanguage\":\"de\"},{\"@type\":\"Person\",\"@id\":\"https:\/\/blog.zeit.de\/zeitansage\/#\/schema\/person\/5c2060eae7898b56934c296c1ef5d5c1\",\"name\":\"Wolfgang Blau\",\"image\":{\"@type\":\"ImageObject\",\"inLanguage\":\"de\",\"@id\":\"https:\/\/blog.zeit.de\/zeitansage\/#\/schema\/person\/image\/\",\"url\":\"https:\/\/secure.gravatar.com\/avatar\/e30ec7eaaefb9145296751a97004918bf4ded43ea2bfd5ef33b28396e6bce765?s=96&d=mm&r=g\",\"contentUrl\":\"https:\/\/secure.gravatar.com\/avatar\/e30ec7eaaefb9145296751a97004918bf4ded43ea2bfd5ef33b28396e6bce765?s=96&d=mm&r=g\",\"caption\":\"Wolfgang Blau\"},\"url\":\"https:\/\/blog.zeit.de\/zeitansage\/author\/wolfgang-blau\"}]}<\/script>\n<!-- \/ Yoast SEO plugin. -->","yoast_head_json":{"title":"Das Schul-Blog - ZEITansage","robots":{"index":"index","follow":"follow","max-snippet":"max-snippet:-1","max-image-preview":"max-image-preview:large","max-video-preview":"max-video-preview:-1"},"canonical":"https:\/\/blog.zeit.de\/zeitansage\/2010\/03\/01\/das-schul-blog_314","og_locale":"de_DE","og_type":"article","og_title":"Das Schul-Blog - ZEITansage","og_description":"Wir starten ein neues Blog zum Thema Schule. Das Schul-Blog richtet sich an Lehrer, Sch\u00fcler und Eltern, die sich f\u00fcr Diskussionen \u00fcber den Zustand von Deutschlands Schulen, f\u00fcr Schulpolitik und auch f\u00fcr alternative Schulkonzepte interessieren. Autor des Blogs ist Thomas Kerstan, einer der profiliertesten Fachjournalisten zu diesem Themenbereich und Leiter des Ressorts Chancen bei der [&hellip;]","og_url":"https:\/\/blog.zeit.de\/zeitansage\/2010\/03\/01\/das-schul-blog_314","og_site_name":"ZEITansage","article_published_time":"2010-03-01T18:31:04+00:00","article_modified_time":"2010-03-02T09:57:21+00:00","author":"Wolfgang Blau","twitter_misc":{"Geschrieben von":"Wolfgang Blau","Gesch\u00e4tzte Lesezeit":"1\u00a0Minute"},"schema":{"@context":"https:\/\/schema.org","@graph":[{"@type":"WebPage","@id":"https:\/\/blog.zeit.de\/zeitansage\/2010\/03\/01\/das-schul-blog_314","url":"https:\/\/blog.zeit.de\/zeitansage\/2010\/03\/01\/das-schul-blog_314","name":"Das Schul-Blog - ZEITansage","isPartOf":{"@id":"https:\/\/blog.zeit.de\/zeitansage\/#website"},"datePublished":"2010-03-01T18:31:04+00:00","dateModified":"2010-03-02T09:57:21+00:00","author":{"@id":"https:\/\/blog.zeit.de\/zeitansage\/#\/schema\/person\/5c2060eae7898b56934c296c1ef5d5c1"},"breadcrumb":{"@id":"https:\/\/blog.zeit.de\/zeitansage\/2010\/03\/01\/das-schul-blog_314#breadcrumb"},"inLanguage":"de","potentialAction":[{"@type":"ReadAction","target":["https:\/\/blog.zeit.de\/zeitansage\/2010\/03\/01\/das-schul-blog_314"]}]},{"@type":"BreadcrumbList","@id":"https:\/\/blog.zeit.de\/zeitansage\/2010\/03\/01\/das-schul-blog_314#breadcrumb","itemListElement":[{"@type":"ListItem","position":1,"name":"Startseite","item":"https:\/\/blog.zeit.de\/zeitansage"},{"@type":"ListItem","position":2,"name":"Das Schul-Blog"}]},{"@type":"WebSite","@id":"https:\/\/blog.zeit.de\/zeitansage\/#website","url":"https:\/\/blog.zeit.de\/zeitansage\/","name":"ZEITansage","description":"Hier bloggt die Redaktion. Ein Fenster ins Innenleben von ZEIT ONLINE","potentialAction":[{"@type":"SearchAction","target":{"@type":"EntryPoint","urlTemplate":"https:\/\/blog.zeit.de\/zeitansage\/?s={search_term_string}"},"query-input":"required name=search_term_string"}],"inLanguage":"de"},{"@type":"Person","@id":"https:\/\/blog.zeit.de\/zeitansage\/#\/schema\/person\/5c2060eae7898b56934c296c1ef5d5c1","name":"Wolfgang Blau","image":{"@type":"ImageObject","inLanguage":"de","@id":"https:\/\/blog.zeit.de\/zeitansage\/#\/schema\/person\/image\/","url":"https:\/\/secure.gravatar.com\/avatar\/e30ec7eaaefb9145296751a97004918bf4ded43ea2bfd5ef33b28396e6bce765?s=96&d=mm&r=g","contentUrl":"https:\/\/secure.gravatar.com\/avatar\/e30ec7eaaefb9145296751a97004918bf4ded43ea2bfd5ef33b28396e6bce765?s=96&d=mm&r=g","caption":"Wolfgang Blau"},"url":"https:\/\/blog.zeit.de\/zeitansage\/author\/wolfgang-blau"}]}},"jetpack_featured_media_url":"","jetpack_sharing_enabled":true,"_links":{"self":[{"href":"https:\/\/blog.zeit.de\/zeitansage\/wp-json\/wp\/v2\/posts\/314","targetHints":{"allow":["GET"]}}],"collection":[{"href":"https:\/\/blog.zeit.de\/zeitansage\/wp-json\/wp\/v2\/posts"}],"about":[{"href":"https:\/\/blog.zeit.de\/zeitansage\/wp-json\/wp\/v2\/types\/post"}],"author":[{"embeddable":true,"href":"https:\/\/blog.zeit.de\/zeitansage\/wp-json\/wp\/v2\/users\/149"}],"replies":[{"embeddable":true,"href":"https:\/\/blog.zeit.de\/zeitansage\/wp-json\/wp\/v2\/comments?post=314"}],"version-history":[{"count":0,"href":"https:\/\/blog.zeit.de\/zeitansage\/wp-json\/wp\/v2\/posts\/314\/revisions"}],"wp:attachment":[{"href":"https:\/\/blog.zeit.de\/zeitansage\/wp-json\/wp\/v2\/media?parent=314"}],"wp:term":[{"taxonomy":"category","embeddable":true,"href":"https:\/\/blog.zeit.de\/zeitansage\/wp-json\/wp\/v2\/categories?post=314"},{"taxonomy":"post_tag","embeddable":true,"href":"https:\/\/blog.zeit.de\/zeitansage\/wp-json\/wp\/v2\/tags?post=314"}],"curies":[{"name":"wp","href":"https:\/\/api.w.org\/{rel}","templated":true}]}}