{"id":422,"date":"2010-08-20T14:21:08","date_gmt":"2010-08-20T12:21:08","guid":{"rendered":"http:\/\/blog.zeit.de\/zeitansage\/?p=422"},"modified":"2010-08-20T14:21:08","modified_gmt":"2010-08-20T12:21:08","slug":"eigene-url-fur-jedes-video-und-serienseiten","status":"publish","type":"post","link":"https:\/\/blog.zeit.de\/zeitansage\/2010\/08\/20\/eigene-url-fur-jedes-video-und-serienseiten_422","title":{"rendered":"Eigene URL f\u00fcr jedes Video und Serienseiten"},"content":{"rendered":"<p>Rund um unsere Videos bei Zeit Online haben wir in den vergangenen Tagen schrittweise eine Reihe von Neuerungen freigeschaltet. Der wichtigste Punkt: Jedes Video hat jetzt, genau wie Artikel, <a href=\"http:\/\/video.zeit.de\/video\/87909287001\">eine eigene Adresse (URL)<\/a>, unter der es dauerhaft abrufbar bleibt. <\/p>\n<p><a href=\"http:\/\/video.zeit.de\/video\/87909287001\"><img loading=\"lazy\" decoding=\"async\" src=\"https:\/\/blog.zeit.de\/zeitansage\/files\/2010\/08\/Bildschirmfoto-2010-08-20-um-13.43.57.png\" alt=\"\" title=\"\" width=\"540\" height=\"456\" class=\"alignnone size-full wp-image-423\" srcset=\"https:\/\/blog.zeit.de\/zeitansage\/files\/2010\/08\/Bildschirmfoto-2010-08-20-um-13.43.57.png 540w, https:\/\/blog.zeit.de\/zeitansage\/files\/2010\/08\/Bildschirmfoto-2010-08-20-um-13.43.57-300x253.png 300w\" sizes=\"auto, (max-width: 540px) 100vw, 540px\" \/><\/a> <\/p>\n<p>Sie k\u00f6nnen auf diesen Videoseiten kommentieren und die Filme per Email weiterempfehlen sowie auf Twitter und Facebook oder bspw. Delicious und Mister Wong posten. Sie finden die Videoseiten auf unserer <a href=\"http:\/\/www.zeit.de\/video\">Videostartseite<\/a> als Link unter dem aktuell laufenden Video, neuerdings auch auf <a href=\"http:\/\/www.zeit.de\/suche\/index?q=john+irving\">Suchergebnisseiten<\/a> sowie auf <a href=\"http:\/\/www.zeit.de\/themen\/tags\/index?q=Pipeline\">Schlagwortseiten<\/a>. <\/p>\n<p>Link zum Einzelvideo auf der Videostartseite:<br \/>\n<\/ br><\/ br><\/ br><\/ br><br \/>\n<a href=\"http:\/\/www.zeit.de\/video\"><img loading=\"lazy\" decoding=\"async\" src=\"https:\/\/blog.zeit.de\/zeitansage\/files\/2010\/08\/Bildschirmfoto-2010-08-20-um-13.46.00.png\" alt=\"\" title=\"Bildschirmfoto 2010-08-20 um 13.46.00\" width=\"540\" height=\"390\" class=\"alignnone size-full wp-image-427\" srcset=\"https:\/\/blog.zeit.de\/zeitansage\/files\/2010\/08\/Bildschirmfoto-2010-08-20-um-13.46.00.png 540w, https:\/\/blog.zeit.de\/zeitansage\/files\/2010\/08\/Bildschirmfoto-2010-08-20-um-13.46.00-300x216.png 300w\" sizes=\"auto, (max-width: 540px) 100vw, 540px\" \/><\/a><\/p>\n<p>Videos auf einer Suchergebnisseite:<br \/>\n<\/ br><\/ br><\/ br><\/ br><br \/>\n<a href=\"http:\/\/www.zeit.de\/suche\/index?q=john+irving\"><img loading=\"lazy\" decoding=\"async\" src=\"https:\/\/blog.zeit.de\/zeitansage\/files\/2010\/08\/Bildschirmfoto-2010-08-20-um-13.46.37.png\" alt=\"\" title=\"Bildschirmfoto 2010-08-20 um 13.46.37\" width=\"540\" height=\"351\" class=\"alignnone size-full wp-image-428\" srcset=\"https:\/\/blog.zeit.de\/zeitansage\/files\/2010\/08\/Bildschirmfoto-2010-08-20-um-13.46.37.png 540w, https:\/\/blog.zeit.de\/zeitansage\/files\/2010\/08\/Bildschirmfoto-2010-08-20-um-13.46.37-300x195.png 300w\" sizes=\"auto, (max-width: 540px) 100vw, 540px\" \/><\/a><\/p>\n<p>Videos auf einer Schlagwortseite:<br \/>\n<\/ br><\/ br><\/ br><\/ br><br \/>\n<a href=\"http:\/\/www.zeit.de\/themen\/tags\/index?q=Pipeline\"><img loading=\"lazy\" decoding=\"async\" src=\"https:\/\/blog.zeit.de\/zeitansage\/files\/2010\/08\/Bildschirmfoto-2010-08-20-um-13.47.06.png\" alt=\"\" title=\"Bildschirmfoto 2010-08-20 um 13.47.06\" width=\"540\" height=\"346\" class=\"alignnone size-full wp-image-429\" srcset=\"https:\/\/blog.zeit.de\/zeitansage\/files\/2010\/08\/Bildschirmfoto-2010-08-20-um-13.47.06.png 540w, https:\/\/blog.zeit.de\/zeitansage\/files\/2010\/08\/Bildschirmfoto-2010-08-20-um-13.47.06-300x192.png 300w\" sizes=\"auto, (max-width: 540px) 100vw, 540px\" \/><\/a><\/p>\n<p>Neu sind auch unsere <a href=\"http:\/\/www.zeit.de\/themen\/serie\/index?q=radischs-lesetipp\">Videoserienseiten<\/a>. Hier finden Sie alle Folgen eines Formats chronologisch zusammengefasst &#8211; ideal, wenn Sie eine bestimmte Serie im Blick behalten wollen und daf\u00fcr ein verl\u00e4ssliches Lesezeichen f\u00fcr Ihren Browser ben\u00f6tigen. <\/p>\n<p><a href=\"http:\/\/www.zeit.de\/themen\/serie\/index?q=radischs-lesetipp\"><img loading=\"lazy\" decoding=\"async\" src=\"https:\/\/blog.zeit.de\/zeitansage\/files\/2010\/08\/Bildschirmfoto-2010-08-20-um-13.47.34.png\" alt=\"\" title=\"Bildschirmfoto 2010-08-20 um 13.47.34\" width=\"540\" height=\"332\" class=\"alignnone size-full wp-image-430\" srcset=\"https:\/\/blog.zeit.de\/zeitansage\/files\/2010\/08\/Bildschirmfoto-2010-08-20-um-13.47.34.png 540w, https:\/\/blog.zeit.de\/zeitansage\/files\/2010\/08\/Bildschirmfoto-2010-08-20-um-13.47.34-300x184.png 300w\" sizes=\"auto, (max-width: 540px) 100vw, 540px\" \/><\/a><\/p>\n<p>Jede Videoserienseite bietet dar\u00fcberhinaus einen <a href=\"http:\/\/newsfeed.zeit.de\/themen\/serie\/index?q=radischs-lesetipp\">RSS-Feed<\/a> an, den Sie als Link am Ende der Seite finden.<\/p>\n<p><a href=\"http:\/\/newsfeed.zeit.de\/themen\/serie\/index?q=radischs-lesetipp\"><img loading=\"lazy\" decoding=\"async\" src=\"https:\/\/blog.zeit.de\/zeitansage\/files\/2010\/08\/Bildschirmfoto-2010-08-20-um-13.48.23.png\" alt=\"\" title=\"Bildschirmfoto 2010-08-20 um 13.48.23\" width=\"540\" height=\"249\" class=\"alignnone size-full wp-image-431\" srcset=\"https:\/\/blog.zeit.de\/zeitansage\/files\/2010\/08\/Bildschirmfoto-2010-08-20-um-13.48.23.png 540w, https:\/\/blog.zeit.de\/zeitansage\/files\/2010\/08\/Bildschirmfoto-2010-08-20-um-13.48.23-300x138.png 300w\" sizes=\"auto, (max-width: 540px) 100vw, 540px\" \/><\/a><\/p>\n","protected":false},"excerpt":{"rendered":"<p>Rund um unsere Videos bei Zeit Online haben wir in den vergangenen Tagen schrittweise eine Reihe von Neuerungen freigeschaltet. Der wichtigste Punkt: Jedes Video hat jetzt, genau wie Artikel, eine eigene Adresse (URL), unter der es dauerhaft abrufbar bleibt. Sie k\u00f6nnen auf diesen Videoseiten kommentieren und die Filme per Email weiterempfehlen sowie auf Twitter und [&hellip;]<\/p>\n","protected":false},"author":45,"featured_media":0,"comment_status":"open","ping_status":"closed","sticky":false,"template":"","format":"standard","meta":{"_jetpack_memberships_contains_paid_content":false,"footnotes":""},"categories":[921,26,560,924,28],"tags":[],"class_list":["post-422","post","type-post","status-publish","format-standard","hentry","category-features","category-multimedia","category-twitter","category-usability","category-video"],"yoast_head":"<!-- This site is optimized with the Yoast SEO plugin v21.0 - https:\/\/yoast.com\/wordpress\/plugins\/seo\/ -->\n<title>Eigene URL f\u00fcr jedes Video und Serienseiten  - ZEITansage<\/title>\n<meta name=\"robots\" content=\"index, follow, max-snippet:-1, max-image-preview:large, max-video-preview:-1\" \/>\n<link rel=\"canonical\" href=\"https:\/\/blog.zeit.de\/zeitansage\/2010\/08\/20\/eigene-url-fur-jedes-video-und-serienseiten_422\" \/>\n<meta property=\"og:locale\" content=\"de_DE\" \/>\n<meta property=\"og:type\" content=\"article\" \/>\n<meta property=\"og:title\" content=\"Eigene URL f\u00fcr jedes Video und Serienseiten  - ZEITansage\" \/>\n<meta property=\"og:description\" content=\"Rund um unsere Videos bei Zeit Online haben wir in den vergangenen Tagen schrittweise eine Reihe von Neuerungen freigeschaltet. Der wichtigste Punkt: Jedes Video hat jetzt, genau wie Artikel, eine eigene Adresse (URL), unter der es dauerhaft abrufbar bleibt. Sie k\u00f6nnen auf diesen Videoseiten kommentieren und die Filme per Email weiterempfehlen sowie auf Twitter und [&hellip;]\" \/>\n<meta property=\"og:url\" content=\"https:\/\/blog.zeit.de\/zeitansage\/2010\/08\/20\/eigene-url-fur-jedes-video-und-serienseiten_422\" \/>\n<meta property=\"og:site_name\" content=\"ZEITansage\" \/>\n<meta property=\"article:published_time\" content=\"2010-08-20T12:21:08+00:00\" \/>\n<meta property=\"og:image\" content=\"https:\/\/blog.zeit.de\/zeitansage\/files\/2010\/08\/Bildschirmfoto-2010-08-20-um-13.43.57.png\" \/>\n<meta name=\"author\" content=\"Fabian Mohr\" \/>\n<meta name=\"twitter:label1\" content=\"Geschrieben von\" \/>\n\t<meta name=\"twitter:data1\" content=\"Fabian Mohr\" \/>\n\t<meta name=\"twitter:label2\" content=\"Gesch\u00e4tzte Lesezeit\" \/>\n\t<meta name=\"twitter:data2\" content=\"1\u00a0Minute\" \/>\n<script type=\"application\/ld+json\" class=\"yoast-schema-graph\">{\"@context\":\"https:\/\/schema.org\",\"@graph\":[{\"@type\":\"WebPage\",\"@id\":\"https:\/\/blog.zeit.de\/zeitansage\/2010\/08\/20\/eigene-url-fur-jedes-video-und-serienseiten_422\",\"url\":\"https:\/\/blog.zeit.de\/zeitansage\/2010\/08\/20\/eigene-url-fur-jedes-video-und-serienseiten_422\",\"name\":\"Eigene URL f\u00fcr jedes Video und Serienseiten - ZEITansage\",\"isPartOf\":{\"@id\":\"https:\/\/blog.zeit.de\/zeitansage\/#website\"},\"datePublished\":\"2010-08-20T12:21:08+00:00\",\"dateModified\":\"2010-08-20T12:21:08+00:00\",\"author\":{\"@id\":\"https:\/\/blog.zeit.de\/zeitansage\/#\/schema\/person\/59fed30f107cb33d9bc2599d49d6d030\"},\"breadcrumb\":{\"@id\":\"https:\/\/blog.zeit.de\/zeitansage\/2010\/08\/20\/eigene-url-fur-jedes-video-und-serienseiten_422#breadcrumb\"},\"inLanguage\":\"de\",\"potentialAction\":[{\"@type\":\"ReadAction\",\"target\":[\"https:\/\/blog.zeit.de\/zeitansage\/2010\/08\/20\/eigene-url-fur-jedes-video-und-serienseiten_422\"]}]},{\"@type\":\"BreadcrumbList\",\"@id\":\"https:\/\/blog.zeit.de\/zeitansage\/2010\/08\/20\/eigene-url-fur-jedes-video-und-serienseiten_422#breadcrumb\",\"itemListElement\":[{\"@type\":\"ListItem\",\"position\":1,\"name\":\"Startseite\",\"item\":\"https:\/\/blog.zeit.de\/zeitansage\"},{\"@type\":\"ListItem\",\"position\":2,\"name\":\"Eigene URL f\u00fcr jedes Video und Serienseiten\"}]},{\"@type\":\"WebSite\",\"@id\":\"https:\/\/blog.zeit.de\/zeitansage\/#website\",\"url\":\"https:\/\/blog.zeit.de\/zeitansage\/\",\"name\":\"ZEITansage\",\"description\":\"Hier bloggt die Redaktion. Ein Fenster ins Innenleben von ZEIT ONLINE\",\"potentialAction\":[{\"@type\":\"SearchAction\",\"target\":{\"@type\":\"EntryPoint\",\"urlTemplate\":\"https:\/\/blog.zeit.de\/zeitansage\/?s={search_term_string}\"},\"query-input\":\"required name=search_term_string\"}],\"inLanguage\":\"de\"},{\"@type\":\"Person\",\"@id\":\"https:\/\/blog.zeit.de\/zeitansage\/#\/schema\/person\/59fed30f107cb33d9bc2599d49d6d030\",\"name\":\"Fabian Mohr\",\"image\":{\"@type\":\"ImageObject\",\"inLanguage\":\"de\",\"@id\":\"https:\/\/blog.zeit.de\/zeitansage\/#\/schema\/person\/image\/\",\"url\":\"https:\/\/secure.gravatar.com\/avatar\/a9bd8972e7bd81d78d999ce57c1fc1c323e018db0c437e973b5662c3564c4edb?s=96&d=mm&r=g\",\"contentUrl\":\"https:\/\/secure.gravatar.com\/avatar\/a9bd8972e7bd81d78d999ce57c1fc1c323e018db0c437e973b5662c3564c4edb?s=96&d=mm&r=g\",\"caption\":\"Fabian Mohr\"},\"description\":\"ist Redakteur bei ZEIT ONLINE.\",\"sameAs\":[\"http:\/\/community.zeit.de\/user\/fabianmohrzeitonline\"],\"url\":\"https:\/\/blog.zeit.de\/zeitansage\/author\/fabian-mohr\"}]}<\/script>\n<!-- \/ Yoast SEO plugin. -->","yoast_head_json":{"title":"Eigene URL f\u00fcr jedes Video und Serienseiten  - ZEITansage","robots":{"index":"index","follow":"follow","max-snippet":"max-snippet:-1","max-image-preview":"max-image-preview:large","max-video-preview":"max-video-preview:-1"},"canonical":"https:\/\/blog.zeit.de\/zeitansage\/2010\/08\/20\/eigene-url-fur-jedes-video-und-serienseiten_422","og_locale":"de_DE","og_type":"article","og_title":"Eigene URL f\u00fcr jedes Video und Serienseiten  - ZEITansage","og_description":"Rund um unsere Videos bei Zeit Online haben wir in den vergangenen Tagen schrittweise eine Reihe von Neuerungen freigeschaltet. Der wichtigste Punkt: Jedes Video hat jetzt, genau wie Artikel, eine eigene Adresse (URL), unter der es dauerhaft abrufbar bleibt. Sie k\u00f6nnen auf diesen Videoseiten kommentieren und die Filme per Email weiterempfehlen sowie auf Twitter und [&hellip;]","og_url":"https:\/\/blog.zeit.de\/zeitansage\/2010\/08\/20\/eigene-url-fur-jedes-video-und-serienseiten_422","og_site_name":"ZEITansage","article_published_time":"2010-08-20T12:21:08+00:00","og_image":[{"url":"https:\/\/blog.zeit.de\/zeitansage\/files\/2010\/08\/Bildschirmfoto-2010-08-20-um-13.43.57.png"}],"author":"Fabian Mohr","twitter_misc":{"Geschrieben von":"Fabian Mohr","Gesch\u00e4tzte Lesezeit":"1\u00a0Minute"},"schema":{"@context":"https:\/\/schema.org","@graph":[{"@type":"WebPage","@id":"https:\/\/blog.zeit.de\/zeitansage\/2010\/08\/20\/eigene-url-fur-jedes-video-und-serienseiten_422","url":"https:\/\/blog.zeit.de\/zeitansage\/2010\/08\/20\/eigene-url-fur-jedes-video-und-serienseiten_422","name":"Eigene URL f\u00fcr jedes Video und Serienseiten - ZEITansage","isPartOf":{"@id":"https:\/\/blog.zeit.de\/zeitansage\/#website"},"datePublished":"2010-08-20T12:21:08+00:00","dateModified":"2010-08-20T12:21:08+00:00","author":{"@id":"https:\/\/blog.zeit.de\/zeitansage\/#\/schema\/person\/59fed30f107cb33d9bc2599d49d6d030"},"breadcrumb":{"@id":"https:\/\/blog.zeit.de\/zeitansage\/2010\/08\/20\/eigene-url-fur-jedes-video-und-serienseiten_422#breadcrumb"},"inLanguage":"de","potentialAction":[{"@type":"ReadAction","target":["https:\/\/blog.zeit.de\/zeitansage\/2010\/08\/20\/eigene-url-fur-jedes-video-und-serienseiten_422"]}]},{"@type":"BreadcrumbList","@id":"https:\/\/blog.zeit.de\/zeitansage\/2010\/08\/20\/eigene-url-fur-jedes-video-und-serienseiten_422#breadcrumb","itemListElement":[{"@type":"ListItem","position":1,"name":"Startseite","item":"https:\/\/blog.zeit.de\/zeitansage"},{"@type":"ListItem","position":2,"name":"Eigene URL f\u00fcr jedes Video und Serienseiten"}]},{"@type":"WebSite","@id":"https:\/\/blog.zeit.de\/zeitansage\/#website","url":"https:\/\/blog.zeit.de\/zeitansage\/","name":"ZEITansage","description":"Hier bloggt die Redaktion. Ein Fenster ins Innenleben von ZEIT ONLINE","potentialAction":[{"@type":"SearchAction","target":{"@type":"EntryPoint","urlTemplate":"https:\/\/blog.zeit.de\/zeitansage\/?s={search_term_string}"},"query-input":"required name=search_term_string"}],"inLanguage":"de"},{"@type":"Person","@id":"https:\/\/blog.zeit.de\/zeitansage\/#\/schema\/person\/59fed30f107cb33d9bc2599d49d6d030","name":"Fabian Mohr","image":{"@type":"ImageObject","inLanguage":"de","@id":"https:\/\/blog.zeit.de\/zeitansage\/#\/schema\/person\/image\/","url":"https:\/\/secure.gravatar.com\/avatar\/a9bd8972e7bd81d78d999ce57c1fc1c323e018db0c437e973b5662c3564c4edb?s=96&d=mm&r=g","contentUrl":"https:\/\/secure.gravatar.com\/avatar\/a9bd8972e7bd81d78d999ce57c1fc1c323e018db0c437e973b5662c3564c4edb?s=96&d=mm&r=g","caption":"Fabian Mohr"},"description":"ist Redakteur bei ZEIT ONLINE.","sameAs":["http:\/\/community.zeit.de\/user\/fabianmohrzeitonline"],"url":"https:\/\/blog.zeit.de\/zeitansage\/author\/fabian-mohr"}]}},"jetpack_featured_media_url":"","jetpack_sharing_enabled":true,"_links":{"self":[{"href":"https:\/\/blog.zeit.de\/zeitansage\/wp-json\/wp\/v2\/posts\/422","targetHints":{"allow":["GET"]}}],"collection":[{"href":"https:\/\/blog.zeit.de\/zeitansage\/wp-json\/wp\/v2\/posts"}],"about":[{"href":"https:\/\/blog.zeit.de\/zeitansage\/wp-json\/wp\/v2\/types\/post"}],"author":[{"embeddable":true,"href":"https:\/\/blog.zeit.de\/zeitansage\/wp-json\/wp\/v2\/users\/45"}],"replies":[{"embeddable":true,"href":"https:\/\/blog.zeit.de\/zeitansage\/wp-json\/wp\/v2\/comments?post=422"}],"version-history":[{"count":0,"href":"https:\/\/blog.zeit.de\/zeitansage\/wp-json\/wp\/v2\/posts\/422\/revisions"}],"wp:attachment":[{"href":"https:\/\/blog.zeit.de\/zeitansage\/wp-json\/wp\/v2\/media?parent=422"}],"wp:term":[{"taxonomy":"category","embeddable":true,"href":"https:\/\/blog.zeit.de\/zeitansage\/wp-json\/wp\/v2\/categories?post=422"},{"taxonomy":"post_tag","embeddable":true,"href":"https:\/\/blog.zeit.de\/zeitansage\/wp-json\/wp\/v2\/tags?post=422"}],"curies":[{"name":"wp","href":"https:\/\/api.w.org\/{rel}","templated":true}]}}