{"id":511,"date":"2010-10-22T00:31:53","date_gmt":"2010-10-21T22:31:53","guid":{"rendered":"http:\/\/blog.zeit.de\/zeitansage\/?p=511"},"modified":"2010-10-22T09:43:18","modified_gmt":"2010-10-22T07:43:18","slug":"zeit-online-debatte-mit-alan-rusbridger","status":"publish","type":"post","link":"https:\/\/blog.zeit.de\/zeitansage\/2010\/10\/22\/zeit-online-debatte-mit-alan-rusbridger_511","title":{"rendered":"ZEIT ONLINE Debatte mit Alan Rusbridger"},"content":{"rendered":"<p>&#8222;Journalismus der Zukunft: Die Chancen einer neuen \u00c4ra&#8220;: \u00dcber dieses Thema haben ZEIT ONLINE-Chefredakteur Wolfgang Blau und der Chefredakteur der britischen Tageszeitung und Nachrichtenwebsite <a href=\"http:\/\/www.guardian.co.uk\/\">The Guardian<\/a>, Alan Rusbridger, am 20. 10. in Berlin diskutiert. Im Mittelpunkt der Gespr\u00e4chsrunde aus der Reihe &#8222;ZEIT ONLINE DEBATTE&#8220; standen der rapide Medienwandel und seine Bedeutung f\u00fcr die Arbeit von Journalisten, das neue Miteinander von Medien und ihren Lesern sowie insbesondere die Frage nach der k\u00fcnftigen Finanzierbarkeit von Journalismus. Ausschnitte der Veranstaltung in englischer Sprache k\u00f6nnen Sie sich hier in Ruhe noch einmal als Video ansehen. Falls Sie Fragen und Anmerkungen zu dieser &#8222;ZEIT ONLINE Debatte&#8220; haben, freuen wir uns sehr \u00fcber Ihr Feedback.<\/p>\n<div class=\"zol_video art_wide vid644075910001\"> <\/div>\n<div class=\"zol_video art_wide vid644180602001\"> <\/div>\n<div class=\"zol_video art_wide vid644162809001\"> <\/div>\n","protected":false},"excerpt":{"rendered":"<p>&#8222;Journalismus der Zukunft: Die Chancen einer neuen \u00c4ra&#8220;: \u00dcber dieses Thema haben ZEIT ONLINE-Chefredakteur Wolfgang Blau und der Chefredakteur der britischen Tageszeitung und Nachrichtenwebsite The Guardian, Alan Rusbridger, am 20. 10. in Berlin diskutiert. Im Mittelpunkt der Gespr\u00e4chsrunde aus der Reihe &#8222;ZEIT ONLINE DEBATTE&#8220; standen der rapide Medienwandel und seine Bedeutung f\u00fcr die Arbeit von [&hellip;]<\/p>\n","protected":false},"author":45,"featured_media":0,"comment_status":"open","ping_status":"closed","sticky":false,"template":"","format":"standard","meta":{"_jetpack_memberships_contains_paid_content":false,"footnotes":""},"categories":[1],"tags":[],"class_list":["post-511","post","type-post","status-publish","format-standard","hentry","category-allgemein"],"yoast_head":"<!-- This site is optimized with the Yoast SEO plugin v21.0 - https:\/\/yoast.com\/wordpress\/plugins\/seo\/ -->\n<title>ZEIT ONLINE Debatte mit Alan Rusbridger - ZEITansage<\/title>\n<meta name=\"robots\" content=\"index, follow, max-snippet:-1, max-image-preview:large, max-video-preview:-1\" \/>\n<link rel=\"canonical\" href=\"https:\/\/blog.zeit.de\/zeitansage\/2010\/10\/22\/zeit-online-debatte-mit-alan-rusbridger_511\" \/>\n<meta property=\"og:locale\" content=\"de_DE\" \/>\n<meta property=\"og:type\" content=\"article\" \/>\n<meta property=\"og:title\" content=\"ZEIT ONLINE Debatte mit Alan Rusbridger - ZEITansage\" \/>\n<meta property=\"og:description\" content=\"&#8222;Journalismus der Zukunft: Die Chancen einer neuen \u00c4ra&#8220;: \u00dcber dieses Thema haben ZEIT ONLINE-Chefredakteur Wolfgang Blau und der Chefredakteur der britischen Tageszeitung und Nachrichtenwebsite The Guardian, Alan Rusbridger, am 20. 10. in Berlin diskutiert. Im Mittelpunkt der Gespr\u00e4chsrunde aus der Reihe &#8222;ZEIT ONLINE DEBATTE&#8220; standen der rapide Medienwandel und seine Bedeutung f\u00fcr die Arbeit von [&hellip;]\" \/>\n<meta property=\"og:url\" content=\"https:\/\/blog.zeit.de\/zeitansage\/2010\/10\/22\/zeit-online-debatte-mit-alan-rusbridger_511\" \/>\n<meta property=\"og:site_name\" content=\"ZEITansage\" \/>\n<meta property=\"article:published_time\" content=\"2010-10-21T22:31:53+00:00\" \/>\n<meta property=\"article:modified_time\" content=\"2010-10-22T07:43:18+00:00\" \/>\n<meta name=\"author\" content=\"Fabian Mohr\" \/>\n<meta name=\"twitter:label1\" content=\"Geschrieben von\" \/>\n\t<meta name=\"twitter:data1\" content=\"Fabian Mohr\" \/>\n\t<meta name=\"twitter:label2\" content=\"Gesch\u00e4tzte Lesezeit\" \/>\n\t<meta name=\"twitter:data2\" content=\"1\u00a0Minute\" \/>\n<script type=\"application\/ld+json\" class=\"yoast-schema-graph\">{\"@context\":\"https:\/\/schema.org\",\"@graph\":[{\"@type\":\"WebPage\",\"@id\":\"https:\/\/blog.zeit.de\/zeitansage\/2010\/10\/22\/zeit-online-debatte-mit-alan-rusbridger_511\",\"url\":\"https:\/\/blog.zeit.de\/zeitansage\/2010\/10\/22\/zeit-online-debatte-mit-alan-rusbridger_511\",\"name\":\"ZEIT ONLINE Debatte mit Alan Rusbridger - ZEITansage\",\"isPartOf\":{\"@id\":\"https:\/\/blog.zeit.de\/zeitansage\/#website\"},\"datePublished\":\"2010-10-21T22:31:53+00:00\",\"dateModified\":\"2010-10-22T07:43:18+00:00\",\"author\":{\"@id\":\"https:\/\/blog.zeit.de\/zeitansage\/#\/schema\/person\/59fed30f107cb33d9bc2599d49d6d030\"},\"breadcrumb\":{\"@id\":\"https:\/\/blog.zeit.de\/zeitansage\/2010\/10\/22\/zeit-online-debatte-mit-alan-rusbridger_511#breadcrumb\"},\"inLanguage\":\"de\",\"potentialAction\":[{\"@type\":\"ReadAction\",\"target\":[\"https:\/\/blog.zeit.de\/zeitansage\/2010\/10\/22\/zeit-online-debatte-mit-alan-rusbridger_511\"]}]},{\"@type\":\"BreadcrumbList\",\"@id\":\"https:\/\/blog.zeit.de\/zeitansage\/2010\/10\/22\/zeit-online-debatte-mit-alan-rusbridger_511#breadcrumb\",\"itemListElement\":[{\"@type\":\"ListItem\",\"position\":1,\"name\":\"Startseite\",\"item\":\"https:\/\/blog.zeit.de\/zeitansage\"},{\"@type\":\"ListItem\",\"position\":2,\"name\":\"ZEIT ONLINE Debatte mit Alan Rusbridger\"}]},{\"@type\":\"WebSite\",\"@id\":\"https:\/\/blog.zeit.de\/zeitansage\/#website\",\"url\":\"https:\/\/blog.zeit.de\/zeitansage\/\",\"name\":\"ZEITansage\",\"description\":\"Hier bloggt die Redaktion. Ein Fenster ins Innenleben von ZEIT ONLINE\",\"potentialAction\":[{\"@type\":\"SearchAction\",\"target\":{\"@type\":\"EntryPoint\",\"urlTemplate\":\"https:\/\/blog.zeit.de\/zeitansage\/?s={search_term_string}\"},\"query-input\":\"required name=search_term_string\"}],\"inLanguage\":\"de\"},{\"@type\":\"Person\",\"@id\":\"https:\/\/blog.zeit.de\/zeitansage\/#\/schema\/person\/59fed30f107cb33d9bc2599d49d6d030\",\"name\":\"Fabian Mohr\",\"image\":{\"@type\":\"ImageObject\",\"inLanguage\":\"de\",\"@id\":\"https:\/\/blog.zeit.de\/zeitansage\/#\/schema\/person\/image\/\",\"url\":\"https:\/\/secure.gravatar.com\/avatar\/a9bd8972e7bd81d78d999ce57c1fc1c323e018db0c437e973b5662c3564c4edb?s=96&d=mm&r=g\",\"contentUrl\":\"https:\/\/secure.gravatar.com\/avatar\/a9bd8972e7bd81d78d999ce57c1fc1c323e018db0c437e973b5662c3564c4edb?s=96&d=mm&r=g\",\"caption\":\"Fabian Mohr\"},\"description\":\"ist Redakteur bei ZEIT ONLINE.\",\"sameAs\":[\"http:\/\/community.zeit.de\/user\/fabianmohrzeitonline\"],\"url\":\"https:\/\/blog.zeit.de\/zeitansage\/author\/fabian-mohr\"}]}<\/script>\n<!-- \/ Yoast SEO plugin. -->","yoast_head_json":{"title":"ZEIT ONLINE Debatte mit Alan Rusbridger - ZEITansage","robots":{"index":"index","follow":"follow","max-snippet":"max-snippet:-1","max-image-preview":"max-image-preview:large","max-video-preview":"max-video-preview:-1"},"canonical":"https:\/\/blog.zeit.de\/zeitansage\/2010\/10\/22\/zeit-online-debatte-mit-alan-rusbridger_511","og_locale":"de_DE","og_type":"article","og_title":"ZEIT ONLINE Debatte mit Alan Rusbridger - ZEITansage","og_description":"&#8222;Journalismus der Zukunft: Die Chancen einer neuen \u00c4ra&#8220;: \u00dcber dieses Thema haben ZEIT ONLINE-Chefredakteur Wolfgang Blau und der Chefredakteur der britischen Tageszeitung und Nachrichtenwebsite The Guardian, Alan Rusbridger, am 20. 10. in Berlin diskutiert. Im Mittelpunkt der Gespr\u00e4chsrunde aus der Reihe &#8222;ZEIT ONLINE DEBATTE&#8220; standen der rapide Medienwandel und seine Bedeutung f\u00fcr die Arbeit von [&hellip;]","og_url":"https:\/\/blog.zeit.de\/zeitansage\/2010\/10\/22\/zeit-online-debatte-mit-alan-rusbridger_511","og_site_name":"ZEITansage","article_published_time":"2010-10-21T22:31:53+00:00","article_modified_time":"2010-10-22T07:43:18+00:00","author":"Fabian Mohr","twitter_misc":{"Geschrieben von":"Fabian Mohr","Gesch\u00e4tzte Lesezeit":"1\u00a0Minute"},"schema":{"@context":"https:\/\/schema.org","@graph":[{"@type":"WebPage","@id":"https:\/\/blog.zeit.de\/zeitansage\/2010\/10\/22\/zeit-online-debatte-mit-alan-rusbridger_511","url":"https:\/\/blog.zeit.de\/zeitansage\/2010\/10\/22\/zeit-online-debatte-mit-alan-rusbridger_511","name":"ZEIT ONLINE Debatte mit Alan Rusbridger - ZEITansage","isPartOf":{"@id":"https:\/\/blog.zeit.de\/zeitansage\/#website"},"datePublished":"2010-10-21T22:31:53+00:00","dateModified":"2010-10-22T07:43:18+00:00","author":{"@id":"https:\/\/blog.zeit.de\/zeitansage\/#\/schema\/person\/59fed30f107cb33d9bc2599d49d6d030"},"breadcrumb":{"@id":"https:\/\/blog.zeit.de\/zeitansage\/2010\/10\/22\/zeit-online-debatte-mit-alan-rusbridger_511#breadcrumb"},"inLanguage":"de","potentialAction":[{"@type":"ReadAction","target":["https:\/\/blog.zeit.de\/zeitansage\/2010\/10\/22\/zeit-online-debatte-mit-alan-rusbridger_511"]}]},{"@type":"BreadcrumbList","@id":"https:\/\/blog.zeit.de\/zeitansage\/2010\/10\/22\/zeit-online-debatte-mit-alan-rusbridger_511#breadcrumb","itemListElement":[{"@type":"ListItem","position":1,"name":"Startseite","item":"https:\/\/blog.zeit.de\/zeitansage"},{"@type":"ListItem","position":2,"name":"ZEIT ONLINE Debatte mit Alan Rusbridger"}]},{"@type":"WebSite","@id":"https:\/\/blog.zeit.de\/zeitansage\/#website","url":"https:\/\/blog.zeit.de\/zeitansage\/","name":"ZEITansage","description":"Hier bloggt die Redaktion. Ein Fenster ins Innenleben von ZEIT ONLINE","potentialAction":[{"@type":"SearchAction","target":{"@type":"EntryPoint","urlTemplate":"https:\/\/blog.zeit.de\/zeitansage\/?s={search_term_string}"},"query-input":"required name=search_term_string"}],"inLanguage":"de"},{"@type":"Person","@id":"https:\/\/blog.zeit.de\/zeitansage\/#\/schema\/person\/59fed30f107cb33d9bc2599d49d6d030","name":"Fabian Mohr","image":{"@type":"ImageObject","inLanguage":"de","@id":"https:\/\/blog.zeit.de\/zeitansage\/#\/schema\/person\/image\/","url":"https:\/\/secure.gravatar.com\/avatar\/a9bd8972e7bd81d78d999ce57c1fc1c323e018db0c437e973b5662c3564c4edb?s=96&d=mm&r=g","contentUrl":"https:\/\/secure.gravatar.com\/avatar\/a9bd8972e7bd81d78d999ce57c1fc1c323e018db0c437e973b5662c3564c4edb?s=96&d=mm&r=g","caption":"Fabian Mohr"},"description":"ist Redakteur bei ZEIT ONLINE.","sameAs":["http:\/\/community.zeit.de\/user\/fabianmohrzeitonline"],"url":"https:\/\/blog.zeit.de\/zeitansage\/author\/fabian-mohr"}]}},"jetpack_featured_media_url":"","jetpack_sharing_enabled":true,"_links":{"self":[{"href":"https:\/\/blog.zeit.de\/zeitansage\/wp-json\/wp\/v2\/posts\/511","targetHints":{"allow":["GET"]}}],"collection":[{"href":"https:\/\/blog.zeit.de\/zeitansage\/wp-json\/wp\/v2\/posts"}],"about":[{"href":"https:\/\/blog.zeit.de\/zeitansage\/wp-json\/wp\/v2\/types\/post"}],"author":[{"embeddable":true,"href":"https:\/\/blog.zeit.de\/zeitansage\/wp-json\/wp\/v2\/users\/45"}],"replies":[{"embeddable":true,"href":"https:\/\/blog.zeit.de\/zeitansage\/wp-json\/wp\/v2\/comments?post=511"}],"version-history":[{"count":17,"href":"https:\/\/blog.zeit.de\/zeitansage\/wp-json\/wp\/v2\/posts\/511\/revisions"}],"predecessor-version":[{"id":528,"href":"https:\/\/blog.zeit.de\/zeitansage\/wp-json\/wp\/v2\/posts\/511\/revisions\/528"}],"wp:attachment":[{"href":"https:\/\/blog.zeit.de\/zeitansage\/wp-json\/wp\/v2\/media?parent=511"}],"wp:term":[{"taxonomy":"category","embeddable":true,"href":"https:\/\/blog.zeit.de\/zeitansage\/wp-json\/wp\/v2\/categories?post=511"},{"taxonomy":"post_tag","embeddable":true,"href":"https:\/\/blog.zeit.de\/zeitansage\/wp-json\/wp\/v2\/tags?post=511"}],"curies":[{"name":"wp","href":"https:\/\/api.w.org\/{rel}","templated":true}]}}