{"id":54,"date":"2007-03-07T15:19:19","date_gmt":"2007-03-07T14:19:19","guid":{"rendered":"http:\/\/blog.zeit.de\/zeitansage\/2007\/03\/07\/wir-sind-weiblich-fur-einen-tag_54"},"modified":"2007-03-07T15:19:19","modified_gmt":"2007-03-07T14:19:19","slug":"wir-sind-weiblich-fur-einen-tag","status":"publish","type":"post","link":"https:\/\/blog.zeit.de\/zeitansage\/2007\/03\/07\/wir-sind-weiblich-fur-einen-tag_54","title":{"rendered":"Wir sind weiblich f\u00fcr einen Tag"},"content":{"rendered":"<p>Donnerstag ist Weltfrauentag, ein symbolischer Tag. Wir denken an die Frauen, die noch immer um einfachste Menschenrechte ringen m\u00fcssen. Darum nicht misshandelt und verst\u00fcmmelt zu werden, ihren Mann selbst w\u00e4hlen zu d\u00fcrfen und auch die politische Partei, die sie \u00fcberzeugt. <\/p>\n<p>Doch auch in Deutschland macht es nach wie vor Sinn \u00fcber die Rolle der Frauen nachzudenken: beispielsweise aufgrund der aktuellen Diskussion \u00fcber arbeitende M\u00fctter, die einen Krippenplatz f\u00fcr ihre Kinder brauchen oder \u00fcber <a href=\"http:\/\/www.zeit.de\/online\/2007\/10\/frauenklischees\" target=\"_blank\">Klischees<\/a>, die immer noch in den K\u00f6pfen von M\u00e4nnern und Frauen sind.  <\/p>\n<p>Bei ZEIT online wollen wir Zeichen setzen. Deshalb sollen am 8. M\u00e4rz unsere Titel und alle Bilder auf der Homepage weiblich sein. Wir wollen uns bem\u00fchen, keinen Krieg, keinen Hass in die \u00dcberschriften zu lassen. Wir setzen auf die weiblichen Substantive: auf die Liebe, die Leidenschaft und die Vernunft. Es wird sicherlich auch \u00dcberschriften geben, die von Missgunst, Krisen und Niedertracht handeln. Denn \u2013 nun ja \u2013 auch das sind weibliche W\u00f6rter. <\/p>\n<p>Berichtet unsere Kollegin vom Untersuchungsausschuss, werden Sie auf dem Bild ausnahmsweise nicht Herrn Kurnaz oder Herrn Steinmeier sehen, sondern die junge CDU-Abgeordnete Kristina K\u00f6hler, die Mitglied des Untersuchungsausschusses ist. <\/p>\n<p>Wir werden Ihnen an diesem Tag kein noch so m\u00e4nnliches Thema vorenthalten, wenn es aktuell ist. Aber wir werden, wo immer es geht, die Frauen im Blick behalten. Es ist ein Experiment \u2013 lassen Sie sich irritieren.<\/p>\n","protected":false},"excerpt":{"rendered":"<p>Donnerstag ist Weltfrauentag, ein symbolischer Tag. Wir denken an die Frauen, die noch immer um einfachste Menschenrechte ringen m\u00fcssen. Darum nicht misshandelt und verst\u00fcmmelt zu werden, ihren Mann selbst w\u00e4hlen zu d\u00fcrfen und auch die politische Partei, die sie \u00fcberzeugt. Doch auch in Deutschland macht es nach wie vor Sinn \u00fcber die Rolle der Frauen [&hellip;]<\/p>\n","protected":false},"author":65,"featured_media":0,"comment_status":"open","ping_status":"closed","sticky":false,"template":"","format":"standard","meta":{"_jetpack_memberships_contains_paid_content":false,"footnotes":""},"categories":[1],"tags":[],"class_list":["post-54","post","type-post","status-publish","format-standard","hentry","category-allgemein"],"yoast_head":"<!-- This site is optimized with the Yoast SEO plugin v21.0 - https:\/\/yoast.com\/wordpress\/plugins\/seo\/ -->\n<title>Wir sind weiblich f\u00fcr einen Tag - ZEITansage<\/title>\n<meta name=\"robots\" content=\"index, follow, max-snippet:-1, max-image-preview:large, max-video-preview:-1\" \/>\n<link rel=\"canonical\" href=\"https:\/\/blog.zeit.de\/zeitansage\/2007\/03\/07\/wir-sind-weiblich-fur-einen-tag_54\" \/>\n<meta property=\"og:locale\" content=\"de_DE\" \/>\n<meta property=\"og:type\" content=\"article\" \/>\n<meta property=\"og:title\" content=\"Wir sind weiblich f\u00fcr einen Tag - ZEITansage\" \/>\n<meta property=\"og:description\" content=\"Donnerstag ist Weltfrauentag, ein symbolischer Tag. Wir denken an die Frauen, die noch immer um einfachste Menschenrechte ringen m\u00fcssen. Darum nicht misshandelt und verst\u00fcmmelt zu werden, ihren Mann selbst w\u00e4hlen zu d\u00fcrfen und auch die politische Partei, die sie \u00fcberzeugt. Doch auch in Deutschland macht es nach wie vor Sinn \u00fcber die Rolle der Frauen [&hellip;]\" \/>\n<meta property=\"og:url\" content=\"https:\/\/blog.zeit.de\/zeitansage\/2007\/03\/07\/wir-sind-weiblich-fur-einen-tag_54\" \/>\n<meta property=\"og:site_name\" content=\"ZEITansage\" \/>\n<meta property=\"article:published_time\" content=\"2007-03-07T14:19:19+00:00\" \/>\n<meta name=\"author\" content=\"ZEIT ONLINE Admin\" \/>\n<meta name=\"twitter:label1\" content=\"Geschrieben von\" \/>\n\t<meta name=\"twitter:data1\" content=\"ZEIT ONLINE Admin\" \/>\n\t<meta name=\"twitter:label2\" content=\"Gesch\u00e4tzte Lesezeit\" \/>\n\t<meta name=\"twitter:data2\" content=\"1\u00a0Minute\" \/>\n<script type=\"application\/ld+json\" class=\"yoast-schema-graph\">{\"@context\":\"https:\/\/schema.org\",\"@graph\":[{\"@type\":\"WebPage\",\"@id\":\"https:\/\/blog.zeit.de\/zeitansage\/2007\/03\/07\/wir-sind-weiblich-fur-einen-tag_54\",\"url\":\"https:\/\/blog.zeit.de\/zeitansage\/2007\/03\/07\/wir-sind-weiblich-fur-einen-tag_54\",\"name\":\"Wir sind weiblich f\u00fcr einen Tag - ZEITansage\",\"isPartOf\":{\"@id\":\"https:\/\/blog.zeit.de\/zeitansage\/#website\"},\"datePublished\":\"2007-03-07T14:19:19+00:00\",\"dateModified\":\"2007-03-07T14:19:19+00:00\",\"author\":{\"@id\":\"https:\/\/blog.zeit.de\/zeitansage\/#\/schema\/person\/29ce5b7921a5c4a905ec0fc46111d85e\"},\"breadcrumb\":{\"@id\":\"https:\/\/blog.zeit.de\/zeitansage\/2007\/03\/07\/wir-sind-weiblich-fur-einen-tag_54#breadcrumb\"},\"inLanguage\":\"de\",\"potentialAction\":[{\"@type\":\"ReadAction\",\"target\":[\"https:\/\/blog.zeit.de\/zeitansage\/2007\/03\/07\/wir-sind-weiblich-fur-einen-tag_54\"]}]},{\"@type\":\"BreadcrumbList\",\"@id\":\"https:\/\/blog.zeit.de\/zeitansage\/2007\/03\/07\/wir-sind-weiblich-fur-einen-tag_54#breadcrumb\",\"itemListElement\":[{\"@type\":\"ListItem\",\"position\":1,\"name\":\"Startseite\",\"item\":\"https:\/\/blog.zeit.de\/zeitansage\"},{\"@type\":\"ListItem\",\"position\":2,\"name\":\"Wir sind weiblich f\u00fcr einen Tag\"}]},{\"@type\":\"WebSite\",\"@id\":\"https:\/\/blog.zeit.de\/zeitansage\/#website\",\"url\":\"https:\/\/blog.zeit.de\/zeitansage\/\",\"name\":\"ZEITansage\",\"description\":\"Hier bloggt die Redaktion. Ein Fenster ins Innenleben von ZEIT ONLINE\",\"potentialAction\":[{\"@type\":\"SearchAction\",\"target\":{\"@type\":\"EntryPoint\",\"urlTemplate\":\"https:\/\/blog.zeit.de\/zeitansage\/?s={search_term_string}\"},\"query-input\":\"required name=search_term_string\"}],\"inLanguage\":\"de\"},{\"@type\":\"Person\",\"@id\":\"https:\/\/blog.zeit.de\/zeitansage\/#\/schema\/person\/29ce5b7921a5c4a905ec0fc46111d85e\",\"name\":\"ZEIT ONLINE Admin\",\"image\":{\"@type\":\"ImageObject\",\"inLanguage\":\"de\",\"@id\":\"https:\/\/blog.zeit.de\/zeitansage\/#\/schema\/person\/image\/\",\"url\":\"https:\/\/secure.gravatar.com\/avatar\/afb5d9eb7dff249a1f6445f62f4d8bc712cb6913fa324caba961b5d951154a07?s=96&d=mm&r=g\",\"contentUrl\":\"https:\/\/secure.gravatar.com\/avatar\/afb5d9eb7dff249a1f6445f62f4d8bc712cb6913fa324caba961b5d951154a07?s=96&d=mm&r=g\",\"caption\":\"ZEIT ONLINE Admin\"},\"url\":\"https:\/\/blog.zeit.de\/zeitansage\/author\/zeit-admin\"}]}<\/script>\n<!-- \/ Yoast SEO plugin. -->","yoast_head_json":{"title":"Wir sind weiblich f\u00fcr einen Tag - ZEITansage","robots":{"index":"index","follow":"follow","max-snippet":"max-snippet:-1","max-image-preview":"max-image-preview:large","max-video-preview":"max-video-preview:-1"},"canonical":"https:\/\/blog.zeit.de\/zeitansage\/2007\/03\/07\/wir-sind-weiblich-fur-einen-tag_54","og_locale":"de_DE","og_type":"article","og_title":"Wir sind weiblich f\u00fcr einen Tag - ZEITansage","og_description":"Donnerstag ist Weltfrauentag, ein symbolischer Tag. Wir denken an die Frauen, die noch immer um einfachste Menschenrechte ringen m\u00fcssen. Darum nicht misshandelt und verst\u00fcmmelt zu werden, ihren Mann selbst w\u00e4hlen zu d\u00fcrfen und auch die politische Partei, die sie \u00fcberzeugt. Doch auch in Deutschland macht es nach wie vor Sinn \u00fcber die Rolle der Frauen [&hellip;]","og_url":"https:\/\/blog.zeit.de\/zeitansage\/2007\/03\/07\/wir-sind-weiblich-fur-einen-tag_54","og_site_name":"ZEITansage","article_published_time":"2007-03-07T14:19:19+00:00","author":"ZEIT ONLINE Admin","twitter_misc":{"Geschrieben von":"ZEIT ONLINE Admin","Gesch\u00e4tzte Lesezeit":"1\u00a0Minute"},"schema":{"@context":"https:\/\/schema.org","@graph":[{"@type":"WebPage","@id":"https:\/\/blog.zeit.de\/zeitansage\/2007\/03\/07\/wir-sind-weiblich-fur-einen-tag_54","url":"https:\/\/blog.zeit.de\/zeitansage\/2007\/03\/07\/wir-sind-weiblich-fur-einen-tag_54","name":"Wir sind weiblich f\u00fcr einen Tag - ZEITansage","isPartOf":{"@id":"https:\/\/blog.zeit.de\/zeitansage\/#website"},"datePublished":"2007-03-07T14:19:19+00:00","dateModified":"2007-03-07T14:19:19+00:00","author":{"@id":"https:\/\/blog.zeit.de\/zeitansage\/#\/schema\/person\/29ce5b7921a5c4a905ec0fc46111d85e"},"breadcrumb":{"@id":"https:\/\/blog.zeit.de\/zeitansage\/2007\/03\/07\/wir-sind-weiblich-fur-einen-tag_54#breadcrumb"},"inLanguage":"de","potentialAction":[{"@type":"ReadAction","target":["https:\/\/blog.zeit.de\/zeitansage\/2007\/03\/07\/wir-sind-weiblich-fur-einen-tag_54"]}]},{"@type":"BreadcrumbList","@id":"https:\/\/blog.zeit.de\/zeitansage\/2007\/03\/07\/wir-sind-weiblich-fur-einen-tag_54#breadcrumb","itemListElement":[{"@type":"ListItem","position":1,"name":"Startseite","item":"https:\/\/blog.zeit.de\/zeitansage"},{"@type":"ListItem","position":2,"name":"Wir sind weiblich f\u00fcr einen Tag"}]},{"@type":"WebSite","@id":"https:\/\/blog.zeit.de\/zeitansage\/#website","url":"https:\/\/blog.zeit.de\/zeitansage\/","name":"ZEITansage","description":"Hier bloggt die Redaktion. Ein Fenster ins Innenleben von ZEIT ONLINE","potentialAction":[{"@type":"SearchAction","target":{"@type":"EntryPoint","urlTemplate":"https:\/\/blog.zeit.de\/zeitansage\/?s={search_term_string}"},"query-input":"required name=search_term_string"}],"inLanguage":"de"},{"@type":"Person","@id":"https:\/\/blog.zeit.de\/zeitansage\/#\/schema\/person\/29ce5b7921a5c4a905ec0fc46111d85e","name":"ZEIT ONLINE Admin","image":{"@type":"ImageObject","inLanguage":"de","@id":"https:\/\/blog.zeit.de\/zeitansage\/#\/schema\/person\/image\/","url":"https:\/\/secure.gravatar.com\/avatar\/afb5d9eb7dff249a1f6445f62f4d8bc712cb6913fa324caba961b5d951154a07?s=96&d=mm&r=g","contentUrl":"https:\/\/secure.gravatar.com\/avatar\/afb5d9eb7dff249a1f6445f62f4d8bc712cb6913fa324caba961b5d951154a07?s=96&d=mm&r=g","caption":"ZEIT ONLINE Admin"},"url":"https:\/\/blog.zeit.de\/zeitansage\/author\/zeit-admin"}]}},"jetpack_featured_media_url":"","jetpack_sharing_enabled":true,"_links":{"self":[{"href":"https:\/\/blog.zeit.de\/zeitansage\/wp-json\/wp\/v2\/posts\/54","targetHints":{"allow":["GET"]}}],"collection":[{"href":"https:\/\/blog.zeit.de\/zeitansage\/wp-json\/wp\/v2\/posts"}],"about":[{"href":"https:\/\/blog.zeit.de\/zeitansage\/wp-json\/wp\/v2\/types\/post"}],"author":[{"embeddable":true,"href":"https:\/\/blog.zeit.de\/zeitansage\/wp-json\/wp\/v2\/users\/65"}],"replies":[{"embeddable":true,"href":"https:\/\/blog.zeit.de\/zeitansage\/wp-json\/wp\/v2\/comments?post=54"}],"version-history":[{"count":0,"href":"https:\/\/blog.zeit.de\/zeitansage\/wp-json\/wp\/v2\/posts\/54\/revisions"}],"wp:attachment":[{"href":"https:\/\/blog.zeit.de\/zeitansage\/wp-json\/wp\/v2\/media?parent=54"}],"wp:term":[{"taxonomy":"category","embeddable":true,"href":"https:\/\/blog.zeit.de\/zeitansage\/wp-json\/wp\/v2\/categories?post=54"},{"taxonomy":"post_tag","embeddable":true,"href":"https:\/\/blog.zeit.de\/zeitansage\/wp-json\/wp\/v2\/tags?post=54"}],"curies":[{"name":"wp","href":"https:\/\/api.w.org\/{rel}","templated":true}]}}