{"id":754,"date":"2011-06-10T19:16:50","date_gmt":"2011-06-10T17:16:50","guid":{"rendered":"http:\/\/blog.zeit.de\/zeitansage\/?p=754"},"modified":"2011-06-10T19:16:50","modified_gmt":"2011-06-10T17:16:50","slug":"video-seiten-fur-tablets-optimiert","status":"publish","type":"post","link":"https:\/\/blog.zeit.de\/zeitansage\/2011\/06\/10\/video-seiten-fur-tablets-optimiert_754","title":{"rendered":"Video-Seiten f\u00fcr Tablets optimiert"},"content":{"rendered":"<p>Die Website von ZEIT ONLINE gibt es bereits seit November vergangenen Jahres f\u00fcr Tablet-Ger\u00e4te wie das iPad oder Samsung Galaxy Tab in einer <a href=\"https:\/\/blog.zeit.de\/zeitansage\/2010\/11\/17\/finger-statt-maus-www-zeit-de-jetzt-auch-fur-das-ipad-und-weitere-tablets-optimiert_542\">touch-optimierten Version<\/a>. Zus\u00e4tzlich werden jetzt auch alle Video-Bereiche, also bspw. die <a href=\"http:\/\/www.zeit.de\/video\">Video-Startseite<\/a> oder <a href=\"http:\/\/video.zeit.de\/video\/970123095001\">einzelne Videos<\/a>, speziell f\u00fcr Tablets aufbereitet.  <\/p>\n<p><a href=\"http:\/\/www.zeit.de\/video\"><img loading=\"lazy\" decoding=\"async\" src=\"https:\/\/blog.zeit.de\/zeitansage\/files\/2011\/06\/video-tablet.jpg\" alt=\"\" title=\"video-tablet\" width=\"540\" height=\"700\" class=\"alignleft size-full wp-image-755\" srcset=\"https:\/\/blog.zeit.de\/zeitansage\/files\/2011\/06\/video-tablet.jpg 540w, https:\/\/blog.zeit.de\/zeitansage\/files\/2011\/06\/video-tablet-231x300.jpg 231w\" sizes=\"auto, (max-width: 540px) 100vw, 540px\" \/><\/a><\/p>\n<p>Uns ist wichtig, dass die touch-optimierte Browser-Darstellung auf allen g\u00e4ngigen Tablets reibungslos funktioniert, egal welche Marke dahintersteht. Durch die wachsende Vielfalt der Ger\u00e4te mit unterschiedlichen Betriebssystemen ist die Optimierung f\u00fcr m\u00f6glichst viele Tablets jedoch ein Prozess, der nie endet. Deswegen eine Bitte: Sollten Sie wider Erwarten mit Ihrem Tablet auf ein Darstellungsproblem sto\u00dfen, geben Sie uns ein kurzes Signal &#8211; wir k\u00fcmmern uns dann darum.<\/p>\n","protected":false},"excerpt":{"rendered":"<p>Die Website von ZEIT ONLINE gibt es bereits seit November vergangenen Jahres f\u00fcr Tablet-Ger\u00e4te wie das iPad oder Samsung Galaxy Tab in einer touch-optimierten Version. Zus\u00e4tzlich werden jetzt auch alle Video-Bereiche, also bspw. die Video-Startseite oder einzelne Videos, speziell f\u00fcr Tablets aufbereitet. Uns ist wichtig, dass die touch-optimierte Browser-Darstellung auf allen g\u00e4ngigen Tablets reibungslos funktioniert, [&hellip;]<\/p>\n","protected":false},"author":45,"featured_media":0,"comment_status":"open","ping_status":"closed","sticky":false,"template":"","format":"standard","meta":{"_jetpack_memberships_contains_paid_content":false,"footnotes":""},"categories":[924,28],"tags":[],"class_list":["post-754","post","type-post","status-publish","format-standard","hentry","category-usability","category-video"],"yoast_head":"<!-- This site is optimized with the Yoast SEO plugin v21.0 - https:\/\/yoast.com\/wordpress\/plugins\/seo\/ -->\n<title>Video-Seiten f\u00fcr Tablets optimiert - ZEITansage<\/title>\n<meta name=\"robots\" content=\"index, follow, max-snippet:-1, max-image-preview:large, max-video-preview:-1\" \/>\n<link rel=\"canonical\" href=\"https:\/\/blog.zeit.de\/zeitansage\/2011\/06\/10\/video-seiten-fur-tablets-optimiert_754\" \/>\n<meta property=\"og:locale\" content=\"de_DE\" \/>\n<meta property=\"og:type\" content=\"article\" \/>\n<meta property=\"og:title\" content=\"Video-Seiten f\u00fcr Tablets optimiert - ZEITansage\" \/>\n<meta property=\"og:description\" content=\"Die Website von ZEIT ONLINE gibt es bereits seit November vergangenen Jahres f\u00fcr Tablet-Ger\u00e4te wie das iPad oder Samsung Galaxy Tab in einer touch-optimierten Version. Zus\u00e4tzlich werden jetzt auch alle Video-Bereiche, also bspw. die Video-Startseite oder einzelne Videos, speziell f\u00fcr Tablets aufbereitet. Uns ist wichtig, dass die touch-optimierte Browser-Darstellung auf allen g\u00e4ngigen Tablets reibungslos funktioniert, [&hellip;]\" \/>\n<meta property=\"og:url\" content=\"https:\/\/blog.zeit.de\/zeitansage\/2011\/06\/10\/video-seiten-fur-tablets-optimiert_754\" \/>\n<meta property=\"og:site_name\" content=\"ZEITansage\" \/>\n<meta property=\"article:published_time\" content=\"2011-06-10T17:16:50+00:00\" \/>\n<meta property=\"og:image\" content=\"https:\/\/blog.zeit.de\/zeitansage\/files\/2011\/06\/video-tablet.jpg\" \/>\n<meta name=\"author\" content=\"Fabian Mohr\" \/>\n<meta name=\"twitter:label1\" content=\"Geschrieben von\" \/>\n\t<meta name=\"twitter:data1\" content=\"Fabian Mohr\" \/>\n\t<meta name=\"twitter:label2\" content=\"Gesch\u00e4tzte Lesezeit\" \/>\n\t<meta name=\"twitter:data2\" content=\"1\u00a0Minute\" \/>\n<script type=\"application\/ld+json\" class=\"yoast-schema-graph\">{\"@context\":\"https:\/\/schema.org\",\"@graph\":[{\"@type\":\"WebPage\",\"@id\":\"https:\/\/blog.zeit.de\/zeitansage\/2011\/06\/10\/video-seiten-fur-tablets-optimiert_754\",\"url\":\"https:\/\/blog.zeit.de\/zeitansage\/2011\/06\/10\/video-seiten-fur-tablets-optimiert_754\",\"name\":\"Video-Seiten f\u00fcr Tablets optimiert - ZEITansage\",\"isPartOf\":{\"@id\":\"https:\/\/blog.zeit.de\/zeitansage\/#website\"},\"datePublished\":\"2011-06-10T17:16:50+00:00\",\"dateModified\":\"2011-06-10T17:16:50+00:00\",\"author\":{\"@id\":\"https:\/\/blog.zeit.de\/zeitansage\/#\/schema\/person\/59fed30f107cb33d9bc2599d49d6d030\"},\"breadcrumb\":{\"@id\":\"https:\/\/blog.zeit.de\/zeitansage\/2011\/06\/10\/video-seiten-fur-tablets-optimiert_754#breadcrumb\"},\"inLanguage\":\"de\",\"potentialAction\":[{\"@type\":\"ReadAction\",\"target\":[\"https:\/\/blog.zeit.de\/zeitansage\/2011\/06\/10\/video-seiten-fur-tablets-optimiert_754\"]}]},{\"@type\":\"BreadcrumbList\",\"@id\":\"https:\/\/blog.zeit.de\/zeitansage\/2011\/06\/10\/video-seiten-fur-tablets-optimiert_754#breadcrumb\",\"itemListElement\":[{\"@type\":\"ListItem\",\"position\":1,\"name\":\"Startseite\",\"item\":\"https:\/\/blog.zeit.de\/zeitansage\"},{\"@type\":\"ListItem\",\"position\":2,\"name\":\"Video-Seiten f\u00fcr Tablets optimiert\"}]},{\"@type\":\"WebSite\",\"@id\":\"https:\/\/blog.zeit.de\/zeitansage\/#website\",\"url\":\"https:\/\/blog.zeit.de\/zeitansage\/\",\"name\":\"ZEITansage\",\"description\":\"Hier bloggt die Redaktion. Ein Fenster ins Innenleben von ZEIT ONLINE\",\"potentialAction\":[{\"@type\":\"SearchAction\",\"target\":{\"@type\":\"EntryPoint\",\"urlTemplate\":\"https:\/\/blog.zeit.de\/zeitansage\/?s={search_term_string}\"},\"query-input\":\"required name=search_term_string\"}],\"inLanguage\":\"de\"},{\"@type\":\"Person\",\"@id\":\"https:\/\/blog.zeit.de\/zeitansage\/#\/schema\/person\/59fed30f107cb33d9bc2599d49d6d030\",\"name\":\"Fabian Mohr\",\"image\":{\"@type\":\"ImageObject\",\"inLanguage\":\"de\",\"@id\":\"https:\/\/blog.zeit.de\/zeitansage\/#\/schema\/person\/image\/\",\"url\":\"https:\/\/secure.gravatar.com\/avatar\/a9bd8972e7bd81d78d999ce57c1fc1c323e018db0c437e973b5662c3564c4edb?s=96&d=mm&r=g\",\"contentUrl\":\"https:\/\/secure.gravatar.com\/avatar\/a9bd8972e7bd81d78d999ce57c1fc1c323e018db0c437e973b5662c3564c4edb?s=96&d=mm&r=g\",\"caption\":\"Fabian Mohr\"},\"description\":\"ist Redakteur bei ZEIT ONLINE.\",\"sameAs\":[\"http:\/\/community.zeit.de\/user\/fabianmohrzeitonline\"],\"url\":\"https:\/\/blog.zeit.de\/zeitansage\/author\/fabian-mohr\"}]}<\/script>\n<!-- \/ Yoast SEO plugin. -->","yoast_head_json":{"title":"Video-Seiten f\u00fcr Tablets optimiert - ZEITansage","robots":{"index":"index","follow":"follow","max-snippet":"max-snippet:-1","max-image-preview":"max-image-preview:large","max-video-preview":"max-video-preview:-1"},"canonical":"https:\/\/blog.zeit.de\/zeitansage\/2011\/06\/10\/video-seiten-fur-tablets-optimiert_754","og_locale":"de_DE","og_type":"article","og_title":"Video-Seiten f\u00fcr Tablets optimiert - ZEITansage","og_description":"Die Website von ZEIT ONLINE gibt es bereits seit November vergangenen Jahres f\u00fcr Tablet-Ger\u00e4te wie das iPad oder Samsung Galaxy Tab in einer touch-optimierten Version. Zus\u00e4tzlich werden jetzt auch alle Video-Bereiche, also bspw. die Video-Startseite oder einzelne Videos, speziell f\u00fcr Tablets aufbereitet. Uns ist wichtig, dass die touch-optimierte Browser-Darstellung auf allen g\u00e4ngigen Tablets reibungslos funktioniert, [&hellip;]","og_url":"https:\/\/blog.zeit.de\/zeitansage\/2011\/06\/10\/video-seiten-fur-tablets-optimiert_754","og_site_name":"ZEITansage","article_published_time":"2011-06-10T17:16:50+00:00","og_image":[{"url":"https:\/\/blog.zeit.de\/zeitansage\/files\/2011\/06\/video-tablet.jpg"}],"author":"Fabian Mohr","twitter_misc":{"Geschrieben von":"Fabian Mohr","Gesch\u00e4tzte Lesezeit":"1\u00a0Minute"},"schema":{"@context":"https:\/\/schema.org","@graph":[{"@type":"WebPage","@id":"https:\/\/blog.zeit.de\/zeitansage\/2011\/06\/10\/video-seiten-fur-tablets-optimiert_754","url":"https:\/\/blog.zeit.de\/zeitansage\/2011\/06\/10\/video-seiten-fur-tablets-optimiert_754","name":"Video-Seiten f\u00fcr Tablets optimiert - ZEITansage","isPartOf":{"@id":"https:\/\/blog.zeit.de\/zeitansage\/#website"},"datePublished":"2011-06-10T17:16:50+00:00","dateModified":"2011-06-10T17:16:50+00:00","author":{"@id":"https:\/\/blog.zeit.de\/zeitansage\/#\/schema\/person\/59fed30f107cb33d9bc2599d49d6d030"},"breadcrumb":{"@id":"https:\/\/blog.zeit.de\/zeitansage\/2011\/06\/10\/video-seiten-fur-tablets-optimiert_754#breadcrumb"},"inLanguage":"de","potentialAction":[{"@type":"ReadAction","target":["https:\/\/blog.zeit.de\/zeitansage\/2011\/06\/10\/video-seiten-fur-tablets-optimiert_754"]}]},{"@type":"BreadcrumbList","@id":"https:\/\/blog.zeit.de\/zeitansage\/2011\/06\/10\/video-seiten-fur-tablets-optimiert_754#breadcrumb","itemListElement":[{"@type":"ListItem","position":1,"name":"Startseite","item":"https:\/\/blog.zeit.de\/zeitansage"},{"@type":"ListItem","position":2,"name":"Video-Seiten f\u00fcr Tablets optimiert"}]},{"@type":"WebSite","@id":"https:\/\/blog.zeit.de\/zeitansage\/#website","url":"https:\/\/blog.zeit.de\/zeitansage\/","name":"ZEITansage","description":"Hier bloggt die Redaktion. Ein Fenster ins Innenleben von ZEIT ONLINE","potentialAction":[{"@type":"SearchAction","target":{"@type":"EntryPoint","urlTemplate":"https:\/\/blog.zeit.de\/zeitansage\/?s={search_term_string}"},"query-input":"required name=search_term_string"}],"inLanguage":"de"},{"@type":"Person","@id":"https:\/\/blog.zeit.de\/zeitansage\/#\/schema\/person\/59fed30f107cb33d9bc2599d49d6d030","name":"Fabian Mohr","image":{"@type":"ImageObject","inLanguage":"de","@id":"https:\/\/blog.zeit.de\/zeitansage\/#\/schema\/person\/image\/","url":"https:\/\/secure.gravatar.com\/avatar\/a9bd8972e7bd81d78d999ce57c1fc1c323e018db0c437e973b5662c3564c4edb?s=96&d=mm&r=g","contentUrl":"https:\/\/secure.gravatar.com\/avatar\/a9bd8972e7bd81d78d999ce57c1fc1c323e018db0c437e973b5662c3564c4edb?s=96&d=mm&r=g","caption":"Fabian Mohr"},"description":"ist Redakteur bei ZEIT ONLINE.","sameAs":["http:\/\/community.zeit.de\/user\/fabianmohrzeitonline"],"url":"https:\/\/blog.zeit.de\/zeitansage\/author\/fabian-mohr"}]}},"jetpack_featured_media_url":"","jetpack_sharing_enabled":true,"_links":{"self":[{"href":"https:\/\/blog.zeit.de\/zeitansage\/wp-json\/wp\/v2\/posts\/754","targetHints":{"allow":["GET"]}}],"collection":[{"href":"https:\/\/blog.zeit.de\/zeitansage\/wp-json\/wp\/v2\/posts"}],"about":[{"href":"https:\/\/blog.zeit.de\/zeitansage\/wp-json\/wp\/v2\/types\/post"}],"author":[{"embeddable":true,"href":"https:\/\/blog.zeit.de\/zeitansage\/wp-json\/wp\/v2\/users\/45"}],"replies":[{"embeddable":true,"href":"https:\/\/blog.zeit.de\/zeitansage\/wp-json\/wp\/v2\/comments?post=754"}],"version-history":[{"count":16,"href":"https:\/\/blog.zeit.de\/zeitansage\/wp-json\/wp\/v2\/posts\/754\/revisions"}],"predecessor-version":[{"id":771,"href":"https:\/\/blog.zeit.de\/zeitansage\/wp-json\/wp\/v2\/posts\/754\/revisions\/771"}],"wp:attachment":[{"href":"https:\/\/blog.zeit.de\/zeitansage\/wp-json\/wp\/v2\/media?parent=754"}],"wp:term":[{"taxonomy":"category","embeddable":true,"href":"https:\/\/blog.zeit.de\/zeitansage\/wp-json\/wp\/v2\/categories?post=754"},{"taxonomy":"post_tag","embeddable":true,"href":"https:\/\/blog.zeit.de\/zeitansage\/wp-json\/wp\/v2\/tags?post=754"}],"curies":[{"name":"wp","href":"https:\/\/api.w.org\/{rel}","templated":true}]}}