{"id":10606,"date":"2012-06-09T09:00:45","date_gmt":"2012-06-09T07:00:45","guid":{"rendered":"http:\/\/blog.zeit.de\/zeitmagazin\/?p=10606"},"modified":"2012-06-11T17:38:49","modified_gmt":"2012-06-11T15:38:49","slug":"eine-hutmacherin-von-heute-nele-charlotte-schreiner-von-nca-berlin","status":"publish","type":"post","link":"https:\/\/blog.zeit.de\/zeitmagazin\/2012\/06\/09\/eine-hutmacherin-von-heute-nele-charlotte-schreiner-von-nca-berlin\/","title":{"rendered":"Eine Hutmacherin von heute: Nele Charlotte Schreiner von NCA Berlin"},"content":{"rendered":"<p><img loading=\"lazy\" decoding=\"async\" class=\"aligncenter size-large wp-image-10612\" title=\"Portrait Nele\" src=\"https:\/\/blog.zeit.de\/zeitmagazin\/files\/2012\/06\/Portrait-Nele-540x540.jpg\" alt=\"\" width=\"540\" height=\"540\" srcset=\"https:\/\/blog.zeit.de\/zeitmagazin\/files\/2012\/06\/Portrait-Nele-540x540.jpg 540w, https:\/\/blog.zeit.de\/zeitmagazin\/files\/2012\/06\/Portrait-Nele-84x84.jpg 84w, https:\/\/blog.zeit.de\/zeitmagazin\/files\/2012\/06\/Portrait-Nele-220x220.jpg 220w, https:\/\/blog.zeit.de\/zeitmagazin\/files\/2012\/06\/Portrait-Nele.jpg 945w\" sizes=\"auto, (max-width: 540px) 100vw, 540px\" \/><img loading=\"lazy\" decoding=\"async\" class=\"aligncenter size-full wp-image-10610\" title=\"1.11-1\" src=\"https:\/\/blog.zeit.de\/zeitmagazin\/files\/2012\/06\/1.11-1.jpg\" alt=\"\" width=\"480\" height=\"600\" srcset=\"https:\/\/blog.zeit.de\/zeitmagazin\/files\/2012\/06\/1.11-1.jpg 480w, https:\/\/blog.zeit.de\/zeitmagazin\/files\/2012\/06\/1.11-1-67x84.jpg 67w, https:\/\/blog.zeit.de\/zeitmagazin\/files\/2012\/06\/1.11-1-220x275.jpg 220w\" sizes=\"auto, (max-width: 480px) 100vw, 480px\" \/><img loading=\"lazy\" decoding=\"async\" class=\"aligncenter size-full wp-image-10609\" title=\"1.5-2\" src=\"https:\/\/blog.zeit.de\/zeitmagazin\/files\/2012\/06\/1.5-2.jpg\" alt=\"\" width=\"480\" height=\"600\" srcset=\"https:\/\/blog.zeit.de\/zeitmagazin\/files\/2012\/06\/1.5-2.jpg 480w, https:\/\/blog.zeit.de\/zeitmagazin\/files\/2012\/06\/1.5-2-67x84.jpg 67w, https:\/\/blog.zeit.de\/zeitmagazin\/files\/2012\/06\/1.5-2-220x275.jpg 220w\" sizes=\"auto, (max-width: 480px) 100vw, 480px\" \/><img loading=\"lazy\" decoding=\"async\" class=\"aligncenter size-full wp-image-10608\" title=\"1.5-1\" src=\"https:\/\/blog.zeit.de\/zeitmagazin\/files\/2012\/06\/1.5-1.jpg\" alt=\"\" width=\"480\" height=\"600\" srcset=\"https:\/\/blog.zeit.de\/zeitmagazin\/files\/2012\/06\/1.5-1.jpg 480w, https:\/\/blog.zeit.de\/zeitmagazin\/files\/2012\/06\/1.5-1-67x84.jpg 67w, https:\/\/blog.zeit.de\/zeitmagazin\/files\/2012\/06\/1.5-1-220x275.jpg 220w\" sizes=\"auto, (max-width: 480px) 100vw, 480px\" \/><img loading=\"lazy\" decoding=\"async\" class=\"aligncenter size-full wp-image-10607\" title=\"1.3-2\" src=\"https:\/\/blog.zeit.de\/zeitmagazin\/files\/2012\/06\/1.3-2.jpg\" alt=\"\" width=\"480\" height=\"600\" srcset=\"https:\/\/blog.zeit.de\/zeitmagazin\/files\/2012\/06\/1.3-2.jpg 480w, https:\/\/blog.zeit.de\/zeitmagazin\/files\/2012\/06\/1.3-2-67x84.jpg 67w, https:\/\/blog.zeit.de\/zeitmagazin\/files\/2012\/06\/1.3-2-220x275.jpg 220w\" sizes=\"auto, (max-width: 480px) 100vw, 480px\" \/><\/p>\n<p>In ihrem Atelier im Prenzlauer Berg empf\u00e4ngt Nele Charlotte Schreiner mit gro\u00dfem Dutt auf dem Kopf, aber ohne Hut. Sie selbst trage eigentlich kaum H\u00fcte, sagt die 27-j\u00e4hrige Modistin, weil sie keinen \u201eHutkopf\u201c habe. Sie entwirft schlichte, aber detailverliebte Kopfbedeckungen f\u00fcr ihr Hutlabel <a href=\"http:\/\/nca-berlin.com\/\" target=\"_blank\">NCA Berlin<\/a> (die Abk\u00fcrzung steht f\u00fcr \u201eNele Charlotte Accessoires\u201c). Nach einer dreij\u00e4hrigen Ausbildung zur Modistin bei der deutschen Hutdesignerin Fiona Benett und Praktika bei Theater- und Filmproduktionen, hat sie sich Anfang des Jahres selbstst\u00e4ndig gemacht und ihre erste eigene Hutkollektion \u201eAll my beautiful Friends\u201c entworfen.<\/p>\n<p><strong>Wenn man auf die Stra\u00dfe geht, sieht man eher selten Menschen, die Hut tragen. Warum trauen sich viele nicht an H\u00fcte heran?<\/strong> Es ist sicherlich so, dass man erst die Angst vor dem Hut verlieren muss. Das Tragen eines Hutes ist ein Statement. H\u00fcte sind auch kompliziert. Viele Menschen sind sich unsicher, wie man H\u00fcte am besten tr\u00e4gt.<\/p>\n<p><strong>K\u00f6nnte man sagen, wir haben es verlernt, Hut zu tragen?<\/strong> Ja, fr\u00fcher waren H\u00fcte selbstverst\u00e4ndlich. Heute dagegen fragt man sich: Sitzt der Hut noch? Muss ich ihn immer auflassen? Wann sollte ich ihn abnehmen? Man muss \u00fcben, den Hut zu tragen.<\/p>\n<p><strong>Sie selbst tragen ja auch keine H\u00fcte. Warum haben Sie sich f\u00fcr den Beruf der Modistin entschieden?<\/strong> Vor meiner Ausbildung habe ich eine Zeit lang Kunstgeschichte und Theaterwissenschaften studiert. Es hat mir nicht gefallen, ich habe \u00fcberlegt, was ich stattdessen machen k\u00f6nnte. Bei meinen Recherchen bin ich auf den Beruf des Hutmachers gesto\u00dfen. Obwohl ich mit H\u00fcten nie so viel zu tun hatte, fand ich die Berufsbeschreibung so toll, dass ich mir dachte, das will ich machen. Mich hat das dreidimensionale, fast schon k\u00fcnstlerische, skulpturelle Arbeiten fasziniert, und ich mochte die Mischung von kreativer und handwerklicher Arbeit. Ich wurde \u00fcbrigens nicht entt\u00e4uscht, ich liebe den Beruf der Modistin!<\/p>\n<p><strong>Sie haben als Modistin bei Film-, Theater- und Ballettprojekten mitgewirkt, unter anderem bei Roland Emmerichs Shakespeare-Film \u201eAnonymous\u201c. Inwiefern haben diese Erfahrungen die Arbeit an Ihrer ersten Kollektion beeinflusst?<\/strong> Ich glaube, dass man unterbewusst ganz automatisch neue Ideen von allen Seiten bekommt. Beim Theater habe ich zum Beispiel viel \u00fcber historische Hutformen oder neue Materialien gelernt. Au\u00dferdem sind die Arbeitsweisen am Theater, beim Film und in der Mode ganz unterschiedlich. Wenn man zum Beispiel einen Hut f\u00fcr die B\u00fchne entwirft, muss er nicht hundertprozentig perfekt sein, da das Publikum ihn nur aus mehreren Meter Entfernung sieht. Beim Film muss man sich genau an den historischen Hintergrund der Geschichte halten. Das hei\u00dft, es d\u00fcrfen beispielsweise keine Maschinenn\u00e4hte am Hut zu sehen sein, wenn es zur entsprechenden Zeit keine N\u00e4hmaschinen gab. Man lernt, von unterschiedlichen Seiten an das Thema ranzugehen.<\/p>\n<p><strong>Haben Sie w\u00e4hrend Ihrer Ausbildung mit verschiedenen Hutmachern zusammen gearbeitet?<\/strong> Ich hab ganz viele verschiedene Modistinnen kennengelernt &#8211; meistens sind es ja Frauen. Man kann von ihnen viele Geheimnisse und Tricks erfahren. Oft wollen sie ihr Wissen aber auch f\u00fcr sich behalten. W\u00e4hrend man im Entstehungsprozess eines Hutes steckt, erarbeitet man sich als Modist viele L\u00f6sungswege und Kniffe selbst. Es dauert sehr lange, all diese wertvolle Erfahrungen zu sammeln. Zumindest einige Modistinnen wollen die nicht so einfach weitergeben.<\/p>\n<p><strong>Welche Eigenschaften sollte der perfekte Hut besitzen?<\/strong> Ein Hut muss selbstverst\u00e4ndlich wirken. Das funktioniert am besten, wenn er speziell f\u00fcr den Kopf des Tr\u00e4gers gefertigt und angepasst ist. Er sollte nicht verkleidet oder albern aussehen.<\/p>\n<p><strong>Bedeutet das, dass ein Hut nicht zu auff\u00e4llig sein darf?<\/strong> Nein, \u00fcberhaupt nicht. Es kommt immer auf den Charakter des Tr\u00e4gers an. Der Hut muss zum Gesamtbild einer Person passen.<\/p>\n<p><strong>Welche Hut tragenden Ber\u00fchmtheiten gefallen Ihnen ?<\/strong> Es gibt einige Stars, die tolle H\u00fcte tragen. Lustigerweise sind es meistens Modelle vom britischen Hutmacher Philipp Treacy, die mir gefallen. Ich finde zum Beispiel den Look von Grace Jones spannend, oder den der S\u00e4ngerin R\u00f3is\u00edn Murphy von Moloko. Aber auch Johnny Depp sieht mit seinen zerbeulten H\u00fcten gut aus. Er tr\u00e4gt sie mit genau dieser Selbstverst\u00e4ndlichkeit, von der ich eben gesprochen habe.<\/p>\n<p><strong>Etablierte Hutdesigner wie Fiona Benett oder Philipp Treacy in England machen glamour\u00f6se H\u00fcte, die sehr teuer sind. Als junger modeaffiner Mensch traut man sich eher weniger an solche Modelle ran. Ihr Label NCA Berlin macht ebenfalls ma\u00dfgefertigte H\u00fcte, es richtet sich aber auch an j\u00fcngere Leute.<\/strong> Das war auf jeden Fall ein wichtiger Gedanke. Ich habe w\u00e4hrend meiner Arbeit an mich und meine Freunde gedacht und versucht, H\u00fcte zu entwerfen, die wir im allt\u00e4glichen Leben oder Abends beim Ausgehen tragen w\u00fcrden. Nat\u00fcrlich sind auch meine Sachen nicht ganz billig, weil ich alles von Hand mache, und diese Arbeit sehr aufwendig ist. Aber auch junge Leute sind durchaus bereit, f\u00fcr etwas Besonderes mehr Geld auszugeben.<\/p>\n<p>Die Fragen stellte Silvia Ihring.<\/p>\n<p>(c) Tamara Jung-K\u00f6nig, Lennard R\u00fchle<\/p>\n","protected":false},"excerpt":{"rendered":"<p>In ihrem Atelier im Prenzlauer Berg empf\u00e4ngt Nele Charlotte Schreiner mit gro\u00dfem Dutt auf dem Kopf, aber ohne Hut. Sie selbst trage eigentlich kaum H\u00fcte, sagt die 27-j\u00e4hrige Modistin, weil sie keinen \u201eHutkopf\u201c habe. Sie entwirft schlichte, aber detailverliebte Kopfbedeckungen f\u00fcr ihr Hutlabel NCA Berlin (die Abk\u00fcrzung steht f\u00fcr \u201eNele Charlotte Accessoires\u201c). Nach einer dreij\u00e4hrigen [&hellip;]<\/p>\n","protected":false},"author":303,"featured_media":0,"comment_status":"open","ping_status":"open","sticky":false,"template":"","format":"standard","meta":{"_jetpack_memberships_contains_paid_content":false,"footnotes":""},"categories":[1],"tags":[],"class_list":["post-10606","post","type-post","status-publish","format-standard","hentry","category-allgemein"],"yoast_head":"<!-- This site is optimized with the Yoast SEO plugin v21.0 - https:\/\/yoast.com\/wordpress\/plugins\/seo\/ -->\n<title>Eine Hutmacherin von heute: Nele Charlotte Schreiner von NCA Berlin - Heiter bis gl\u00fccklich<\/title>\n<meta name=\"robots\" content=\"index, follow, max-snippet:-1, max-image-preview:large, max-video-preview:-1\" \/>\n<link rel=\"canonical\" href=\"https:\/\/blog.zeit.de\/zeitmagazin\/2012\/06\/09\/eine-hutmacherin-von-heute-nele-charlotte-schreiner-von-nca-berlin\/\" \/>\n<meta property=\"og:locale\" content=\"de_DE\" \/>\n<meta property=\"og:type\" content=\"article\" \/>\n<meta property=\"og:title\" content=\"Eine Hutmacherin von heute: Nele Charlotte Schreiner von NCA Berlin - Heiter bis gl\u00fccklich\" \/>\n<meta property=\"og:description\" content=\"In ihrem Atelier im Prenzlauer Berg empf\u00e4ngt Nele Charlotte Schreiner mit gro\u00dfem Dutt auf dem Kopf, aber ohne Hut. Sie selbst trage eigentlich kaum H\u00fcte, sagt die 27-j\u00e4hrige Modistin, weil sie keinen \u201eHutkopf\u201c habe. Sie entwirft schlichte, aber detailverliebte Kopfbedeckungen f\u00fcr ihr Hutlabel NCA Berlin (die Abk\u00fcrzung steht f\u00fcr \u201eNele Charlotte Accessoires\u201c). Nach einer dreij\u00e4hrigen [&hellip;]\" \/>\n<meta property=\"og:url\" content=\"https:\/\/blog.zeit.de\/zeitmagazin\/2012\/06\/09\/eine-hutmacherin-von-heute-nele-charlotte-schreiner-von-nca-berlin\/\" \/>\n<meta property=\"og:site_name\" content=\"Heiter bis gl\u00fccklich\" \/>\n<meta property=\"article:published_time\" content=\"2012-06-09T07:00:45+00:00\" \/>\n<meta property=\"article:modified_time\" content=\"2012-06-11T15:38:49+00:00\" \/>\n<meta property=\"og:image\" content=\"https:\/\/blog.zeit.de\/zeitmagazin\/files\/2012\/06\/Portrait-Nele-540x540.jpg\" \/>\n<meta name=\"author\" content=\"ZEITmagazin\" \/>\n<meta name=\"twitter:card\" content=\"summary_large_image\" \/>\n<meta name=\"twitter:label1\" content=\"Geschrieben von\" \/>\n\t<meta name=\"twitter:data1\" content=\"ZEITmagazin\" \/>\n\t<meta name=\"twitter:label2\" content=\"Gesch\u00e4tzte Lesezeit\" \/>\n\t<meta name=\"twitter:data2\" content=\"4\u00a0Minuten\" \/>\n<script type=\"application\/ld+json\" class=\"yoast-schema-graph\">{\"@context\":\"https:\/\/schema.org\",\"@graph\":[{\"@type\":\"WebPage\",\"@id\":\"https:\/\/blog.zeit.de\/zeitmagazin\/2012\/06\/09\/eine-hutmacherin-von-heute-nele-charlotte-schreiner-von-nca-berlin\/\",\"url\":\"https:\/\/blog.zeit.de\/zeitmagazin\/2012\/06\/09\/eine-hutmacherin-von-heute-nele-charlotte-schreiner-von-nca-berlin\/\",\"name\":\"Eine Hutmacherin von heute: Nele Charlotte Schreiner von NCA Berlin - Heiter bis gl\u00fccklich\",\"isPartOf\":{\"@id\":\"https:\/\/blog.zeit.de\/zeitmagazin\/#website\"},\"datePublished\":\"2012-06-09T07:00:45+00:00\",\"dateModified\":\"2012-06-11T15:38:49+00:00\",\"author\":{\"@id\":\"https:\/\/blog.zeit.de\/zeitmagazin\/#\/schema\/person\/e529ff83538f7de57b4ca7ada8af49dc\"},\"breadcrumb\":{\"@id\":\"https:\/\/blog.zeit.de\/zeitmagazin\/2012\/06\/09\/eine-hutmacherin-von-heute-nele-charlotte-schreiner-von-nca-berlin\/#breadcrumb\"},\"inLanguage\":\"de\",\"potentialAction\":[{\"@type\":\"ReadAction\",\"target\":[\"https:\/\/blog.zeit.de\/zeitmagazin\/2012\/06\/09\/eine-hutmacherin-von-heute-nele-charlotte-schreiner-von-nca-berlin\/\"]}]},{\"@type\":\"BreadcrumbList\",\"@id\":\"https:\/\/blog.zeit.de\/zeitmagazin\/2012\/06\/09\/eine-hutmacherin-von-heute-nele-charlotte-schreiner-von-nca-berlin\/#breadcrumb\",\"itemListElement\":[{\"@type\":\"ListItem\",\"position\":1,\"name\":\"Startseite\",\"item\":\"https:\/\/blog.zeit.de\/zeitmagazin\/\"},{\"@type\":\"ListItem\",\"position\":2,\"name\":\"Eine Hutmacherin von heute: Nele Charlotte Schreiner von NCA Berlin\"}]},{\"@type\":\"WebSite\",\"@id\":\"https:\/\/blog.zeit.de\/zeitmagazin\/#website\",\"url\":\"https:\/\/blog.zeit.de\/zeitmagazin\/\",\"name\":\"Heiter bis gl\u00fccklich\",\"description\":\"Das ZEITmagazin-Blog\",\"potentialAction\":[{\"@type\":\"SearchAction\",\"target\":{\"@type\":\"EntryPoint\",\"urlTemplate\":\"https:\/\/blog.zeit.de\/zeitmagazin\/?s={search_term_string}\"},\"query-input\":\"required name=search_term_string\"}],\"inLanguage\":\"de\"},{\"@type\":\"Person\",\"@id\":\"https:\/\/blog.zeit.de\/zeitmagazin\/#\/schema\/person\/e529ff83538f7de57b4ca7ada8af49dc\",\"name\":\"ZEITmagazin\",\"image\":{\"@type\":\"ImageObject\",\"inLanguage\":\"de\",\"@id\":\"https:\/\/blog.zeit.de\/zeitmagazin\/#\/schema\/person\/image\/\",\"url\":\"https:\/\/secure.gravatar.com\/avatar\/395ae643797af45a6adeb82c72ce6e2664e91838c8fa626029a0f6bad7394dde?s=96&d=mm&r=g\",\"contentUrl\":\"https:\/\/secure.gravatar.com\/avatar\/395ae643797af45a6adeb82c72ce6e2664e91838c8fa626029a0f6bad7394dde?s=96&d=mm&r=g\",\"caption\":\"ZEITmagazin\"},\"url\":\"https:\/\/blog.zeit.de\/zeitmagazin\/author\/katrin-dose\/\"}]}<\/script>\n<!-- \/ Yoast SEO plugin. -->","yoast_head_json":{"title":"Eine Hutmacherin von heute: Nele Charlotte Schreiner von NCA Berlin - Heiter bis gl\u00fccklich","robots":{"index":"index","follow":"follow","max-snippet":"max-snippet:-1","max-image-preview":"max-image-preview:large","max-video-preview":"max-video-preview:-1"},"canonical":"https:\/\/blog.zeit.de\/zeitmagazin\/2012\/06\/09\/eine-hutmacherin-von-heute-nele-charlotte-schreiner-von-nca-berlin\/","og_locale":"de_DE","og_type":"article","og_title":"Eine Hutmacherin von heute: Nele Charlotte Schreiner von NCA Berlin - Heiter bis gl\u00fccklich","og_description":"In ihrem Atelier im Prenzlauer Berg empf\u00e4ngt Nele Charlotte Schreiner mit gro\u00dfem Dutt auf dem Kopf, aber ohne Hut. Sie selbst trage eigentlich kaum H\u00fcte, sagt die 27-j\u00e4hrige Modistin, weil sie keinen \u201eHutkopf\u201c habe. Sie entwirft schlichte, aber detailverliebte Kopfbedeckungen f\u00fcr ihr Hutlabel NCA Berlin (die Abk\u00fcrzung steht f\u00fcr \u201eNele Charlotte Accessoires\u201c). Nach einer dreij\u00e4hrigen [&hellip;]","og_url":"https:\/\/blog.zeit.de\/zeitmagazin\/2012\/06\/09\/eine-hutmacherin-von-heute-nele-charlotte-schreiner-von-nca-berlin\/","og_site_name":"Heiter bis gl\u00fccklich","article_published_time":"2012-06-09T07:00:45+00:00","article_modified_time":"2012-06-11T15:38:49+00:00","og_image":[{"url":"https:\/\/blog.zeit.de\/zeitmagazin\/files\/2012\/06\/Portrait-Nele-540x540.jpg"}],"author":"ZEITmagazin","twitter_card":"summary_large_image","twitter_misc":{"Geschrieben von":"ZEITmagazin","Gesch\u00e4tzte Lesezeit":"4\u00a0Minuten"},"schema":{"@context":"https:\/\/schema.org","@graph":[{"@type":"WebPage","@id":"https:\/\/blog.zeit.de\/zeitmagazin\/2012\/06\/09\/eine-hutmacherin-von-heute-nele-charlotte-schreiner-von-nca-berlin\/","url":"https:\/\/blog.zeit.de\/zeitmagazin\/2012\/06\/09\/eine-hutmacherin-von-heute-nele-charlotte-schreiner-von-nca-berlin\/","name":"Eine Hutmacherin von heute: Nele Charlotte Schreiner von NCA Berlin - Heiter bis gl\u00fccklich","isPartOf":{"@id":"https:\/\/blog.zeit.de\/zeitmagazin\/#website"},"datePublished":"2012-06-09T07:00:45+00:00","dateModified":"2012-06-11T15:38:49+00:00","author":{"@id":"https:\/\/blog.zeit.de\/zeitmagazin\/#\/schema\/person\/e529ff83538f7de57b4ca7ada8af49dc"},"breadcrumb":{"@id":"https:\/\/blog.zeit.de\/zeitmagazin\/2012\/06\/09\/eine-hutmacherin-von-heute-nele-charlotte-schreiner-von-nca-berlin\/#breadcrumb"},"inLanguage":"de","potentialAction":[{"@type":"ReadAction","target":["https:\/\/blog.zeit.de\/zeitmagazin\/2012\/06\/09\/eine-hutmacherin-von-heute-nele-charlotte-schreiner-von-nca-berlin\/"]}]},{"@type":"BreadcrumbList","@id":"https:\/\/blog.zeit.de\/zeitmagazin\/2012\/06\/09\/eine-hutmacherin-von-heute-nele-charlotte-schreiner-von-nca-berlin\/#breadcrumb","itemListElement":[{"@type":"ListItem","position":1,"name":"Startseite","item":"https:\/\/blog.zeit.de\/zeitmagazin\/"},{"@type":"ListItem","position":2,"name":"Eine Hutmacherin von heute: Nele Charlotte Schreiner von NCA Berlin"}]},{"@type":"WebSite","@id":"https:\/\/blog.zeit.de\/zeitmagazin\/#website","url":"https:\/\/blog.zeit.de\/zeitmagazin\/","name":"Heiter bis gl\u00fccklich","description":"Das ZEITmagazin-Blog","potentialAction":[{"@type":"SearchAction","target":{"@type":"EntryPoint","urlTemplate":"https:\/\/blog.zeit.de\/zeitmagazin\/?s={search_term_string}"},"query-input":"required name=search_term_string"}],"inLanguage":"de"},{"@type":"Person","@id":"https:\/\/blog.zeit.de\/zeitmagazin\/#\/schema\/person\/e529ff83538f7de57b4ca7ada8af49dc","name":"ZEITmagazin","image":{"@type":"ImageObject","inLanguage":"de","@id":"https:\/\/blog.zeit.de\/zeitmagazin\/#\/schema\/person\/image\/","url":"https:\/\/secure.gravatar.com\/avatar\/395ae643797af45a6adeb82c72ce6e2664e91838c8fa626029a0f6bad7394dde?s=96&d=mm&r=g","contentUrl":"https:\/\/secure.gravatar.com\/avatar\/395ae643797af45a6adeb82c72ce6e2664e91838c8fa626029a0f6bad7394dde?s=96&d=mm&r=g","caption":"ZEITmagazin"},"url":"https:\/\/blog.zeit.de\/zeitmagazin\/author\/katrin-dose\/"}]}},"jetpack_featured_media_url":"","jetpack_sharing_enabled":true,"_links":{"self":[{"href":"https:\/\/blog.zeit.de\/zeitmagazin\/wp-json\/wp\/v2\/posts\/10606","targetHints":{"allow":["GET"]}}],"collection":[{"href":"https:\/\/blog.zeit.de\/zeitmagazin\/wp-json\/wp\/v2\/posts"}],"about":[{"href":"https:\/\/blog.zeit.de\/zeitmagazin\/wp-json\/wp\/v2\/types\/post"}],"author":[{"embeddable":true,"href":"https:\/\/blog.zeit.de\/zeitmagazin\/wp-json\/wp\/v2\/users\/303"}],"replies":[{"embeddable":true,"href":"https:\/\/blog.zeit.de\/zeitmagazin\/wp-json\/wp\/v2\/comments?post=10606"}],"version-history":[{"count":14,"href":"https:\/\/blog.zeit.de\/zeitmagazin\/wp-json\/wp\/v2\/posts\/10606\/revisions"}],"predecessor-version":[{"id":10727,"href":"https:\/\/blog.zeit.de\/zeitmagazin\/wp-json\/wp\/v2\/posts\/10606\/revisions\/10727"}],"wp:attachment":[{"href":"https:\/\/blog.zeit.de\/zeitmagazin\/wp-json\/wp\/v2\/media?parent=10606"}],"wp:term":[{"taxonomy":"category","embeddable":true,"href":"https:\/\/blog.zeit.de\/zeitmagazin\/wp-json\/wp\/v2\/categories?post=10606"},{"taxonomy":"post_tag","embeddable":true,"href":"https:\/\/blog.zeit.de\/zeitmagazin\/wp-json\/wp\/v2\/tags?post=10606"}],"curies":[{"name":"wp","href":"https:\/\/api.w.org\/{rel}","templated":true}]}}