{"id":10838,"date":"2012-06-22T07:00:02","date_gmt":"2012-06-22T05:00:02","guid":{"rendered":"http:\/\/blog.zeit.de\/zeitmagazin\/?p=10838"},"modified":"2012-06-20T11:17:42","modified_gmt":"2012-06-20T09:17:42","slug":"anatomiestunden","status":"publish","type":"post","link":"https:\/\/blog.zeit.de\/zeitmagazin\/2012\/06\/22\/anatomiestunden\/","title":{"rendered":"Anatomiestunden"},"content":{"rendered":"<p><img loading=\"lazy\" decoding=\"async\" class=\"aligncenter size-large wp-image-10841\" title=\"BB7_ChristinaLammer_003_72dpi\" src=\"https:\/\/blog.zeit.de\/zeitmagazin\/files\/2012\/06\/BB7_ChristinaLammer_003_72dpi-540x404.jpg\" alt=\"\" width=\"540\" height=\"404\" srcset=\"https:\/\/blog.zeit.de\/zeitmagazin\/files\/2012\/06\/BB7_ChristinaLammer_003_72dpi-540x404.jpg 540w, https:\/\/blog.zeit.de\/zeitmagazin\/files\/2012\/06\/BB7_ChristinaLammer_003_72dpi-112x84.jpg 112w, https:\/\/blog.zeit.de\/zeitmagazin\/files\/2012\/06\/BB7_ChristinaLammer_003_72dpi-220x164.jpg 220w, https:\/\/blog.zeit.de\/zeitmagazin\/files\/2012\/06\/BB7_ChristinaLammer_003_72dpi.jpg 567w\" sizes=\"auto, (max-width: 540px) 100vw, 540px\" \/><img loading=\"lazy\" decoding=\"async\" class=\"aligncenter size-large wp-image-10840\" title=\"BB7_ChristinaLammer_002_72dpi\" src=\"https:\/\/blog.zeit.de\/zeitmagazin\/files\/2012\/06\/BB7_ChristinaLammer_002_72dpi-540x404.jpg\" alt=\"\" width=\"540\" height=\"404\" srcset=\"https:\/\/blog.zeit.de\/zeitmagazin\/files\/2012\/06\/BB7_ChristinaLammer_002_72dpi-540x404.jpg 540w, https:\/\/blog.zeit.de\/zeitmagazin\/files\/2012\/06\/BB7_ChristinaLammer_002_72dpi-112x84.jpg 112w, https:\/\/blog.zeit.de\/zeitmagazin\/files\/2012\/06\/BB7_ChristinaLammer_002_72dpi-220x164.jpg 220w, https:\/\/blog.zeit.de\/zeitmagazin\/files\/2012\/06\/BB7_ChristinaLammer_002_72dpi.jpg 567w\" sizes=\"auto, (max-width: 540px) 100vw, 540px\" \/><img loading=\"lazy\" decoding=\"async\" class=\"aligncenter size-large wp-image-10839\" title=\"BB7_ChristinaLammer_001_72dpi\" src=\"https:\/\/blog.zeit.de\/zeitmagazin\/files\/2012\/06\/BB7_ChristinaLammer_001_72dpi-540x404.jpg\" alt=\"\" width=\"540\" height=\"404\" srcset=\"https:\/\/blog.zeit.de\/zeitmagazin\/files\/2012\/06\/BB7_ChristinaLammer_001_72dpi-540x404.jpg 540w, https:\/\/blog.zeit.de\/zeitmagazin\/files\/2012\/06\/BB7_ChristinaLammer_001_72dpi-112x84.jpg 112w, https:\/\/blog.zeit.de\/zeitmagazin\/files\/2012\/06\/BB7_ChristinaLammer_001_72dpi-220x164.jpg 220w, https:\/\/blog.zeit.de\/zeitmagazin\/files\/2012\/06\/BB7_ChristinaLammer_001_72dpi.jpg 567w\" sizes=\"auto, (max-width: 540px) 100vw, 540px\" \/><\/p>\n<p style=\"text-align: justify;\">\u00c4rzte malen, wie es im Inneren des menschlichen K\u00f6rpers aussieht &#8211; damit man das auch endlich mal versteht. Die <a href=\"http:\/\/www.berlinbiennale.de\/blog\/events\/anatomiestunden-initiiert-von-christina-lammer\" target=\"_blank\">Anatomiestunde<\/a> ist ein Projekt, das im Rahmen der Berlin Biennale am 23. Juni in der Charit\u00e9 stattfindet. Es werden auch Videos von Operationen und Aufnahmen vom K\u00f6rperinneren gezeigt&#8230;<\/p>\n<address>Charit\u00e9, H\u00f6rsaal der Inneren Medizin<\/address>\n<address>Sauerbruchweg 2<\/address>\n<address style=\"text-align: justify;\">10117 Berlin<\/address>\n<address>14 &#8211; 19.30 Uhr\u00a0<\/address>\n<address>\u00a0<\/address>\n<p style=\"text-align: justify;\">(c) Christina Lammer<\/p>\n","protected":false},"excerpt":{"rendered":"<p>\u00c4rzte malen, wie es im Inneren des menschlichen K\u00f6rpers aussieht &#8211; damit man das auch endlich mal versteht. Die Anatomiestunde ist ein Projekt, das im Rahmen der Berlin Biennale am 23. Juni in der Charit\u00e9 stattfindet. Es werden auch Videos von Operationen und Aufnahmen vom K\u00f6rperinneren gezeigt&#8230; Charit\u00e9, H\u00f6rsaal der Inneren Medizin Sauerbruchweg 2 10117 [&hellip;]<\/p>\n","protected":false},"author":303,"featured_media":0,"comment_status":"open","ping_status":"open","sticky":false,"template":"","format":"standard","meta":{"_jetpack_memberships_contains_paid_content":false,"footnotes":""},"categories":[1,401],"tags":[],"class_list":["post-10838","post","type-post","status-publish","format-standard","hentry","category-allgemein","category-kunst"],"yoast_head":"<!-- This site is optimized with the Yoast SEO plugin v21.0 - https:\/\/yoast.com\/wordpress\/plugins\/seo\/ -->\n<title>Anatomiestunden - Heiter bis gl\u00fccklich<\/title>\n<meta name=\"robots\" content=\"index, follow, max-snippet:-1, max-image-preview:large, max-video-preview:-1\" \/>\n<link rel=\"canonical\" href=\"https:\/\/blog.zeit.de\/zeitmagazin\/2012\/06\/22\/anatomiestunden\/\" \/>\n<meta property=\"og:locale\" content=\"de_DE\" \/>\n<meta property=\"og:type\" content=\"article\" \/>\n<meta property=\"og:title\" content=\"Anatomiestunden - Heiter bis gl\u00fccklich\" \/>\n<meta property=\"og:description\" content=\"\u00c4rzte malen, wie es im Inneren des menschlichen K\u00f6rpers aussieht &#8211; damit man das auch endlich mal versteht. Die Anatomiestunde ist ein Projekt, das im Rahmen der Berlin Biennale am 23. Juni in der Charit\u00e9 stattfindet. Es werden auch Videos von Operationen und Aufnahmen vom K\u00f6rperinneren gezeigt&#8230; Charit\u00e9, H\u00f6rsaal der Inneren Medizin Sauerbruchweg 2 10117 [&hellip;]\" \/>\n<meta property=\"og:url\" content=\"https:\/\/blog.zeit.de\/zeitmagazin\/2012\/06\/22\/anatomiestunden\/\" \/>\n<meta property=\"og:site_name\" content=\"Heiter bis gl\u00fccklich\" \/>\n<meta property=\"article:published_time\" content=\"2012-06-22T05:00:02+00:00\" \/>\n<meta property=\"article:modified_time\" content=\"2012-06-20T09:17:42+00:00\" \/>\n<meta property=\"og:image\" content=\"https:\/\/blog.zeit.de\/zeitmagazin\/files\/2012\/06\/BB7_ChristinaLammer_003_72dpi-540x404.jpg\" \/>\n<meta name=\"author\" content=\"ZEITmagazin\" \/>\n<meta name=\"twitter:card\" content=\"summary_large_image\" \/>\n<meta name=\"twitter:label1\" content=\"Geschrieben von\" \/>\n\t<meta name=\"twitter:data1\" content=\"ZEITmagazin\" \/>\n<script type=\"application\/ld+json\" class=\"yoast-schema-graph\">{\"@context\":\"https:\/\/schema.org\",\"@graph\":[{\"@type\":\"WebPage\",\"@id\":\"https:\/\/blog.zeit.de\/zeitmagazin\/2012\/06\/22\/anatomiestunden\/\",\"url\":\"https:\/\/blog.zeit.de\/zeitmagazin\/2012\/06\/22\/anatomiestunden\/\",\"name\":\"Anatomiestunden - Heiter bis gl\u00fccklich\",\"isPartOf\":{\"@id\":\"https:\/\/blog.zeit.de\/zeitmagazin\/#website\"},\"datePublished\":\"2012-06-22T05:00:02+00:00\",\"dateModified\":\"2012-06-20T09:17:42+00:00\",\"author\":{\"@id\":\"https:\/\/blog.zeit.de\/zeitmagazin\/#\/schema\/person\/e529ff83538f7de57b4ca7ada8af49dc\"},\"breadcrumb\":{\"@id\":\"https:\/\/blog.zeit.de\/zeitmagazin\/2012\/06\/22\/anatomiestunden\/#breadcrumb\"},\"inLanguage\":\"de\",\"potentialAction\":[{\"@type\":\"ReadAction\",\"target\":[\"https:\/\/blog.zeit.de\/zeitmagazin\/2012\/06\/22\/anatomiestunden\/\"]}]},{\"@type\":\"BreadcrumbList\",\"@id\":\"https:\/\/blog.zeit.de\/zeitmagazin\/2012\/06\/22\/anatomiestunden\/#breadcrumb\",\"itemListElement\":[{\"@type\":\"ListItem\",\"position\":1,\"name\":\"Startseite\",\"item\":\"https:\/\/blog.zeit.de\/zeitmagazin\/\"},{\"@type\":\"ListItem\",\"position\":2,\"name\":\"Anatomiestunden\"}]},{\"@type\":\"WebSite\",\"@id\":\"https:\/\/blog.zeit.de\/zeitmagazin\/#website\",\"url\":\"https:\/\/blog.zeit.de\/zeitmagazin\/\",\"name\":\"Heiter bis gl\u00fccklich\",\"description\":\"Das ZEITmagazin-Blog\",\"potentialAction\":[{\"@type\":\"SearchAction\",\"target\":{\"@type\":\"EntryPoint\",\"urlTemplate\":\"https:\/\/blog.zeit.de\/zeitmagazin\/?s={search_term_string}\"},\"query-input\":\"required name=search_term_string\"}],\"inLanguage\":\"de\"},{\"@type\":\"Person\",\"@id\":\"https:\/\/blog.zeit.de\/zeitmagazin\/#\/schema\/person\/e529ff83538f7de57b4ca7ada8af49dc\",\"name\":\"ZEITmagazin\",\"image\":{\"@type\":\"ImageObject\",\"inLanguage\":\"de\",\"@id\":\"https:\/\/blog.zeit.de\/zeitmagazin\/#\/schema\/person\/image\/\",\"url\":\"https:\/\/secure.gravatar.com\/avatar\/395ae643797af45a6adeb82c72ce6e2664e91838c8fa626029a0f6bad7394dde?s=96&d=mm&r=g\",\"contentUrl\":\"https:\/\/secure.gravatar.com\/avatar\/395ae643797af45a6adeb82c72ce6e2664e91838c8fa626029a0f6bad7394dde?s=96&d=mm&r=g\",\"caption\":\"ZEITmagazin\"},\"url\":\"https:\/\/blog.zeit.de\/zeitmagazin\/author\/katrin-dose\/\"}]}<\/script>\n<!-- \/ Yoast SEO plugin. -->","yoast_head_json":{"title":"Anatomiestunden - Heiter bis gl\u00fccklich","robots":{"index":"index","follow":"follow","max-snippet":"max-snippet:-1","max-image-preview":"max-image-preview:large","max-video-preview":"max-video-preview:-1"},"canonical":"https:\/\/blog.zeit.de\/zeitmagazin\/2012\/06\/22\/anatomiestunden\/","og_locale":"de_DE","og_type":"article","og_title":"Anatomiestunden - Heiter bis gl\u00fccklich","og_description":"\u00c4rzte malen, wie es im Inneren des menschlichen K\u00f6rpers aussieht &#8211; damit man das auch endlich mal versteht. Die Anatomiestunde ist ein Projekt, das im Rahmen der Berlin Biennale am 23. Juni in der Charit\u00e9 stattfindet. Es werden auch Videos von Operationen und Aufnahmen vom K\u00f6rperinneren gezeigt&#8230; Charit\u00e9, H\u00f6rsaal der Inneren Medizin Sauerbruchweg 2 10117 [&hellip;]","og_url":"https:\/\/blog.zeit.de\/zeitmagazin\/2012\/06\/22\/anatomiestunden\/","og_site_name":"Heiter bis gl\u00fccklich","article_published_time":"2012-06-22T05:00:02+00:00","article_modified_time":"2012-06-20T09:17:42+00:00","og_image":[{"url":"https:\/\/blog.zeit.de\/zeitmagazin\/files\/2012\/06\/BB7_ChristinaLammer_003_72dpi-540x404.jpg"}],"author":"ZEITmagazin","twitter_card":"summary_large_image","twitter_misc":{"Geschrieben von":"ZEITmagazin"},"schema":{"@context":"https:\/\/schema.org","@graph":[{"@type":"WebPage","@id":"https:\/\/blog.zeit.de\/zeitmagazin\/2012\/06\/22\/anatomiestunden\/","url":"https:\/\/blog.zeit.de\/zeitmagazin\/2012\/06\/22\/anatomiestunden\/","name":"Anatomiestunden - Heiter bis gl\u00fccklich","isPartOf":{"@id":"https:\/\/blog.zeit.de\/zeitmagazin\/#website"},"datePublished":"2012-06-22T05:00:02+00:00","dateModified":"2012-06-20T09:17:42+00:00","author":{"@id":"https:\/\/blog.zeit.de\/zeitmagazin\/#\/schema\/person\/e529ff83538f7de57b4ca7ada8af49dc"},"breadcrumb":{"@id":"https:\/\/blog.zeit.de\/zeitmagazin\/2012\/06\/22\/anatomiestunden\/#breadcrumb"},"inLanguage":"de","potentialAction":[{"@type":"ReadAction","target":["https:\/\/blog.zeit.de\/zeitmagazin\/2012\/06\/22\/anatomiestunden\/"]}]},{"@type":"BreadcrumbList","@id":"https:\/\/blog.zeit.de\/zeitmagazin\/2012\/06\/22\/anatomiestunden\/#breadcrumb","itemListElement":[{"@type":"ListItem","position":1,"name":"Startseite","item":"https:\/\/blog.zeit.de\/zeitmagazin\/"},{"@type":"ListItem","position":2,"name":"Anatomiestunden"}]},{"@type":"WebSite","@id":"https:\/\/blog.zeit.de\/zeitmagazin\/#website","url":"https:\/\/blog.zeit.de\/zeitmagazin\/","name":"Heiter bis gl\u00fccklich","description":"Das ZEITmagazin-Blog","potentialAction":[{"@type":"SearchAction","target":{"@type":"EntryPoint","urlTemplate":"https:\/\/blog.zeit.de\/zeitmagazin\/?s={search_term_string}"},"query-input":"required name=search_term_string"}],"inLanguage":"de"},{"@type":"Person","@id":"https:\/\/blog.zeit.de\/zeitmagazin\/#\/schema\/person\/e529ff83538f7de57b4ca7ada8af49dc","name":"ZEITmagazin","image":{"@type":"ImageObject","inLanguage":"de","@id":"https:\/\/blog.zeit.de\/zeitmagazin\/#\/schema\/person\/image\/","url":"https:\/\/secure.gravatar.com\/avatar\/395ae643797af45a6adeb82c72ce6e2664e91838c8fa626029a0f6bad7394dde?s=96&d=mm&r=g","contentUrl":"https:\/\/secure.gravatar.com\/avatar\/395ae643797af45a6adeb82c72ce6e2664e91838c8fa626029a0f6bad7394dde?s=96&d=mm&r=g","caption":"ZEITmagazin"},"url":"https:\/\/blog.zeit.de\/zeitmagazin\/author\/katrin-dose\/"}]}},"jetpack_featured_media_url":"","jetpack_sharing_enabled":true,"_links":{"self":[{"href":"https:\/\/blog.zeit.de\/zeitmagazin\/wp-json\/wp\/v2\/posts\/10838","targetHints":{"allow":["GET"]}}],"collection":[{"href":"https:\/\/blog.zeit.de\/zeitmagazin\/wp-json\/wp\/v2\/posts"}],"about":[{"href":"https:\/\/blog.zeit.de\/zeitmagazin\/wp-json\/wp\/v2\/types\/post"}],"author":[{"embeddable":true,"href":"https:\/\/blog.zeit.de\/zeitmagazin\/wp-json\/wp\/v2\/users\/303"}],"replies":[{"embeddable":true,"href":"https:\/\/blog.zeit.de\/zeitmagazin\/wp-json\/wp\/v2\/comments?post=10838"}],"version-history":[{"count":5,"href":"https:\/\/blog.zeit.de\/zeitmagazin\/wp-json\/wp\/v2\/posts\/10838\/revisions"}],"predecessor-version":[{"id":10846,"href":"https:\/\/blog.zeit.de\/zeitmagazin\/wp-json\/wp\/v2\/posts\/10838\/revisions\/10846"}],"wp:attachment":[{"href":"https:\/\/blog.zeit.de\/zeitmagazin\/wp-json\/wp\/v2\/media?parent=10838"}],"wp:term":[{"taxonomy":"category","embeddable":true,"href":"https:\/\/blog.zeit.de\/zeitmagazin\/wp-json\/wp\/v2\/categories?post=10838"},{"taxonomy":"post_tag","embeddable":true,"href":"https:\/\/blog.zeit.de\/zeitmagazin\/wp-json\/wp\/v2\/tags?post=10838"}],"curies":[{"name":"wp","href":"https:\/\/api.w.org\/{rel}","templated":true}]}}