{"id":10861,"date":"2012-06-21T16:01:49","date_gmt":"2012-06-21T14:01:49","guid":{"rendered":"http:\/\/blog.zeit.de\/zeitmagazin\/?p=10861"},"modified":"2012-06-22T14:14:54","modified_gmt":"2012-06-22T12:14:54","slug":"lead-awards-2012-gold-silber-und-bronze-fur-das-zeitmagazin","status":"publish","type":"post","link":"https:\/\/blog.zeit.de\/zeitmagazin\/2012\/06\/21\/lead-awards-2012-gold-silber-und-bronze-fur-das-zeitmagazin\/","title":{"rendered":"Lead Awards 2012: Gold, Silber und Bronze f\u00fcr das ZEITmagazin"},"content":{"rendered":"<p><figure id=\"attachment_10867\" aria-describedby=\"caption-attachment-10867\" style=\"width: 540px\" class=\"wp-caption aligncenter\"><img loading=\"lazy\" decoding=\"async\" class=\"size-full wp-image-10867 \" title=\"pellegrin\" src=\"https:\/\/blog.zeit.de\/zeitmagazin\/files\/2012\/06\/pellegrin.png\" alt=\"\" width=\"540\" height=\"333\" srcset=\"https:\/\/blog.zeit.de\/zeitmagazin\/files\/2012\/06\/pellegrin.png 540w, https:\/\/blog.zeit.de\/zeitmagazin\/files\/2012\/06\/pellegrin-136x84.png 136w, https:\/\/blog.zeit.de\/zeitmagazin\/files\/2012\/06\/pellegrin-220x135.png 220w\" sizes=\"auto, (max-width: 540px) 100vw, 540px\" \/><figcaption id=\"caption-attachment-10867\" class=\"wp-caption-text\">Gold f\u00fcr Paolo Pellegrins Expeditionen<\/figcaption><\/figure><\/p>\n<p><figure id=\"attachment_10864\" aria-describedby=\"caption-attachment-10864\" style=\"width: 540px\" class=\"wp-caption aligncenter\"><img loading=\"lazy\" decoding=\"async\" class=\"size-full wp-image-10864  \" title=\"leitolf_1\" src=\"https:\/\/blog.zeit.de\/zeitmagazin\/files\/2012\/06\/leitolf_1.png\" alt=\"\" width=\"540\" height=\"663\" srcset=\"https:\/\/blog.zeit.de\/zeitmagazin\/files\/2012\/06\/leitolf_1.png 540w, https:\/\/blog.zeit.de\/zeitmagazin\/files\/2012\/06\/leitolf_1-68x84.png 68w, https:\/\/blog.zeit.de\/zeitmagazin\/files\/2012\/06\/leitolf_1-220x270.png 220w\" sizes=\"auto, (max-width: 540px) 100vw, 540px\" \/><figcaption id=\"caption-attachment-10864\" class=\"wp-caption-text\">Gold f\u00fcr Eva Leitolf - Europa von au\u00dfen<\/figcaption><\/figure><\/p>\n<p><figure id=\"attachment_10866\" aria-describedby=\"caption-attachment-10866\" style=\"width: 529px\" class=\"wp-caption aligncenter\"><img loading=\"lazy\" decoding=\"async\" class=\"size-full wp-image-10866 \" title=\"niemann_1\" src=\"https:\/\/blog.zeit.de\/zeitmagazin\/files\/2012\/06\/niemann_1.png\" alt=\"\" width=\"529\" height=\"926\" srcset=\"https:\/\/blog.zeit.de\/zeitmagazin\/files\/2012\/06\/niemann_1.png 529w, https:\/\/blog.zeit.de\/zeitmagazin\/files\/2012\/06\/niemann_1-220x385.png 220w\" sizes=\"auto, (max-width: 529px) 100vw, 529px\" \/><figcaption id=\"caption-attachment-10866\" class=\"wp-caption-text\">Silber f\u00fcr Christoph Niemann - Venedig, zum Bleistift<\/figcaption><\/figure><\/p>\n<p><figure id=\"attachment_10869\" aria-describedby=\"caption-attachment-10869\" style=\"width: 540px\" class=\"wp-caption aligncenter\"><img loading=\"lazy\" decoding=\"async\" class=\"size-full wp-image-10869 \" title=\"r\u00f6der_2\" src=\"https:\/\/blog.zeit.de\/zeitmagazin\/files\/2012\/06\/r\u00f6der_2.png\" alt=\"\" width=\"540\" height=\"714\" srcset=\"https:\/\/blog.zeit.de\/zeitmagazin\/files\/2012\/06\/r\u00f6der_2.png 540w, https:\/\/blog.zeit.de\/zeitmagazin\/files\/2012\/06\/r\u00f6der_2-63x84.png 63w, https:\/\/blog.zeit.de\/zeitmagazin\/files\/2012\/06\/r\u00f6der_2-220x290.png 220w\" sizes=\"auto, (max-width: 540px) 100vw, 540px\" \/><figcaption id=\"caption-attachment-10869\" class=\"wp-caption-text\">Silber f\u00fcr Julian R\u00f6der f\u00fcr seinen Beitrag Waffen f\u00fcr Arabien<\/figcaption><\/figure><\/p>\n<p><figure id=\"attachment_10862\" aria-describedby=\"caption-attachment-10862\" style=\"width: 540px\" class=\"wp-caption aligncenter\"><img loading=\"lazy\" decoding=\"async\" class=\"size-full wp-image-10862 \" title=\"cover_s1\" src=\"https:\/\/blog.zeit.de\/zeitmagazin\/files\/2012\/06\/cover_s1.png\" alt=\"\" width=\"540\" height=\"735\" srcset=\"https:\/\/blog.zeit.de\/zeitmagazin\/files\/2012\/06\/cover_s1.png 540w, https:\/\/blog.zeit.de\/zeitmagazin\/files\/2012\/06\/cover_s1-61x84.png 61w, https:\/\/blog.zeit.de\/zeitmagazin\/files\/2012\/06\/cover_s1-220x299.png 220w\" sizes=\"auto, (max-width: 540px) 100vw, 540px\" \/><figcaption id=\"caption-attachment-10862\" class=\"wp-caption-text\">Bronze f\u00fcr das ZEITmagazin \u00fcber das Verschwinden<\/figcaption><\/figure><\/p>\n<p style=\"text-align: justify;\">Bei den diesj\u00e4hrigen LeadAwards, die gestern, am 20. Juni, in Hamburg vergeben wurden, ist das ZEITmagazin zweimal mit Gold ausgezeichnet worden: Die Kolumne &#8222;Paolo Pellegrins Expeditionen&#8220; hat in der Kategorie Reportagefotografie des Jahres gewonnen, Eva Leitolfs Beitrag &#8222;Europa von au\u00dfen&#8220; in der Kategorie Architektur- und Still-Life-Fotografie.<\/p>\n<p style=\"text-align: justify;\">Silber erhielten in der Kategorie Illustrationsbeitrag des Jahres die Strecke &#8222;Venedig, zum Bleistift&#8220; des K\u00fcnstlers Christoph Niemann sowie Julian R\u00f6ders &#8222;Waffen f\u00fcr Arabien&#8220; in der Kategorie Fotoreportage. Die Spezialausgabe &#8222;Tsch\u00fcss &#8211; Die Sehnsucht, einfach mal zu verschwinden&#8220; wurde mit Bronze im Bereich Beitrag des Jahres ausgezeichnet.<\/p>\n<p style=\"text-align: justify;\">Dazu kamen acht weitere Auszeichnungen. In der Kategorie Cover des Jahres wurden ausgezeichnet &#8222;Sie ist ein Model, und er sieht gut aus&#8220;, (ZEITmagazin Nr. 8), &#8222;Ja, ich will ein Kind&#8220; (Nr. 35) sowie &#8222;Wer steckt hinter dem Aufstieg der Gr\u00fcnen zur Volkspartei? (Nr. 42). Im Bereich Illustration des Jahres erhielten die Beitr\u00e4ge &#8222;Mein Hartz-IV Familie&#8220; (Zeitmagazin Nr. 41), &#8222;Super, Papa! (Nr. 39) und &#8222;Tod am Jungfernstieg (Nr. 5) Auszeichnungen. F\u00fcr seine Reportagefotografie wurden au\u00dferdem Juergen Teller mit &#8222;Es sieht gut aus in Afrika&#8220; (Nr. 41) pr\u00e4miert sowie Peter Langer in der Kategorie Still-Life-Fotografie f\u00fcr seine Stilkolumne im ZEITmagazin.<\/p>\n<p style=\"text-align: justify;\">Wir danken unseren Fotografen, Autoren und K\u00fcnstlern!<\/p>\n<p style=\"text-align: justify;\">(c) Paolo Pellegrin, Eva Leitolf, Christoph Niemann, Julian R\u00f6der<\/p>\n<p>&nbsp;<\/p>\n","protected":false},"excerpt":{"rendered":"<p>Bei den diesj\u00e4hrigen LeadAwards, die gestern, am 20. Juni, in Hamburg vergeben wurden, ist das ZEITmagazin zweimal mit Gold ausgezeichnet worden: Die Kolumne &#8222;Paolo Pellegrins Expeditionen&#8220; hat in der Kategorie Reportagefotografie des Jahres gewonnen, Eva Leitolfs Beitrag &#8222;Europa von au\u00dfen&#8220; in der Kategorie Architektur- und Still-Life-Fotografie. Silber erhielten in der Kategorie Illustrationsbeitrag des Jahres die [&hellip;]<\/p>\n","protected":false},"author":303,"featured_media":0,"comment_status":"open","ping_status":"open","sticky":false,"template":"","format":"standard","meta":{"_jetpack_memberships_contains_paid_content":false,"footnotes":""},"categories":[1],"tags":[],"class_list":["post-10861","post","type-post","status-publish","format-standard","hentry","category-allgemein"],"yoast_head":"<!-- This site is optimized with the Yoast SEO plugin v21.0 - https:\/\/yoast.com\/wordpress\/plugins\/seo\/ -->\n<title>Lead Awards 2012: Gold, Silber und Bronze f\u00fcr das ZEITmagazin - Heiter bis gl\u00fccklich<\/title>\n<meta name=\"robots\" content=\"index, follow, max-snippet:-1, max-image-preview:large, max-video-preview:-1\" \/>\n<link rel=\"canonical\" href=\"https:\/\/blog.zeit.de\/zeitmagazin\/2012\/06\/21\/lead-awards-2012-gold-silber-und-bronze-fur-das-zeitmagazin\/\" \/>\n<meta property=\"og:locale\" content=\"de_DE\" \/>\n<meta property=\"og:type\" content=\"article\" \/>\n<meta property=\"og:title\" content=\"Lead Awards 2012: Gold, Silber und Bronze f\u00fcr das ZEITmagazin - Heiter bis gl\u00fccklich\" \/>\n<meta property=\"og:description\" content=\"Bei den diesj\u00e4hrigen LeadAwards, die gestern, am 20. Juni, in Hamburg vergeben wurden, ist das ZEITmagazin zweimal mit Gold ausgezeichnet worden: Die Kolumne &#8222;Paolo Pellegrins Expeditionen&#8220; hat in der Kategorie Reportagefotografie des Jahres gewonnen, Eva Leitolfs Beitrag &#8222;Europa von au\u00dfen&#8220; in der Kategorie Architektur- und Still-Life-Fotografie. Silber erhielten in der Kategorie Illustrationsbeitrag des Jahres die [&hellip;]\" \/>\n<meta property=\"og:url\" content=\"https:\/\/blog.zeit.de\/zeitmagazin\/2012\/06\/21\/lead-awards-2012-gold-silber-und-bronze-fur-das-zeitmagazin\/\" \/>\n<meta property=\"og:site_name\" content=\"Heiter bis gl\u00fccklich\" \/>\n<meta property=\"article:published_time\" content=\"2012-06-21T14:01:49+00:00\" \/>\n<meta property=\"article:modified_time\" content=\"2012-06-22T12:14:54+00:00\" \/>\n<meta property=\"og:image\" content=\"https:\/\/blog.zeit.de\/zeitmagazin\/files\/2012\/06\/pellegrin.png\" \/>\n<meta name=\"author\" content=\"ZEITmagazin\" \/>\n<meta name=\"twitter:card\" content=\"summary_large_image\" \/>\n<meta name=\"twitter:label1\" content=\"Geschrieben von\" \/>\n\t<meta name=\"twitter:data1\" content=\"ZEITmagazin\" \/>\n\t<meta name=\"twitter:label2\" content=\"Gesch\u00e4tzte Lesezeit\" \/>\n\t<meta name=\"twitter:data2\" content=\"2\u00a0Minuten\" \/>\n<script type=\"application\/ld+json\" class=\"yoast-schema-graph\">{\"@context\":\"https:\/\/schema.org\",\"@graph\":[{\"@type\":\"WebPage\",\"@id\":\"https:\/\/blog.zeit.de\/zeitmagazin\/2012\/06\/21\/lead-awards-2012-gold-silber-und-bronze-fur-das-zeitmagazin\/\",\"url\":\"https:\/\/blog.zeit.de\/zeitmagazin\/2012\/06\/21\/lead-awards-2012-gold-silber-und-bronze-fur-das-zeitmagazin\/\",\"name\":\"Lead Awards 2012: Gold, Silber und Bronze f\u00fcr das ZEITmagazin - Heiter bis gl\u00fccklich\",\"isPartOf\":{\"@id\":\"https:\/\/blog.zeit.de\/zeitmagazin\/#website\"},\"datePublished\":\"2012-06-21T14:01:49+00:00\",\"dateModified\":\"2012-06-22T12:14:54+00:00\",\"author\":{\"@id\":\"https:\/\/blog.zeit.de\/zeitmagazin\/#\/schema\/person\/e529ff83538f7de57b4ca7ada8af49dc\"},\"breadcrumb\":{\"@id\":\"https:\/\/blog.zeit.de\/zeitmagazin\/2012\/06\/21\/lead-awards-2012-gold-silber-und-bronze-fur-das-zeitmagazin\/#breadcrumb\"},\"inLanguage\":\"de\",\"potentialAction\":[{\"@type\":\"ReadAction\",\"target\":[\"https:\/\/blog.zeit.de\/zeitmagazin\/2012\/06\/21\/lead-awards-2012-gold-silber-und-bronze-fur-das-zeitmagazin\/\"]}]},{\"@type\":\"BreadcrumbList\",\"@id\":\"https:\/\/blog.zeit.de\/zeitmagazin\/2012\/06\/21\/lead-awards-2012-gold-silber-und-bronze-fur-das-zeitmagazin\/#breadcrumb\",\"itemListElement\":[{\"@type\":\"ListItem\",\"position\":1,\"name\":\"Startseite\",\"item\":\"https:\/\/blog.zeit.de\/zeitmagazin\/\"},{\"@type\":\"ListItem\",\"position\":2,\"name\":\"Lead Awards 2012: Gold, Silber und Bronze f\u00fcr das ZEITmagazin\"}]},{\"@type\":\"WebSite\",\"@id\":\"https:\/\/blog.zeit.de\/zeitmagazin\/#website\",\"url\":\"https:\/\/blog.zeit.de\/zeitmagazin\/\",\"name\":\"Heiter bis gl\u00fccklich\",\"description\":\"Das ZEITmagazin-Blog\",\"potentialAction\":[{\"@type\":\"SearchAction\",\"target\":{\"@type\":\"EntryPoint\",\"urlTemplate\":\"https:\/\/blog.zeit.de\/zeitmagazin\/?s={search_term_string}\"},\"query-input\":\"required name=search_term_string\"}],\"inLanguage\":\"de\"},{\"@type\":\"Person\",\"@id\":\"https:\/\/blog.zeit.de\/zeitmagazin\/#\/schema\/person\/e529ff83538f7de57b4ca7ada8af49dc\",\"name\":\"ZEITmagazin\",\"image\":{\"@type\":\"ImageObject\",\"inLanguage\":\"de\",\"@id\":\"https:\/\/blog.zeit.de\/zeitmagazin\/#\/schema\/person\/image\/\",\"url\":\"https:\/\/secure.gravatar.com\/avatar\/395ae643797af45a6adeb82c72ce6e2664e91838c8fa626029a0f6bad7394dde?s=96&d=mm&r=g\",\"contentUrl\":\"https:\/\/secure.gravatar.com\/avatar\/395ae643797af45a6adeb82c72ce6e2664e91838c8fa626029a0f6bad7394dde?s=96&d=mm&r=g\",\"caption\":\"ZEITmagazin\"},\"url\":\"https:\/\/blog.zeit.de\/zeitmagazin\/author\/katrin-dose\/\"}]}<\/script>\n<!-- \/ Yoast SEO plugin. -->","yoast_head_json":{"title":"Lead Awards 2012: Gold, Silber und Bronze f\u00fcr das ZEITmagazin - Heiter bis gl\u00fccklich","robots":{"index":"index","follow":"follow","max-snippet":"max-snippet:-1","max-image-preview":"max-image-preview:large","max-video-preview":"max-video-preview:-1"},"canonical":"https:\/\/blog.zeit.de\/zeitmagazin\/2012\/06\/21\/lead-awards-2012-gold-silber-und-bronze-fur-das-zeitmagazin\/","og_locale":"de_DE","og_type":"article","og_title":"Lead Awards 2012: Gold, Silber und Bronze f\u00fcr das ZEITmagazin - Heiter bis gl\u00fccklich","og_description":"Bei den diesj\u00e4hrigen LeadAwards, die gestern, am 20. Juni, in Hamburg vergeben wurden, ist das ZEITmagazin zweimal mit Gold ausgezeichnet worden: Die Kolumne &#8222;Paolo Pellegrins Expeditionen&#8220; hat in der Kategorie Reportagefotografie des Jahres gewonnen, Eva Leitolfs Beitrag &#8222;Europa von au\u00dfen&#8220; in der Kategorie Architektur- und Still-Life-Fotografie. Silber erhielten in der Kategorie Illustrationsbeitrag des Jahres die [&hellip;]","og_url":"https:\/\/blog.zeit.de\/zeitmagazin\/2012\/06\/21\/lead-awards-2012-gold-silber-und-bronze-fur-das-zeitmagazin\/","og_site_name":"Heiter bis gl\u00fccklich","article_published_time":"2012-06-21T14:01:49+00:00","article_modified_time":"2012-06-22T12:14:54+00:00","og_image":[{"url":"https:\/\/blog.zeit.de\/zeitmagazin\/files\/2012\/06\/pellegrin.png"}],"author":"ZEITmagazin","twitter_card":"summary_large_image","twitter_misc":{"Geschrieben von":"ZEITmagazin","Gesch\u00e4tzte Lesezeit":"2\u00a0Minuten"},"schema":{"@context":"https:\/\/schema.org","@graph":[{"@type":"WebPage","@id":"https:\/\/blog.zeit.de\/zeitmagazin\/2012\/06\/21\/lead-awards-2012-gold-silber-und-bronze-fur-das-zeitmagazin\/","url":"https:\/\/blog.zeit.de\/zeitmagazin\/2012\/06\/21\/lead-awards-2012-gold-silber-und-bronze-fur-das-zeitmagazin\/","name":"Lead Awards 2012: Gold, Silber und Bronze f\u00fcr das ZEITmagazin - Heiter bis gl\u00fccklich","isPartOf":{"@id":"https:\/\/blog.zeit.de\/zeitmagazin\/#website"},"datePublished":"2012-06-21T14:01:49+00:00","dateModified":"2012-06-22T12:14:54+00:00","author":{"@id":"https:\/\/blog.zeit.de\/zeitmagazin\/#\/schema\/person\/e529ff83538f7de57b4ca7ada8af49dc"},"breadcrumb":{"@id":"https:\/\/blog.zeit.de\/zeitmagazin\/2012\/06\/21\/lead-awards-2012-gold-silber-und-bronze-fur-das-zeitmagazin\/#breadcrumb"},"inLanguage":"de","potentialAction":[{"@type":"ReadAction","target":["https:\/\/blog.zeit.de\/zeitmagazin\/2012\/06\/21\/lead-awards-2012-gold-silber-und-bronze-fur-das-zeitmagazin\/"]}]},{"@type":"BreadcrumbList","@id":"https:\/\/blog.zeit.de\/zeitmagazin\/2012\/06\/21\/lead-awards-2012-gold-silber-und-bronze-fur-das-zeitmagazin\/#breadcrumb","itemListElement":[{"@type":"ListItem","position":1,"name":"Startseite","item":"https:\/\/blog.zeit.de\/zeitmagazin\/"},{"@type":"ListItem","position":2,"name":"Lead Awards 2012: Gold, Silber und Bronze f\u00fcr das ZEITmagazin"}]},{"@type":"WebSite","@id":"https:\/\/blog.zeit.de\/zeitmagazin\/#website","url":"https:\/\/blog.zeit.de\/zeitmagazin\/","name":"Heiter bis gl\u00fccklich","description":"Das ZEITmagazin-Blog","potentialAction":[{"@type":"SearchAction","target":{"@type":"EntryPoint","urlTemplate":"https:\/\/blog.zeit.de\/zeitmagazin\/?s={search_term_string}"},"query-input":"required name=search_term_string"}],"inLanguage":"de"},{"@type":"Person","@id":"https:\/\/blog.zeit.de\/zeitmagazin\/#\/schema\/person\/e529ff83538f7de57b4ca7ada8af49dc","name":"ZEITmagazin","image":{"@type":"ImageObject","inLanguage":"de","@id":"https:\/\/blog.zeit.de\/zeitmagazin\/#\/schema\/person\/image\/","url":"https:\/\/secure.gravatar.com\/avatar\/395ae643797af45a6adeb82c72ce6e2664e91838c8fa626029a0f6bad7394dde?s=96&d=mm&r=g","contentUrl":"https:\/\/secure.gravatar.com\/avatar\/395ae643797af45a6adeb82c72ce6e2664e91838c8fa626029a0f6bad7394dde?s=96&d=mm&r=g","caption":"ZEITmagazin"},"url":"https:\/\/blog.zeit.de\/zeitmagazin\/author\/katrin-dose\/"}]}},"jetpack_featured_media_url":"","jetpack_sharing_enabled":true,"_links":{"self":[{"href":"https:\/\/blog.zeit.de\/zeitmagazin\/wp-json\/wp\/v2\/posts\/10861","targetHints":{"allow":["GET"]}}],"collection":[{"href":"https:\/\/blog.zeit.de\/zeitmagazin\/wp-json\/wp\/v2\/posts"}],"about":[{"href":"https:\/\/blog.zeit.de\/zeitmagazin\/wp-json\/wp\/v2\/types\/post"}],"author":[{"embeddable":true,"href":"https:\/\/blog.zeit.de\/zeitmagazin\/wp-json\/wp\/v2\/users\/303"}],"replies":[{"embeddable":true,"href":"https:\/\/blog.zeit.de\/zeitmagazin\/wp-json\/wp\/v2\/comments?post=10861"}],"version-history":[{"count":29,"href":"https:\/\/blog.zeit.de\/zeitmagazin\/wp-json\/wp\/v2\/posts\/10861\/revisions"}],"predecessor-version":[{"id":10897,"href":"https:\/\/blog.zeit.de\/zeitmagazin\/wp-json\/wp\/v2\/posts\/10861\/revisions\/10897"}],"wp:attachment":[{"href":"https:\/\/blog.zeit.de\/zeitmagazin\/wp-json\/wp\/v2\/media?parent=10861"}],"wp:term":[{"taxonomy":"category","embeddable":true,"href":"https:\/\/blog.zeit.de\/zeitmagazin\/wp-json\/wp\/v2\/categories?post=10861"},{"taxonomy":"post_tag","embeddable":true,"href":"https:\/\/blog.zeit.de\/zeitmagazin\/wp-json\/wp\/v2\/tags?post=10861"}],"curies":[{"name":"wp","href":"https:\/\/api.w.org\/{rel}","templated":true}]}}