{"id":14461,"date":"2013-01-17T15:21:03","date_gmt":"2013-01-17T14:21:03","guid":{"rendered":"http:\/\/blog.zeit.de\/zeitmagazin\/?p=14461"},"modified":"2013-01-18T15:41:49","modified_gmt":"2013-01-18T14:41:49","slug":"berlin-fashion-week-die-zeitmagazin-party-im-stue-2","status":"publish","type":"post","link":"https:\/\/blog.zeit.de\/zeitmagazin\/2013\/01\/17\/berlin-fashion-week-die-zeitmagazin-party-im-stue-2\/","title":{"rendered":"Berlin Fashion Week: Die ZEITmagazin-Party im Stue"},"content":{"rendered":"<style type=\"text\/css\"><!--\n@page { margin: 2cm } \t\tP { margin-bottom: 0.21cm }\n--><\/style>\n<p style=\"text-align: justify;\" align=\"LEFT\">&#8222;Das Stue&#8220; ist d\u00e4nisch und hei\u00dft &#8222;Das Wohnzimmer&#8220;, und das traf die Stimmung am Mittwoch Abend auf den Punkt. Das ZEITmagazin hatte in das erst k\u00fcrzlich neu er\u00f6ffnete Hotel &#8222;Das Stue&#8220; mitten im Berliner Tiergarten geladen, um die aktuelle Ausgabe zur Fashion Week zu feiern \u2013 und 400 G\u00e4ste verwandelten die Bar f\u00fcr eine Nacht in das Party-Wohnzimmer der Winter-Modewoche. Unter ihnen die Designer Dirk Sch\u00f6nberger, Ayzit Bostan, Kostas Murkudis, Johanna Perret, Frank Leder und Sabrina Dehoff, die Schauspielerinnen Claudia Michelsen, Nora von Waldst\u00e4tten und Valerie Niehaus, Schauspieler Lars Eidinger und Filmproduzent Oliver Berben, die DJs Mousse T., Daniel Haaksman und Marcin \u00d6z von &#8222;Whitest Boy Alive&#8220;, Musikmanager Tim Renner, Autorin Theresia Enzensberger und Sternekoch Ali G\u00fcng\u00f6rm\u00fcs aus Hamburg.<\/p>\n<p style=\"text-align: justify;\" align=\"LEFT\">Nacho Alegre, 31, Fotograf der ZEITmagazin-Titelgeschichte von dieser Woche und Gr\u00fcnder des stilpr\u00e4genden Designmagazins &#8222;Apartamento&#8220;, war aus Barcelona gekommen und erz\u00e4hlte im Gespr\u00e4ch mit ZEITmagazin-Chefredakteur Christoph Amend, dass seine Zeit als Erasmus-Student in Hamburg ihn zu der Gr\u00fcndung seines Magazins inspiriert habe. &#8222;Ich habe dort so viele sch\u00f6n eingerichtete Wohnungen gesehen, dass ich anfing, sie zu fotografieren.&#8220; Und er verriet schmunzelnd auch einen Zukunftsplan: &#8222;Ich m\u00f6chte ein Apartamento-Hotel gr\u00fcnden, falls also jemand hier ein paar Millionen Euro hat, um zu investieren \u2013 bitte bei mir melden!&#8220;<\/p>\n<p style=\"text-align: justify;\">Nach dem Kurz-Talk begann die Party, und Modekritiker Alfons Kaiser, ebenfalls unter den G\u00e4sten, schrieb am n\u00e4chsten Morgen in der &#8222;FAZ&#8220;: &#8222;Enden die N\u00e4chte hier nie?&#8220;<\/p>\n<p style=\"text-align: justify;\"><span style=\"color: #888888;\">(c) Holger Talinski<\/span><\/p>\n<p><figure id=\"attachment_14424\" aria-describedby=\"caption-attachment-14424\" style=\"width: 540px\" class=\"wp-caption alignleft\"><img loading=\"lazy\" decoding=\"async\" class=\"size-full wp-image-14424\" alt=\"Das Stue\" src=\"https:\/\/blog.zeit.de\/zeitmagazin\/files\/2013\/01\/1.jpg\" width=\"540\" height=\"405\" srcset=\"https:\/\/blog.zeit.de\/zeitmagazin\/files\/2013\/01\/1.jpg 540w, https:\/\/blog.zeit.de\/zeitmagazin\/files\/2013\/01\/1-112x84.jpg 112w, https:\/\/blog.zeit.de\/zeitmagazin\/files\/2013\/01\/1-220x165.jpg 220w\" sizes=\"auto, (max-width: 540px) 100vw, 540px\" \/><figcaption id=\"caption-attachment-14424\" class=\"wp-caption-text\">Das Stue<\/figcaption><\/figure><\/p>\n<p><figure id=\"attachment_14425\" aria-describedby=\"caption-attachment-14425\" style=\"width: 540px\" class=\"wp-caption alignnone\"><img loading=\"lazy\" decoding=\"async\" class=\"size-full wp-image-14425 \" alt=\"Die Lobby im &quot;Stue&quot;\" src=\"https:\/\/blog.zeit.de\/zeitmagazin\/files\/2013\/01\/2.jpg\" width=\"540\" height=\"721\" srcset=\"https:\/\/blog.zeit.de\/zeitmagazin\/files\/2013\/01\/2.jpg 540w, https:\/\/blog.zeit.de\/zeitmagazin\/files\/2013\/01\/2-62x84.jpg 62w, https:\/\/blog.zeit.de\/zeitmagazin\/files\/2013\/01\/2-220x293.jpg 220w\" sizes=\"auto, (max-width: 540px) 100vw, 540px\" \/><figcaption id=\"caption-attachment-14425\" class=\"wp-caption-text\">Die Lobby im Stue<\/figcaption><\/figure><\/p>\n<p><figure id=\"attachment_14428\" aria-describedby=\"caption-attachment-14428\" style=\"width: 540px\" class=\"wp-caption alignleft\"><img loading=\"lazy\" decoding=\"async\" class=\"size-full wp-image-14428\" alt=\"Creative Director und Chefredakteur des ZEITmagazins: Mirko Borsche und Christoph Amend\" src=\"https:\/\/blog.zeit.de\/zeitmagazin\/files\/2013\/01\/5.jpg\" width=\"540\" height=\"405\" srcset=\"https:\/\/blog.zeit.de\/zeitmagazin\/files\/2013\/01\/5.jpg 540w, https:\/\/blog.zeit.de\/zeitmagazin\/files\/2013\/01\/5-112x84.jpg 112w, https:\/\/blog.zeit.de\/zeitmagazin\/files\/2013\/01\/5-220x165.jpg 220w\" sizes=\"auto, (max-width: 540px) 100vw, 540px\" \/><figcaption id=\"caption-attachment-14428\" class=\"wp-caption-text\">Creative Director und Chefredakteur des ZEITmagazins: Mirko Borsche und Christoph Amend<\/figcaption><\/figure><\/p>\n<p><figure id=\"attachment_14427\" aria-describedby=\"caption-attachment-14427\" style=\"width: 540px\" class=\"wp-caption alignleft\"><img loading=\"lazy\" decoding=\"async\" class=\"size-full wp-image-14427\" alt=\"Mousse T\" src=\"https:\/\/blog.zeit.de\/zeitmagazin\/files\/2013\/01\/4_Mousse-T.jpg\" width=\"540\" height=\"405\" srcset=\"https:\/\/blog.zeit.de\/zeitmagazin\/files\/2013\/01\/4_Mousse-T.jpg 540w, https:\/\/blog.zeit.de\/zeitmagazin\/files\/2013\/01\/4_Mousse-T-112x84.jpg 112w, https:\/\/blog.zeit.de\/zeitmagazin\/files\/2013\/01\/4_Mousse-T-220x165.jpg 220w\" sizes=\"auto, (max-width: 540px) 100vw, 540px\" \/><figcaption id=\"caption-attachment-14427\" class=\"wp-caption-text\">Mousse T<\/figcaption><\/figure><\/p>\n<p><figure id=\"attachment_14426\" aria-describedby=\"caption-attachment-14426\" style=\"width: 540px\" class=\"wp-caption alignleft\"><img loading=\"lazy\" decoding=\"async\" class=\"size-full wp-image-14426\" alt=\"Schauspielerin Nora von Waldst\u00e4tten und Elisabeth Raether vom ZEITmagazin\" src=\"https:\/\/blog.zeit.de\/zeitmagazin\/files\/2013\/01\/31.jpg\" width=\"540\" height=\"721\" srcset=\"https:\/\/blog.zeit.de\/zeitmagazin\/files\/2013\/01\/31.jpg 540w, https:\/\/blog.zeit.de\/zeitmagazin\/files\/2013\/01\/31-62x84.jpg 62w, https:\/\/blog.zeit.de\/zeitmagazin\/files\/2013\/01\/31-220x293.jpg 220w\" sizes=\"auto, (max-width: 540px) 100vw, 540px\" \/><figcaption id=\"caption-attachment-14426\" class=\"wp-caption-text\">Schauspielerin Nora von Waldst\u00e4tten und Elisabeth Raether vom ZEITmagazin<\/figcaption><\/figure><\/p>\n<p><figure id=\"attachment_14429\" aria-describedby=\"caption-attachment-14429\" style=\"width: 540px\" class=\"wp-caption alignleft\"><img loading=\"lazy\" decoding=\"async\" class=\"size-full wp-image-14429\" alt=\"Fotograf Nacho Alegre und Milena Carstens vom ZEITmagazin\" src=\"https:\/\/blog.zeit.de\/zeitmagazin\/files\/2013\/01\/6_nacho.jpg\" width=\"540\" height=\"405\" srcset=\"https:\/\/blog.zeit.de\/zeitmagazin\/files\/2013\/01\/6_nacho.jpg 540w, https:\/\/blog.zeit.de\/zeitmagazin\/files\/2013\/01\/6_nacho-112x84.jpg 112w, https:\/\/blog.zeit.de\/zeitmagazin\/files\/2013\/01\/6_nacho-220x165.jpg 220w\" sizes=\"auto, (max-width: 540px) 100vw, 540px\" \/><figcaption id=\"caption-attachment-14429\" class=\"wp-caption-text\">Fotograf Nacho Alegre und Milena Carstens vom ZEITmagazin<\/figcaption><\/figure><\/p>\n<p><figure id=\"attachment_14430\" aria-describedby=\"caption-attachment-14430\" style=\"width: 540px\" class=\"wp-caption alignleft\"><img loading=\"lazy\" decoding=\"async\" class=\"size-full wp-image-14430\" alt=\"Gestalter Chris Rehberger und Illustratorin Sarah Illenberger\" src=\"https:\/\/blog.zeit.de\/zeitmagazin\/files\/2013\/01\/7_chris-rehberger-illenberger.jpg\" width=\"540\" height=\"721\" srcset=\"https:\/\/blog.zeit.de\/zeitmagazin\/files\/2013\/01\/7_chris-rehberger-illenberger.jpg 540w, https:\/\/blog.zeit.de\/zeitmagazin\/files\/2013\/01\/7_chris-rehberger-illenberger-62x84.jpg 62w, https:\/\/blog.zeit.de\/zeitmagazin\/files\/2013\/01\/7_chris-rehberger-illenberger-220x293.jpg 220w\" sizes=\"auto, (max-width: 540px) 100vw, 540px\" \/><figcaption id=\"caption-attachment-14430\" class=\"wp-caption-text\">Gestalter Chris Rehberger und Illustratorin Sarah Illenberger<\/figcaption><\/figure><\/p>\n<p><figure id=\"attachment_14431\" aria-describedby=\"caption-attachment-14431\" style=\"width: 407px\" class=\"wp-caption alignleft\"><img loading=\"lazy\" decoding=\"async\" class=\"size-full wp-image-14431\" alt=\"Autorin Nora Nele Heinevetter\" src=\"https:\/\/blog.zeit.de\/zeitmagazin\/files\/2013\/01\/8_-nora-nele-heinevetter.jpg\" width=\"407\" height=\"543\" srcset=\"https:\/\/blog.zeit.de\/zeitmagazin\/files\/2013\/01\/8_-nora-nele-heinevetter.jpg 407w, https:\/\/blog.zeit.de\/zeitmagazin\/files\/2013\/01\/8_-nora-nele-heinevetter-62x84.jpg 62w, https:\/\/blog.zeit.de\/zeitmagazin\/files\/2013\/01\/8_-nora-nele-heinevetter-220x293.jpg 220w\" sizes=\"auto, (max-width: 407px) 100vw, 407px\" \/><figcaption id=\"caption-attachment-14431\" class=\"wp-caption-text\">Autorin Nora Nele Heinevetter<\/figcaption><\/figure><\/p>\n<p><figure id=\"attachment_14432\" aria-describedby=\"caption-attachment-14432\" style=\"width: 540px\" class=\"wp-caption alignleft\"><img loading=\"lazy\" decoding=\"async\" class=\"size-full wp-image-14432\" alt=\"Designer Dirk Sch\u00f6nbeger und Christoph Amend\" src=\"https:\/\/blog.zeit.de\/zeitmagazin\/files\/2013\/01\/9_Dirk-Sch\u00f6nberger.jpg\" width=\"540\" height=\"721\" \/><figcaption id=\"caption-attachment-14432\" class=\"wp-caption-text\">Designer Dirk Sch\u00f6nberger und Christoph Amend<\/figcaption><\/figure><\/p>\n<p><img loading=\"lazy\" decoding=\"async\" class=\"alignleft size-full wp-image-14433\" alt=\"10\" src=\"https:\/\/blog.zeit.de\/zeitmagazin\/files\/2013\/01\/10.jpg\" width=\"540\" height=\"405\" srcset=\"https:\/\/blog.zeit.de\/zeitmagazin\/files\/2013\/01\/10.jpg 540w, https:\/\/blog.zeit.de\/zeitmagazin\/files\/2013\/01\/10-112x84.jpg 112w, https:\/\/blog.zeit.de\/zeitmagazin\/files\/2013\/01\/10-220x165.jpg 220w\" sizes=\"auto, (max-width: 540px) 100vw, 540px\" \/><\/p>\n<p><figure id=\"attachment_14434\" aria-describedby=\"caption-attachment-14434\" style=\"width: 430px\" class=\"wp-caption alignleft\"><img loading=\"lazy\" decoding=\"async\" class=\"size-full wp-image-14434\" alt=\"Tillmann Pr\u00fcfer vom ZEITmagazin und Illustratorin Kera Till\" src=\"https:\/\/blog.zeit.de\/zeitmagazin\/files\/2013\/01\/11Kera-Till.jpg\" width=\"430\" height=\"573\" srcset=\"https:\/\/blog.zeit.de\/zeitmagazin\/files\/2013\/01\/11Kera-Till.jpg 430w, https:\/\/blog.zeit.de\/zeitmagazin\/files\/2013\/01\/11Kera-Till-63x84.jpg 63w, https:\/\/blog.zeit.de\/zeitmagazin\/files\/2013\/01\/11Kera-Till-220x293.jpg 220w\" sizes=\"auto, (max-width: 430px) 100vw, 430px\" \/><figcaption id=\"caption-attachment-14434\" class=\"wp-caption-text\">Tillmann Pr\u00fcfer vom ZEITmagazin und Illustratorin Kera Till<\/figcaption><\/figure><\/p>\n<p><figure id=\"attachment_14435\" aria-describedby=\"caption-attachment-14435\" style=\"width: 540px\" class=\"wp-caption alignleft\"><img loading=\"lazy\" decoding=\"async\" class=\"size-full wp-image-14435\" alt=\"Jessica Paul vom Grill Royal und Gestalter Beda Achermann\" src=\"https:\/\/blog.zeit.de\/zeitmagazin\/files\/2013\/01\/12_Jessica-Paul_beda-achermann.jpg\" width=\"540\" height=\"721\" srcset=\"https:\/\/blog.zeit.de\/zeitmagazin\/files\/2013\/01\/12_Jessica-Paul_beda-achermann.jpg 540w, https:\/\/blog.zeit.de\/zeitmagazin\/files\/2013\/01\/12_Jessica-Paul_beda-achermann-62x84.jpg 62w, https:\/\/blog.zeit.de\/zeitmagazin\/files\/2013\/01\/12_Jessica-Paul_beda-achermann-220x293.jpg 220w\" sizes=\"auto, (max-width: 540px) 100vw, 540px\" \/><figcaption id=\"caption-attachment-14435\" class=\"wp-caption-text\">Jessica Paul, fr\u00fcher Grill Royal, und Gestalter Beda Achermann<\/figcaption><\/figure><\/p>\n<p>&nbsp;<\/p>\n<p><figure id=\"attachment_14437\" aria-describedby=\"caption-attachment-14437\" style=\"width: 540px\" class=\"wp-caption alignleft\"><img loading=\"lazy\" decoding=\"async\" class=\"size-full wp-image-14559\" alt=\"Die Schauspieler Chiara Schoras, G\u00f6tz Schubert und Valeria Niehaus\" src=\"https:\/\/blog.zeit.de\/zeitmagazin\/files\/2013\/01\/14_CHIARA-SCHORAS_G\u00f6tz-Schubert_Valerie-Niehaus.jpg\" width=\"540\" height=\"405\" srcset=\"https:\/\/blog.zeit.de\/zeitmagazin\/files\/2013\/01\/14_CHIARA-SCHORAS_G\u00f6tz-Schubert_Valerie-Niehaus.jpg 540w, https:\/\/blog.zeit.de\/zeitmagazin\/files\/2013\/01\/14_CHIARA-SCHORAS_G\u00f6tz-Schubert_Valerie-Niehaus-112x84.jpg 112w, https:\/\/blog.zeit.de\/zeitmagazin\/files\/2013\/01\/14_CHIARA-SCHORAS_G\u00f6tz-Schubert_Valerie-Niehaus-220x165.jpg 220w\" sizes=\"auto, (max-width: 540px) 100vw, 540px\" \/><figcaption id=\"caption-attachment-14437\" class=\"wp-caption-text\">Die Schauspieler Chiara Schoras, G\u00f6tz Schubert und Valeria Niehaus<\/figcaption><\/figure><\/p>\n<p><img loading=\"lazy\" decoding=\"async\" class=\"size-full wp-image-14437\" alt=\"Sternekoch Ali G\u00fcng\u00f6rm\u00fcs und Christoph Amend\" src=\"https:\/\/blog.zeit.de\/zeitmagazin\/files\/2013\/01\/15_Ali-G\u00fcng\u00f6rm\u00fcs.jpg\" width=\"540\" height=\"405\" \/>Sternekoch Ali G\u00fcng\u00f6rm\u00fcs und Christoph Amend<\/p>\n<p><figure id=\"attachment_14438\" aria-describedby=\"caption-attachment-14438\" style=\"width: 446px\" class=\"wp-caption alignleft\"><img loading=\"lazy\" decoding=\"async\" class=\"size-full wp-image-14438\" alt=\"Schauspieler Max Riemelt und Inga Krieger vom ZEITmagazin\" src=\"https:\/\/blog.zeit.de\/zeitmagazin\/files\/2013\/01\/16_max-riemelt.jpg\" width=\"446\" height=\"595\" srcset=\"https:\/\/blog.zeit.de\/zeitmagazin\/files\/2013\/01\/16_max-riemelt.jpg 446w, https:\/\/blog.zeit.de\/zeitmagazin\/files\/2013\/01\/16_max-riemelt-62x84.jpg 62w, https:\/\/blog.zeit.de\/zeitmagazin\/files\/2013\/01\/16_max-riemelt-220x293.jpg 220w\" sizes=\"auto, (max-width: 446px) 100vw, 446px\" \/><figcaption id=\"caption-attachment-14438\" class=\"wp-caption-text\">Schauspieler Max Riemelt und Inga Krieger vom ZEITmagazin<\/figcaption><\/figure><\/p>\n<p>&nbsp;<\/p>\n<p><figure id=\"attachment_14439\" aria-describedby=\"caption-attachment-14439\" style=\"width: 540px\" class=\"wp-caption alignleft\"><img loading=\"lazy\" decoding=\"async\" class=\"size-full wp-image-14439\" alt=\"Galerist Johann K\u00f6nig, Schauspieler Lars Eidinger und Nora von Waldst\u00e4tten\" src=\"https:\/\/blog.zeit.de\/zeitmagazin\/files\/2013\/01\/Eidinger-Waldst\u00e4tten-k\u00f6nig.jpg\" width=\"540\" height=\"405\" \/><figcaption id=\"caption-attachment-14439\" class=\"wp-caption-text\">Galerist Johann K\u00f6nig, Schauspieler Lars Eidinger und Nora von Waldst\u00e4tten<\/figcaption><\/figure><\/p>\n<p>&nbsp;<\/p>\n","protected":false},"excerpt":{"rendered":"<p>&#8222;Das Stue&#8220; ist d\u00e4nisch und hei\u00dft &#8222;Das Wohnzimmer&#8220;, und das traf die Stimmung am Mittwoch Abend auf den Punkt. Das ZEITmagazin hatte in das erst k\u00fcrzlich neu er\u00f6ffnete Hotel &#8222;Das Stue&#8220; mitten im Berliner Tiergarten geladen, um die aktuelle Ausgabe zur Fashion Week zu feiern \u2013 und 400 G\u00e4ste verwandelten die Bar f\u00fcr eine Nacht [&hellip;]<\/p>\n","protected":false},"author":303,"featured_media":14425,"comment_status":"open","ping_status":"open","sticky":false,"template":"","format":"standard","meta":{"_jetpack_memberships_contains_paid_content":false,"footnotes":""},"categories":[1],"tags":[],"class_list":["post-14461","post","type-post","status-publish","format-standard","has-post-thumbnail","hentry","category-allgemein"],"yoast_head":"<!-- This site is optimized with the Yoast SEO plugin v21.0 - https:\/\/yoast.com\/wordpress\/plugins\/seo\/ -->\n<title>Berlin Fashion Week: Die ZEITmagazin-Party im Stue - Heiter bis gl\u00fccklich<\/title>\n<meta name=\"robots\" content=\"index, follow, max-snippet:-1, max-image-preview:large, max-video-preview:-1\" \/>\n<link rel=\"canonical\" href=\"https:\/\/blog.zeit.de\/zeitmagazin\/2013\/01\/17\/berlin-fashion-week-die-zeitmagazin-party-im-stue-2\/\" \/>\n<meta property=\"og:locale\" content=\"de_DE\" \/>\n<meta property=\"og:type\" content=\"article\" \/>\n<meta property=\"og:title\" content=\"Berlin Fashion Week: Die ZEITmagazin-Party im Stue - Heiter bis gl\u00fccklich\" \/>\n<meta property=\"og:description\" content=\"&#8222;Das Stue&#8220; ist d\u00e4nisch und hei\u00dft &#8222;Das Wohnzimmer&#8220;, und das traf die Stimmung am Mittwoch Abend auf den Punkt. Das ZEITmagazin hatte in das erst k\u00fcrzlich neu er\u00f6ffnete Hotel &#8222;Das Stue&#8220; mitten im Berliner Tiergarten geladen, um die aktuelle Ausgabe zur Fashion Week zu feiern \u2013 und 400 G\u00e4ste verwandelten die Bar f\u00fcr eine Nacht [&hellip;]\" \/>\n<meta property=\"og:url\" content=\"https:\/\/blog.zeit.de\/zeitmagazin\/2013\/01\/17\/berlin-fashion-week-die-zeitmagazin-party-im-stue-2\/\" \/>\n<meta property=\"og:site_name\" content=\"Heiter bis gl\u00fccklich\" \/>\n<meta property=\"article:published_time\" content=\"2013-01-17T14:21:03+00:00\" \/>\n<meta property=\"article:modified_time\" content=\"2013-01-18T14:41:49+00:00\" \/>\n<meta property=\"og:image\" content=\"https:\/\/blog.zeit.de\/zeitmagazin\/files\/2013\/01\/2.jpg\" \/>\n\t<meta property=\"og:image:width\" content=\"540\" \/>\n\t<meta property=\"og:image:height\" content=\"721\" \/>\n\t<meta property=\"og:image:type\" content=\"image\/jpeg\" \/>\n<meta name=\"author\" content=\"ZEITmagazin\" \/>\n<meta name=\"twitter:card\" content=\"summary_large_image\" \/>\n<meta name=\"twitter:label1\" content=\"Geschrieben von\" \/>\n\t<meta name=\"twitter:data1\" content=\"ZEITmagazin\" \/>\n\t<meta name=\"twitter:label2\" content=\"Gesch\u00e4tzte Lesezeit\" \/>\n\t<meta name=\"twitter:data2\" content=\"2\u00a0Minuten\" \/>\n<script type=\"application\/ld+json\" class=\"yoast-schema-graph\">{\"@context\":\"https:\/\/schema.org\",\"@graph\":[{\"@type\":\"WebPage\",\"@id\":\"https:\/\/blog.zeit.de\/zeitmagazin\/2013\/01\/17\/berlin-fashion-week-die-zeitmagazin-party-im-stue-2\/\",\"url\":\"https:\/\/blog.zeit.de\/zeitmagazin\/2013\/01\/17\/berlin-fashion-week-die-zeitmagazin-party-im-stue-2\/\",\"name\":\"Berlin Fashion Week: Die ZEITmagazin-Party im Stue - Heiter bis gl\u00fccklich\",\"isPartOf\":{\"@id\":\"https:\/\/blog.zeit.de\/zeitmagazin\/#website\"},\"datePublished\":\"2013-01-17T14:21:03+00:00\",\"dateModified\":\"2013-01-18T14:41:49+00:00\",\"author\":{\"@id\":\"https:\/\/blog.zeit.de\/zeitmagazin\/#\/schema\/person\/e529ff83538f7de57b4ca7ada8af49dc\"},\"breadcrumb\":{\"@id\":\"https:\/\/blog.zeit.de\/zeitmagazin\/2013\/01\/17\/berlin-fashion-week-die-zeitmagazin-party-im-stue-2\/#breadcrumb\"},\"inLanguage\":\"de\",\"potentialAction\":[{\"@type\":\"ReadAction\",\"target\":[\"https:\/\/blog.zeit.de\/zeitmagazin\/2013\/01\/17\/berlin-fashion-week-die-zeitmagazin-party-im-stue-2\/\"]}]},{\"@type\":\"BreadcrumbList\",\"@id\":\"https:\/\/blog.zeit.de\/zeitmagazin\/2013\/01\/17\/berlin-fashion-week-die-zeitmagazin-party-im-stue-2\/#breadcrumb\",\"itemListElement\":[{\"@type\":\"ListItem\",\"position\":1,\"name\":\"Startseite\",\"item\":\"https:\/\/blog.zeit.de\/zeitmagazin\/\"},{\"@type\":\"ListItem\",\"position\":2,\"name\":\"Berlin Fashion Week: Die ZEITmagazin-Party im Stue\"}]},{\"@type\":\"WebSite\",\"@id\":\"https:\/\/blog.zeit.de\/zeitmagazin\/#website\",\"url\":\"https:\/\/blog.zeit.de\/zeitmagazin\/\",\"name\":\"Heiter bis gl\u00fccklich\",\"description\":\"Das ZEITmagazin-Blog\",\"potentialAction\":[{\"@type\":\"SearchAction\",\"target\":{\"@type\":\"EntryPoint\",\"urlTemplate\":\"https:\/\/blog.zeit.de\/zeitmagazin\/?s={search_term_string}\"},\"query-input\":\"required name=search_term_string\"}],\"inLanguage\":\"de\"},{\"@type\":\"Person\",\"@id\":\"https:\/\/blog.zeit.de\/zeitmagazin\/#\/schema\/person\/e529ff83538f7de57b4ca7ada8af49dc\",\"name\":\"ZEITmagazin\",\"image\":{\"@type\":\"ImageObject\",\"inLanguage\":\"de\",\"@id\":\"https:\/\/blog.zeit.de\/zeitmagazin\/#\/schema\/person\/image\/\",\"url\":\"https:\/\/secure.gravatar.com\/avatar\/395ae643797af45a6adeb82c72ce6e2664e91838c8fa626029a0f6bad7394dde?s=96&d=mm&r=g\",\"contentUrl\":\"https:\/\/secure.gravatar.com\/avatar\/395ae643797af45a6adeb82c72ce6e2664e91838c8fa626029a0f6bad7394dde?s=96&d=mm&r=g\",\"caption\":\"ZEITmagazin\"},\"url\":\"https:\/\/blog.zeit.de\/zeitmagazin\/author\/katrin-dose\/\"}]}<\/script>\n<!-- \/ Yoast SEO plugin. -->","yoast_head_json":{"title":"Berlin Fashion Week: Die ZEITmagazin-Party im Stue - Heiter bis gl\u00fccklich","robots":{"index":"index","follow":"follow","max-snippet":"max-snippet:-1","max-image-preview":"max-image-preview:large","max-video-preview":"max-video-preview:-1"},"canonical":"https:\/\/blog.zeit.de\/zeitmagazin\/2013\/01\/17\/berlin-fashion-week-die-zeitmagazin-party-im-stue-2\/","og_locale":"de_DE","og_type":"article","og_title":"Berlin Fashion Week: Die ZEITmagazin-Party im Stue - Heiter bis gl\u00fccklich","og_description":"&#8222;Das Stue&#8220; ist d\u00e4nisch und hei\u00dft &#8222;Das Wohnzimmer&#8220;, und das traf die Stimmung am Mittwoch Abend auf den Punkt. Das ZEITmagazin hatte in das erst k\u00fcrzlich neu er\u00f6ffnete Hotel &#8222;Das Stue&#8220; mitten im Berliner Tiergarten geladen, um die aktuelle Ausgabe zur Fashion Week zu feiern \u2013 und 400 G\u00e4ste verwandelten die Bar f\u00fcr eine Nacht [&hellip;]","og_url":"https:\/\/blog.zeit.de\/zeitmagazin\/2013\/01\/17\/berlin-fashion-week-die-zeitmagazin-party-im-stue-2\/","og_site_name":"Heiter bis gl\u00fccklich","article_published_time":"2013-01-17T14:21:03+00:00","article_modified_time":"2013-01-18T14:41:49+00:00","og_image":[{"width":540,"height":721,"url":"https:\/\/blog.zeit.de\/zeitmagazin\/files\/2013\/01\/2.jpg","type":"image\/jpeg"}],"author":"ZEITmagazin","twitter_card":"summary_large_image","twitter_misc":{"Geschrieben von":"ZEITmagazin","Gesch\u00e4tzte Lesezeit":"2\u00a0Minuten"},"schema":{"@context":"https:\/\/schema.org","@graph":[{"@type":"WebPage","@id":"https:\/\/blog.zeit.de\/zeitmagazin\/2013\/01\/17\/berlin-fashion-week-die-zeitmagazin-party-im-stue-2\/","url":"https:\/\/blog.zeit.de\/zeitmagazin\/2013\/01\/17\/berlin-fashion-week-die-zeitmagazin-party-im-stue-2\/","name":"Berlin Fashion Week: Die ZEITmagazin-Party im Stue - Heiter bis gl\u00fccklich","isPartOf":{"@id":"https:\/\/blog.zeit.de\/zeitmagazin\/#website"},"datePublished":"2013-01-17T14:21:03+00:00","dateModified":"2013-01-18T14:41:49+00:00","author":{"@id":"https:\/\/blog.zeit.de\/zeitmagazin\/#\/schema\/person\/e529ff83538f7de57b4ca7ada8af49dc"},"breadcrumb":{"@id":"https:\/\/blog.zeit.de\/zeitmagazin\/2013\/01\/17\/berlin-fashion-week-die-zeitmagazin-party-im-stue-2\/#breadcrumb"},"inLanguage":"de","potentialAction":[{"@type":"ReadAction","target":["https:\/\/blog.zeit.de\/zeitmagazin\/2013\/01\/17\/berlin-fashion-week-die-zeitmagazin-party-im-stue-2\/"]}]},{"@type":"BreadcrumbList","@id":"https:\/\/blog.zeit.de\/zeitmagazin\/2013\/01\/17\/berlin-fashion-week-die-zeitmagazin-party-im-stue-2\/#breadcrumb","itemListElement":[{"@type":"ListItem","position":1,"name":"Startseite","item":"https:\/\/blog.zeit.de\/zeitmagazin\/"},{"@type":"ListItem","position":2,"name":"Berlin Fashion Week: Die ZEITmagazin-Party im Stue"}]},{"@type":"WebSite","@id":"https:\/\/blog.zeit.de\/zeitmagazin\/#website","url":"https:\/\/blog.zeit.de\/zeitmagazin\/","name":"Heiter bis gl\u00fccklich","description":"Das ZEITmagazin-Blog","potentialAction":[{"@type":"SearchAction","target":{"@type":"EntryPoint","urlTemplate":"https:\/\/blog.zeit.de\/zeitmagazin\/?s={search_term_string}"},"query-input":"required name=search_term_string"}],"inLanguage":"de"},{"@type":"Person","@id":"https:\/\/blog.zeit.de\/zeitmagazin\/#\/schema\/person\/e529ff83538f7de57b4ca7ada8af49dc","name":"ZEITmagazin","image":{"@type":"ImageObject","inLanguage":"de","@id":"https:\/\/blog.zeit.de\/zeitmagazin\/#\/schema\/person\/image\/","url":"https:\/\/secure.gravatar.com\/avatar\/395ae643797af45a6adeb82c72ce6e2664e91838c8fa626029a0f6bad7394dde?s=96&d=mm&r=g","contentUrl":"https:\/\/secure.gravatar.com\/avatar\/395ae643797af45a6adeb82c72ce6e2664e91838c8fa626029a0f6bad7394dde?s=96&d=mm&r=g","caption":"ZEITmagazin"},"url":"https:\/\/blog.zeit.de\/zeitmagazin\/author\/katrin-dose\/"}]}},"jetpack_featured_media_url":"https:\/\/blog.zeit.de\/zeitmagazin\/files\/2013\/01\/2.jpg","jetpack_sharing_enabled":true,"_links":{"self":[{"href":"https:\/\/blog.zeit.de\/zeitmagazin\/wp-json\/wp\/v2\/posts\/14461","targetHints":{"allow":["GET"]}}],"collection":[{"href":"https:\/\/blog.zeit.de\/zeitmagazin\/wp-json\/wp\/v2\/posts"}],"about":[{"href":"https:\/\/blog.zeit.de\/zeitmagazin\/wp-json\/wp\/v2\/types\/post"}],"author":[{"embeddable":true,"href":"https:\/\/blog.zeit.de\/zeitmagazin\/wp-json\/wp\/v2\/users\/303"}],"replies":[{"embeddable":true,"href":"https:\/\/blog.zeit.de\/zeitmagazin\/wp-json\/wp\/v2\/comments?post=14461"}],"version-history":[{"count":29,"href":"https:\/\/blog.zeit.de\/zeitmagazin\/wp-json\/wp\/v2\/posts\/14461\/revisions"}],"predecessor-version":[{"id":14476,"href":"https:\/\/blog.zeit.de\/zeitmagazin\/wp-json\/wp\/v2\/posts\/14461\/revisions\/14476"}],"wp:featuredmedia":[{"embeddable":true,"href":"https:\/\/blog.zeit.de\/zeitmagazin\/wp-json\/wp\/v2\/media\/14425"}],"wp:attachment":[{"href":"https:\/\/blog.zeit.de\/zeitmagazin\/wp-json\/wp\/v2\/media?parent=14461"}],"wp:term":[{"taxonomy":"category","embeddable":true,"href":"https:\/\/blog.zeit.de\/zeitmagazin\/wp-json\/wp\/v2\/categories?post=14461"},{"taxonomy":"post_tag","embeddable":true,"href":"https:\/\/blog.zeit.de\/zeitmagazin\/wp-json\/wp\/v2\/tags?post=14461"}],"curies":[{"name":"wp","href":"https:\/\/api.w.org\/{rel}","templated":true}]}}