{"id":1494,"date":"2010-11-25T09:00:38","date_gmt":"2010-11-25T07:00:38","guid":{"rendered":"http:\/\/blog.zeit.de\/zeitmagazin\/?p=1494"},"modified":"2010-11-24T18:35:00","modified_gmt":"2010-11-24T16:35:00","slug":"shadow-play","status":"publish","type":"post","link":"https:\/\/blog.zeit.de\/zeitmagazin\/2010\/11\/25\/shadow-play\/","title":{"rendered":"Shadow-Play"},"content":{"rendered":"<p>\u00a0<\/p>\n<p><figure id=\"attachment_1495\" aria-describedby=\"caption-attachment-1495\" style=\"width: 540px\" class=\"wp-caption aligncenter\"><img loading=\"lazy\" decoding=\"async\" class=\"size-large wp-image-1495\" title=\"Projection of Shadowplay by German artist Hans-Peter Feldmann\" src=\"https:\/\/blog.zeit.de\/zeitmagazin\/files\/2010\/11\/PinakothekFeldmann_8676lv-540x354.jpg\" alt=\"\" width=\"540\" height=\"354\" \/><figcaption id=\"caption-attachment-1495\" class=\"wp-caption-text\">(c) ALEX FELDMANN \/ LOUIS VUITTON<\/figcaption><\/figure><\/p>\n<p>\u00a0<\/p>\n<p><figure id=\"attachment_1496\" aria-describedby=\"caption-attachment-1496\" style=\"width: 540px\" class=\"wp-caption aligncenter\"><img loading=\"lazy\" decoding=\"async\" class=\"size-large wp-image-1496\" title=\"projection of Shadowplay at Dienerstrasse Munich, the live work can be seen at Pinakothek der Moderne, Munich, Germany\" src=\"https:\/\/blog.zeit.de\/zeitmagazin\/files\/2010\/11\/Copyrights-Louis-Vuitton-Alexander-Feldmann1-540x408.jpg\" alt=\"\" width=\"540\" height=\"408\" \/><figcaption id=\"caption-attachment-1496\" class=\"wp-caption-text\">(c) ALEX FELDMANN \/ LOUIS VUITTON<\/figcaption><\/figure><\/p>\n<p>\u00a0<\/p>\n<p>Die Kunst von Hans Peter Feldmann, <a href=\"http:\/\/www.zeit.de\/2010\/44\/Fotograf-Feldmann\" target=\"_blank\">der im ZEITmagazin vor kurzem<\/a> einen Bilderzyklus \u00fcber einen Jugendclub in D\u00fcsseldorf-Garath ver\u00f6ffentlicht hat, ist derzeit in M\u00fcnchen \u00f6ffentlich zu bewundern. Bis Anfang Januar ist jeden Abend am Palais an der Oper, inmitten der M\u00fcnchner\u00a0Innenstadt, eine Lichtprojektion seiner Kunstinstallation &#8222;Das Schattenspiel&#8220; zu sehen \u2013 projiziert auf den Bauzaun <a href=\"http:\/\/www.louisvuitton.com\/de\/flash\/index.jsp?direct1=home_entry_de\" target=\"_blank\">der Louis-Vuitton-Boutique<\/a>, die gerade umgebaut wird. Wer das Pech hat, gerade\u00a0nicht in der M\u00fcnchner Innenstadt zu stehen, <a href=\"http:\/\/www.moviemaniacs.de\/zeit\/Schattenspiel_Video1_MP4.mp4\" target=\"_blank\">kann den Film auch hier\u00a0sehen<\/a><\/p>\n","protected":false},"excerpt":{"rendered":"<p>\u00a0 \u00a0 \u00a0 Die Kunst von Hans Peter Feldmann, der im ZEITmagazin vor kurzem einen Bilderzyklus \u00fcber einen Jugendclub in D\u00fcsseldorf-Garath ver\u00f6ffentlicht hat, ist derzeit in M\u00fcnchen \u00f6ffentlich zu bewundern. Bis Anfang Januar ist jeden Abend am Palais an der Oper, inmitten der M\u00fcnchner\u00a0Innenstadt, eine Lichtprojektion seiner Kunstinstallation &#8222;Das Schattenspiel&#8220; zu sehen \u2013 projiziert auf [&hellip;]<\/p>\n","protected":false},"author":303,"featured_media":0,"comment_status":"open","ping_status":"open","sticky":false,"template":"","format":"standard","meta":{"_jetpack_memberships_contains_paid_content":false,"footnotes":""},"categories":[401,1692],"tags":[],"class_list":["post-1494","post","type-post","status-publish","format-standard","hentry","category-kunst","category-mode"],"yoast_head":"<!-- This site is optimized with the Yoast SEO plugin v21.0 - https:\/\/yoast.com\/wordpress\/plugins\/seo\/ -->\n<title>Shadow-Play - Heiter bis gl\u00fccklich<\/title>\n<meta name=\"robots\" content=\"index, follow, max-snippet:-1, max-image-preview:large, max-video-preview:-1\" \/>\n<link rel=\"canonical\" href=\"https:\/\/blog.zeit.de\/zeitmagazin\/2010\/11\/25\/shadow-play\/\" \/>\n<meta property=\"og:locale\" content=\"de_DE\" \/>\n<meta property=\"og:type\" content=\"article\" \/>\n<meta property=\"og:title\" content=\"Shadow-Play - Heiter bis gl\u00fccklich\" \/>\n<meta property=\"og:description\" content=\"\u00a0 \u00a0 \u00a0 Die Kunst von Hans Peter Feldmann, der im ZEITmagazin vor kurzem einen Bilderzyklus \u00fcber einen Jugendclub in D\u00fcsseldorf-Garath ver\u00f6ffentlicht hat, ist derzeit in M\u00fcnchen \u00f6ffentlich zu bewundern. Bis Anfang Januar ist jeden Abend am Palais an der Oper, inmitten der M\u00fcnchner\u00a0Innenstadt, eine Lichtprojektion seiner Kunstinstallation &#8222;Das Schattenspiel&#8220; zu sehen \u2013 projiziert auf [&hellip;]\" \/>\n<meta property=\"og:url\" content=\"https:\/\/blog.zeit.de\/zeitmagazin\/2010\/11\/25\/shadow-play\/\" \/>\n<meta property=\"og:site_name\" content=\"Heiter bis gl\u00fccklich\" \/>\n<meta property=\"article:published_time\" content=\"2010-11-25T07:00:38+00:00\" \/>\n<meta property=\"article:modified_time\" content=\"2010-11-24T16:35:00+00:00\" \/>\n<meta property=\"og:image\" content=\"https:\/\/blog.zeit.de\/zeitmagazin\/files\/2010\/11\/PinakothekFeldmann_8676lv-540x354.jpg\" \/>\n<meta name=\"author\" content=\"ZEITmagazin\" \/>\n<meta name=\"twitter:card\" content=\"summary_large_image\" \/>\n<meta name=\"twitter:label1\" content=\"Geschrieben von\" \/>\n\t<meta name=\"twitter:data1\" content=\"ZEITmagazin\" \/>\n\t<meta name=\"twitter:label2\" content=\"Gesch\u00e4tzte Lesezeit\" \/>\n\t<meta name=\"twitter:data2\" content=\"1\u00a0Minute\" \/>\n<script type=\"application\/ld+json\" class=\"yoast-schema-graph\">{\"@context\":\"https:\/\/schema.org\",\"@graph\":[{\"@type\":\"WebPage\",\"@id\":\"https:\/\/blog.zeit.de\/zeitmagazin\/2010\/11\/25\/shadow-play\/\",\"url\":\"https:\/\/blog.zeit.de\/zeitmagazin\/2010\/11\/25\/shadow-play\/\",\"name\":\"Shadow-Play - Heiter bis gl\u00fccklich\",\"isPartOf\":{\"@id\":\"https:\/\/blog.zeit.de\/zeitmagazin\/#website\"},\"datePublished\":\"2010-11-25T07:00:38+00:00\",\"dateModified\":\"2010-11-24T16:35:00+00:00\",\"author\":{\"@id\":\"https:\/\/blog.zeit.de\/zeitmagazin\/#\/schema\/person\/e529ff83538f7de57b4ca7ada8af49dc\"},\"breadcrumb\":{\"@id\":\"https:\/\/blog.zeit.de\/zeitmagazin\/2010\/11\/25\/shadow-play\/#breadcrumb\"},\"inLanguage\":\"de\",\"potentialAction\":[{\"@type\":\"ReadAction\",\"target\":[\"https:\/\/blog.zeit.de\/zeitmagazin\/2010\/11\/25\/shadow-play\/\"]}]},{\"@type\":\"BreadcrumbList\",\"@id\":\"https:\/\/blog.zeit.de\/zeitmagazin\/2010\/11\/25\/shadow-play\/#breadcrumb\",\"itemListElement\":[{\"@type\":\"ListItem\",\"position\":1,\"name\":\"Startseite\",\"item\":\"https:\/\/blog.zeit.de\/zeitmagazin\/\"},{\"@type\":\"ListItem\",\"position\":2,\"name\":\"Shadow-Play\"}]},{\"@type\":\"WebSite\",\"@id\":\"https:\/\/blog.zeit.de\/zeitmagazin\/#website\",\"url\":\"https:\/\/blog.zeit.de\/zeitmagazin\/\",\"name\":\"Heiter bis gl\u00fccklich\",\"description\":\"Das ZEITmagazin-Blog\",\"potentialAction\":[{\"@type\":\"SearchAction\",\"target\":{\"@type\":\"EntryPoint\",\"urlTemplate\":\"https:\/\/blog.zeit.de\/zeitmagazin\/?s={search_term_string}\"},\"query-input\":\"required name=search_term_string\"}],\"inLanguage\":\"de\"},{\"@type\":\"Person\",\"@id\":\"https:\/\/blog.zeit.de\/zeitmagazin\/#\/schema\/person\/e529ff83538f7de57b4ca7ada8af49dc\",\"name\":\"ZEITmagazin\",\"image\":{\"@type\":\"ImageObject\",\"inLanguage\":\"de\",\"@id\":\"https:\/\/blog.zeit.de\/zeitmagazin\/#\/schema\/person\/image\/\",\"url\":\"https:\/\/secure.gravatar.com\/avatar\/395ae643797af45a6adeb82c72ce6e2664e91838c8fa626029a0f6bad7394dde?s=96&d=mm&r=g\",\"contentUrl\":\"https:\/\/secure.gravatar.com\/avatar\/395ae643797af45a6adeb82c72ce6e2664e91838c8fa626029a0f6bad7394dde?s=96&d=mm&r=g\",\"caption\":\"ZEITmagazin\"},\"url\":\"https:\/\/blog.zeit.de\/zeitmagazin\/author\/katrin-dose\/\"}]}<\/script>\n<!-- \/ Yoast SEO plugin. -->","yoast_head_json":{"title":"Shadow-Play - Heiter bis gl\u00fccklich","robots":{"index":"index","follow":"follow","max-snippet":"max-snippet:-1","max-image-preview":"max-image-preview:large","max-video-preview":"max-video-preview:-1"},"canonical":"https:\/\/blog.zeit.de\/zeitmagazin\/2010\/11\/25\/shadow-play\/","og_locale":"de_DE","og_type":"article","og_title":"Shadow-Play - Heiter bis gl\u00fccklich","og_description":"\u00a0 \u00a0 \u00a0 Die Kunst von Hans Peter Feldmann, der im ZEITmagazin vor kurzem einen Bilderzyklus \u00fcber einen Jugendclub in D\u00fcsseldorf-Garath ver\u00f6ffentlicht hat, ist derzeit in M\u00fcnchen \u00f6ffentlich zu bewundern. Bis Anfang Januar ist jeden Abend am Palais an der Oper, inmitten der M\u00fcnchner\u00a0Innenstadt, eine Lichtprojektion seiner Kunstinstallation &#8222;Das Schattenspiel&#8220; zu sehen \u2013 projiziert auf [&hellip;]","og_url":"https:\/\/blog.zeit.de\/zeitmagazin\/2010\/11\/25\/shadow-play\/","og_site_name":"Heiter bis gl\u00fccklich","article_published_time":"2010-11-25T07:00:38+00:00","article_modified_time":"2010-11-24T16:35:00+00:00","og_image":[{"url":"https:\/\/blog.zeit.de\/zeitmagazin\/files\/2010\/11\/PinakothekFeldmann_8676lv-540x354.jpg"}],"author":"ZEITmagazin","twitter_card":"summary_large_image","twitter_misc":{"Geschrieben von":"ZEITmagazin","Gesch\u00e4tzte Lesezeit":"1\u00a0Minute"},"schema":{"@context":"https:\/\/schema.org","@graph":[{"@type":"WebPage","@id":"https:\/\/blog.zeit.de\/zeitmagazin\/2010\/11\/25\/shadow-play\/","url":"https:\/\/blog.zeit.de\/zeitmagazin\/2010\/11\/25\/shadow-play\/","name":"Shadow-Play - Heiter bis gl\u00fccklich","isPartOf":{"@id":"https:\/\/blog.zeit.de\/zeitmagazin\/#website"},"datePublished":"2010-11-25T07:00:38+00:00","dateModified":"2010-11-24T16:35:00+00:00","author":{"@id":"https:\/\/blog.zeit.de\/zeitmagazin\/#\/schema\/person\/e529ff83538f7de57b4ca7ada8af49dc"},"breadcrumb":{"@id":"https:\/\/blog.zeit.de\/zeitmagazin\/2010\/11\/25\/shadow-play\/#breadcrumb"},"inLanguage":"de","potentialAction":[{"@type":"ReadAction","target":["https:\/\/blog.zeit.de\/zeitmagazin\/2010\/11\/25\/shadow-play\/"]}]},{"@type":"BreadcrumbList","@id":"https:\/\/blog.zeit.de\/zeitmagazin\/2010\/11\/25\/shadow-play\/#breadcrumb","itemListElement":[{"@type":"ListItem","position":1,"name":"Startseite","item":"https:\/\/blog.zeit.de\/zeitmagazin\/"},{"@type":"ListItem","position":2,"name":"Shadow-Play"}]},{"@type":"WebSite","@id":"https:\/\/blog.zeit.de\/zeitmagazin\/#website","url":"https:\/\/blog.zeit.de\/zeitmagazin\/","name":"Heiter bis gl\u00fccklich","description":"Das ZEITmagazin-Blog","potentialAction":[{"@type":"SearchAction","target":{"@type":"EntryPoint","urlTemplate":"https:\/\/blog.zeit.de\/zeitmagazin\/?s={search_term_string}"},"query-input":"required name=search_term_string"}],"inLanguage":"de"},{"@type":"Person","@id":"https:\/\/blog.zeit.de\/zeitmagazin\/#\/schema\/person\/e529ff83538f7de57b4ca7ada8af49dc","name":"ZEITmagazin","image":{"@type":"ImageObject","inLanguage":"de","@id":"https:\/\/blog.zeit.de\/zeitmagazin\/#\/schema\/person\/image\/","url":"https:\/\/secure.gravatar.com\/avatar\/395ae643797af45a6adeb82c72ce6e2664e91838c8fa626029a0f6bad7394dde?s=96&d=mm&r=g","contentUrl":"https:\/\/secure.gravatar.com\/avatar\/395ae643797af45a6adeb82c72ce6e2664e91838c8fa626029a0f6bad7394dde?s=96&d=mm&r=g","caption":"ZEITmagazin"},"url":"https:\/\/blog.zeit.de\/zeitmagazin\/author\/katrin-dose\/"}]}},"jetpack_featured_media_url":"","jetpack_sharing_enabled":true,"_links":{"self":[{"href":"https:\/\/blog.zeit.de\/zeitmagazin\/wp-json\/wp\/v2\/posts\/1494","targetHints":{"allow":["GET"]}}],"collection":[{"href":"https:\/\/blog.zeit.de\/zeitmagazin\/wp-json\/wp\/v2\/posts"}],"about":[{"href":"https:\/\/blog.zeit.de\/zeitmagazin\/wp-json\/wp\/v2\/types\/post"}],"author":[{"embeddable":true,"href":"https:\/\/blog.zeit.de\/zeitmagazin\/wp-json\/wp\/v2\/users\/303"}],"replies":[{"embeddable":true,"href":"https:\/\/blog.zeit.de\/zeitmagazin\/wp-json\/wp\/v2\/comments?post=1494"}],"version-history":[{"count":5,"href":"https:\/\/blog.zeit.de\/zeitmagazin\/wp-json\/wp\/v2\/posts\/1494\/revisions"}],"predecessor-version":[{"id":1508,"href":"https:\/\/blog.zeit.de\/zeitmagazin\/wp-json\/wp\/v2\/posts\/1494\/revisions\/1508"}],"wp:attachment":[{"href":"https:\/\/blog.zeit.de\/zeitmagazin\/wp-json\/wp\/v2\/media?parent=1494"}],"wp:term":[{"taxonomy":"category","embeddable":true,"href":"https:\/\/blog.zeit.de\/zeitmagazin\/wp-json\/wp\/v2\/categories?post=1494"},{"taxonomy":"post_tag","embeddable":true,"href":"https:\/\/blog.zeit.de\/zeitmagazin\/wp-json\/wp\/v2\/tags?post=1494"}],"curies":[{"name":"wp","href":"https:\/\/api.w.org\/{rel}","templated":true}]}}