{"id":14986,"date":"2013-02-22T11:46:58","date_gmt":"2013-02-22T10:46:58","guid":{"rendered":"http:\/\/blog.zeit.de\/zeitmagazin\/?p=14986"},"modified":"2026-01-16T09:16:21","modified_gmt":"2026-01-16T08:16:21","slug":"sehr-gut%e2%8e%aavery-good","status":"publish","type":"post","link":"https:\/\/blog.zeit.de\/zeitmagazin\/2013\/02\/22\/sehr-gut%e2%8e%aavery-good\/","title":{"rendered":"sehr gut\u23aavery good"},"content":{"rendered":"<p style=\"text-align: justify\">Der K\u00fcnstler <a href=\"http:\/\/www.hamburgerbahnhof.de\/exhibition.php?id=39503&amp;lang=de\">Martin Kippenberger<\/a> w\u00e4re dieses Jahr 60 Jahre alt geworden. 1997 verstarb der leidenschaftliche Exzentriker in Wien an Leberkrebs. Anfang der achtziger Jahre hat Kippenberger in Kreuzberg gelebt, mit Achim Sch\u00e4chtele das &#8222;SO 36&#8220; und mit\u00a0Gisela Capitain, seiner sp\u00e4teren Nachlassverwalterin und Galeristin, \u00a0&#8222;Kippenbergers B\u00fcro&#8220; betrieben.<\/p>\n<p style=\"text-align: justify\">Als K\u00fcnstler und Mensch war er rastlos und exzessiv, das war nicht jedem sympathisch. Einen Krankenhausaufenthalt nach einer Pr\u00fcgelei, dokumentierte er als &#8222;Dialog mit der Jugend&#8220; in einem Selbstportr\u00e4t mit bandagiertem Kopf. Er liebte es Aufsehen zu erregen und sich selbst zu inszenieren, eigentlich war er selbst sein gr\u00f6\u00dftes Kunstwerk. Zwei Tage vor seinem 60. Geburtstag startet nun die erste retrospektive Ausstellung in Berlin und l\u00e4sst einen differenzierten Blick auf den Mythos Kippenberger zu.<\/p>\n<p style=\"text-align: justify\"><em><a href=\"http:\/\/www.hamburgerbahnhof.de\/exhibition.php?id=39503&amp;lang=de\">sehr gut \u23aa very good<\/a><\/em><br \/>\n<em>23. Februar &#8211; 18. August 2013<\/em><br \/>\n<em>Hamburger Bahnhof &#8211; Museum f\u00fcr Gegenwart, Berlin<\/em><br \/>\n<em>Invalidenstra\u00dfe 50-51, 10557 Berlin<\/em><\/p>\n","protected":false},"excerpt":{"rendered":"<p>Der K\u00fcnstler Martin Kippenberger w\u00e4re dieses Jahr 60 Jahre alt geworden. 1997 verstarb der leidenschaftliche Exzentriker in Wien an Leberkrebs. Anfang der achtziger Jahre hat Kippenberger in Kreuzberg gelebt, mit Achim Sch\u00e4chtele das &#8222;SO 36&#8220; und mit\u00a0Gisela Capitain, seiner sp\u00e4teren Nachlassverwalterin und Galeristin, \u00a0&#8222;Kippenbergers B\u00fcro&#8220; betrieben. Als K\u00fcnstler und Mensch war er rastlos und exzessiv, [&hellip;]<\/p>\n","protected":false},"author":303,"featured_media":0,"comment_status":"open","ping_status":"open","sticky":false,"template":"","format":"standard","meta":{"_jetpack_memberships_contains_paid_content":false,"footnotes":""},"categories":[1,401],"tags":[26289,24834],"class_list":["post-14986","post","type-post","status-publish","format-standard","hentry","category-allgemein","category-kunst","tag-ausstellung","tag-martin-kippenberger"],"yoast_head":"<!-- This site is optimized with the Yoast SEO plugin v21.0 - https:\/\/yoast.com\/wordpress\/plugins\/seo\/ -->\n<title>sehr gut\u23aavery good - Heiter bis gl\u00fccklich<\/title>\n<meta name=\"robots\" content=\"index, follow, max-snippet:-1, max-image-preview:large, max-video-preview:-1\" \/>\n<link rel=\"canonical\" href=\"https:\/\/blog.zeit.de\/zeitmagazin\/2013\/02\/22\/sehr-gut\u23aavery-good\/\" \/>\n<meta property=\"og:locale\" content=\"de_DE\" \/>\n<meta property=\"og:type\" content=\"article\" \/>\n<meta property=\"og:title\" content=\"sehr gut\u23aavery good - Heiter bis gl\u00fccklich\" \/>\n<meta property=\"og:description\" content=\"Der K\u00fcnstler Martin Kippenberger w\u00e4re dieses Jahr 60 Jahre alt geworden. 1997 verstarb der leidenschaftliche Exzentriker in Wien an Leberkrebs. Anfang der achtziger Jahre hat Kippenberger in Kreuzberg gelebt, mit Achim Sch\u00e4chtele das &#8222;SO 36&#8220; und mit\u00a0Gisela Capitain, seiner sp\u00e4teren Nachlassverwalterin und Galeristin, \u00a0&#8222;Kippenbergers B\u00fcro&#8220; betrieben. Als K\u00fcnstler und Mensch war er rastlos und exzessiv, [&hellip;]\" \/>\n<meta property=\"og:url\" content=\"https:\/\/blog.zeit.de\/zeitmagazin\/2013\/02\/22\/sehr-gut\u23aavery-good\/\" \/>\n<meta property=\"og:site_name\" content=\"Heiter bis gl\u00fccklich\" \/>\n<meta property=\"article:published_time\" content=\"2013-02-22T10:46:58+00:00\" \/>\n<meta property=\"article:modified_time\" content=\"2026-01-16T08:16:21+00:00\" \/>\n<meta name=\"author\" content=\"ZEITmagazin\" \/>\n<meta name=\"twitter:card\" content=\"summary_large_image\" \/>\n<meta name=\"twitter:label1\" content=\"Geschrieben von\" \/>\n\t<meta name=\"twitter:data1\" content=\"ZEITmagazin\" \/>\n\t<meta name=\"twitter:label2\" content=\"Gesch\u00e4tzte Lesezeit\" \/>\n\t<meta name=\"twitter:data2\" content=\"1\u00a0Minute\" \/>\n<script type=\"application\/ld+json\" class=\"yoast-schema-graph\">{\"@context\":\"https:\/\/schema.org\",\"@graph\":[{\"@type\":\"WebPage\",\"@id\":\"https:\/\/blog.zeit.de\/zeitmagazin\/2013\/02\/22\/sehr-gut%e2%8e%aavery-good\/\",\"url\":\"https:\/\/blog.zeit.de\/zeitmagazin\/2013\/02\/22\/sehr-gut%e2%8e%aavery-good\/\",\"name\":\"sehr gut\u23aavery good - Heiter bis gl\u00fccklich\",\"isPartOf\":{\"@id\":\"https:\/\/blog.zeit.de\/zeitmagazin\/#website\"},\"datePublished\":\"2013-02-22T10:46:58+00:00\",\"dateModified\":\"2026-01-16T08:16:21+00:00\",\"author\":{\"@id\":\"https:\/\/blog.zeit.de\/zeitmagazin\/#\/schema\/person\/e529ff83538f7de57b4ca7ada8af49dc\"},\"breadcrumb\":{\"@id\":\"https:\/\/blog.zeit.de\/zeitmagazin\/2013\/02\/22\/sehr-gut%e2%8e%aavery-good\/#breadcrumb\"},\"inLanguage\":\"de\",\"potentialAction\":[{\"@type\":\"ReadAction\",\"target\":[\"https:\/\/blog.zeit.de\/zeitmagazin\/2013\/02\/22\/sehr-gut%e2%8e%aavery-good\/\"]}]},{\"@type\":\"BreadcrumbList\",\"@id\":\"https:\/\/blog.zeit.de\/zeitmagazin\/2013\/02\/22\/sehr-gut%e2%8e%aavery-good\/#breadcrumb\",\"itemListElement\":[{\"@type\":\"ListItem\",\"position\":1,\"name\":\"Startseite\",\"item\":\"https:\/\/blog.zeit.de\/zeitmagazin\/\"},{\"@type\":\"ListItem\",\"position\":2,\"name\":\"sehr gut\u23aavery good\"}]},{\"@type\":\"WebSite\",\"@id\":\"https:\/\/blog.zeit.de\/zeitmagazin\/#website\",\"url\":\"https:\/\/blog.zeit.de\/zeitmagazin\/\",\"name\":\"Heiter bis gl\u00fccklich\",\"description\":\"Das ZEITmagazin-Blog\",\"potentialAction\":[{\"@type\":\"SearchAction\",\"target\":{\"@type\":\"EntryPoint\",\"urlTemplate\":\"https:\/\/blog.zeit.de\/zeitmagazin\/?s={search_term_string}\"},\"query-input\":\"required name=search_term_string\"}],\"inLanguage\":\"de\"},{\"@type\":\"Person\",\"@id\":\"https:\/\/blog.zeit.de\/zeitmagazin\/#\/schema\/person\/e529ff83538f7de57b4ca7ada8af49dc\",\"name\":\"ZEITmagazin\",\"image\":{\"@type\":\"ImageObject\",\"inLanguage\":\"de\",\"@id\":\"https:\/\/blog.zeit.de\/zeitmagazin\/#\/schema\/person\/image\/\",\"url\":\"https:\/\/secure.gravatar.com\/avatar\/395ae643797af45a6adeb82c72ce6e2664e91838c8fa626029a0f6bad7394dde?s=96&d=mm&r=g\",\"contentUrl\":\"https:\/\/secure.gravatar.com\/avatar\/395ae643797af45a6adeb82c72ce6e2664e91838c8fa626029a0f6bad7394dde?s=96&d=mm&r=g\",\"caption\":\"ZEITmagazin\"},\"url\":\"https:\/\/blog.zeit.de\/zeitmagazin\/author\/katrin-dose\/\"}]}<\/script>\n<!-- \/ Yoast SEO plugin. -->","yoast_head_json":{"title":"sehr gut\u23aavery good - Heiter bis gl\u00fccklich","robots":{"index":"index","follow":"follow","max-snippet":"max-snippet:-1","max-image-preview":"max-image-preview:large","max-video-preview":"max-video-preview:-1"},"canonical":"https:\/\/blog.zeit.de\/zeitmagazin\/2013\/02\/22\/sehr-gut\u23aavery-good\/","og_locale":"de_DE","og_type":"article","og_title":"sehr gut\u23aavery good - Heiter bis gl\u00fccklich","og_description":"Der K\u00fcnstler Martin Kippenberger w\u00e4re dieses Jahr 60 Jahre alt geworden. 1997 verstarb der leidenschaftliche Exzentriker in Wien an Leberkrebs. Anfang der achtziger Jahre hat Kippenberger in Kreuzberg gelebt, mit Achim Sch\u00e4chtele das &#8222;SO 36&#8220; und mit\u00a0Gisela Capitain, seiner sp\u00e4teren Nachlassverwalterin und Galeristin, \u00a0&#8222;Kippenbergers B\u00fcro&#8220; betrieben. Als K\u00fcnstler und Mensch war er rastlos und exzessiv, [&hellip;]","og_url":"https:\/\/blog.zeit.de\/zeitmagazin\/2013\/02\/22\/sehr-gut\u23aavery-good\/","og_site_name":"Heiter bis gl\u00fccklich","article_published_time":"2013-02-22T10:46:58+00:00","article_modified_time":"2026-01-16T08:16:21+00:00","author":"ZEITmagazin","twitter_card":"summary_large_image","twitter_misc":{"Geschrieben von":"ZEITmagazin","Gesch\u00e4tzte Lesezeit":"1\u00a0Minute"},"schema":{"@context":"https:\/\/schema.org","@graph":[{"@type":"WebPage","@id":"https:\/\/blog.zeit.de\/zeitmagazin\/2013\/02\/22\/sehr-gut%e2%8e%aavery-good\/","url":"https:\/\/blog.zeit.de\/zeitmagazin\/2013\/02\/22\/sehr-gut%e2%8e%aavery-good\/","name":"sehr gut\u23aavery good - Heiter bis gl\u00fccklich","isPartOf":{"@id":"https:\/\/blog.zeit.de\/zeitmagazin\/#website"},"datePublished":"2013-02-22T10:46:58+00:00","dateModified":"2026-01-16T08:16:21+00:00","author":{"@id":"https:\/\/blog.zeit.de\/zeitmagazin\/#\/schema\/person\/e529ff83538f7de57b4ca7ada8af49dc"},"breadcrumb":{"@id":"https:\/\/blog.zeit.de\/zeitmagazin\/2013\/02\/22\/sehr-gut%e2%8e%aavery-good\/#breadcrumb"},"inLanguage":"de","potentialAction":[{"@type":"ReadAction","target":["https:\/\/blog.zeit.de\/zeitmagazin\/2013\/02\/22\/sehr-gut%e2%8e%aavery-good\/"]}]},{"@type":"BreadcrumbList","@id":"https:\/\/blog.zeit.de\/zeitmagazin\/2013\/02\/22\/sehr-gut%e2%8e%aavery-good\/#breadcrumb","itemListElement":[{"@type":"ListItem","position":1,"name":"Startseite","item":"https:\/\/blog.zeit.de\/zeitmagazin\/"},{"@type":"ListItem","position":2,"name":"sehr gut\u23aavery good"}]},{"@type":"WebSite","@id":"https:\/\/blog.zeit.de\/zeitmagazin\/#website","url":"https:\/\/blog.zeit.de\/zeitmagazin\/","name":"Heiter bis gl\u00fccklich","description":"Das ZEITmagazin-Blog","potentialAction":[{"@type":"SearchAction","target":{"@type":"EntryPoint","urlTemplate":"https:\/\/blog.zeit.de\/zeitmagazin\/?s={search_term_string}"},"query-input":"required name=search_term_string"}],"inLanguage":"de"},{"@type":"Person","@id":"https:\/\/blog.zeit.de\/zeitmagazin\/#\/schema\/person\/e529ff83538f7de57b4ca7ada8af49dc","name":"ZEITmagazin","image":{"@type":"ImageObject","inLanguage":"de","@id":"https:\/\/blog.zeit.de\/zeitmagazin\/#\/schema\/person\/image\/","url":"https:\/\/secure.gravatar.com\/avatar\/395ae643797af45a6adeb82c72ce6e2664e91838c8fa626029a0f6bad7394dde?s=96&d=mm&r=g","contentUrl":"https:\/\/secure.gravatar.com\/avatar\/395ae643797af45a6adeb82c72ce6e2664e91838c8fa626029a0f6bad7394dde?s=96&d=mm&r=g","caption":"ZEITmagazin"},"url":"https:\/\/blog.zeit.de\/zeitmagazin\/author\/katrin-dose\/"}]}},"jetpack_featured_media_url":"","jetpack_sharing_enabled":true,"_links":{"self":[{"href":"https:\/\/blog.zeit.de\/zeitmagazin\/wp-json\/wp\/v2\/posts\/14986","targetHints":{"allow":["GET"]}}],"collection":[{"href":"https:\/\/blog.zeit.de\/zeitmagazin\/wp-json\/wp\/v2\/posts"}],"about":[{"href":"https:\/\/blog.zeit.de\/zeitmagazin\/wp-json\/wp\/v2\/types\/post"}],"author":[{"embeddable":true,"href":"https:\/\/blog.zeit.de\/zeitmagazin\/wp-json\/wp\/v2\/users\/303"}],"replies":[{"embeddable":true,"href":"https:\/\/blog.zeit.de\/zeitmagazin\/wp-json\/wp\/v2\/comments?post=14986"}],"version-history":[{"count":5,"href":"https:\/\/blog.zeit.de\/zeitmagazin\/wp-json\/wp\/v2\/posts\/14986\/revisions"}],"predecessor-version":[{"id":27161,"href":"https:\/\/blog.zeit.de\/zeitmagazin\/wp-json\/wp\/v2\/posts\/14986\/revisions\/27161"}],"wp:attachment":[{"href":"https:\/\/blog.zeit.de\/zeitmagazin\/wp-json\/wp\/v2\/media?parent=14986"}],"wp:term":[{"taxonomy":"category","embeddable":true,"href":"https:\/\/blog.zeit.de\/zeitmagazin\/wp-json\/wp\/v2\/categories?post=14986"},{"taxonomy":"post_tag","embeddable":true,"href":"https:\/\/blog.zeit.de\/zeitmagazin\/wp-json\/wp\/v2\/tags?post=14986"}],"curies":[{"name":"wp","href":"https:\/\/api.w.org\/{rel}","templated":true}]}}