{"id":14990,"date":"2013-02-19T12:00:24","date_gmt":"2013-02-19T11:00:24","guid":{"rendered":"http:\/\/blog.zeit.de\/zeitmagazin\/?p=14990"},"modified":"2013-02-19T12:39:57","modified_gmt":"2013-02-19T11:39:57","slug":"14990","status":"publish","type":"post","link":"https:\/\/blog.zeit.de\/zeitmagazin\/2013\/02\/19\/14990\/","title":{"rendered":"Berliner Souvenirs"},"content":{"rendered":"<p><img loading=\"lazy\" decoding=\"async\" class=\"aligncenter size-large wp-image-15013\" alt=\"521854_416430318442815_1212240977_n\" src=\"https:\/\/blog.zeit.de\/zeitmagazin\/files\/2013\/02\/521854_416430318442815_1212240977_n-540x564.jpg\" width=\"540\" height=\"564\" srcset=\"https:\/\/blog.zeit.de\/zeitmagazin\/files\/2013\/02\/521854_416430318442815_1212240977_n-540x564.jpg 540w, https:\/\/blog.zeit.de\/zeitmagazin\/files\/2013\/02\/521854_416430318442815_1212240977_n-80x84.jpg 80w, https:\/\/blog.zeit.de\/zeitmagazin\/files\/2013\/02\/521854_416430318442815_1212240977_n-220x230.jpg 220w, https:\/\/blog.zeit.de\/zeitmagazin\/files\/2013\/02\/521854_416430318442815_1212240977_n.jpg 918w\" sizes=\"auto, (max-width: 540px) 100vw, 540px\" \/><\/p>\n<p><img loading=\"lazy\" decoding=\"async\" class=\"aligncenter size-large wp-image-14991\" alt=\"ATT00002\" src=\"https:\/\/blog.zeit.de\/zeitmagazin\/files\/2013\/02\/ATT00002-540x809.jpg\" width=\"540\" height=\"809\" srcset=\"https:\/\/blog.zeit.de\/zeitmagazin\/files\/2013\/02\/ATT00002-540x809.jpg 540w, https:\/\/blog.zeit.de\/zeitmagazin\/files\/2013\/02\/ATT00002-56x84.jpg 56w, https:\/\/blog.zeit.de\/zeitmagazin\/files\/2013\/02\/ATT00002-220x330.jpg 220w\" sizes=\"auto, (max-width: 540px) 100vw, 540px\" \/><\/p>\n<p style=\"text-align: justify;\">Der Berliner B\u00e4r bekommt Gesellschaft. Denn seit gestern wird ein neues Souvenir f\u00fcr die Stadt gesucht.\u00a0Im Rahmen des Design-Souvenir-Awards der <a href=\"http:\/\/www.sei.berlin.de\/designwettbewerb\" target=\"_blank\">&#8222;be Berlin&#8220;<\/a>-Initiative haben Designer noch bis Herbst dieses Jahres die Chance, ihre Entw\u00fcrfe f\u00fcr ein neues Reiseandenken f\u00fcr die Hauptstadt, einzureichen. Die Jury, die unter Schirmherrschaft des Berliner Modedesigners Michael Michalsky steht, unterst\u00fctzt den Gewinner mit 5.000 Euro. Den Entwurf, aber auch alle anderen Ideen, werden ab September 2013 in einer Ausstellung im Bikini-Haus zu sehen sein.<\/p>\n<p style=\"text-align: justify;\">(c)\u00a0Christian Kielmann\/Berlin Partner<\/p>\n","protected":false},"excerpt":{"rendered":"<p>Der Berliner B\u00e4r bekommt Gesellschaft. Denn seit gestern wird ein neues Souvenir f\u00fcr die Stadt gesucht.\u00a0Im Rahmen des Design-Souvenir-Awards der &#8222;be Berlin&#8220;-Initiative haben Designer noch bis Herbst dieses Jahres die Chance, ihre Entw\u00fcrfe f\u00fcr ein neues Reiseandenken f\u00fcr die Hauptstadt, einzureichen. Die Jury, die unter Schirmherrschaft des Berliner Modedesigners Michael Michalsky steht, unterst\u00fctzt den Gewinner [&hellip;]<\/p>\n","protected":false},"author":303,"featured_media":0,"comment_status":"open","ping_status":"open","sticky":false,"template":"","format":"standard","meta":{"_jetpack_memberships_contains_paid_content":false,"footnotes":""},"categories":[1],"tags":[],"class_list":["post-14990","post","type-post","status-publish","format-standard","hentry","category-allgemein"],"yoast_head":"<!-- This site is optimized with the Yoast SEO plugin v21.0 - https:\/\/yoast.com\/wordpress\/plugins\/seo\/ -->\n<title>Berliner Souvenirs - Heiter bis gl\u00fccklich<\/title>\n<meta name=\"robots\" content=\"index, follow, max-snippet:-1, max-image-preview:large, max-video-preview:-1\" \/>\n<link rel=\"canonical\" href=\"https:\/\/blog.zeit.de\/zeitmagazin\/2013\/02\/19\/14990\/\" \/>\n<meta property=\"og:locale\" content=\"de_DE\" \/>\n<meta property=\"og:type\" content=\"article\" \/>\n<meta property=\"og:title\" content=\"Berliner Souvenirs - Heiter bis gl\u00fccklich\" \/>\n<meta property=\"og:description\" content=\"Der Berliner B\u00e4r bekommt Gesellschaft. Denn seit gestern wird ein neues Souvenir f\u00fcr die Stadt gesucht.\u00a0Im Rahmen des Design-Souvenir-Awards der &#8222;be Berlin&#8220;-Initiative haben Designer noch bis Herbst dieses Jahres die Chance, ihre Entw\u00fcrfe f\u00fcr ein neues Reiseandenken f\u00fcr die Hauptstadt, einzureichen. Die Jury, die unter Schirmherrschaft des Berliner Modedesigners Michael Michalsky steht, unterst\u00fctzt den Gewinner [&hellip;]\" \/>\n<meta property=\"og:url\" content=\"https:\/\/blog.zeit.de\/zeitmagazin\/2013\/02\/19\/14990\/\" \/>\n<meta property=\"og:site_name\" content=\"Heiter bis gl\u00fccklich\" \/>\n<meta property=\"article:published_time\" content=\"2013-02-19T11:00:24+00:00\" \/>\n<meta property=\"article:modified_time\" content=\"2013-02-19T11:39:57+00:00\" \/>\n<meta property=\"og:image\" content=\"https:\/\/blog.zeit.de\/zeitmagazin\/files\/2013\/02\/521854_416430318442815_1212240977_n-540x564.jpg\" \/>\n<meta name=\"author\" content=\"ZEITmagazin\" \/>\n<meta name=\"twitter:card\" content=\"summary_large_image\" \/>\n<meta name=\"twitter:label1\" content=\"Geschrieben von\" \/>\n\t<meta name=\"twitter:data1\" content=\"ZEITmagazin\" \/>\n<script type=\"application\/ld+json\" class=\"yoast-schema-graph\">{\"@context\":\"https:\/\/schema.org\",\"@graph\":[{\"@type\":\"WebPage\",\"@id\":\"https:\/\/blog.zeit.de\/zeitmagazin\/2013\/02\/19\/14990\/\",\"url\":\"https:\/\/blog.zeit.de\/zeitmagazin\/2013\/02\/19\/14990\/\",\"name\":\"Berliner Souvenirs - Heiter bis gl\u00fccklich\",\"isPartOf\":{\"@id\":\"https:\/\/blog.zeit.de\/zeitmagazin\/#website\"},\"datePublished\":\"2013-02-19T11:00:24+00:00\",\"dateModified\":\"2013-02-19T11:39:57+00:00\",\"author\":{\"@id\":\"https:\/\/blog.zeit.de\/zeitmagazin\/#\/schema\/person\/e529ff83538f7de57b4ca7ada8af49dc\"},\"breadcrumb\":{\"@id\":\"https:\/\/blog.zeit.de\/zeitmagazin\/2013\/02\/19\/14990\/#breadcrumb\"},\"inLanguage\":\"de\",\"potentialAction\":[{\"@type\":\"ReadAction\",\"target\":[\"https:\/\/blog.zeit.de\/zeitmagazin\/2013\/02\/19\/14990\/\"]}]},{\"@type\":\"BreadcrumbList\",\"@id\":\"https:\/\/blog.zeit.de\/zeitmagazin\/2013\/02\/19\/14990\/#breadcrumb\",\"itemListElement\":[{\"@type\":\"ListItem\",\"position\":1,\"name\":\"Startseite\",\"item\":\"https:\/\/blog.zeit.de\/zeitmagazin\/\"},{\"@type\":\"ListItem\",\"position\":2,\"name\":\"Berliner Souvenirs\"}]},{\"@type\":\"WebSite\",\"@id\":\"https:\/\/blog.zeit.de\/zeitmagazin\/#website\",\"url\":\"https:\/\/blog.zeit.de\/zeitmagazin\/\",\"name\":\"Heiter bis gl\u00fccklich\",\"description\":\"Das ZEITmagazin-Blog\",\"potentialAction\":[{\"@type\":\"SearchAction\",\"target\":{\"@type\":\"EntryPoint\",\"urlTemplate\":\"https:\/\/blog.zeit.de\/zeitmagazin\/?s={search_term_string}\"},\"query-input\":\"required name=search_term_string\"}],\"inLanguage\":\"de\"},{\"@type\":\"Person\",\"@id\":\"https:\/\/blog.zeit.de\/zeitmagazin\/#\/schema\/person\/e529ff83538f7de57b4ca7ada8af49dc\",\"name\":\"ZEITmagazin\",\"image\":{\"@type\":\"ImageObject\",\"inLanguage\":\"de\",\"@id\":\"https:\/\/blog.zeit.de\/zeitmagazin\/#\/schema\/person\/image\/\",\"url\":\"https:\/\/secure.gravatar.com\/avatar\/395ae643797af45a6adeb82c72ce6e2664e91838c8fa626029a0f6bad7394dde?s=96&d=mm&r=g\",\"contentUrl\":\"https:\/\/secure.gravatar.com\/avatar\/395ae643797af45a6adeb82c72ce6e2664e91838c8fa626029a0f6bad7394dde?s=96&d=mm&r=g\",\"caption\":\"ZEITmagazin\"},\"url\":\"https:\/\/blog.zeit.de\/zeitmagazin\/author\/katrin-dose\/\"}]}<\/script>\n<!-- \/ Yoast SEO plugin. -->","yoast_head_json":{"title":"Berliner Souvenirs - Heiter bis gl\u00fccklich","robots":{"index":"index","follow":"follow","max-snippet":"max-snippet:-1","max-image-preview":"max-image-preview:large","max-video-preview":"max-video-preview:-1"},"canonical":"https:\/\/blog.zeit.de\/zeitmagazin\/2013\/02\/19\/14990\/","og_locale":"de_DE","og_type":"article","og_title":"Berliner Souvenirs - Heiter bis gl\u00fccklich","og_description":"Der Berliner B\u00e4r bekommt Gesellschaft. Denn seit gestern wird ein neues Souvenir f\u00fcr die Stadt gesucht.\u00a0Im Rahmen des Design-Souvenir-Awards der &#8222;be Berlin&#8220;-Initiative haben Designer noch bis Herbst dieses Jahres die Chance, ihre Entw\u00fcrfe f\u00fcr ein neues Reiseandenken f\u00fcr die Hauptstadt, einzureichen. Die Jury, die unter Schirmherrschaft des Berliner Modedesigners Michael Michalsky steht, unterst\u00fctzt den Gewinner [&hellip;]","og_url":"https:\/\/blog.zeit.de\/zeitmagazin\/2013\/02\/19\/14990\/","og_site_name":"Heiter bis gl\u00fccklich","article_published_time":"2013-02-19T11:00:24+00:00","article_modified_time":"2013-02-19T11:39:57+00:00","og_image":[{"url":"https:\/\/blog.zeit.de\/zeitmagazin\/files\/2013\/02\/521854_416430318442815_1212240977_n-540x564.jpg"}],"author":"ZEITmagazin","twitter_card":"summary_large_image","twitter_misc":{"Geschrieben von":"ZEITmagazin"},"schema":{"@context":"https:\/\/schema.org","@graph":[{"@type":"WebPage","@id":"https:\/\/blog.zeit.de\/zeitmagazin\/2013\/02\/19\/14990\/","url":"https:\/\/blog.zeit.de\/zeitmagazin\/2013\/02\/19\/14990\/","name":"Berliner Souvenirs - Heiter bis gl\u00fccklich","isPartOf":{"@id":"https:\/\/blog.zeit.de\/zeitmagazin\/#website"},"datePublished":"2013-02-19T11:00:24+00:00","dateModified":"2013-02-19T11:39:57+00:00","author":{"@id":"https:\/\/blog.zeit.de\/zeitmagazin\/#\/schema\/person\/e529ff83538f7de57b4ca7ada8af49dc"},"breadcrumb":{"@id":"https:\/\/blog.zeit.de\/zeitmagazin\/2013\/02\/19\/14990\/#breadcrumb"},"inLanguage":"de","potentialAction":[{"@type":"ReadAction","target":["https:\/\/blog.zeit.de\/zeitmagazin\/2013\/02\/19\/14990\/"]}]},{"@type":"BreadcrumbList","@id":"https:\/\/blog.zeit.de\/zeitmagazin\/2013\/02\/19\/14990\/#breadcrumb","itemListElement":[{"@type":"ListItem","position":1,"name":"Startseite","item":"https:\/\/blog.zeit.de\/zeitmagazin\/"},{"@type":"ListItem","position":2,"name":"Berliner Souvenirs"}]},{"@type":"WebSite","@id":"https:\/\/blog.zeit.de\/zeitmagazin\/#website","url":"https:\/\/blog.zeit.de\/zeitmagazin\/","name":"Heiter bis gl\u00fccklich","description":"Das ZEITmagazin-Blog","potentialAction":[{"@type":"SearchAction","target":{"@type":"EntryPoint","urlTemplate":"https:\/\/blog.zeit.de\/zeitmagazin\/?s={search_term_string}"},"query-input":"required name=search_term_string"}],"inLanguage":"de"},{"@type":"Person","@id":"https:\/\/blog.zeit.de\/zeitmagazin\/#\/schema\/person\/e529ff83538f7de57b4ca7ada8af49dc","name":"ZEITmagazin","image":{"@type":"ImageObject","inLanguage":"de","@id":"https:\/\/blog.zeit.de\/zeitmagazin\/#\/schema\/person\/image\/","url":"https:\/\/secure.gravatar.com\/avatar\/395ae643797af45a6adeb82c72ce6e2664e91838c8fa626029a0f6bad7394dde?s=96&d=mm&r=g","contentUrl":"https:\/\/secure.gravatar.com\/avatar\/395ae643797af45a6adeb82c72ce6e2664e91838c8fa626029a0f6bad7394dde?s=96&d=mm&r=g","caption":"ZEITmagazin"},"url":"https:\/\/blog.zeit.de\/zeitmagazin\/author\/katrin-dose\/"}]}},"jetpack_featured_media_url":"","jetpack_sharing_enabled":true,"_links":{"self":[{"href":"https:\/\/blog.zeit.de\/zeitmagazin\/wp-json\/wp\/v2\/posts\/14990","targetHints":{"allow":["GET"]}}],"collection":[{"href":"https:\/\/blog.zeit.de\/zeitmagazin\/wp-json\/wp\/v2\/posts"}],"about":[{"href":"https:\/\/blog.zeit.de\/zeitmagazin\/wp-json\/wp\/v2\/types\/post"}],"author":[{"embeddable":true,"href":"https:\/\/blog.zeit.de\/zeitmagazin\/wp-json\/wp\/v2\/users\/303"}],"replies":[{"embeddable":true,"href":"https:\/\/blog.zeit.de\/zeitmagazin\/wp-json\/wp\/v2\/comments?post=14990"}],"version-history":[{"count":11,"href":"https:\/\/blog.zeit.de\/zeitmagazin\/wp-json\/wp\/v2\/posts\/14990\/revisions"}],"predecessor-version":[{"id":14994,"href":"https:\/\/blog.zeit.de\/zeitmagazin\/wp-json\/wp\/v2\/posts\/14990\/revisions\/14994"}],"wp:attachment":[{"href":"https:\/\/blog.zeit.de\/zeitmagazin\/wp-json\/wp\/v2\/media?parent=14990"}],"wp:term":[{"taxonomy":"category","embeddable":true,"href":"https:\/\/blog.zeit.de\/zeitmagazin\/wp-json\/wp\/v2\/categories?post=14990"},{"taxonomy":"post_tag","embeddable":true,"href":"https:\/\/blog.zeit.de\/zeitmagazin\/wp-json\/wp\/v2\/tags?post=14990"}],"curies":[{"name":"wp","href":"https:\/\/api.w.org\/{rel}","templated":true}]}}