{"id":15761,"date":"2013-04-13T07:00:23","date_gmt":"2013-04-13T05:00:23","guid":{"rendered":"http:\/\/blog.zeit.de\/zeitmagazin\/?p=15761"},"modified":"2013-04-13T07:00:29","modified_gmt":"2013-04-13T05:00:29","slug":"proust-fragebogen-fur-blogger-54","status":"publish","type":"post","link":"https:\/\/blog.zeit.de\/zeitmagazin\/2013\/04\/13\/proust-fragebogen-fur-blogger-54\/","title":{"rendered":"Proust-Fragebogen f\u00fcr Blogger (54)"},"content":{"rendered":"<p><img loading=\"lazy\" decoding=\"async\" class=\"aligncenter size-full wp-image-15834\" alt=\"Stefan Mesch - heiter bis gl\u00fccklich\" src=\"https:\/\/blog.zeit.de\/zeitmagazin\/files\/2013\/04\/Stefan-Mesch-heiter-bis-gl\u00fccklich.jpg\" width=\"540\" height=\"579\" srcset=\"https:\/\/blog.zeit.de\/zeitmagazin\/files\/2013\/04\/Stefan-Mesch-heiter-bis-gl\u00fccklich.jpg 540w, https:\/\/blog.zeit.de\/zeitmagazin\/files\/2013\/04\/Stefan-Mesch-heiter-bis-gl\u00fccklich-78x84.jpg 78w, https:\/\/blog.zeit.de\/zeitmagazin\/files\/2013\/04\/Stefan-Mesch-heiter-bis-gl\u00fccklich-220x235.jpg 220w\" sizes=\"auto, (max-width: 540px) 100vw, 540px\" \/><\/p>\n<p style=\"text-align: justify\"><span class=\"Apple-style-span\" style=\"font-family: 'Times New Roman', serif\">Einem Schriftsteller ins Gehirn sehen und mitverfolgen, wie er die Erz\u00e4hlf\u00e4den eines Romans spinnt, das w\u00fcnschen sich viele. Auf <a href=\"http:\/\/stefanmesch.wordpress.com\/\">stefanmeschwordpress.com<\/a> kann man das: Stefan Mesch, freier Autor und Buchkritiker gibt Einblicke in den Entstehungsprozess und die Einfl\u00fcsse seines ersten Romans. Auch sonst ist sein Blog so etwas wie sein erweitertes Notizbuch: hier werden Inspirationen und Arbeitsschritte offen gelegt, Gedanken zu aktuellen Themen fixiert und debattiert. Seine Themenbeitr\u00e4ge und Verlinkungen sollen aber nicht nur Literatur- und Kulturgeeks ansprechen sondern auch Leser, die Online-Portal-Kundenbewertungen misstrauen. Stefan Mensch liest bis zu 200 B\u00fccher im Jahr und kommentiert und bespricht sie ausf\u00fchrlich und unterhaltsam. Beim Beantworten der Proustschen Fragen hat er gleich wieder lauter Links gesetzt. Welchen Blog man unbedingt lesen muss. Welche B\u00fccher man nicht lesen sollte. Etc. Usw. Usf. Aber lesen Sie selbst.<\/span><\/p>\n<p style=\"text-align: justify\"><span class=\"Apple-style-span\" style=\"font-family: 'Times New Roman', serif\"><b>Was ist f\u00fcr Sie der vollkommene Blog?<\/b><\/span><\/p>\n<p style=\"text-align: justify\" align=\"JUSTIFY\"><span class=\"Apple-style-span\" style=\"font-family: 'Times New Roman', serif\"><span class=\"Apple-style-span\" style=\"font-family: 'Times New Roman', serif\">F\u00fcr mich w\u00e4re der perfekte Blog: Eine Auflistung aller Filme, die ich nicht sehen muss, aller B\u00fccher, die ich nicht lesen muss, Produkte, die sich nicht lohnen, Fragen, die sich nicht stellen, Sorgen, die zu nichts f\u00fchren: Anti-Empfehlungen, aufgelistet von einer Gruppe kluger Menschen. <\/span><\/span><\/p>\n<p style=\"text-align: justify\"><span class=\"Apple-style-span\" style=\"font-family: 'Times New Roman', serif\"><span class=\"Apple-style-span\" style=\"font-family: 'Times New Roman', serif\"><b>Mit welchem Blogger identifizieren Sie sich am meisten?<br \/>\n<\/b><\/span><\/span><\/p>\n<p style=\"text-align: justify\"><span class=\"Apple-style-span\" style=\"font-family: 'Times New Roman', serif\"><span class=\"Apple-style-span\" style=\"font-family: 'Times New Roman', serif\">Zum Beispiel mit <a href=\"http:\/\/stefanmesch.wordpress.com\/2011\/06\/22\/heucheleien-journalismus-propaganda-best-of-stefan-niggemeier-20102011\/\">Stefan Niggemeier<\/a>, <\/span><\/span><span class=\"Apple-style-span\" style=\"font-family: 'Times New Roman', serif\"><span class=\"Apple-style-span\" style=\"font-family: 'Times New Roman', serif\">zehn Jahre weiter als ich \u2013 aber mit \u00e4hnlichen Priorit\u00e4ten, Themen, Lebensfragen. Oder mit <\/span><\/span><span class=\"Apple-style-span\" style=\"font-family: 'Times New Roman', serif\"><span class=\"Apple-style-span\" style=\"font-family: 'Times New Roman', serif\"><a href=\"http:\/\/lifehacker.com\/5954275\/im-mark-frauenfelder-editor+in+chief-of-make-magazine-and-this-is-how-i-work\">Mark Frauenfeld<\/a>er : <\/span><\/span><span class=\"Apple-style-span\" style=\"font-family: 'Times New Roman', serif\"><span class=\"Apple-style-span\" style=\"font-family: 'Times New Roman', serif\"> euphorisch, dilettantisch, hat das Herz am rechten Fleck&#8230; aber macht oft Fehler, bei denen ich merke: \u201cUff. der Patzer unterl\u00e4uft mir selbst!\u201d<\/span><\/span><\/p>\n<p style=\"text-align: justify\"><span class=\"Apple-style-span\" style=\"font-family: 'Times New Roman', serif\"><span class=\"Apple-style-span\" style=\"font-family: 'Times New Roman', serif\"><b>Was ist online Ihre Lieblingsbesch\u00e4ftigung? <\/b><\/span><\/span><\/p>\n<p style=\"text-align: justify\"><span class=\"Apple-style-span\" style=\"font-family: 'Times New Roman', serif\"><span class=\"Apple-style-span\" style=\"font-family: 'Times New Roman', serif\">Buchtipps geben, Artikel und absurde Links auf Facebook teilen, neue B\u00fccher finden.<\/span><\/span><\/p>\n<p style=\"text-align: justify\"><span class=\"Apple-style-span\" style=\"font-family: 'Times New Roman', serif\"><span class=\"Apple-style-span\" style=\"font-family: 'Times New Roman', serif\"><b>Was ist offline Ihre Lieblingsbesch\u00e4ftigung? <\/b><\/span><\/span><\/p>\n<p style=\"text-align: justify\"><span class=\"Apple-style-span\" style=\"font-family: 'Times New Roman', serif\"><span class=\"Apple-style-span\" style=\"font-family: 'Times New Roman', serif\">Mit einem wechselnden Gegen\u00fcber reden. Von Angesicht zu Angesicht: Am Tisch. Bei Kaffee oder Essen<b>.<br \/>\n<\/b><\/span><\/span><br \/>\n<span class=\"Apple-style-span\" style=\"font-family: 'Times New Roman', serif\"><b>Bei welcher Gelegenheit schreiben Sie die Unwahrheit?<\/b><\/span><\/p>\n<p style=\"text-align: justify\" align=\"JUSTIFY\"><span class=\"Apple-style-span\" style=\"font-family: 'Times New Roman', serif\"><span class=\"Apple-style-span\" style=\"font-family: 'Times New Roman', serif\"><span class=\"Apple-style-span\" style=\"font-family: 'Times New Roman', serif\">Wenn ich erkl\u00e4ren soll, warum ich jemanden mag<\/span>, was ich an Freunden mag. Freunde, die ich \u2013 im Gro\u00dfen \u2013 f\u00fcr die tollsten, besten, interessantesten Teile meines Lebens halte, sind \u2013 im Kleinen \u2013 oft verkracht, frustriert, super-kompliziert. Ich mag komplexe Romanfiguren. Ich mag komplexe \u201cechte\u201d Menschen. Aber muss ich sagen, warum ich jemanden mag, klingt es oft wie blanker Rufmord. <span class=\"Apple-style-span\" style=\"font-family: 'Times New Roman', serif\">Mich interessieren Schw\u00e4chen, Widerspr\u00fcche, Konflikte.<\/span><\/span><\/span><\/p>\n<p style=\"text-align: justify\"><span class=\"Apple-style-span\" style=\"font-family: 'Times New Roman', serif\"><span class=\"Apple-style-span\" style=\"font-family: 'Times New Roman', serif\"><b>Ihr Lieblingsheld im Netz?<br \/>\n<\/b><\/span><\/span><\/p>\n<p style=\"text-align: justify\"><span class=\"Apple-style-span\" style=\"font-family: 'Times New Roman', serif\"><span class=\"Apple-style-span\" style=\"font-family: 'Times New Roman', serif\">Kein Tag vergeht, an dem ich nicht an Bradley Manning denke. Und traurig werde. Gro\u00dfen Respekt habe ich unter Anderem vor <a href=\"http:\/\/stefanmesch.wordpress.com\/1912\/03\/11\/xkc-the-best-comics-about-love-romance\/\">Randall Munroe<\/a> und <a href=\"http:\/\/www.youtube.com\/watch?v=X6p5AZp7r_Q\">Anita Sarkeesian<\/a>.\u00a0<\/span><\/span><\/p>\n<p style=\"text-align: justify\" align=\"JUSTIFY\"><span class=\"Apple-style-span\" style=\"font-family: 'Times New Roman', serif\"><b>Ihr Lieblingsheld in der Wirklichkeit?<\/b><\/span><\/p>\n<p style=\"text-align: justify\" align=\"JUSTIFY\"><span class=\"Apple-style-span\" style=\"font-family: 'Times New Roman', serif\"><span class=\"Apple-style-span\" style=\"font-family: 'Times New Roman', serif\">Clark Kent, Autor und Journalist.<\/span><\/span><\/p>\n<p style=\"text-align: justify\" align=\"JUSTIFY\"><span class=\"Apple-style-span\" style=\"font-family: 'Times New Roman', serif\"><b>Welche Eigenschaften sch\u00e4tzen Sie an Menschen, denen Sie im Netz begegnen?\u00a0<\/b><\/span><\/p>\n<p style=\"text-align: justify\" align=\"JUSTIFY\"><span class=\"Apple-style-span\" style=\"font-family: 'Times New Roman', serif\"><span class=\"Apple-style-span\" style=\"font-family: 'Times New Roman', serif\">Geduld. Klarheit und M\u00fche, auch Nicht-Experten gut zu erkl\u00e4ren, worum es gerade geht.<\/span><\/span><\/p>\n<p style=\"text-align: justify\"><span class=\"Apple-style-span\" style=\"font-family: 'Times New Roman', serif\"><span class=\"Apple-style-span\" style=\"font-family: 'Times New Roman', serif\"><b>Welche Eigenschaften sch\u00e4tzen Sie an Menschen, denen Sie in der Wirklichkeit begegnen?<br \/>\n<\/b><\/span><\/span><\/p>\n<p style=\"text-align: justify\"><span class=\"Apple-style-span\" style=\"font-family: 'Times New Roman', serif\"><span class=\"Apple-style-span\" style=\"font-family: 'Times New Roman', serif\">Energische, hungrige, alberne, laute Leute rei\u00dfen mich mit: zum Beispiel Schmunzel-Autor John Updike (er l\u00e4chelt auf fast jedem <a href=\"https:\/\/www.google.de\/search?safe=off&amp;hl=de&amp;q=%22john+updike%22&amp;bav=on.2,or.r_cp.r_qf.&amp;bvm=bv.45107431,d.b2I&amp;biw=1708&amp;bih=741&amp;um=1&amp;ie=UTF-8&amp;tbm=isch&amp;source=og&amp;sa=N&amp;tab=wi&amp;ei=eDpmUazRGoKs2QXUw4DICg\">Foto<\/a>!), <a href=\"http:\/\/www.youtube.com\/watch?v=WhF5x1Id6Is\">Aktionismus-Pony <\/a>Rainbow Dash, <a href=\"http:\/\/www.youtube.com\/watch?v=o_-MdiTKs_I\">Youtube-Euphoriker<\/a> Michael Buckley, Stehauf-Detektivin Veronica Mars.<\/span><\/span><\/p>\n<p style=\"text-align: justify\"><span class=\"Apple-style-span\" style=\"font-family: 'Times New Roman', serif\"><span class=\"Apple-style-span\" style=\"font-family: 'Times New Roman', serif\"><b>Was m\u00f6gen Sie im Netz am wenigsten?<br \/>\n<\/b><\/span><\/span><\/p>\n<p style=\"text-align: justify\"><span class=\"Apple-style-span\" style=\"font-family: 'Times New Roman', serif\"><span class=\"Apple-style-span\" style=\"font-family: 'Times New Roman', serif\">Die GMX-Startseite. Spiegel Online. Websites, auf denen kluge Autoren billige Polemik-Tricks nutzen, um ihren Lesern Angst zu machen und sie zu verbittern.<\/span><\/span><\/p>\n<p><span class=\"Apple-style-span\" style=\"font-family: 'Times New Roman', serif\"><b>Was st\u00f6rt Sie an Bloggern am meisten? <\/b><\/span><\/p>\n<p><span class=\"Apple-style-span\" style=\"font-family: 'Times New Roman', serif\">Wie deutlich das Alter von Bloggern ihren Blick bestimmt: Wer von sich selbst erz\u00e4hlt, erz\u00e4hlt auch sein Milieu, seine Lebenswelten, seine Generation. Wenn Leute mit Ende 20 schreiben: \u201eHeute mache ich Spargel-Kartoffelsalat f\u00fcr meine Verlobte. Dann schauen wir Tatort!\u201c, wenn junge Eltern im Plural sprechen, Thomas Lehr f\u00fcr \u201eM\u00e4nnerrechte\u201c k\u00e4mpft oder Harald Martenstein gegen Rauch- und \u201eDenkverbote\u201c, h\u00f6re ich keine mutige Einzel-Texte einer Minderheit. Sondern Sehns\u00fcchte und Abwehrbewegungen bestimmter Altersgruppen und Schichten. Dass ich kaum Blog-Texte \u00fcber die GEZ, Videospiele, Integration oder Apple lesen kann, ohne Alter, Geschlecht, Milieu und Lebens-\u00c4ngste des Autors erraten zu k\u00f6nnen, macht Blogs oft langweilig.<\/span><\/p>\n<p style=\"text-align: justify\"><span class=\"Apple-style-span\" style=\"font-family: 'Times New Roman', serif\"><span class=\"Apple-style-span\" style=\"font-family: 'Times New Roman', serif\"><b>Was st\u00f6rt Sie an sich selbst am meisten?<br \/>\n<\/b><\/span><\/span><\/p>\n<p style=\"text-align: justify\"><span class=\"Apple-style-span\" style=\"font-family: 'Times New Roman', serif\"><span class=\"Apple-style-span\" style=\"font-family: 'Times New Roman', serif\">Ich bin Experte f\u00fcr Literatur, Superheldencomics und ein paar Netz- und Kulturthemen. Im Alltag aber, bei praktischen Fragen, bin ich zu nichts gebrauchen: Mein Wissen w\u00e4chst. Meine Kompetenzen wachsen nicht.<\/span><\/span><\/p>\n<p style=\"text-align: justify\"><span class=\"Apple-style-span\" style=\"font-family: 'Times New Roman', serif\"><span class=\"Apple-style-span\" style=\"font-family: 'Times New Roman', serif\"><b>Ihr gl\u00fccklichster Moment als Blogger?<br \/>\n<\/b><\/span><\/span><\/p>\n<p style=\"text-align: justify\"><span class=\"Apple-style-span\" style=\"font-family: 'Times New Roman', serif\"><span class=\"Apple-style-span\" style=\"font-family: 'Times New Roman', serif\">Wenn Leute meinen Buchempfehlungen folgen \u2013 und tats\u00e4chlich Spa\u00df haben.<\/span><\/span><\/p>\n<p style=\"text-align: justify\"><span class=\"Apple-style-span\" style=\"font-family: 'Times New Roman', serif\"><span class=\"Apple-style-span\" style=\"font-family: 'Times New Roman', serif\"><b>Was halten Sie f\u00fcr Ihre gr\u00f6\u00dfte Errungenschaft als Blogger?<\/b><br \/>\n<\/span><\/span><\/p>\n<p style=\"text-align: justify\"><span class=\"Apple-style-span\" style=\"font-family: 'Times New Roman', serif\"><span class=\"Apple-style-span\" style=\"font-family: 'Times New Roman', serif\">Ab und zu blogge ich furchtbar lange Texte \u00fcber Nischen-Themen \u2013 nicht netz- und mainstream-freundlich. Doch \u00fcber Monate fruchtet der Aufwand manchmal: Leser bedanken sich, Experten verlinken mich. Und ich werde irrsinnig gl\u00fccklich, dass jemand ein, zwei Stunden mit meiner Arbeit verbracht hat. Das Leben ist kurz. Leser? Danke f\u00fcr das Vertrauen!<\/span><\/span><\/p>\n<p style=\"text-align: justify\"><span class=\"Apple-style-span\" style=\"font-family: 'Times New Roman', serif\"><span class=\"Apple-style-span\" style=\"font-family: 'Times New Roman', serif\"><b>\u00dcber welches Talent w\u00fcrden Sie gern verf\u00fcgen?<br \/>\n<\/b><\/span><\/span><\/p>\n<p style=\"text-align: justify\"><span class=\"Apple-style-span\" style=\"font-family: 'Times New Roman', serif\"><span class=\"Apple-style-span\" style=\"font-family: 'Times New Roman', serif\"><span class=\"Apple-style-span\" style=\"font-family: 'Times New Roman', serif\"><span class=\"Apple-style-span\" style=\"font-family: 'Times New Roman', serif\">Alltagskompatibilit\u00e4t<\/span><\/span>: Ich brauche 8 Stunden Schlaf. Kann keine Gesichter erkennen. Habe noch nie einen Geschirrsp\u00fcler bedient \u2013 aus Angst, ihn zu ruinieren..<\/span><\/span><\/p>\n<p style=\"text-align: justify\"><span class=\"Apple-style-span\" style=\"font-family: 'Times New Roman', serif\"><span class=\"Apple-style-span\" style=\"font-family: 'Times New Roman', serif\"><b>Als welcher Blogger m\u00f6chten Sie gern wiedergeboren werden?<br \/>\n<\/b><\/span><\/span><\/p>\n<p style=\"text-align: justify\"><span class=\"Apple-style-span\" style=\"font-family: 'Times New Roman', serif\"><span class=\"Apple-style-span\" style=\"font-family: 'Times New Roman', serif\">Da gibt es einige: Entweder als <a href=\"http:\/\/bitchmagazine.org\/post\/remembering-roger-ebert-the-feminist\">Roger Ebert<\/a> oder <a href=\"http:\/\/www.zeit.de\/kultur\/literatur\/2010-03\/interview-cory-doctorow\/komplettansicht\">Cory Doctorow<\/a>, als TV-Journalist wie Oprah Winfrey, Craig Ferguson oder Rachel Maddow . Oder als jemand mit besonders spannendem, absurdem Alltag: <a href=\"http:\/\/indiancountrytodaymedianetwork.com\/2013\/02\/07\/xena%E2%80%99s-lucy-lawless-gets-fine-no-jail-time-arctic-drill-ship-trespass-147532\">Lucy Lawless<\/a> oder <a href=\"http:\/\/www.wishpot.com\/list.aspx?uid=61163&amp;list=177352\">Colby Keller<\/a> \u2013 ein Pornostar und Endlos-Blogger, der belesener ist als ich.<\/span><\/span><\/p>\n<p style=\"text-align: justify\"><span class=\"Apple-style-span\" style=\"font-family: 'Times New Roman', serif\"><span class=\"Apple-style-span\" style=\"font-family: 'Times New Roman', serif\"><b>Ihre gr\u00f6\u00dfte Extravaganz?<br \/>\n<\/b><\/span><\/span><\/p>\n<p style=\"text-align: justify\"><span class=\"Apple-style-span\" style=\"font-family: 'Times New Roman', serif\"><span class=\"Apple-style-span\" style=\"font-family: 'Times New Roman', serif\">T\u00e4glich vier, f\u00fcnf Stunden zu lesen und neues Zeug zu lernen.<\/span><\/span><\/p>\n<p style=\"text-align: justify\"><span class=\"Apple-style-span\" style=\"font-family: 'Times New Roman', serif\"><span class=\"Apple-style-span\" style=\"font-family: 'Times New Roman', serif\"><b>Ihre gegenw\u00e4rtige Geistesverfassung?<br \/>\n<\/b><\/span><\/span><\/p>\n<p style=\"text-align: justify\"><span class=\"Apple-style-span\" style=\"font-family: 'Times New Roman', serif\"><span class=\"Apple-style-span\" style=\"font-family: 'Times New Roman', serif\">Zerknirscht: Seit 2009 lebe ich drei, vier Monate im Jahr in Toronto. So auch gerade. Den Rest der Zeit auf dem Land, bei Heidelberg. Das Hin und Her macht Spa\u00df \u2013 doch ich bin st\u00e4ndig am Tsch\u00fc\u00df-Sagen und Vertr\u00f6sten. Egal, wo ich gerade bin \u2013 zwei Drittel meiner Lieblingsmenschen sind woanders.<\/span><\/span><\/p>\n<p style=\"text-align: justify\"><span class=\"Apple-style-span\" style=\"font-family: 'Times New Roman', serif\"><span class=\"Apple-style-span\" style=\"font-family: 'Times New Roman', serif\"><b>Ihr Motto?<br \/>\n<\/b><\/span><\/span><\/p>\n<p style=\"text-align: justify\"><span class=\"Apple-style-span\" style=\"font-family: 'Times New Roman', serif\"><span class=\"Apple-style-span\" style=\"font-family: 'Times New Roman', serif\">Im offiziellen \u201cBig Brother\u201d-Magazin von RTL II beantwortete die Kandidatin Manuela Schick 2000 die selbe Frage mit: \u201cKein Schwanz ist so hart wie das Leben.\u201d Sobald das Wort \u201cMotto\u201d f\u00e4llt, denke ich an Manu und \u201eBig Brother\u201c. Vergesse die Ausgangsfrage. Und schaudere ein paar Minuten lang.<\/span><\/span><\/p>\n<p style=\"text-align: justify\" align=\"JUSTIFY\"><span class=\"Apple-style-span\" style=\"font-family: 'Times New Roman', serif\"><span class=\"Apple-style-span\" style=\"font-family: 'Times New Roman', serif\"><span class=\"Apple-style-span\" style=\"font-family: 'Times New Roman', serif\"><span class=\"Apple-style-span\" style=\"font-family: 'Times New Roman', serif\"><span class=\"Apple-style-span\" style=\"font-family: 'Times New Roman', serif\">Bislang haben unseren Proust-Bloggerfragebogen Cosima Bucarelli, Johanna Moers, <\/span><\/span><\/span><span class=\"Apple-style-span\" style=\"font-family: 'Times New Roman', serif\"><span class=\"Apple-style-span\" style=\"font-family: 'Times New Roman', serif\"><a href=\"https:\/\/blog.zeit.de\/zeitmagazin\/2011\/05\/12\/proust-fragebogen-fur-blogger-15\/\"><span class=\"Apple-style-span\" style=\"font-family: 'Times New Roman', serif\"><span class=\"Apple-style-span\" style=\"font-family: 'Times New Roman', serif\">Jill Adams<\/span><\/span><\/a><\/span><\/span><span class=\"Apple-style-span\" style=\"font-family: 'Times New Roman', serif\"><span class=\"Apple-style-span\" style=\"font-family: 'Times New Roman', serif\"><span class=\"Apple-style-span\" style=\"font-family: 'Times New Roman', serif\">,\u00a0<\/span><\/span><\/span><span class=\"Apple-style-span\" style=\"font-family: 'Times New Roman', serif\"><span class=\"Apple-style-span\" style=\"font-family: 'Times New Roman', serif\"><a href=\"https:\/\/blog.zeit.de\/zeitmagazin\/2011\/05\/05\/proust-fragebogen-fur-blogger-14\/\"><span class=\"Apple-style-span\" style=\"font-family: 'Times New Roman', serif\"><span class=\"Apple-style-span\" style=\"font-family: 'Times New Roman', serif\">Siems Luckwaldt<\/span><\/span><\/a><\/span><\/span><span class=\"Apple-style-span\" style=\"font-family: 'Times New Roman', serif\"><span class=\"Apple-style-span\" style=\"font-family: 'Times New Roman', serif\"><span class=\"Apple-style-span\" style=\"font-family: 'Times New Roman', serif\">,\u00a0<\/span><\/span><\/span><span class=\"Apple-style-span\" style=\"font-family: 'Times New Roman', serif\"><span class=\"Apple-style-span\" style=\"font-family: 'Times New Roman', serif\"><a href=\"https:\/\/blog.zeit.de\/zeitmagazin\/2011\/04\/28\/proust-fagebogen-fur-blogger-13\/\"><span class=\"Apple-style-span\" style=\"font-family: 'Times New Roman', serif\"><span class=\"Apple-style-span\" style=\"font-family: 'Times New Roman', serif\">Katja Hentschel<\/span><\/span><\/a><\/span><\/span><span class=\"Apple-style-span\" style=\"font-family: 'Times New Roman', serif\"><span class=\"Apple-style-span\" style=\"font-family: 'Times New Roman', serif\"><span class=\"Apple-style-span\" style=\"font-family: 'Times New Roman', serif\">,\u00a0<\/span><\/span><\/span><span class=\"Apple-style-span\" style=\"font-family: 'Times New Roman', serif\"><span class=\"Apple-style-span\" style=\"font-family: 'Times New Roman', serif\"><a href=\"https:\/\/blog.zeit.de\/zeitmagazin\/2011\/04\/20\/proust-fragebogen-fur-blogger-12\/\"><span class=\"Apple-style-span\" style=\"font-family: 'Times New Roman', serif\"><span class=\"Apple-style-span\" style=\"font-family: 'Times New Roman', serif\">Katya Moorman<\/span><\/span><\/a><\/span><\/span><span class=\"Apple-style-span\" style=\"font-family: 'Times New Roman', serif\"><span class=\"Apple-style-span\" style=\"font-family: 'Times New Roman', serif\"><span class=\"Apple-style-span\" style=\"font-family: 'Times New Roman', serif\">,\u00a0<\/span><\/span><\/span><span class=\"Apple-style-span\" style=\"font-family: 'Times New Roman', serif\"><span class=\"Apple-style-span\" style=\"font-family: 'Times New Roman', serif\"><a href=\"https:\/\/blog.zeit.de\/zeitmagazin\/2011\/04\/07\/proust-fragebogen-fur-blogger-11\/\"><span class=\"Apple-style-span\" style=\"font-family: 'Times New Roman', serif\"><span class=\"Apple-style-span\" style=\"font-family: 'Times New Roman', serif\">Julia Stelzner<\/span><\/span><\/a><\/span><\/span><span class=\"Apple-style-span\" style=\"font-family: 'Times New Roman', serif\"><span class=\"Apple-style-span\" style=\"font-family: 'Times New Roman', serif\"><span class=\"Apple-style-span\" style=\"font-family: 'Times New Roman', serif\">,\u00a0<\/span><\/span><\/span><span class=\"Apple-style-span\" style=\"font-family: 'Times New Roman', serif\"><span class=\"Apple-style-span\" style=\"font-family: 'Times New Roman', serif\"><a href=\"https:\/\/blog.zeit.de\/zeitmagazin\/2011\/03\/31\/proust-fragebogen-fur-blogger-10\/\"><span class=\"Apple-style-span\" style=\"font-family: 'Times New Roman', serif\"><span class=\"Apple-style-span\" style=\"font-family: 'Times New Roman', serif\">Katharina Charpian<\/span><\/span><\/a><\/span><\/span><span class=\"Apple-style-span\" style=\"font-family: 'Times New Roman', serif\"><span class=\"Apple-style-span\" style=\"font-family: 'Times New Roman', serif\"><span class=\"Apple-style-span\" style=\"font-family: 'Times New Roman', serif\">,\u00a0<\/span><\/span><\/span><span class=\"Apple-style-span\" style=\"font-family: 'Times New Roman', serif\"><span class=\"Apple-style-span\" style=\"font-family: 'Times New Roman', serif\"><a href=\"https:\/\/blog.zeit.de\/zeitmagazin\/2011\/03\/24\/proust-fragebogen-fur-blogger-9\/\"><span class=\"Apple-style-span\" style=\"font-family: 'Times New Roman', serif\"><span class=\"Apple-style-span\" style=\"font-family: 'Times New Roman', serif\">Thomas Kn\u00fcwer<\/span><\/span><\/a><\/span><\/span><span class=\"Apple-style-span\" style=\"font-family: 'Times New Roman', serif\"><span class=\"Apple-style-span\" style=\"font-family: 'Times New Roman', serif\"><span class=\"Apple-style-span\" style=\"font-family: 'Times New Roman', serif\">,\u00a0<\/span><\/span><\/span><span class=\"Apple-style-span\" style=\"font-family: 'Times New Roman', serif\"><span class=\"Apple-style-span\" style=\"font-family: 'Times New Roman', serif\"><a href=\"https:\/\/blog.zeit.de\/zeitmagazin\/2011\/03\/17\/proust-fragebogen-fur-blogger-8\/\"><span class=\"Apple-style-span\" style=\"font-family: 'Times New Roman', serif\"><span class=\"Apple-style-span\" style=\"font-family: 'Times New Roman', serif\">Marlene S\u00f8rensen und James Castle<\/span><\/span><\/a><\/span><\/span><span class=\"Apple-style-span\" style=\"font-family: 'Times New Roman', serif\"><span class=\"Apple-style-span\" style=\"font-family: 'Times New Roman', serif\"><span class=\"Apple-style-span\" style=\"font-family: 'Times New Roman', serif\">,\u00a0<\/span><\/span><\/span><span class=\"Apple-style-span\" style=\"font-family: 'Times New Roman', serif\"><span class=\"Apple-style-span\" style=\"font-family: 'Times New Roman', serif\"><a href=\"https:\/\/blog.zeit.de\/zeitmagazin\/2011\/03\/15\/proust-fragebogen-fur-blogger-7\/\"><span class=\"Apple-style-span\" style=\"font-family: 'Times New Roman', serif\"><span class=\"Apple-style-span\" style=\"font-family: 'Times New Roman', serif\">Mary Scherpe<\/span><\/span><\/a><\/span><\/span><span class=\"Apple-style-span\" style=\"font-family: 'Times New Roman', serif\"><span class=\"Apple-style-span\" style=\"font-family: 'Times New Roman', serif\"><span class=\"Apple-style-span\" style=\"font-family: 'Times New Roman', serif\">,\u00a0<\/span><\/span><\/span><span class=\"Apple-style-span\" style=\"font-family: 'Times New Roman', serif\"><span class=\"Apple-style-span\" style=\"font-family: 'Times New Roman', serif\"><a href=\"https:\/\/blog.zeit.de\/zeitmagazin\/2011\/03\/10\/proust-fragebogen-fur-blogger-6\/\"><span class=\"Apple-style-span\" style=\"font-family: 'Times New Roman', serif\"><span class=\"Apple-style-span\" style=\"font-family: 'Times New Roman', serif\">Juliane Duft und Anna Katharina Bender<\/span><\/span><\/a><\/span><\/span><span class=\"Apple-style-span\" style=\"font-family: 'Times New Roman', serif\"><span class=\"Apple-style-span\" style=\"font-family: 'Times New Roman', serif\"><span class=\"Apple-style-span\" style=\"font-family: 'Times New Roman', serif\">,\u00a0<\/span><\/span><\/span><span class=\"Apple-style-span\" style=\"font-family: 'Times New Roman', serif\"><span class=\"Apple-style-span\" style=\"font-family: 'Times New Roman', serif\"><a href=\"https:\/\/blog.zeit.de\/zeitmagazin\/2011\/02\/24\/proust-fragebogen-fur-blogger-5\/\"><span class=\"Apple-style-span\" style=\"font-family: 'Times New Roman', serif\"><span class=\"Apple-style-span\" style=\"font-family: 'Times New Roman', serif\">Richard Gutjahr<\/span><\/span><\/a><\/span><\/span><span class=\"Apple-style-span\" style=\"font-family: 'Times New Roman', serif\"><span class=\"Apple-style-span\" style=\"font-family: 'Times New Roman', serif\"><span class=\"Apple-style-span\" style=\"font-family: 'Times New Roman', serif\">,\u00a0<\/span><\/span><\/span><span class=\"Apple-style-span\" style=\"font-family: 'Times New Roman', serif\"><span class=\"Apple-style-span\" style=\"font-family: 'Times New Roman', serif\"><a href=\"https:\/\/blog.zeit.de\/zeitmagazin\/2011\/02\/17\/proust-fragebogen-fur-blogger-4\/\"><span class=\"Apple-style-span\" style=\"font-family: 'Times New Roman', serif\"><span class=\"Apple-style-span\" style=\"font-family: 'Times New Roman', serif\">Anna dello Russo<\/span><\/span><\/a><\/span><\/span><span class=\"Apple-style-span\" style=\"font-family: 'Times New Roman', serif\"><span class=\"Apple-style-span\" style=\"font-family: 'Times New Roman', serif\"><span class=\"Apple-style-span\" style=\"font-family: 'Times New Roman', serif\">,\u00a0<\/span><\/span><\/span><span class=\"Apple-style-span\" style=\"font-family: 'Times New Roman', serif\"><span class=\"Apple-style-span\" style=\"font-family: 'Times New Roman', serif\"><a href=\"https:\/\/blog.zeit.de\/zeitmagazin\/2011\/02\/10\/proust-fragebogen-fur-blogger-3\/\"><span class=\"Apple-style-span\" style=\"font-family: 'Times New Roman', serif\"><span class=\"Apple-style-span\" style=\"font-family: 'Times New Roman', serif\">Peter Glaser<\/span><\/span><\/a><\/span><\/span><span class=\"Apple-style-span\" style=\"font-family: 'Times New Roman', serif\"><span class=\"Apple-style-span\" style=\"font-family: 'Times New Roman', serif\"><span class=\"Apple-style-span\" style=\"font-family: 'Times New Roman', serif\">,\u00a0<\/span><\/span><\/span><span class=\"Apple-style-span\" style=\"font-family: 'Times New Roman', serif\"><span class=\"Apple-style-span\" style=\"font-family: 'Times New Roman', serif\"><a href=\"https:\/\/blog.zeit.de\/zeitmagazin\/2011\/02\/04\/proust-fragebogen-fur-blogger-2\/\"><span class=\"Apple-style-span\" style=\"font-family: 'Times New Roman', serif\"><span class=\"Apple-style-span\" style=\"font-family: 'Times New Roman', serif\">Frederik Frede<\/span><\/span><\/a><\/span><\/span><span class=\"Apple-style-span\" style=\"font-family: 'Times New Roman', serif\"><span class=\"Apple-style-span\" style=\"font-family: 'Times New Roman', serif\"><span class=\"Apple-style-span\" style=\"font-family: 'Times New Roman', serif\"> und\u00a0<\/span><\/span><\/span><span class=\"Apple-style-span\" style=\"font-family: 'Times New Roman', serif\"><span class=\"Apple-style-span\" style=\"font-family: 'Times New Roman', serif\"><a href=\"https:\/\/blog.zeit.de\/zeitmagazin\/2011\/01\/18\/proust-fragebogen-1\/\"><span class=\"Apple-style-span\" style=\"font-family: 'Times New Roman', serif\"><span class=\"Apple-style-span\" style=\"font-family: 'Times New Roman', serif\">Jessica Wei\u00df<\/span><\/span><\/a><\/span><\/span><span class=\"Apple-style-span\" style=\"font-family: 'Times New Roman', serif\"><span class=\"Apple-style-span\" style=\"font-family: 'Times New Roman', serif\"><span class=\"Apple-style-span\" style=\"font-family: 'Times New Roman', serif\"> ausgef\u00fcllt.<\/span><\/span><\/span><\/span><\/span><\/p>\n","protected":false},"excerpt":{"rendered":"<p>Einem Schriftsteller ins Gehirn sehen und mitverfolgen, wie er die Erz\u00e4hlf\u00e4den eines Romans spinnt, das w\u00fcnschen sich viele. Auf stefanmeschwordpress.com kann man das: Stefan Mesch, freier Autor und Buchkritiker gibt Einblicke in den Entstehungsprozess und die Einfl\u00fcsse seines ersten Romans. Auch sonst ist sein Blog so etwas wie sein erweitertes Notizbuch: hier werden Inspirationen und [&hellip;]<\/p>\n","protected":false},"author":303,"featured_media":0,"comment_status":"open","ping_status":"open","sticky":false,"template":"","format":"standard","meta":{"_jetpack_memberships_contains_paid_content":false,"footnotes":""},"categories":[1],"tags":[],"class_list":["post-15761","post","type-post","status-publish","format-standard","hentry","category-allgemein"],"yoast_head":"<!-- This site is optimized with the Yoast SEO plugin v21.0 - https:\/\/yoast.com\/wordpress\/plugins\/seo\/ -->\n<title>Proust-Fragebogen f\u00fcr Blogger (54) - Heiter bis gl\u00fccklich<\/title>\n<meta name=\"robots\" content=\"index, follow, max-snippet:-1, max-image-preview:large, max-video-preview:-1\" \/>\n<link rel=\"canonical\" href=\"https:\/\/blog.zeit.de\/zeitmagazin\/2013\/04\/13\/proust-fragebogen-fur-blogger-54\/\" \/>\n<meta property=\"og:locale\" content=\"de_DE\" \/>\n<meta property=\"og:type\" content=\"article\" \/>\n<meta property=\"og:title\" content=\"Proust-Fragebogen f\u00fcr Blogger (54) - Heiter bis gl\u00fccklich\" \/>\n<meta property=\"og:description\" content=\"Einem Schriftsteller ins Gehirn sehen und mitverfolgen, wie er die Erz\u00e4hlf\u00e4den eines Romans spinnt, das w\u00fcnschen sich viele. Auf stefanmeschwordpress.com kann man das: Stefan Mesch, freier Autor und Buchkritiker gibt Einblicke in den Entstehungsprozess und die Einfl\u00fcsse seines ersten Romans. Auch sonst ist sein Blog so etwas wie sein erweitertes Notizbuch: hier werden Inspirationen und [&hellip;]\" \/>\n<meta property=\"og:url\" content=\"https:\/\/blog.zeit.de\/zeitmagazin\/2013\/04\/13\/proust-fragebogen-fur-blogger-54\/\" \/>\n<meta property=\"og:site_name\" content=\"Heiter bis gl\u00fccklich\" \/>\n<meta property=\"article:published_time\" content=\"2013-04-13T05:00:23+00:00\" \/>\n<meta property=\"article:modified_time\" content=\"2013-04-13T05:00:29+00:00\" \/>\n<meta name=\"author\" content=\"ZEITmagazin\" \/>\n<meta name=\"twitter:card\" content=\"summary_large_image\" \/>\n<meta name=\"twitter:label1\" content=\"Geschrieben von\" \/>\n\t<meta name=\"twitter:data1\" content=\"ZEITmagazin\" \/>\n\t<meta name=\"twitter:label2\" content=\"Gesch\u00e4tzte Lesezeit\" \/>\n\t<meta name=\"twitter:data2\" content=\"5\u00a0Minuten\" \/>\n<script type=\"application\/ld+json\" class=\"yoast-schema-graph\">{\"@context\":\"https:\/\/schema.org\",\"@graph\":[{\"@type\":\"WebPage\",\"@id\":\"https:\/\/blog.zeit.de\/zeitmagazin\/2013\/04\/13\/proust-fragebogen-fur-blogger-54\/\",\"url\":\"https:\/\/blog.zeit.de\/zeitmagazin\/2013\/04\/13\/proust-fragebogen-fur-blogger-54\/\",\"name\":\"Proust-Fragebogen f\u00fcr Blogger (54) - Heiter bis gl\u00fccklich\",\"isPartOf\":{\"@id\":\"https:\/\/blog.zeit.de\/zeitmagazin\/#website\"},\"datePublished\":\"2013-04-13T05:00:23+00:00\",\"dateModified\":\"2013-04-13T05:00:29+00:00\",\"author\":{\"@id\":\"https:\/\/blog.zeit.de\/zeitmagazin\/#\/schema\/person\/e529ff83538f7de57b4ca7ada8af49dc\"},\"breadcrumb\":{\"@id\":\"https:\/\/blog.zeit.de\/zeitmagazin\/2013\/04\/13\/proust-fragebogen-fur-blogger-54\/#breadcrumb\"},\"inLanguage\":\"de\",\"potentialAction\":[{\"@type\":\"ReadAction\",\"target\":[\"https:\/\/blog.zeit.de\/zeitmagazin\/2013\/04\/13\/proust-fragebogen-fur-blogger-54\/\"]}]},{\"@type\":\"BreadcrumbList\",\"@id\":\"https:\/\/blog.zeit.de\/zeitmagazin\/2013\/04\/13\/proust-fragebogen-fur-blogger-54\/#breadcrumb\",\"itemListElement\":[{\"@type\":\"ListItem\",\"position\":1,\"name\":\"Startseite\",\"item\":\"https:\/\/blog.zeit.de\/zeitmagazin\/\"},{\"@type\":\"ListItem\",\"position\":2,\"name\":\"Proust-Fragebogen f\u00fcr Blogger (54)\"}]},{\"@type\":\"WebSite\",\"@id\":\"https:\/\/blog.zeit.de\/zeitmagazin\/#website\",\"url\":\"https:\/\/blog.zeit.de\/zeitmagazin\/\",\"name\":\"Heiter bis gl\u00fccklich\",\"description\":\"Das ZEITmagazin-Blog\",\"potentialAction\":[{\"@type\":\"SearchAction\",\"target\":{\"@type\":\"EntryPoint\",\"urlTemplate\":\"https:\/\/blog.zeit.de\/zeitmagazin\/?s={search_term_string}\"},\"query-input\":\"required name=search_term_string\"}],\"inLanguage\":\"de\"},{\"@type\":\"Person\",\"@id\":\"https:\/\/blog.zeit.de\/zeitmagazin\/#\/schema\/person\/e529ff83538f7de57b4ca7ada8af49dc\",\"name\":\"ZEITmagazin\",\"image\":{\"@type\":\"ImageObject\",\"inLanguage\":\"de\",\"@id\":\"https:\/\/blog.zeit.de\/zeitmagazin\/#\/schema\/person\/image\/\",\"url\":\"https:\/\/secure.gravatar.com\/avatar\/395ae643797af45a6adeb82c72ce6e2664e91838c8fa626029a0f6bad7394dde?s=96&d=mm&r=g\",\"contentUrl\":\"https:\/\/secure.gravatar.com\/avatar\/395ae643797af45a6adeb82c72ce6e2664e91838c8fa626029a0f6bad7394dde?s=96&d=mm&r=g\",\"caption\":\"ZEITmagazin\"},\"url\":\"https:\/\/blog.zeit.de\/zeitmagazin\/author\/katrin-dose\/\"}]}<\/script>\n<!-- \/ Yoast SEO plugin. -->","yoast_head_json":{"title":"Proust-Fragebogen f\u00fcr Blogger (54) - Heiter bis gl\u00fccklich","robots":{"index":"index","follow":"follow","max-snippet":"max-snippet:-1","max-image-preview":"max-image-preview:large","max-video-preview":"max-video-preview:-1"},"canonical":"https:\/\/blog.zeit.de\/zeitmagazin\/2013\/04\/13\/proust-fragebogen-fur-blogger-54\/","og_locale":"de_DE","og_type":"article","og_title":"Proust-Fragebogen f\u00fcr Blogger (54) - Heiter bis gl\u00fccklich","og_description":"Einem Schriftsteller ins Gehirn sehen und mitverfolgen, wie er die Erz\u00e4hlf\u00e4den eines Romans spinnt, das w\u00fcnschen sich viele. Auf stefanmeschwordpress.com kann man das: Stefan Mesch, freier Autor und Buchkritiker gibt Einblicke in den Entstehungsprozess und die Einfl\u00fcsse seines ersten Romans. Auch sonst ist sein Blog so etwas wie sein erweitertes Notizbuch: hier werden Inspirationen und [&hellip;]","og_url":"https:\/\/blog.zeit.de\/zeitmagazin\/2013\/04\/13\/proust-fragebogen-fur-blogger-54\/","og_site_name":"Heiter bis gl\u00fccklich","article_published_time":"2013-04-13T05:00:23+00:00","article_modified_time":"2013-04-13T05:00:29+00:00","author":"ZEITmagazin","twitter_card":"summary_large_image","twitter_misc":{"Geschrieben von":"ZEITmagazin","Gesch\u00e4tzte Lesezeit":"5\u00a0Minuten"},"schema":{"@context":"https:\/\/schema.org","@graph":[{"@type":"WebPage","@id":"https:\/\/blog.zeit.de\/zeitmagazin\/2013\/04\/13\/proust-fragebogen-fur-blogger-54\/","url":"https:\/\/blog.zeit.de\/zeitmagazin\/2013\/04\/13\/proust-fragebogen-fur-blogger-54\/","name":"Proust-Fragebogen f\u00fcr Blogger (54) - Heiter bis gl\u00fccklich","isPartOf":{"@id":"https:\/\/blog.zeit.de\/zeitmagazin\/#website"},"datePublished":"2013-04-13T05:00:23+00:00","dateModified":"2013-04-13T05:00:29+00:00","author":{"@id":"https:\/\/blog.zeit.de\/zeitmagazin\/#\/schema\/person\/e529ff83538f7de57b4ca7ada8af49dc"},"breadcrumb":{"@id":"https:\/\/blog.zeit.de\/zeitmagazin\/2013\/04\/13\/proust-fragebogen-fur-blogger-54\/#breadcrumb"},"inLanguage":"de","potentialAction":[{"@type":"ReadAction","target":["https:\/\/blog.zeit.de\/zeitmagazin\/2013\/04\/13\/proust-fragebogen-fur-blogger-54\/"]}]},{"@type":"BreadcrumbList","@id":"https:\/\/blog.zeit.de\/zeitmagazin\/2013\/04\/13\/proust-fragebogen-fur-blogger-54\/#breadcrumb","itemListElement":[{"@type":"ListItem","position":1,"name":"Startseite","item":"https:\/\/blog.zeit.de\/zeitmagazin\/"},{"@type":"ListItem","position":2,"name":"Proust-Fragebogen f\u00fcr Blogger (54)"}]},{"@type":"WebSite","@id":"https:\/\/blog.zeit.de\/zeitmagazin\/#website","url":"https:\/\/blog.zeit.de\/zeitmagazin\/","name":"Heiter bis gl\u00fccklich","description":"Das ZEITmagazin-Blog","potentialAction":[{"@type":"SearchAction","target":{"@type":"EntryPoint","urlTemplate":"https:\/\/blog.zeit.de\/zeitmagazin\/?s={search_term_string}"},"query-input":"required name=search_term_string"}],"inLanguage":"de"},{"@type":"Person","@id":"https:\/\/blog.zeit.de\/zeitmagazin\/#\/schema\/person\/e529ff83538f7de57b4ca7ada8af49dc","name":"ZEITmagazin","image":{"@type":"ImageObject","inLanguage":"de","@id":"https:\/\/blog.zeit.de\/zeitmagazin\/#\/schema\/person\/image\/","url":"https:\/\/secure.gravatar.com\/avatar\/395ae643797af45a6adeb82c72ce6e2664e91838c8fa626029a0f6bad7394dde?s=96&d=mm&r=g","contentUrl":"https:\/\/secure.gravatar.com\/avatar\/395ae643797af45a6adeb82c72ce6e2664e91838c8fa626029a0f6bad7394dde?s=96&d=mm&r=g","caption":"ZEITmagazin"},"url":"https:\/\/blog.zeit.de\/zeitmagazin\/author\/katrin-dose\/"}]}},"jetpack_featured_media_url":"","jetpack_sharing_enabled":true,"_links":{"self":[{"href":"https:\/\/blog.zeit.de\/zeitmagazin\/wp-json\/wp\/v2\/posts\/15761","targetHints":{"allow":["GET"]}}],"collection":[{"href":"https:\/\/blog.zeit.de\/zeitmagazin\/wp-json\/wp\/v2\/posts"}],"about":[{"href":"https:\/\/blog.zeit.de\/zeitmagazin\/wp-json\/wp\/v2\/types\/post"}],"author":[{"embeddable":true,"href":"https:\/\/blog.zeit.de\/zeitmagazin\/wp-json\/wp\/v2\/users\/303"}],"replies":[{"embeddable":true,"href":"https:\/\/blog.zeit.de\/zeitmagazin\/wp-json\/wp\/v2\/comments?post=15761"}],"version-history":[{"count":14,"href":"https:\/\/blog.zeit.de\/zeitmagazin\/wp-json\/wp\/v2\/posts\/15761\/revisions"}],"predecessor-version":[{"id":15771,"href":"https:\/\/blog.zeit.de\/zeitmagazin\/wp-json\/wp\/v2\/posts\/15761\/revisions\/15771"}],"wp:attachment":[{"href":"https:\/\/blog.zeit.de\/zeitmagazin\/wp-json\/wp\/v2\/media?parent=15761"}],"wp:term":[{"taxonomy":"category","embeddable":true,"href":"https:\/\/blog.zeit.de\/zeitmagazin\/wp-json\/wp\/v2\/categories?post=15761"},{"taxonomy":"post_tag","embeddable":true,"href":"https:\/\/blog.zeit.de\/zeitmagazin\/wp-json\/wp\/v2\/tags?post=15761"}],"curies":[{"name":"wp","href":"https:\/\/api.w.org\/{rel}","templated":true}]}}