{"id":15777,"date":"2013-04-20T08:01:27","date_gmt":"2013-04-20T06:01:27","guid":{"rendered":"http:\/\/blog.zeit.de\/zeitmagazin\/?p=15777"},"modified":"2013-04-20T08:02:17","modified_gmt":"2013-04-20T06:02:17","slug":"proust-fragebogen-fur-blogger-55","status":"publish","type":"post","link":"https:\/\/blog.zeit.de\/zeitmagazin\/2013\/04\/20\/proust-fragebogen-fur-blogger-55\/","title":{"rendered":"Proust-Fragebogen f\u00fcr Blogger (55)"},"content":{"rendered":"<p><img loading=\"lazy\" decoding=\"async\" class=\"aligncenter size-full wp-image-15881\" alt=\"daniel-decker\" src=\"https:\/\/blog.zeit.de\/zeitmagazin\/files\/2013\/04\/daniel-decker.jpg\" width=\"300\" height=\"300\" srcset=\"https:\/\/blog.zeit.de\/zeitmagazin\/files\/2013\/04\/daniel-decker.jpg 300w, https:\/\/blog.zeit.de\/zeitmagazin\/files\/2013\/04\/daniel-decker-84x84.jpg 84w, https:\/\/blog.zeit.de\/zeitmagazin\/files\/2013\/04\/daniel-decker-220x219.jpg 220w\" sizes=\"auto, (max-width: 300px) 100vw, 300px\" \/><\/p>\n<p><a href=\"http:\/\/www.kotzendes-einhorn.de\/\">Kotzendes Einhor<\/a>n\u00a0schien wegen des Namens zun\u00e4chst nichts f\u00fcr heiter und gl\u00fccklich &#8211; obwohl der neben Verwunderung nat\u00fcrlich auch f\u00fcr Heiterkeit sorgen kann. In jedem Fall aber weckt er Interesse. Das tut auch der pink auf wei\u00df glitzernde Selbstank\u00fcndigungs-Slogan: &#8222;Daniel Deckers Blog f\u00fcr Liebe, Kultur und Revolution in Zeiten der Lethargie&#8220;. Was hinter dem Blog steckt, l\u00e4sst sich gar nicht so leicht zusammenfassen: Decker bloggt \u00fcber Popkultur und Sinnzusammenh\u00e4nge, verlinkt zu Katzenvideos, schreibt \u00fcber Einh\u00f6rner und tagesaktuelle politische Debatten und sortiert die Beitr\u00e4ge in Kategorien wie Liebe, Kultur, Revolution, Lethargie und Einhornism.<\/p>\n<p><strong>Was ist f\u00fcr Sie der vollkommene Blog?<\/strong><\/p>\n<p>Vollkommenheit ist sehr subjektiv. Daher m\u00fcsste ich fast meinen nehmen. Mir ist die Vermischung von Pop und Politik sehr wichtig. Ein rein politisches Portal w\u00fcrde mich als Macher wie auch als Leser frustrieren. Ich m\u00f6chte Abwechslung: Ich mag es, in einem Moment \u00fcber den Extremismusbegriff diskutieren und mich zwei Postings sp\u00e4ter \u00fcber ein Regenbogen-Einhorn-Glitzer-Gif zu freuen. Jeder Mensch ist vielseitig: Ein Blog sollte es auch sein. Ich mag Blogs, bei denen ich den Autoren, den Mensch dahinter kennenlerne. Das hei\u00dft nicht, das ich nicht auch Multiuserblogs sch\u00e4tze. Ein vollkommener Blog aber ist f\u00fcr mich immer mit der Person dahinter verbunden.<\/p>\n<p><strong>Mit welchem Blogger identifizieren Sie sich am meisten?<\/strong><br \/>\nIch denke nicht, dass ich eine Identifikationsperson habe. Aber ich kann sagen, welche Bloggerin ich am meisten sch\u00e4tze: Nadia Shehadeh, die auf <a href=\"http:\/\/shehadistan.com\/\">Shehadistan<\/a> bloggt. Man lernt sie als Person kennen und findet auf ihrem Blog sowohl tolle politische Kommentare als auch Popkultur.<\/p>\n<p><strong>Was ist online Ihre Lieblingsbesch\u00e4ftigung?<\/strong><br \/>\nIch bin ein Newsjunkie, mein Feedreader ist mein wichtigstes Tool. In dem Punkt kann ich google echt nicht verstehen: Die wollen ihren Reader abschalten.<\/p>\n<p><strong>Was ist offline Ihre Lieblingsbesch\u00e4ftigung?<\/strong><br \/>\nPopkultur, Musik h\u00f6ren, sehen, machen. Filme. Ich bin ein Popkulturjunkie.<\/p>\n<p><strong>Bei welcher Gelegenheit schreiben Sie die Unwahrheit?<\/strong><br \/>\nWenn ich mich irre. Und, unter uns, manchmal wenn ich Sachen \u00fcber Einh\u00f6rner schreibe. Aber da sage ich immer: Die sch\u00f6nsten Geschichten m\u00fcssen nicht immer wahr sein.<\/p>\n<p><strong>Ihr Lieblingsheld im Netz?<\/strong><br \/>\nIch kann mich da schlecht festlegen. Es gibt immer wieder tolle Ideen und Ans\u00e4tze und tolle Leute. Es gibt zu viele, die ich sch\u00e4tze und regelm\u00e4\u00dfig verfolge.<\/p>\n<p><strong>Ihr Lieblingsheld in der Wirklichkeit?<\/strong><br \/>\nVermutlich mein Vater, dem ich viel zu selten sage wie sehr ich ihn sch\u00e4tze. Auch wenn wir uns oft in die Wolle kriegen. Ich finde \u00fcbrigens sehr aussagekr\u00e4ftig, dass hier in den Fragen ein Kontrast zwischen Netz und Wirklichkeit konstruiert wird. Als w\u00e4re das Netz unwirklich und eine Fantasiewelt mit kleinen Elfen und Einh\u00f6rnern. Und die gehen zusammen in einem Land namens Xanadu mit all den anderen Tieren in die Rollerdisco und schmei\u00dfen mit Glitzer um sich und dann knutschen die alle miteinander und sind gl\u00fccklich\u2026 hach.<\/p>\n<p><strong>Welche Eigenschaften sch\u00e4tzen Sie an Menschen, denen Sie im Netz begegnen?<\/strong><br \/>\nDieselben Eigenschaften, die ich an Menschen sch\u00e4tze, die mir in der Wirklichkeit begegnen.<\/p>\n<p><strong>Welche Eigenschaften sch\u00e4tzen Sie an Menschen, denen Sie in der Wirklichkeit begegnen?<\/strong><br \/>\nDieselben Eigenschaften, die ich an Menschen sch\u00e4tze, die mir im Netz begegnen.<\/p>\n<p><strong>Was m\u00f6gen Sie im Netz am wenigsten?<\/strong><br \/>\nJeder, der sich die Kommentare bei Spiegel Online durchliest, wird wissen, was im Netz am meisten nervt. Das klassische &#8222;das wird man ja wohl noch sagen d\u00fcrfen&#8220;- Keulen-Blabla. Das das netzspezifisch ist wage ich aber zu bezweifeln. Es kann auch ein Vorteil des Netzes sein: Man muss sich mit Ansichten auseinandersetzen, denen man sonst aus dem Weg gehen k\u00f6nnte. Im Netz wird das gerne Filterbubble genannt. Im \u201eReal Life\u201c vermutlich Freundeskreis oder soziales Umfeld. In meinem Umfeld beispielsweise habe ich wenig mit fleischgewordenenen chauvinistischen Altherrenwitzen zu tun.<\/p>\n<p><strong>Was st\u00f6rt Sie an Bloggern am meisten?<\/strong><br \/>\nDie Klickgeilheit. Manchen Blogs geht es haupts\u00e4chlich um Klicks &#8211; ohne R\u00fccksicht auf Verluste. Es w\u00e4re naiv zu glauben, dass mich das nicht interessiere. Aber inszenierte Skandale durch Tabu\u00fcberschreitungen oder dumme Inhalte haben wir schon zu gen\u00fcge. BloggerInnen sollten die Chance nutzen, Sachen anders anzufassen. Dabei geht es mir um keine inhaltliche Medienrevolution, sondern einfach um den eigenen Anspruch. Und der kann durchaus den vieler etablierter Medien \u00fcberbieten.<\/p>\n<p><strong>Was st\u00f6rt Sie an sich selbst am meisten?<\/strong><br \/>\nMeine Klickgeilheit.<\/p>\n<p><strong>Ihr gl\u00fccklichster Moment als Blogger?<\/strong><br \/>\nAls mir ein Leser sagte, dass er sich wegen mir traue als Betroffener Themen deutlicher und lauter auszusprechen.<\/p>\n<p><strong>Was halten Sie f\u00fcr Ihre gr\u00f6\u00dfte Errungenschaft als Blogger?<\/strong><br \/>\nIch hoffe, dass diese noch vor mir liegt. Ich denke aber tats\u00e4chlich, dass mein Blog in der Kombination der Themen und Inhalte relativ einzigartig ist. Nat\u00fcrlich gibt es viele weitere Reblogger, doch die Themen-Kombination gibt es in dieser Form nur bei mir.<\/p>\n<p><strong>\u00dcber welches Talent w\u00fcrden Sie gern verf\u00fcgen?<\/strong><br \/>\nIch w\u00fcrde mit meiner Musik gerne eine \u00e4hnlich gro\u00dfe Zielgruppe erreichen wie als Blogger. Was nicht hei\u00dft, dass ich mich als Musiker f\u00fcr talentfrei halte. Da ist aber deutlich Luft nach oben. Ansonsten: Interpunktion!<\/p>\n<p><strong>Als welcher Blogger m\u00f6chten Sie gern wiedergeboren werden?<\/strong><br \/>\nEinmal auf der Welt gewesen zu sein reicht doch, oder? Wiedergeburt ist nicht mein Thema.<\/p>\n<p><strong>Ihre gr\u00f6\u00dfte Extravaganz?<\/strong><br \/>\nEinh\u00f6rner.<\/p>\n<p><strong>Ihre gegenw\u00e4rtige Geistesverfassung?<\/strong><br \/>\nWiedergeburt geleugnet? Check! Einh\u00f6rner mehrmals erw\u00e4hnt? Check! Ich denke in der goldenen Mitte.<\/p>\n<p><strong>Ihr Motto?<\/strong><br \/>\nPuhhh, habe ich nicht. Aber ich nutze die Gelegenheit, um Hagen Retter zu zitieren: &#8222;Wir leben in einem Land, wo Frauenversteher und Gutmensch und Pazifist Schimpfworte sind. Haben wir echt gut hingekriegt.&#8220;<\/p>\n<p><span style=\"color: #101010\"><span style=\"color: #101010\"><span style=\"color: #101010\">Bislang haben unseren Proust-Bloggerfragebogen Cosima Bucarelli, Johanna Moers, <\/span><\/span><\/span><a href=\"https:\/\/blog.zeit.de\/zeitmagazin\/2011\/05\/12\/proust-fragebogen-fur-blogger-15\/\"><span style=\"color: #101010\"><span style=\"color: #101010\"><span style=\"color: #101010\"><span style=\"color: #101010\">Jill Adams<\/span><\/span><\/span><\/span><\/a><span style=\"color: #101010\"><span style=\"color: #101010\"><span style=\"color: #101010\">,\u00a0<\/span><\/span><\/span><a href=\"https:\/\/blog.zeit.de\/zeitmagazin\/2011\/05\/05\/proust-fragebogen-fur-blogger-14\/\"><span style=\"color: #101010\"><span style=\"color: #101010\"><span style=\"color: #101010\"><span style=\"color: #101010\">Siems Luckwaldt<\/span><\/span><\/span><\/span><\/a><span style=\"color: #101010\"><span style=\"color: #101010\"><span style=\"color: #101010\">,\u00a0<\/span><\/span><\/span><a href=\"https:\/\/blog.zeit.de\/zeitmagazin\/2011\/04\/28\/proust-fagebogen-fur-blogger-13\/\"><span style=\"color: #101010\"><span style=\"color: #101010\"><span style=\"color: #101010\"><span style=\"color: #101010\">Katja Hentschel<\/span><\/span><\/span><\/span><\/a><span style=\"color: #101010\"><span style=\"color: #101010\"><span style=\"color: #101010\">,\u00a0<\/span><\/span><\/span><a href=\"https:\/\/blog.zeit.de\/zeitmagazin\/2011\/04\/20\/proust-fragebogen-fur-blogger-12\/\"><span style=\"color: #101010\"><span style=\"color: #101010\"><span style=\"color: #101010\"><span style=\"color: #101010\">Katya Moorman<\/span><\/span><\/span><\/span><\/a><span style=\"color: #101010\"><span style=\"color: #101010\"><span style=\"color: #101010\">,\u00a0<\/span><\/span><\/span><a href=\"https:\/\/blog.zeit.de\/zeitmagazin\/2011\/04\/07\/proust-fragebogen-fur-blogger-11\/\"><span style=\"color: #101010\"><span style=\"color: #101010\"><span style=\"color: #101010\"><span style=\"color: #101010\">Julia Stelzner<\/span><\/span><\/span><\/span><\/a><span style=\"color: #101010\"><span style=\"color: #101010\"><span style=\"color: #101010\">,\u00a0<\/span><\/span><\/span><a href=\"https:\/\/blog.zeit.de\/zeitmagazin\/2011\/03\/31\/proust-fragebogen-fur-blogger-10\/\"><span style=\"color: #101010\"><span style=\"color: #101010\"><span style=\"color: #101010\"><span style=\"color: #101010\">Katharina Charpian<\/span><\/span><\/span><\/span><\/a><span style=\"color: #101010\"><span style=\"color: #101010\"><span style=\"color: #101010\">,\u00a0<\/span><\/span><\/span><a href=\"https:\/\/blog.zeit.de\/zeitmagazin\/2011\/03\/24\/proust-fragebogen-fur-blogger-9\/\"><span style=\"color: #101010\"><span style=\"color: #101010\"><span style=\"color: #101010\"><span style=\"color: #101010\">Thomas Kn\u00fcwer<\/span><\/span><\/span><\/span><\/a><span style=\"color: #101010\"><span style=\"color: #101010\"><span style=\"color: #101010\">,\u00a0<\/span><\/span><\/span><a href=\"https:\/\/blog.zeit.de\/zeitmagazin\/2011\/03\/17\/proust-fragebogen-fur-blogger-8\/\"><span style=\"color: #101010\"><span style=\"color: #101010\"><span style=\"color: #101010\"><span style=\"color: #101010\">Marlene S\u00f8rensen und James Castle<\/span><\/span><\/span><\/span><\/a><span style=\"color: #101010\"><span style=\"color: #101010\"><span style=\"color: #101010\">,\u00a0<\/span><\/span><\/span><a href=\"https:\/\/blog.zeit.de\/zeitmagazin\/2011\/03\/15\/proust-fragebogen-fur-blogger-7\/\"><span style=\"color: #101010\"><span style=\"color: #101010\"><span style=\"color: #101010\"><span style=\"color: #101010\">Mary Scherpe<\/span><\/span><\/span><\/span><\/a><span style=\"color: #101010\"><span style=\"color: #101010\"><span style=\"color: #101010\">,\u00a0<\/span><\/span><\/span><a href=\"https:\/\/blog.zeit.de\/zeitmagazin\/2011\/03\/10\/proust-fragebogen-fur-blogger-6\/\"><span style=\"color: #101010\"><span style=\"color: #101010\"><span style=\"color: #101010\"><span style=\"color: #101010\">Juliane Duft und Anna Katharina Bender<\/span><\/span><\/span><\/span><\/a><span style=\"color: #101010\"><span style=\"color: #101010\"><span style=\"color: #101010\">,\u00a0<\/span><\/span><\/span><a href=\"https:\/\/blog.zeit.de\/zeitmagazin\/2011\/02\/24\/proust-fragebogen-fur-blogger-5\/\"><span style=\"color: #101010\"><span style=\"color: #101010\"><span style=\"color: #101010\"><span style=\"color: #101010\">Richard Gutjahr<\/span><\/span><\/span><\/span><\/a><span style=\"color: #101010\"><span style=\"color: #101010\"><span style=\"color: #101010\">,\u00a0<\/span><\/span><\/span><a href=\"https:\/\/blog.zeit.de\/zeitmagazin\/2011\/02\/17\/proust-fragebogen-fur-blogger-4\/\"><span style=\"color: #101010\"><span style=\"color: #101010\"><span style=\"color: #101010\"><span style=\"color: #101010\">Anna dello Russo<\/span><\/span><\/span><\/span><\/a><span style=\"color: #101010\"><span style=\"color: #101010\"><span style=\"color: #101010\">,\u00a0<\/span><\/span><\/span><a href=\"https:\/\/blog.zeit.de\/zeitmagazin\/2011\/02\/10\/proust-fragebogen-fur-blogger-3\/\"><span style=\"color: #101010\"><span style=\"color: #101010\"><span style=\"color: #101010\"><span style=\"color: #101010\">Peter Glaser<\/span><\/span><\/span><\/span><\/a><span style=\"color: #101010\"><span style=\"color: #101010\"><span style=\"color: #101010\">,\u00a0<\/span><\/span><\/span><a href=\"https:\/\/blog.zeit.de\/zeitmagazin\/2011\/02\/04\/proust-fragebogen-fur-blogger-2\/\"><span style=\"color: #101010\"><span style=\"color: #101010\"><span style=\"color: #101010\"><span style=\"color: #101010\">Frederik Frede<\/span><\/span><\/span><\/span><\/a><span style=\"color: #101010\"><span style=\"color: #101010\"><span style=\"color: #101010\"> und\u00a0<\/span><\/span><\/span><a href=\"https:\/\/blog.zeit.de\/zeitmagazin\/2011\/01\/18\/proust-fragebogen-1\/\"><span style=\"color: #101010\"><span style=\"color: #101010\"><span style=\"color: #101010\"><span style=\"color: #101010\">Jessica Wei\u00df<\/span><\/span><\/span><\/span><\/a><span style=\"color: #101010\"><span style=\"color: #101010\"><span style=\"color: #101010\"> und <\/span><\/span><\/span><a href=\"http:\/\/stefan-mesch.blogspot.com\/\"><span style=\"color: #101010\"><span style=\"color: #101010\"><span style=\"color: #101010\"><span style=\"color: #101010\">Stefan Mensch<\/span><\/span><\/span><\/span><\/a><span style=\"color: #101010\"><span style=\"color: #101010\"><span style=\"color: #101010\"> ausgef\u00fcllt.<\/span><\/span><\/span><\/p>\n<p><span style=\"color: #101010\"><span style=\"color: #101010\"><span style=\"color: #101010\"><span style=\"color: #101010\">\u00a0<\/span><\/span><\/span><\/span><\/p>\n","protected":false},"excerpt":{"rendered":"<p>Kotzendes Einhorn\u00a0schien wegen des Namens zun\u00e4chst nichts f\u00fcr heiter und gl\u00fccklich &#8211; obwohl der neben Verwunderung nat\u00fcrlich auch f\u00fcr Heiterkeit sorgen kann. In jedem Fall aber weckt er Interesse. Das tut auch der pink auf wei\u00df glitzernde Selbstank\u00fcndigungs-Slogan: &#8222;Daniel Deckers Blog f\u00fcr Liebe, Kultur und Revolution in Zeiten der Lethargie&#8220;. Was hinter dem Blog steckt, [&hellip;]<\/p>\n","protected":false},"author":303,"featured_media":0,"comment_status":"open","ping_status":"open","sticky":false,"template":"","format":"standard","meta":{"_jetpack_memberships_contains_paid_content":false,"footnotes":""},"categories":[1],"tags":[],"class_list":["post-15777","post","type-post","status-publish","format-standard","hentry","category-allgemein"],"yoast_head":"<!-- This site is optimized with the Yoast SEO plugin v21.0 - https:\/\/yoast.com\/wordpress\/plugins\/seo\/ -->\n<title>Proust-Fragebogen f\u00fcr Blogger (55) - Heiter bis gl\u00fccklich<\/title>\n<meta name=\"robots\" content=\"index, follow, max-snippet:-1, max-image-preview:large, max-video-preview:-1\" \/>\n<link rel=\"canonical\" href=\"https:\/\/blog.zeit.de\/zeitmagazin\/2013\/04\/20\/proust-fragebogen-fur-blogger-55\/\" \/>\n<meta property=\"og:locale\" content=\"de_DE\" \/>\n<meta property=\"og:type\" content=\"article\" \/>\n<meta property=\"og:title\" content=\"Proust-Fragebogen f\u00fcr Blogger (55) - Heiter bis gl\u00fccklich\" \/>\n<meta property=\"og:description\" content=\"Kotzendes Einhorn\u00a0schien wegen des Namens zun\u00e4chst nichts f\u00fcr heiter und gl\u00fccklich &#8211; obwohl der neben Verwunderung nat\u00fcrlich auch f\u00fcr Heiterkeit sorgen kann. In jedem Fall aber weckt er Interesse. Das tut auch der pink auf wei\u00df glitzernde Selbstank\u00fcndigungs-Slogan: &#8222;Daniel Deckers Blog f\u00fcr Liebe, Kultur und Revolution in Zeiten der Lethargie&#8220;. Was hinter dem Blog steckt, [&hellip;]\" \/>\n<meta property=\"og:url\" content=\"https:\/\/blog.zeit.de\/zeitmagazin\/2013\/04\/20\/proust-fragebogen-fur-blogger-55\/\" \/>\n<meta property=\"og:site_name\" content=\"Heiter bis gl\u00fccklich\" \/>\n<meta property=\"article:published_time\" content=\"2013-04-20T06:01:27+00:00\" \/>\n<meta property=\"article:modified_time\" content=\"2013-04-20T06:02:17+00:00\" \/>\n<meta property=\"og:image\" content=\"https:\/\/blog.zeit.de\/zeitmagazin\/files\/2013\/04\/daniel-decker.jpg\" \/>\n<meta name=\"author\" content=\"ZEITmagazin\" \/>\n<meta name=\"twitter:card\" content=\"summary_large_image\" \/>\n<meta name=\"twitter:label1\" content=\"Geschrieben von\" \/>\n\t<meta name=\"twitter:data1\" content=\"ZEITmagazin\" \/>\n\t<meta name=\"twitter:label2\" content=\"Gesch\u00e4tzte Lesezeit\" \/>\n\t<meta name=\"twitter:data2\" content=\"5\u00a0Minuten\" \/>\n<script type=\"application\/ld+json\" class=\"yoast-schema-graph\">{\"@context\":\"https:\/\/schema.org\",\"@graph\":[{\"@type\":\"WebPage\",\"@id\":\"https:\/\/blog.zeit.de\/zeitmagazin\/2013\/04\/20\/proust-fragebogen-fur-blogger-55\/\",\"url\":\"https:\/\/blog.zeit.de\/zeitmagazin\/2013\/04\/20\/proust-fragebogen-fur-blogger-55\/\",\"name\":\"Proust-Fragebogen f\u00fcr Blogger (55) - Heiter bis gl\u00fccklich\",\"isPartOf\":{\"@id\":\"https:\/\/blog.zeit.de\/zeitmagazin\/#website\"},\"datePublished\":\"2013-04-20T06:01:27+00:00\",\"dateModified\":\"2013-04-20T06:02:17+00:00\",\"author\":{\"@id\":\"https:\/\/blog.zeit.de\/zeitmagazin\/#\/schema\/person\/e529ff83538f7de57b4ca7ada8af49dc\"},\"breadcrumb\":{\"@id\":\"https:\/\/blog.zeit.de\/zeitmagazin\/2013\/04\/20\/proust-fragebogen-fur-blogger-55\/#breadcrumb\"},\"inLanguage\":\"de\",\"potentialAction\":[{\"@type\":\"ReadAction\",\"target\":[\"https:\/\/blog.zeit.de\/zeitmagazin\/2013\/04\/20\/proust-fragebogen-fur-blogger-55\/\"]}]},{\"@type\":\"BreadcrumbList\",\"@id\":\"https:\/\/blog.zeit.de\/zeitmagazin\/2013\/04\/20\/proust-fragebogen-fur-blogger-55\/#breadcrumb\",\"itemListElement\":[{\"@type\":\"ListItem\",\"position\":1,\"name\":\"Startseite\",\"item\":\"https:\/\/blog.zeit.de\/zeitmagazin\/\"},{\"@type\":\"ListItem\",\"position\":2,\"name\":\"Proust-Fragebogen f\u00fcr Blogger (55)\"}]},{\"@type\":\"WebSite\",\"@id\":\"https:\/\/blog.zeit.de\/zeitmagazin\/#website\",\"url\":\"https:\/\/blog.zeit.de\/zeitmagazin\/\",\"name\":\"Heiter bis gl\u00fccklich\",\"description\":\"Das ZEITmagazin-Blog\",\"potentialAction\":[{\"@type\":\"SearchAction\",\"target\":{\"@type\":\"EntryPoint\",\"urlTemplate\":\"https:\/\/blog.zeit.de\/zeitmagazin\/?s={search_term_string}\"},\"query-input\":\"required name=search_term_string\"}],\"inLanguage\":\"de\"},{\"@type\":\"Person\",\"@id\":\"https:\/\/blog.zeit.de\/zeitmagazin\/#\/schema\/person\/e529ff83538f7de57b4ca7ada8af49dc\",\"name\":\"ZEITmagazin\",\"image\":{\"@type\":\"ImageObject\",\"inLanguage\":\"de\",\"@id\":\"https:\/\/blog.zeit.de\/zeitmagazin\/#\/schema\/person\/image\/\",\"url\":\"https:\/\/secure.gravatar.com\/avatar\/395ae643797af45a6adeb82c72ce6e2664e91838c8fa626029a0f6bad7394dde?s=96&d=mm&r=g\",\"contentUrl\":\"https:\/\/secure.gravatar.com\/avatar\/395ae643797af45a6adeb82c72ce6e2664e91838c8fa626029a0f6bad7394dde?s=96&d=mm&r=g\",\"caption\":\"ZEITmagazin\"},\"url\":\"https:\/\/blog.zeit.de\/zeitmagazin\/author\/katrin-dose\/\"}]}<\/script>\n<!-- \/ Yoast SEO plugin. -->","yoast_head_json":{"title":"Proust-Fragebogen f\u00fcr Blogger (55) - Heiter bis gl\u00fccklich","robots":{"index":"index","follow":"follow","max-snippet":"max-snippet:-1","max-image-preview":"max-image-preview:large","max-video-preview":"max-video-preview:-1"},"canonical":"https:\/\/blog.zeit.de\/zeitmagazin\/2013\/04\/20\/proust-fragebogen-fur-blogger-55\/","og_locale":"de_DE","og_type":"article","og_title":"Proust-Fragebogen f\u00fcr Blogger (55) - Heiter bis gl\u00fccklich","og_description":"Kotzendes Einhorn\u00a0schien wegen des Namens zun\u00e4chst nichts f\u00fcr heiter und gl\u00fccklich &#8211; obwohl der neben Verwunderung nat\u00fcrlich auch f\u00fcr Heiterkeit sorgen kann. In jedem Fall aber weckt er Interesse. Das tut auch der pink auf wei\u00df glitzernde Selbstank\u00fcndigungs-Slogan: &#8222;Daniel Deckers Blog f\u00fcr Liebe, Kultur und Revolution in Zeiten der Lethargie&#8220;. Was hinter dem Blog steckt, [&hellip;]","og_url":"https:\/\/blog.zeit.de\/zeitmagazin\/2013\/04\/20\/proust-fragebogen-fur-blogger-55\/","og_site_name":"Heiter bis gl\u00fccklich","article_published_time":"2013-04-20T06:01:27+00:00","article_modified_time":"2013-04-20T06:02:17+00:00","og_image":[{"url":"https:\/\/blog.zeit.de\/zeitmagazin\/files\/2013\/04\/daniel-decker.jpg"}],"author":"ZEITmagazin","twitter_card":"summary_large_image","twitter_misc":{"Geschrieben von":"ZEITmagazin","Gesch\u00e4tzte Lesezeit":"5\u00a0Minuten"},"schema":{"@context":"https:\/\/schema.org","@graph":[{"@type":"WebPage","@id":"https:\/\/blog.zeit.de\/zeitmagazin\/2013\/04\/20\/proust-fragebogen-fur-blogger-55\/","url":"https:\/\/blog.zeit.de\/zeitmagazin\/2013\/04\/20\/proust-fragebogen-fur-blogger-55\/","name":"Proust-Fragebogen f\u00fcr Blogger (55) - Heiter bis gl\u00fccklich","isPartOf":{"@id":"https:\/\/blog.zeit.de\/zeitmagazin\/#website"},"datePublished":"2013-04-20T06:01:27+00:00","dateModified":"2013-04-20T06:02:17+00:00","author":{"@id":"https:\/\/blog.zeit.de\/zeitmagazin\/#\/schema\/person\/e529ff83538f7de57b4ca7ada8af49dc"},"breadcrumb":{"@id":"https:\/\/blog.zeit.de\/zeitmagazin\/2013\/04\/20\/proust-fragebogen-fur-blogger-55\/#breadcrumb"},"inLanguage":"de","potentialAction":[{"@type":"ReadAction","target":["https:\/\/blog.zeit.de\/zeitmagazin\/2013\/04\/20\/proust-fragebogen-fur-blogger-55\/"]}]},{"@type":"BreadcrumbList","@id":"https:\/\/blog.zeit.de\/zeitmagazin\/2013\/04\/20\/proust-fragebogen-fur-blogger-55\/#breadcrumb","itemListElement":[{"@type":"ListItem","position":1,"name":"Startseite","item":"https:\/\/blog.zeit.de\/zeitmagazin\/"},{"@type":"ListItem","position":2,"name":"Proust-Fragebogen f\u00fcr Blogger (55)"}]},{"@type":"WebSite","@id":"https:\/\/blog.zeit.de\/zeitmagazin\/#website","url":"https:\/\/blog.zeit.de\/zeitmagazin\/","name":"Heiter bis gl\u00fccklich","description":"Das ZEITmagazin-Blog","potentialAction":[{"@type":"SearchAction","target":{"@type":"EntryPoint","urlTemplate":"https:\/\/blog.zeit.de\/zeitmagazin\/?s={search_term_string}"},"query-input":"required name=search_term_string"}],"inLanguage":"de"},{"@type":"Person","@id":"https:\/\/blog.zeit.de\/zeitmagazin\/#\/schema\/person\/e529ff83538f7de57b4ca7ada8af49dc","name":"ZEITmagazin","image":{"@type":"ImageObject","inLanguage":"de","@id":"https:\/\/blog.zeit.de\/zeitmagazin\/#\/schema\/person\/image\/","url":"https:\/\/secure.gravatar.com\/avatar\/395ae643797af45a6adeb82c72ce6e2664e91838c8fa626029a0f6bad7394dde?s=96&d=mm&r=g","contentUrl":"https:\/\/secure.gravatar.com\/avatar\/395ae643797af45a6adeb82c72ce6e2664e91838c8fa626029a0f6bad7394dde?s=96&d=mm&r=g","caption":"ZEITmagazin"},"url":"https:\/\/blog.zeit.de\/zeitmagazin\/author\/katrin-dose\/"}]}},"jetpack_featured_media_url":"","jetpack_sharing_enabled":true,"_links":{"self":[{"href":"https:\/\/blog.zeit.de\/zeitmagazin\/wp-json\/wp\/v2\/posts\/15777","targetHints":{"allow":["GET"]}}],"collection":[{"href":"https:\/\/blog.zeit.de\/zeitmagazin\/wp-json\/wp\/v2\/posts"}],"about":[{"href":"https:\/\/blog.zeit.de\/zeitmagazin\/wp-json\/wp\/v2\/types\/post"}],"author":[{"embeddable":true,"href":"https:\/\/blog.zeit.de\/zeitmagazin\/wp-json\/wp\/v2\/users\/303"}],"replies":[{"embeddable":true,"href":"https:\/\/blog.zeit.de\/zeitmagazin\/wp-json\/wp\/v2\/comments?post=15777"}],"version-history":[{"count":10,"href":"https:\/\/blog.zeit.de\/zeitmagazin\/wp-json\/wp\/v2\/posts\/15777\/revisions"}],"predecessor-version":[{"id":15892,"href":"https:\/\/blog.zeit.de\/zeitmagazin\/wp-json\/wp\/v2\/posts\/15777\/revisions\/15892"}],"wp:attachment":[{"href":"https:\/\/blog.zeit.de\/zeitmagazin\/wp-json\/wp\/v2\/media?parent=15777"}],"wp:term":[{"taxonomy":"category","embeddable":true,"href":"https:\/\/blog.zeit.de\/zeitmagazin\/wp-json\/wp\/v2\/categories?post=15777"},{"taxonomy":"post_tag","embeddable":true,"href":"https:\/\/blog.zeit.de\/zeitmagazin\/wp-json\/wp\/v2\/tags?post=15777"}],"curies":[{"name":"wp","href":"https:\/\/api.w.org\/{rel}","templated":true}]}}