{"id":2206,"date":"2011-01-19T08:00:18","date_gmt":"2011-01-19T07:00:18","guid":{"rendered":"http:\/\/blog.zeit.de\/zeitmagazin\/?p=2206"},"modified":"2011-01-19T14:52:08","modified_gmt":"2011-01-19T13:52:08","slug":"matl-findel","status":"publish","type":"post","link":"https:\/\/blog.zeit.de\/zeitmagazin\/2011\/01\/19\/matl-findel\/","title":{"rendered":"Matl Findel"},"content":{"rendered":"<p><figure id=\"attachment_2207\" aria-describedby=\"caption-attachment-2207\" style=\"width: 540px\" class=\"wp-caption aligncenter\"><img loading=\"lazy\" decoding=\"async\" class=\"size-large wp-image-2207\" title=\"Wallstreet One Galerie\" src=\"https:\/\/blog.zeit.de\/zeitmagazin\/files\/2011\/01\/WallstreetONEkompl-540x181.jpg\" alt=\"\" width=\"540\" height=\"181\" \/><figcaption id=\"caption-attachment-2207\" class=\"wp-caption-text\">(c) Matl Findel<\/figcaption><\/figure><\/p>\n<p>Es gibt nicht nur E-Books, sondern auch E-Paintings: Ein Video l\u00e4uft auf einem gerahmten Bildschirm. Wie das aussieht, zeigt der K\u00fcnstler Matl Findel in der <a href=\"http:\/\/www.wallstreet-one.com\" target=\"_blank\">Berliner GALERIE Wallstreet One<\/a> (bis 28.1.) \u2013 Sie k\u00f6nnen aber auch <a href=\"..\/files\/2011\/01\/two-examples-Stromgem%C3%A4lde.mov\">hier<\/a> einen ersten Blick darauf werfen.<\/p>\n","protected":false},"excerpt":{"rendered":"<p>Es gibt nicht nur E-Books, sondern auch E-Paintings: Ein Video l\u00e4uft auf einem gerahmten Bildschirm. Wie das aussieht, zeigt der K\u00fcnstler Matl Findel in der Berliner GALERIE Wallstreet One (bis 28.1.) \u2013 Sie k\u00f6nnen aber auch hier einen ersten Blick darauf werfen.<\/p>\n","protected":false},"author":303,"featured_media":0,"comment_status":"open","ping_status":"open","sticky":false,"template":"","format":"standard","meta":{"_jetpack_memberships_contains_paid_content":false,"footnotes":""},"categories":[401],"tags":[],"class_list":["post-2206","post","type-post","status-publish","format-standard","hentry","category-kunst"],"yoast_head":"<!-- This site is optimized with the Yoast SEO plugin v21.0 - https:\/\/yoast.com\/wordpress\/plugins\/seo\/ -->\n<title>Matl Findel - Heiter bis gl\u00fccklich<\/title>\n<meta name=\"robots\" content=\"index, follow, max-snippet:-1, max-image-preview:large, max-video-preview:-1\" \/>\n<link rel=\"canonical\" href=\"https:\/\/blog.zeit.de\/zeitmagazin\/2011\/01\/19\/matl-findel\/\" \/>\n<meta property=\"og:locale\" content=\"de_DE\" \/>\n<meta property=\"og:type\" content=\"article\" \/>\n<meta property=\"og:title\" content=\"Matl Findel - Heiter bis gl\u00fccklich\" \/>\n<meta property=\"og:description\" content=\"Es gibt nicht nur E-Books, sondern auch E-Paintings: Ein Video l\u00e4uft auf einem gerahmten Bildschirm. Wie das aussieht, zeigt der K\u00fcnstler Matl Findel in der Berliner GALERIE Wallstreet One (bis 28.1.) \u2013 Sie k\u00f6nnen aber auch hier einen ersten Blick darauf werfen.\" \/>\n<meta property=\"og:url\" content=\"https:\/\/blog.zeit.de\/zeitmagazin\/2011\/01\/19\/matl-findel\/\" \/>\n<meta property=\"og:site_name\" content=\"Heiter bis gl\u00fccklich\" \/>\n<meta property=\"article:published_time\" content=\"2011-01-19T07:00:18+00:00\" \/>\n<meta property=\"article:modified_time\" content=\"2011-01-19T13:52:08+00:00\" \/>\n<meta property=\"og:image\" content=\"https:\/\/blog.zeit.de\/zeitmagazin\/files\/2011\/01\/WallstreetONEkompl-540x181.jpg\" \/>\n<meta name=\"author\" content=\"ZEITmagazin\" \/>\n<meta name=\"twitter:card\" content=\"summary_large_image\" \/>\n<meta name=\"twitter:label1\" content=\"Geschrieben von\" \/>\n\t<meta name=\"twitter:data1\" content=\"ZEITmagazin\" \/>\n<script type=\"application\/ld+json\" class=\"yoast-schema-graph\">{\"@context\":\"https:\/\/schema.org\",\"@graph\":[{\"@type\":\"WebPage\",\"@id\":\"https:\/\/blog.zeit.de\/zeitmagazin\/2011\/01\/19\/matl-findel\/\",\"url\":\"https:\/\/blog.zeit.de\/zeitmagazin\/2011\/01\/19\/matl-findel\/\",\"name\":\"Matl Findel - Heiter bis gl\u00fccklich\",\"isPartOf\":{\"@id\":\"https:\/\/blog.zeit.de\/zeitmagazin\/#website\"},\"datePublished\":\"2011-01-19T07:00:18+00:00\",\"dateModified\":\"2011-01-19T13:52:08+00:00\",\"author\":{\"@id\":\"https:\/\/blog.zeit.de\/zeitmagazin\/#\/schema\/person\/e529ff83538f7de57b4ca7ada8af49dc\"},\"breadcrumb\":{\"@id\":\"https:\/\/blog.zeit.de\/zeitmagazin\/2011\/01\/19\/matl-findel\/#breadcrumb\"},\"inLanguage\":\"de\",\"potentialAction\":[{\"@type\":\"ReadAction\",\"target\":[\"https:\/\/blog.zeit.de\/zeitmagazin\/2011\/01\/19\/matl-findel\/\"]}]},{\"@type\":\"BreadcrumbList\",\"@id\":\"https:\/\/blog.zeit.de\/zeitmagazin\/2011\/01\/19\/matl-findel\/#breadcrumb\",\"itemListElement\":[{\"@type\":\"ListItem\",\"position\":1,\"name\":\"Startseite\",\"item\":\"https:\/\/blog.zeit.de\/zeitmagazin\/\"},{\"@type\":\"ListItem\",\"position\":2,\"name\":\"Matl Findel\"}]},{\"@type\":\"WebSite\",\"@id\":\"https:\/\/blog.zeit.de\/zeitmagazin\/#website\",\"url\":\"https:\/\/blog.zeit.de\/zeitmagazin\/\",\"name\":\"Heiter bis gl\u00fccklich\",\"description\":\"Das ZEITmagazin-Blog\",\"potentialAction\":[{\"@type\":\"SearchAction\",\"target\":{\"@type\":\"EntryPoint\",\"urlTemplate\":\"https:\/\/blog.zeit.de\/zeitmagazin\/?s={search_term_string}\"},\"query-input\":\"required name=search_term_string\"}],\"inLanguage\":\"de\"},{\"@type\":\"Person\",\"@id\":\"https:\/\/blog.zeit.de\/zeitmagazin\/#\/schema\/person\/e529ff83538f7de57b4ca7ada8af49dc\",\"name\":\"ZEITmagazin\",\"image\":{\"@type\":\"ImageObject\",\"inLanguage\":\"de\",\"@id\":\"https:\/\/blog.zeit.de\/zeitmagazin\/#\/schema\/person\/image\/\",\"url\":\"https:\/\/secure.gravatar.com\/avatar\/395ae643797af45a6adeb82c72ce6e2664e91838c8fa626029a0f6bad7394dde?s=96&d=mm&r=g\",\"contentUrl\":\"https:\/\/secure.gravatar.com\/avatar\/395ae643797af45a6adeb82c72ce6e2664e91838c8fa626029a0f6bad7394dde?s=96&d=mm&r=g\",\"caption\":\"ZEITmagazin\"},\"url\":\"https:\/\/blog.zeit.de\/zeitmagazin\/author\/katrin-dose\/\"}]}<\/script>\n<!-- \/ Yoast SEO plugin. -->","yoast_head_json":{"title":"Matl Findel - Heiter bis gl\u00fccklich","robots":{"index":"index","follow":"follow","max-snippet":"max-snippet:-1","max-image-preview":"max-image-preview:large","max-video-preview":"max-video-preview:-1"},"canonical":"https:\/\/blog.zeit.de\/zeitmagazin\/2011\/01\/19\/matl-findel\/","og_locale":"de_DE","og_type":"article","og_title":"Matl Findel - Heiter bis gl\u00fccklich","og_description":"Es gibt nicht nur E-Books, sondern auch E-Paintings: Ein Video l\u00e4uft auf einem gerahmten Bildschirm. Wie das aussieht, zeigt der K\u00fcnstler Matl Findel in der Berliner GALERIE Wallstreet One (bis 28.1.) \u2013 Sie k\u00f6nnen aber auch hier einen ersten Blick darauf werfen.","og_url":"https:\/\/blog.zeit.de\/zeitmagazin\/2011\/01\/19\/matl-findel\/","og_site_name":"Heiter bis gl\u00fccklich","article_published_time":"2011-01-19T07:00:18+00:00","article_modified_time":"2011-01-19T13:52:08+00:00","og_image":[{"url":"https:\/\/blog.zeit.de\/zeitmagazin\/files\/2011\/01\/WallstreetONEkompl-540x181.jpg"}],"author":"ZEITmagazin","twitter_card":"summary_large_image","twitter_misc":{"Geschrieben von":"ZEITmagazin"},"schema":{"@context":"https:\/\/schema.org","@graph":[{"@type":"WebPage","@id":"https:\/\/blog.zeit.de\/zeitmagazin\/2011\/01\/19\/matl-findel\/","url":"https:\/\/blog.zeit.de\/zeitmagazin\/2011\/01\/19\/matl-findel\/","name":"Matl Findel - Heiter bis gl\u00fccklich","isPartOf":{"@id":"https:\/\/blog.zeit.de\/zeitmagazin\/#website"},"datePublished":"2011-01-19T07:00:18+00:00","dateModified":"2011-01-19T13:52:08+00:00","author":{"@id":"https:\/\/blog.zeit.de\/zeitmagazin\/#\/schema\/person\/e529ff83538f7de57b4ca7ada8af49dc"},"breadcrumb":{"@id":"https:\/\/blog.zeit.de\/zeitmagazin\/2011\/01\/19\/matl-findel\/#breadcrumb"},"inLanguage":"de","potentialAction":[{"@type":"ReadAction","target":["https:\/\/blog.zeit.de\/zeitmagazin\/2011\/01\/19\/matl-findel\/"]}]},{"@type":"BreadcrumbList","@id":"https:\/\/blog.zeit.de\/zeitmagazin\/2011\/01\/19\/matl-findel\/#breadcrumb","itemListElement":[{"@type":"ListItem","position":1,"name":"Startseite","item":"https:\/\/blog.zeit.de\/zeitmagazin\/"},{"@type":"ListItem","position":2,"name":"Matl Findel"}]},{"@type":"WebSite","@id":"https:\/\/blog.zeit.de\/zeitmagazin\/#website","url":"https:\/\/blog.zeit.de\/zeitmagazin\/","name":"Heiter bis gl\u00fccklich","description":"Das ZEITmagazin-Blog","potentialAction":[{"@type":"SearchAction","target":{"@type":"EntryPoint","urlTemplate":"https:\/\/blog.zeit.de\/zeitmagazin\/?s={search_term_string}"},"query-input":"required name=search_term_string"}],"inLanguage":"de"},{"@type":"Person","@id":"https:\/\/blog.zeit.de\/zeitmagazin\/#\/schema\/person\/e529ff83538f7de57b4ca7ada8af49dc","name":"ZEITmagazin","image":{"@type":"ImageObject","inLanguage":"de","@id":"https:\/\/blog.zeit.de\/zeitmagazin\/#\/schema\/person\/image\/","url":"https:\/\/secure.gravatar.com\/avatar\/395ae643797af45a6adeb82c72ce6e2664e91838c8fa626029a0f6bad7394dde?s=96&d=mm&r=g","contentUrl":"https:\/\/secure.gravatar.com\/avatar\/395ae643797af45a6adeb82c72ce6e2664e91838c8fa626029a0f6bad7394dde?s=96&d=mm&r=g","caption":"ZEITmagazin"},"url":"https:\/\/blog.zeit.de\/zeitmagazin\/author\/katrin-dose\/"}]}},"jetpack_featured_media_url":"","jetpack_sharing_enabled":true,"_links":{"self":[{"href":"https:\/\/blog.zeit.de\/zeitmagazin\/wp-json\/wp\/v2\/posts\/2206","targetHints":{"allow":["GET"]}}],"collection":[{"href":"https:\/\/blog.zeit.de\/zeitmagazin\/wp-json\/wp\/v2\/posts"}],"about":[{"href":"https:\/\/blog.zeit.de\/zeitmagazin\/wp-json\/wp\/v2\/types\/post"}],"author":[{"embeddable":true,"href":"https:\/\/blog.zeit.de\/zeitmagazin\/wp-json\/wp\/v2\/users\/303"}],"replies":[{"embeddable":true,"href":"https:\/\/blog.zeit.de\/zeitmagazin\/wp-json\/wp\/v2\/comments?post=2206"}],"version-history":[{"count":8,"href":"https:\/\/blog.zeit.de\/zeitmagazin\/wp-json\/wp\/v2\/posts\/2206\/revisions"}],"predecessor-version":[{"id":2273,"href":"https:\/\/blog.zeit.de\/zeitmagazin\/wp-json\/wp\/v2\/posts\/2206\/revisions\/2273"}],"wp:attachment":[{"href":"https:\/\/blog.zeit.de\/zeitmagazin\/wp-json\/wp\/v2\/media?parent=2206"}],"wp:term":[{"taxonomy":"category","embeddable":true,"href":"https:\/\/blog.zeit.de\/zeitmagazin\/wp-json\/wp\/v2\/categories?post=2206"},{"taxonomy":"post_tag","embeddable":true,"href":"https:\/\/blog.zeit.de\/zeitmagazin\/wp-json\/wp\/v2\/tags?post=2206"}],"curies":[{"name":"wp","href":"https:\/\/api.w.org\/{rel}","templated":true}]}}