{"id":22145,"date":"2014-02-19T17:00:06","date_gmt":"2014-02-19T16:00:06","guid":{"rendered":"http:\/\/blog.zeit.de\/zeitmagazin\/?p=22145"},"modified":"2014-02-19T17:00:27","modified_gmt":"2014-02-19T16:00:27","slug":"holzfass-trifft-holiday-book","status":"publish","type":"post","link":"https:\/\/blog.zeit.de\/zeitmagazin\/2014\/02\/19\/holzfass-trifft-holiday-book\/","title":{"rendered":"Holzfass trifft Holiday Book"},"content":{"rendered":"<p><img loading=\"lazy\" decoding=\"async\" class=\"aligncenter size-large wp-image-22177\" alt=\"P1070072\" src=\"https:\/\/blog.zeit.de\/zeitmagazin\/files\/2014\/02\/P1070072-540x720.jpg\" width=\"540\" height=\"720\" srcset=\"https:\/\/blog.zeit.de\/zeitmagazin\/files\/2014\/02\/P1070072-540x720.jpg 540w, https:\/\/blog.zeit.de\/zeitmagazin\/files\/2014\/02\/P1070072-63x84.jpg 63w, https:\/\/blog.zeit.de\/zeitmagazin\/files\/2014\/02\/P1070072-220x293.jpg 220w\" sizes=\"auto, (max-width: 540px) 100vw, 540px\" \/><img loading=\"lazy\" decoding=\"async\" class=\"aligncenter size-large wp-image-22175\" alt=\"2012-08-17-LC834-Berlin-5\" src=\"https:\/\/blog.zeit.de\/zeitmagazin\/files\/2014\/02\/2012-08-17-LC834-Berlin-5-540x359.jpg\" width=\"540\" height=\"359\" srcset=\"https:\/\/blog.zeit.de\/zeitmagazin\/files\/2014\/02\/2012-08-17-LC834-Berlin-5-540x359.jpg 540w, https:\/\/blog.zeit.de\/zeitmagazin\/files\/2014\/02\/2012-08-17-LC834-Berlin-5-126x84.jpg 126w, https:\/\/blog.zeit.de\/zeitmagazin\/files\/2014\/02\/2012-08-17-LC834-Berlin-5-220x146.jpg 220w\" sizes=\"auto, (max-width: 540px) 100vw, 540px\" \/><\/p>\n<p>Dass das Ende einer Ausstellung manchmal erst ihr Anfang ist, beweisen Martin W\u00f6hrl, Andreas Neumeister und Martin Fengel in diesen Tagen in M\u00fcnchen. Die K\u00fcnstler hatten in der Vergangenheit bereits im Berliner Corbusierhaus ausgestellt, Martin Fengel die Fotografien seiner &#8222;Holiday Books&#8220;, Martin W\u00f6hrl und Andreas Neumeister die Werke ihrer Ausstellung &#8222;Wei\u00df man es?&#8220;.<\/p>\n<p>Nun also kehren sie in M\u00fcnchen ein, und zwar nicht nur mit weiteren Arbeiten, sondern auch mit Leporelli zu ihren Schauen. Martin Fengel, der in der bayerischen Hauptstadt lebt und arbeitet, pr\u00e4sentiert noch einmal die im Herbst 2011 an die W\u00e4nde des Corbusierhauses projizierten Fotografien, diesmal allerdings handlich zu einem Faltbuch gestaltet. Zu sehen sind die Reisef\u00fchrer und Romane, die er in den Jahren seines Schaffens abgelichtet hat, von &#8222;Conan, der Abenteurer&#8220; bis hin zu Oliver Sacks&#8216; &#8222;Der Mann, der seine Frau mit einem Hut verwechselte&#8220;.<\/p>\n<p>Auch Martin W\u00f6hrl und Andreas Neumeister, die von Juni bis November 2012 im Corbusierhaus ausstellten, greifen ihre provozierende Frage &#8222;Wei\u00df man es?&#8220; erneut auf. Dabei zeigten sie von W\u00f6hrl gestaltete Fassk\u00f6pfe und freistehende Objekte, die sie mit Texten von Neumeister an den W\u00e4nden und auf den F\u00e4ssern kombinierten. &#8222;Ihn sieh an&#8220;, forderte so ein Fasskopf den Betrachter auf, w\u00e4hrend zwei W\u00e4nde weiter das Gedicht &#8222;alles nah\/ alles relativ\/ alles relativ fern\/ alles fern\/ alles relativ\/ alles relativ nah&#8220; die Fantasie fordert. Lassen Sie sich inspirieren.<\/p>\n<p><em>Am 20. Februar l\u00e4dt Galerist Peter Ottmann ab 18 Uhr in die Goethestra\u00dfe 74 in M\u00fcnchen zur Vernissage der Ausstellung &#8222;1 und 2&#8220; ein. Die Schau l\u00e4uft bis zum 31. M\u00e4rz 2014.<\/em><\/p>\n<p>(c) Martin W\u00f6hrl, Andreas Neumeister, Martin Fengel\/ Galerie Peter Ottmann<\/p>\n","protected":false},"excerpt":{"rendered":"<p>Dass das Ende einer Ausstellung manchmal erst ihr Anfang ist, beweisen Martin W\u00f6hrl, Andreas Neumeister und Martin Fengel in diesen Tagen in M\u00fcnchen. Die K\u00fcnstler hatten in der Vergangenheit bereits im Berliner Corbusierhaus ausgestellt, Martin Fengel die Fotografien seiner &#8222;Holiday Books&#8220;, Martin W\u00f6hrl und Andreas Neumeister die Werke ihrer Ausstellung &#8222;Wei\u00df man es?&#8220;. Nun also [&hellip;]<\/p>\n","protected":false},"author":303,"featured_media":0,"comment_status":"open","ping_status":"open","sticky":false,"template":"","format":"standard","meta":{"_jetpack_memberships_contains_paid_content":false,"footnotes":""},"categories":[22,2465,401],"tags":[],"class_list":["post-22145","post","type-post","status-publish","format-standard","hentry","category-ausstellung","category-fotografie","category-kunst"],"yoast_head":"<!-- This site is optimized with the Yoast SEO plugin v21.0 - https:\/\/yoast.com\/wordpress\/plugins\/seo\/ -->\n<title>Holzfass trifft Holiday Book - Heiter bis gl\u00fccklich<\/title>\n<meta name=\"robots\" content=\"index, follow, max-snippet:-1, max-image-preview:large, max-video-preview:-1\" \/>\n<link rel=\"canonical\" href=\"https:\/\/blog.zeit.de\/zeitmagazin\/2014\/02\/19\/holzfass-trifft-holiday-book\/\" \/>\n<meta property=\"og:locale\" content=\"de_DE\" \/>\n<meta property=\"og:type\" content=\"article\" \/>\n<meta property=\"og:title\" content=\"Holzfass trifft Holiday Book - Heiter bis gl\u00fccklich\" \/>\n<meta property=\"og:description\" content=\"Dass das Ende einer Ausstellung manchmal erst ihr Anfang ist, beweisen Martin W\u00f6hrl, Andreas Neumeister und Martin Fengel in diesen Tagen in M\u00fcnchen. Die K\u00fcnstler hatten in der Vergangenheit bereits im Berliner Corbusierhaus ausgestellt, Martin Fengel die Fotografien seiner &#8222;Holiday Books&#8220;, Martin W\u00f6hrl und Andreas Neumeister die Werke ihrer Ausstellung &#8222;Wei\u00df man es?&#8220;. Nun also [&hellip;]\" \/>\n<meta property=\"og:url\" content=\"https:\/\/blog.zeit.de\/zeitmagazin\/2014\/02\/19\/holzfass-trifft-holiday-book\/\" \/>\n<meta property=\"og:site_name\" content=\"Heiter bis gl\u00fccklich\" \/>\n<meta property=\"article:published_time\" content=\"2014-02-19T16:00:06+00:00\" \/>\n<meta property=\"article:modified_time\" content=\"2014-02-19T16:00:27+00:00\" \/>\n<meta property=\"og:image\" content=\"https:\/\/blog.zeit.de\/zeitmagazin\/files\/2014\/02\/P1070072-540x720.jpg\" \/>\n<meta name=\"author\" content=\"ZEITmagazin\" \/>\n<meta name=\"twitter:card\" content=\"summary_large_image\" \/>\n<meta name=\"twitter:label1\" content=\"Geschrieben von\" \/>\n\t<meta name=\"twitter:data1\" content=\"ZEITmagazin\" \/>\n\t<meta name=\"twitter:label2\" content=\"Gesch\u00e4tzte Lesezeit\" \/>\n\t<meta name=\"twitter:data2\" content=\"1\u00a0Minute\" \/>\n<script type=\"application\/ld+json\" class=\"yoast-schema-graph\">{\"@context\":\"https:\/\/schema.org\",\"@graph\":[{\"@type\":\"WebPage\",\"@id\":\"https:\/\/blog.zeit.de\/zeitmagazin\/2014\/02\/19\/holzfass-trifft-holiday-book\/\",\"url\":\"https:\/\/blog.zeit.de\/zeitmagazin\/2014\/02\/19\/holzfass-trifft-holiday-book\/\",\"name\":\"Holzfass trifft Holiday Book - Heiter bis gl\u00fccklich\",\"isPartOf\":{\"@id\":\"https:\/\/blog.zeit.de\/zeitmagazin\/#website\"},\"datePublished\":\"2014-02-19T16:00:06+00:00\",\"dateModified\":\"2014-02-19T16:00:27+00:00\",\"author\":{\"@id\":\"https:\/\/blog.zeit.de\/zeitmagazin\/#\/schema\/person\/e529ff83538f7de57b4ca7ada8af49dc\"},\"breadcrumb\":{\"@id\":\"https:\/\/blog.zeit.de\/zeitmagazin\/2014\/02\/19\/holzfass-trifft-holiday-book\/#breadcrumb\"},\"inLanguage\":\"de\",\"potentialAction\":[{\"@type\":\"ReadAction\",\"target\":[\"https:\/\/blog.zeit.de\/zeitmagazin\/2014\/02\/19\/holzfass-trifft-holiday-book\/\"]}]},{\"@type\":\"BreadcrumbList\",\"@id\":\"https:\/\/blog.zeit.de\/zeitmagazin\/2014\/02\/19\/holzfass-trifft-holiday-book\/#breadcrumb\",\"itemListElement\":[{\"@type\":\"ListItem\",\"position\":1,\"name\":\"Startseite\",\"item\":\"https:\/\/blog.zeit.de\/zeitmagazin\/\"},{\"@type\":\"ListItem\",\"position\":2,\"name\":\"Holzfass trifft Holiday Book\"}]},{\"@type\":\"WebSite\",\"@id\":\"https:\/\/blog.zeit.de\/zeitmagazin\/#website\",\"url\":\"https:\/\/blog.zeit.de\/zeitmagazin\/\",\"name\":\"Heiter bis gl\u00fccklich\",\"description\":\"Das ZEITmagazin-Blog\",\"potentialAction\":[{\"@type\":\"SearchAction\",\"target\":{\"@type\":\"EntryPoint\",\"urlTemplate\":\"https:\/\/blog.zeit.de\/zeitmagazin\/?s={search_term_string}\"},\"query-input\":\"required name=search_term_string\"}],\"inLanguage\":\"de\"},{\"@type\":\"Person\",\"@id\":\"https:\/\/blog.zeit.de\/zeitmagazin\/#\/schema\/person\/e529ff83538f7de57b4ca7ada8af49dc\",\"name\":\"ZEITmagazin\",\"image\":{\"@type\":\"ImageObject\",\"inLanguage\":\"de\",\"@id\":\"https:\/\/blog.zeit.de\/zeitmagazin\/#\/schema\/person\/image\/\",\"url\":\"https:\/\/secure.gravatar.com\/avatar\/395ae643797af45a6adeb82c72ce6e2664e91838c8fa626029a0f6bad7394dde?s=96&d=mm&r=g\",\"contentUrl\":\"https:\/\/secure.gravatar.com\/avatar\/395ae643797af45a6adeb82c72ce6e2664e91838c8fa626029a0f6bad7394dde?s=96&d=mm&r=g\",\"caption\":\"ZEITmagazin\"},\"url\":\"https:\/\/blog.zeit.de\/zeitmagazin\/author\/katrin-dose\/\"}]}<\/script>\n<!-- \/ Yoast SEO plugin. -->","yoast_head_json":{"title":"Holzfass trifft Holiday Book - Heiter bis gl\u00fccklich","robots":{"index":"index","follow":"follow","max-snippet":"max-snippet:-1","max-image-preview":"max-image-preview:large","max-video-preview":"max-video-preview:-1"},"canonical":"https:\/\/blog.zeit.de\/zeitmagazin\/2014\/02\/19\/holzfass-trifft-holiday-book\/","og_locale":"de_DE","og_type":"article","og_title":"Holzfass trifft Holiday Book - Heiter bis gl\u00fccklich","og_description":"Dass das Ende einer Ausstellung manchmal erst ihr Anfang ist, beweisen Martin W\u00f6hrl, Andreas Neumeister und Martin Fengel in diesen Tagen in M\u00fcnchen. Die K\u00fcnstler hatten in der Vergangenheit bereits im Berliner Corbusierhaus ausgestellt, Martin Fengel die Fotografien seiner &#8222;Holiday Books&#8220;, Martin W\u00f6hrl und Andreas Neumeister die Werke ihrer Ausstellung &#8222;Wei\u00df man es?&#8220;. Nun also [&hellip;]","og_url":"https:\/\/blog.zeit.de\/zeitmagazin\/2014\/02\/19\/holzfass-trifft-holiday-book\/","og_site_name":"Heiter bis gl\u00fccklich","article_published_time":"2014-02-19T16:00:06+00:00","article_modified_time":"2014-02-19T16:00:27+00:00","og_image":[{"url":"https:\/\/blog.zeit.de\/zeitmagazin\/files\/2014\/02\/P1070072-540x720.jpg"}],"author":"ZEITmagazin","twitter_card":"summary_large_image","twitter_misc":{"Geschrieben von":"ZEITmagazin","Gesch\u00e4tzte Lesezeit":"1\u00a0Minute"},"schema":{"@context":"https:\/\/schema.org","@graph":[{"@type":"WebPage","@id":"https:\/\/blog.zeit.de\/zeitmagazin\/2014\/02\/19\/holzfass-trifft-holiday-book\/","url":"https:\/\/blog.zeit.de\/zeitmagazin\/2014\/02\/19\/holzfass-trifft-holiday-book\/","name":"Holzfass trifft Holiday Book - Heiter bis gl\u00fccklich","isPartOf":{"@id":"https:\/\/blog.zeit.de\/zeitmagazin\/#website"},"datePublished":"2014-02-19T16:00:06+00:00","dateModified":"2014-02-19T16:00:27+00:00","author":{"@id":"https:\/\/blog.zeit.de\/zeitmagazin\/#\/schema\/person\/e529ff83538f7de57b4ca7ada8af49dc"},"breadcrumb":{"@id":"https:\/\/blog.zeit.de\/zeitmagazin\/2014\/02\/19\/holzfass-trifft-holiday-book\/#breadcrumb"},"inLanguage":"de","potentialAction":[{"@type":"ReadAction","target":["https:\/\/blog.zeit.de\/zeitmagazin\/2014\/02\/19\/holzfass-trifft-holiday-book\/"]}]},{"@type":"BreadcrumbList","@id":"https:\/\/blog.zeit.de\/zeitmagazin\/2014\/02\/19\/holzfass-trifft-holiday-book\/#breadcrumb","itemListElement":[{"@type":"ListItem","position":1,"name":"Startseite","item":"https:\/\/blog.zeit.de\/zeitmagazin\/"},{"@type":"ListItem","position":2,"name":"Holzfass trifft Holiday Book"}]},{"@type":"WebSite","@id":"https:\/\/blog.zeit.de\/zeitmagazin\/#website","url":"https:\/\/blog.zeit.de\/zeitmagazin\/","name":"Heiter bis gl\u00fccklich","description":"Das ZEITmagazin-Blog","potentialAction":[{"@type":"SearchAction","target":{"@type":"EntryPoint","urlTemplate":"https:\/\/blog.zeit.de\/zeitmagazin\/?s={search_term_string}"},"query-input":"required name=search_term_string"}],"inLanguage":"de"},{"@type":"Person","@id":"https:\/\/blog.zeit.de\/zeitmagazin\/#\/schema\/person\/e529ff83538f7de57b4ca7ada8af49dc","name":"ZEITmagazin","image":{"@type":"ImageObject","inLanguage":"de","@id":"https:\/\/blog.zeit.de\/zeitmagazin\/#\/schema\/person\/image\/","url":"https:\/\/secure.gravatar.com\/avatar\/395ae643797af45a6adeb82c72ce6e2664e91838c8fa626029a0f6bad7394dde?s=96&d=mm&r=g","contentUrl":"https:\/\/secure.gravatar.com\/avatar\/395ae643797af45a6adeb82c72ce6e2664e91838c8fa626029a0f6bad7394dde?s=96&d=mm&r=g","caption":"ZEITmagazin"},"url":"https:\/\/blog.zeit.de\/zeitmagazin\/author\/katrin-dose\/"}]}},"jetpack_featured_media_url":"","jetpack_sharing_enabled":true,"_links":{"self":[{"href":"https:\/\/blog.zeit.de\/zeitmagazin\/wp-json\/wp\/v2\/posts\/22145","targetHints":{"allow":["GET"]}}],"collection":[{"href":"https:\/\/blog.zeit.de\/zeitmagazin\/wp-json\/wp\/v2\/posts"}],"about":[{"href":"https:\/\/blog.zeit.de\/zeitmagazin\/wp-json\/wp\/v2\/types\/post"}],"author":[{"embeddable":true,"href":"https:\/\/blog.zeit.de\/zeitmagazin\/wp-json\/wp\/v2\/users\/303"}],"replies":[{"embeddable":true,"href":"https:\/\/blog.zeit.de\/zeitmagazin\/wp-json\/wp\/v2\/comments?post=22145"}],"version-history":[{"count":19,"href":"https:\/\/blog.zeit.de\/zeitmagazin\/wp-json\/wp\/v2\/posts\/22145\/revisions"}],"predecessor-version":[{"id":22237,"href":"https:\/\/blog.zeit.de\/zeitmagazin\/wp-json\/wp\/v2\/posts\/22145\/revisions\/22237"}],"wp:attachment":[{"href":"https:\/\/blog.zeit.de\/zeitmagazin\/wp-json\/wp\/v2\/media?parent=22145"}],"wp:term":[{"taxonomy":"category","embeddable":true,"href":"https:\/\/blog.zeit.de\/zeitmagazin\/wp-json\/wp\/v2\/categories?post=22145"},{"taxonomy":"post_tag","embeddable":true,"href":"https:\/\/blog.zeit.de\/zeitmagazin\/wp-json\/wp\/v2\/tags?post=22145"}],"curies":[{"name":"wp","href":"https:\/\/api.w.org\/{rel}","templated":true}]}}