{"id":23795,"date":"2014-05-11T08:00:58","date_gmt":"2014-05-11T06:00:58","guid":{"rendered":"http:\/\/blog.zeit.de\/zeitmagazin\/?p=23795"},"modified":"2014-05-11T11:48:50","modified_gmt":"2014-05-11T09:48:50","slug":"sonntagsessen-110","status":"publish","type":"post","link":"https:\/\/blog.zeit.de\/zeitmagazin\/2014\/05\/11\/sonntagsessen-110\/","title":{"rendered":"Sonntagsessen (110)"},"content":{"rendered":"<p><a href=\"https:\/\/blog.zeit.de\/zeitmagazin\/2014\/05\/11\/sonntagsessen-110\/matcha-kokosnuss-bananensmoothie\/\" rel=\"attachment wp-att-23796\"><img loading=\"lazy\" decoding=\"async\" class=\"alignnone size-large wp-image-23796\" alt=\"matcha kokosnuss bananensmoothie\" src=\"https:\/\/blog.zeit.de\/zeitmagazin\/files\/2014\/05\/matcha-kokosnuss-bananensmoothie-540x403.jpg\" width=\"540\" height=\"403\" srcset=\"https:\/\/blog.zeit.de\/zeitmagazin\/files\/2014\/05\/matcha-kokosnuss-bananensmoothie-540x403.jpg 540w, https:\/\/blog.zeit.de\/zeitmagazin\/files\/2014\/05\/matcha-kokosnuss-bananensmoothie-112x84.jpg 112w, https:\/\/blog.zeit.de\/zeitmagazin\/files\/2014\/05\/matcha-kokosnuss-bananensmoothie-220x164.jpg 220w, https:\/\/blog.zeit.de\/zeitmagazin\/files\/2014\/05\/matcha-kokosnuss-bananensmoothie.jpg 1280w\" sizes=\"auto, (max-width: 540px) 100vw, 540px\" \/><\/a><a href=\"http:\/\/improkitchen.tumblr.com\/post\/32448472483\/matcha-bananen-kokosmilch-smoothie-die-bananen\" target=\"_blank\">Matcha-Kokosnuss-Bananensmoothie<\/a><\/p>\n<p><a href=\"https:\/\/blog.zeit.de\/zeitmagazin\/2014\/05\/11\/sonntagsessen-110\/salat1\/\" rel=\"attachment wp-att-23846\"><img loading=\"lazy\" decoding=\"async\" class=\"alignnone size-large wp-image-23846\" alt=\"salat1\" src=\"https:\/\/blog.zeit.de\/zeitmagazin\/files\/2014\/05\/salat1-540x403.jpg\" width=\"540\" height=\"403\" srcset=\"https:\/\/blog.zeit.de\/zeitmagazin\/files\/2014\/05\/salat1-540x403.jpg 540w, https:\/\/blog.zeit.de\/zeitmagazin\/files\/2014\/05\/salat1-112x84.jpg 112w, https:\/\/blog.zeit.de\/zeitmagazin\/files\/2014\/05\/salat1-220x164.jpg 220w, https:\/\/blog.zeit.de\/zeitmagazin\/files\/2014\/05\/salat1.jpg 1280w\" sizes=\"auto, (max-width: 540px) 100vw, 540px\" \/><\/a><a href=\"http:\/\/improkitchen.tumblr.com\/post\/32121337290\/sommersalat-mit-nektarine-gojibeere-merguez\" target=\"_blank\">Sommersalat mit Nektarinen, Ziegenk\u00e4se und Gojibeere<\/a><\/p>\n<p><a href=\"https:\/\/blog.zeit.de\/zeitmagazin\/2014\/05\/11\/sonntagsessen-110\/rote-beete-risotto_2\/\" rel=\"attachment wp-att-23806\"><img loading=\"lazy\" decoding=\"async\" class=\"alignnone size-large wp-image-23806\" alt=\"rote beete risotto_2\" src=\"https:\/\/blog.zeit.de\/zeitmagazin\/files\/2014\/05\/rote-beete-risotto_2-540x403.jpg\" width=\"540\" height=\"403\" srcset=\"https:\/\/blog.zeit.de\/zeitmagazin\/files\/2014\/05\/rote-beete-risotto_2-540x403.jpg 540w, https:\/\/blog.zeit.de\/zeitmagazin\/files\/2014\/05\/rote-beete-risotto_2-112x84.jpg 112w, https:\/\/blog.zeit.de\/zeitmagazin\/files\/2014\/05\/rote-beete-risotto_2-220x164.jpg 220w, https:\/\/blog.zeit.de\/zeitmagazin\/files\/2014\/05\/rote-beete-risotto_2.jpg 1280w\" sizes=\"auto, (max-width: 540px) 100vw, 540px\" \/><\/a><a href=\"http:\/\/improkitchen.tumblr.com\/post\/43146879672\/rote-beete-im-urlaub-oder-blutrot-rot-rot\" target=\"_blank\">Rote Beete Risotto<\/a><\/p>\n<p><a href=\"https:\/\/blog.zeit.de\/zeitmagazin\/2014\/05\/11\/sonntagsessen-110\/lachs-garnelen-ceviche\/\" rel=\"attachment wp-att-23800\"><img loading=\"lazy\" decoding=\"async\" class=\"alignnone size-large wp-image-23800\" alt=\"lachs garnelen ceviche\" src=\"https:\/\/blog.zeit.de\/zeitmagazin\/files\/2014\/05\/lachs-garnelen-ceviche-540x403.jpg\" width=\"540\" height=\"403\" srcset=\"https:\/\/blog.zeit.de\/zeitmagazin\/files\/2014\/05\/lachs-garnelen-ceviche-540x403.jpg 540w, https:\/\/blog.zeit.de\/zeitmagazin\/files\/2014\/05\/lachs-garnelen-ceviche-112x84.jpg 112w, https:\/\/blog.zeit.de\/zeitmagazin\/files\/2014\/05\/lachs-garnelen-ceviche-220x164.jpg 220w, https:\/\/blog.zeit.de\/zeitmagazin\/files\/2014\/05\/lachs-garnelen-ceviche.jpg 1280w\" sizes=\"auto, (max-width: 540px) 100vw, 540px\" \/><\/a><a href=\"http:\/\/improkitchen.tumblr.com\/post\/76248943308\/ceviche-kapiche-ich-liebe-ja-fisch-deswegen\" target=\"_blank\">Ceviche aus Garnele und Lachs mit Orange<\/a><\/p>\n<p><a href=\"https:\/\/blog.zeit.de\/zeitmagazin\/2014\/05\/11\/sonntagsessen-110\/tacka1\/\" rel=\"attachment wp-att-23847\"><img loading=\"lazy\" decoding=\"async\" class=\"alignnone size-large wp-image-23847\" alt=\"Tacka1\" src=\"https:\/\/blog.zeit.de\/zeitmagazin\/files\/2014\/05\/Tacka1-540x403.jpg\" width=\"540\" height=\"403\" srcset=\"https:\/\/blog.zeit.de\/zeitmagazin\/files\/2014\/05\/Tacka1-540x403.jpg 540w, https:\/\/blog.zeit.de\/zeitmagazin\/files\/2014\/05\/Tacka1-112x84.jpg 112w, https:\/\/blog.zeit.de\/zeitmagazin\/files\/2014\/05\/Tacka1-220x164.jpg 220w, https:\/\/blog.zeit.de\/zeitmagazin\/files\/2014\/05\/Tacka1.jpg 1280w\" sizes=\"auto, (max-width: 540px) 100vw, 540px\" \/><br \/>\n<\/a><a href=\"http:\/\/improkitchen.tumblr.com\/post\/25783267748\/chicken-tikka-faul-am-wochenende-chicken-tikka\" target=\"_blank\">Chicken Tikka f\u00fcr Faule<\/a><\/p>\n<p><a href=\"https:\/\/blog.zeit.de\/zeitmagazin\/2014\/05\/11\/sonntagsessen-110\/steak-zatar-coutons-tahini-tamari-dressing\/\" rel=\"attachment wp-att-23802\"><img loading=\"lazy\" decoding=\"async\" class=\"alignnone size-large wp-image-23802\" alt=\"steak zatar-coutons tahini-tamari-dressing\" src=\"https:\/\/blog.zeit.de\/zeitmagazin\/files\/2014\/05\/steak-zatar-coutons-tahini-tamari-dressing-540x403.jpg\" width=\"540\" height=\"403\" srcset=\"https:\/\/blog.zeit.de\/zeitmagazin\/files\/2014\/05\/steak-zatar-coutons-tahini-tamari-dressing-540x403.jpg 540w, https:\/\/blog.zeit.de\/zeitmagazin\/files\/2014\/05\/steak-zatar-coutons-tahini-tamari-dressing-112x84.jpg 112w, https:\/\/blog.zeit.de\/zeitmagazin\/files\/2014\/05\/steak-zatar-coutons-tahini-tamari-dressing-220x164.jpg 220w, https:\/\/blog.zeit.de\/zeitmagazin\/files\/2014\/05\/steak-zatar-coutons-tahini-tamari-dressing.jpg 1280w\" sizes=\"auto, (max-width: 540px) 100vw, 540px\" \/><\/a><a href=\"http:\/\/improkitchen.tumblr.com\/post\/73943306128\/steak-steak-baby-bei-mir-ums-eck-gibt-es-eine\" target=\"_blank\">Steak mit Za\u2019tar-Cro\u00fbtons und Tahini-Tamari-Dressing<\/a><\/p>\n<p><a href=\"https:\/\/blog.zeit.de\/zeitmagazin\/2014\/05\/11\/sonntagsessen-110\/vegane-nutella-bananen-schokocreme_2\/\" rel=\"attachment wp-att-23797\"><img loading=\"lazy\" decoding=\"async\" class=\"alignnone size-large wp-image-23797\" alt=\"\u00bbvegane nutella\u00ab bananen-schokocreme_2\" src=\"https:\/\/blog.zeit.de\/zeitmagazin\/files\/2014\/05\/\u00bbvegane-nutella\u00ab-bananen-schokocreme_2-540x403.jpg\" width=\"540\" height=\"403\" srcset=\"https:\/\/blog.zeit.de\/zeitmagazin\/files\/2014\/05\/\u00bbvegane-nutella\u00ab-bananen-schokocreme_2-540x403.jpg 540w, https:\/\/blog.zeit.de\/zeitmagazin\/files\/2014\/05\/\u00bbvegane-nutella\u00ab-bananen-schokocreme_2-112x84.jpg 112w, https:\/\/blog.zeit.de\/zeitmagazin\/files\/2014\/05\/\u00bbvegane-nutella\u00ab-bananen-schokocreme_2-220x164.jpg 220w, https:\/\/blog.zeit.de\/zeitmagazin\/files\/2014\/05\/\u00bbvegane-nutella\u00ab-bananen-schokocreme_2.jpg 1280w\" sizes=\"auto, (max-width: 540px) 100vw, 540px\" \/><\/a><a href=\"http:\/\/improkitchen.tumblr.com\/post\/42017688532\/veganes-nutella-oder-matschepampe\" target=\"_blank\">\u00bbVegane Nutella\u00ab &#8211; Bananen-Schokocreme<\/a><\/p>\n<style type=\"text\/css\"><!--\nP { margin-bottom: 0.21cm; direction: ltr; color: rgb(0, 0, 0); text-align: left; }P.western { font-family: \"Times New Roman\",serif; font-size: 12pt; }P.cjk { font-family: \"Arial Unicode MS\",sans-serif; font-size: 12pt; }P.ctl { font-family: \"Tahoma\"; font-size: 12pt; }A:link {  }\n--><\/style>\n<p style=\"text-align: justify;\">Aida Baghernejad ist eher Punk als Haushaltsfee. Seit 2009 betreibt die 25-J\u00e4hrige den Foodblog <a href=\"http:\/\/improkitchen.tumblr.com\/\" target=\"_blank\">Improkitchen<\/a>. Kalorienz\u00e4hlen muss man auf anderen Foodblogs lernen. Bei Improkitchen steht der Genuss und die Freude am Kochen an erster Stelle. Die Studentin experimentiert gern mit Rezepten aus aller Welt. Auch abseits der K\u00fcche ist Aida eine wahre Globetrotterin. Urspr\u00fcnglich aus Darmstadt in Hessen, hat die Bloggerin mit persischen Wurzeln auch schon in Barcelona und Berlin gelebt. In der Hauptstadt kam ihr auch die Idee zu ihrem Foodblog: \u201eIch wohnte in einer winzigen Wohnung in Friedrichshain, ohne Ofen und der Elektroherd hatte auch nur zwei Kochplatten. Fertigpizza stand also nicht zur Debatte. Ich musste besser kochen lernen&#8220;. Ihre Ergebnisse ver\u00f6ffentlichte sie fortan auf ihrem Blog. Berlin hat sie mittlerweile gegen London eingetauscht. Dort schreibt sie an ihrer Masterarbeit. Nat\u00fcrlich, wie sollte es anders sein, \u00fcber Essen.<\/p>\n<p style=\"text-align: justify;\">(c) Aida Baghernejad<\/p>\n<p>&nbsp;<\/p>\n","protected":false},"excerpt":{"rendered":"<p>Matcha-Kokosnuss-Bananensmoothie Sommersalat mit Nektarinen, Ziegenk\u00e4se und Gojibeere Rote Beete Risotto Ceviche aus Garnele und Lachs mit Orange Chicken Tikka f\u00fcr Faule Steak mit Za\u2019tar-Cro\u00fbtons und Tahini-Tamari-Dressing \u00bbVegane Nutella\u00ab &#8211; Bananen-Schokocreme Aida Baghernejad ist eher Punk als Haushaltsfee. Seit 2009 betreibt die 25-J\u00e4hrige den Foodblog Improkitchen. Kalorienz\u00e4hlen muss man auf anderen Foodblogs lernen. Bei Improkitchen steht [&hellip;]<\/p>\n","protected":false},"author":303,"featured_media":0,"comment_status":"open","ping_status":"open","sticky":false,"template":"","format":"standard","meta":{"_jetpack_memberships_contains_paid_content":false,"footnotes":""},"categories":[1,26288],"tags":[],"class_list":["post-23795","post","type-post","status-publish","format-standard","hentry","category-allgemein","category-sonntagsessen"],"yoast_head":"<!-- This site is optimized with the Yoast SEO plugin v21.0 - https:\/\/yoast.com\/wordpress\/plugins\/seo\/ -->\n<title>Sonntagsessen (110) - Heiter bis gl\u00fccklich<\/title>\n<meta name=\"robots\" content=\"index, follow, max-snippet:-1, max-image-preview:large, max-video-preview:-1\" \/>\n<link rel=\"canonical\" href=\"https:\/\/blog.zeit.de\/zeitmagazin\/2014\/05\/11\/sonntagsessen-110\/\" \/>\n<meta property=\"og:locale\" content=\"de_DE\" \/>\n<meta property=\"og:type\" content=\"article\" \/>\n<meta property=\"og:title\" content=\"Sonntagsessen (110) - Heiter bis gl\u00fccklich\" \/>\n<meta property=\"og:description\" content=\"Matcha-Kokosnuss-Bananensmoothie Sommersalat mit Nektarinen, Ziegenk\u00e4se und Gojibeere Rote Beete Risotto Ceviche aus Garnele und Lachs mit Orange Chicken Tikka f\u00fcr Faule Steak mit Za\u2019tar-Cro\u00fbtons und Tahini-Tamari-Dressing \u00bbVegane Nutella\u00ab &#8211; Bananen-Schokocreme Aida Baghernejad ist eher Punk als Haushaltsfee. Seit 2009 betreibt die 25-J\u00e4hrige den Foodblog Improkitchen. Kalorienz\u00e4hlen muss man auf anderen Foodblogs lernen. Bei Improkitchen steht [&hellip;]\" \/>\n<meta property=\"og:url\" content=\"https:\/\/blog.zeit.de\/zeitmagazin\/2014\/05\/11\/sonntagsessen-110\/\" \/>\n<meta property=\"og:site_name\" content=\"Heiter bis gl\u00fccklich\" \/>\n<meta property=\"article:published_time\" content=\"2014-05-11T06:00:58+00:00\" \/>\n<meta property=\"article:modified_time\" content=\"2014-05-11T09:48:50+00:00\" \/>\n<meta property=\"og:image\" content=\"https:\/\/blog.zeit.de\/zeitmagazin\/files\/2014\/05\/matcha-kokosnuss-bananensmoothie-540x403.jpg\" \/>\n<meta name=\"author\" content=\"ZEITmagazin\" \/>\n<meta name=\"twitter:card\" content=\"summary_large_image\" \/>\n<meta name=\"twitter:label1\" content=\"Geschrieben von\" \/>\n\t<meta name=\"twitter:data1\" content=\"ZEITmagazin\" \/>\n\t<meta name=\"twitter:label2\" content=\"Gesch\u00e4tzte Lesezeit\" \/>\n\t<meta name=\"twitter:data2\" content=\"1\u00a0Minute\" \/>\n<script type=\"application\/ld+json\" class=\"yoast-schema-graph\">{\"@context\":\"https:\/\/schema.org\",\"@graph\":[{\"@type\":\"WebPage\",\"@id\":\"https:\/\/blog.zeit.de\/zeitmagazin\/2014\/05\/11\/sonntagsessen-110\/\",\"url\":\"https:\/\/blog.zeit.de\/zeitmagazin\/2014\/05\/11\/sonntagsessen-110\/\",\"name\":\"Sonntagsessen (110) - Heiter bis gl\u00fccklich\",\"isPartOf\":{\"@id\":\"https:\/\/blog.zeit.de\/zeitmagazin\/#website\"},\"datePublished\":\"2014-05-11T06:00:58+00:00\",\"dateModified\":\"2014-05-11T09:48:50+00:00\",\"author\":{\"@id\":\"https:\/\/blog.zeit.de\/zeitmagazin\/#\/schema\/person\/e529ff83538f7de57b4ca7ada8af49dc\"},\"breadcrumb\":{\"@id\":\"https:\/\/blog.zeit.de\/zeitmagazin\/2014\/05\/11\/sonntagsessen-110\/#breadcrumb\"},\"inLanguage\":\"de\",\"potentialAction\":[{\"@type\":\"ReadAction\",\"target\":[\"https:\/\/blog.zeit.de\/zeitmagazin\/2014\/05\/11\/sonntagsessen-110\/\"]}]},{\"@type\":\"BreadcrumbList\",\"@id\":\"https:\/\/blog.zeit.de\/zeitmagazin\/2014\/05\/11\/sonntagsessen-110\/#breadcrumb\",\"itemListElement\":[{\"@type\":\"ListItem\",\"position\":1,\"name\":\"Startseite\",\"item\":\"https:\/\/blog.zeit.de\/zeitmagazin\/\"},{\"@type\":\"ListItem\",\"position\":2,\"name\":\"Sonntagsessen (110)\"}]},{\"@type\":\"WebSite\",\"@id\":\"https:\/\/blog.zeit.de\/zeitmagazin\/#website\",\"url\":\"https:\/\/blog.zeit.de\/zeitmagazin\/\",\"name\":\"Heiter bis gl\u00fccklich\",\"description\":\"Das ZEITmagazin-Blog\",\"potentialAction\":[{\"@type\":\"SearchAction\",\"target\":{\"@type\":\"EntryPoint\",\"urlTemplate\":\"https:\/\/blog.zeit.de\/zeitmagazin\/?s={search_term_string}\"},\"query-input\":\"required name=search_term_string\"}],\"inLanguage\":\"de\"},{\"@type\":\"Person\",\"@id\":\"https:\/\/blog.zeit.de\/zeitmagazin\/#\/schema\/person\/e529ff83538f7de57b4ca7ada8af49dc\",\"name\":\"ZEITmagazin\",\"image\":{\"@type\":\"ImageObject\",\"inLanguage\":\"de\",\"@id\":\"https:\/\/blog.zeit.de\/zeitmagazin\/#\/schema\/person\/image\/\",\"url\":\"https:\/\/secure.gravatar.com\/avatar\/395ae643797af45a6adeb82c72ce6e2664e91838c8fa626029a0f6bad7394dde?s=96&d=mm&r=g\",\"contentUrl\":\"https:\/\/secure.gravatar.com\/avatar\/395ae643797af45a6adeb82c72ce6e2664e91838c8fa626029a0f6bad7394dde?s=96&d=mm&r=g\",\"caption\":\"ZEITmagazin\"},\"url\":\"https:\/\/blog.zeit.de\/zeitmagazin\/author\/katrin-dose\/\"}]}<\/script>\n<!-- \/ Yoast SEO plugin. -->","yoast_head_json":{"title":"Sonntagsessen (110) - Heiter bis gl\u00fccklich","robots":{"index":"index","follow":"follow","max-snippet":"max-snippet:-1","max-image-preview":"max-image-preview:large","max-video-preview":"max-video-preview:-1"},"canonical":"https:\/\/blog.zeit.de\/zeitmagazin\/2014\/05\/11\/sonntagsessen-110\/","og_locale":"de_DE","og_type":"article","og_title":"Sonntagsessen (110) - Heiter bis gl\u00fccklich","og_description":"Matcha-Kokosnuss-Bananensmoothie Sommersalat mit Nektarinen, Ziegenk\u00e4se und Gojibeere Rote Beete Risotto Ceviche aus Garnele und Lachs mit Orange Chicken Tikka f\u00fcr Faule Steak mit Za\u2019tar-Cro\u00fbtons und Tahini-Tamari-Dressing \u00bbVegane Nutella\u00ab &#8211; Bananen-Schokocreme Aida Baghernejad ist eher Punk als Haushaltsfee. Seit 2009 betreibt die 25-J\u00e4hrige den Foodblog Improkitchen. Kalorienz\u00e4hlen muss man auf anderen Foodblogs lernen. Bei Improkitchen steht [&hellip;]","og_url":"https:\/\/blog.zeit.de\/zeitmagazin\/2014\/05\/11\/sonntagsessen-110\/","og_site_name":"Heiter bis gl\u00fccklich","article_published_time":"2014-05-11T06:00:58+00:00","article_modified_time":"2014-05-11T09:48:50+00:00","og_image":[{"url":"https:\/\/blog.zeit.de\/zeitmagazin\/files\/2014\/05\/matcha-kokosnuss-bananensmoothie-540x403.jpg"}],"author":"ZEITmagazin","twitter_card":"summary_large_image","twitter_misc":{"Geschrieben von":"ZEITmagazin","Gesch\u00e4tzte Lesezeit":"1\u00a0Minute"},"schema":{"@context":"https:\/\/schema.org","@graph":[{"@type":"WebPage","@id":"https:\/\/blog.zeit.de\/zeitmagazin\/2014\/05\/11\/sonntagsessen-110\/","url":"https:\/\/blog.zeit.de\/zeitmagazin\/2014\/05\/11\/sonntagsessen-110\/","name":"Sonntagsessen (110) - Heiter bis gl\u00fccklich","isPartOf":{"@id":"https:\/\/blog.zeit.de\/zeitmagazin\/#website"},"datePublished":"2014-05-11T06:00:58+00:00","dateModified":"2014-05-11T09:48:50+00:00","author":{"@id":"https:\/\/blog.zeit.de\/zeitmagazin\/#\/schema\/person\/e529ff83538f7de57b4ca7ada8af49dc"},"breadcrumb":{"@id":"https:\/\/blog.zeit.de\/zeitmagazin\/2014\/05\/11\/sonntagsessen-110\/#breadcrumb"},"inLanguage":"de","potentialAction":[{"@type":"ReadAction","target":["https:\/\/blog.zeit.de\/zeitmagazin\/2014\/05\/11\/sonntagsessen-110\/"]}]},{"@type":"BreadcrumbList","@id":"https:\/\/blog.zeit.de\/zeitmagazin\/2014\/05\/11\/sonntagsessen-110\/#breadcrumb","itemListElement":[{"@type":"ListItem","position":1,"name":"Startseite","item":"https:\/\/blog.zeit.de\/zeitmagazin\/"},{"@type":"ListItem","position":2,"name":"Sonntagsessen (110)"}]},{"@type":"WebSite","@id":"https:\/\/blog.zeit.de\/zeitmagazin\/#website","url":"https:\/\/blog.zeit.de\/zeitmagazin\/","name":"Heiter bis gl\u00fccklich","description":"Das ZEITmagazin-Blog","potentialAction":[{"@type":"SearchAction","target":{"@type":"EntryPoint","urlTemplate":"https:\/\/blog.zeit.de\/zeitmagazin\/?s={search_term_string}"},"query-input":"required name=search_term_string"}],"inLanguage":"de"},{"@type":"Person","@id":"https:\/\/blog.zeit.de\/zeitmagazin\/#\/schema\/person\/e529ff83538f7de57b4ca7ada8af49dc","name":"ZEITmagazin","image":{"@type":"ImageObject","inLanguage":"de","@id":"https:\/\/blog.zeit.de\/zeitmagazin\/#\/schema\/person\/image\/","url":"https:\/\/secure.gravatar.com\/avatar\/395ae643797af45a6adeb82c72ce6e2664e91838c8fa626029a0f6bad7394dde?s=96&d=mm&r=g","contentUrl":"https:\/\/secure.gravatar.com\/avatar\/395ae643797af45a6adeb82c72ce6e2664e91838c8fa626029a0f6bad7394dde?s=96&d=mm&r=g","caption":"ZEITmagazin"},"url":"https:\/\/blog.zeit.de\/zeitmagazin\/author\/katrin-dose\/"}]}},"jetpack_featured_media_url":"","jetpack_sharing_enabled":true,"_links":{"self":[{"href":"https:\/\/blog.zeit.de\/zeitmagazin\/wp-json\/wp\/v2\/posts\/23795","targetHints":{"allow":["GET"]}}],"collection":[{"href":"https:\/\/blog.zeit.de\/zeitmagazin\/wp-json\/wp\/v2\/posts"}],"about":[{"href":"https:\/\/blog.zeit.de\/zeitmagazin\/wp-json\/wp\/v2\/types\/post"}],"author":[{"embeddable":true,"href":"https:\/\/blog.zeit.de\/zeitmagazin\/wp-json\/wp\/v2\/users\/303"}],"replies":[{"embeddable":true,"href":"https:\/\/blog.zeit.de\/zeitmagazin\/wp-json\/wp\/v2\/comments?post=23795"}],"version-history":[{"count":14,"href":"https:\/\/blog.zeit.de\/zeitmagazin\/wp-json\/wp\/v2\/posts\/23795\/revisions"}],"predecessor-version":[{"id":23851,"href":"https:\/\/blog.zeit.de\/zeitmagazin\/wp-json\/wp\/v2\/posts\/23795\/revisions\/23851"}],"wp:attachment":[{"href":"https:\/\/blog.zeit.de\/zeitmagazin\/wp-json\/wp\/v2\/media?parent=23795"}],"wp:term":[{"taxonomy":"category","embeddable":true,"href":"https:\/\/blog.zeit.de\/zeitmagazin\/wp-json\/wp\/v2\/categories?post=23795"},{"taxonomy":"post_tag","embeddable":true,"href":"https:\/\/blog.zeit.de\/zeitmagazin\/wp-json\/wp\/v2\/tags?post=23795"}],"curies":[{"name":"wp","href":"https:\/\/api.w.org\/{rel}","templated":true}]}}