{"id":24003,"date":"2014-07-08T14:18:18","date_gmt":"2014-07-08T12:18:18","guid":{"rendered":"http:\/\/blog.zeit.de\/zeitmagazin\/?p=24003"},"modified":"2014-07-10T08:44:42","modified_gmt":"2014-07-10T06:44:42","slug":"die-dritte-zeitmagazin-konferenz-mode-stil-zum-thema-selfie-couture","status":"publish","type":"post","link":"https:\/\/blog.zeit.de\/zeitmagazin\/2014\/07\/08\/die-dritte-zeitmagazin-konferenz-mode-stil-zum-thema-selfie-couture\/","title":{"rendered":"Die dritte ZEITmagazin Konferenz Mode &#038; Stil, diesmal zum Thema &#8222;Selfie Couture&#8220;"},"content":{"rendered":"<p><a href=\"https:\/\/blog.zeit.de\/zeitmagazin\/2014\/07\/08\/die-dritte-zeitmagazin-konferenz-mode-stil-zum-thema-selfie-couture\/kleid-der-zukunft_akris\/\" rel=\"attachment wp-att-24004\"><img loading=\"lazy\" decoding=\"async\" class=\"alignnone size-large wp-image-24004\" alt=\"Kleid der Zukunft_AKRIS\" src=\"https:\/\/blog.zeit.de\/zeitmagazin\/files\/2014\/07\/Kleid-der-Zukunft_AKRIS-540x359.jpg\" width=\"540\" height=\"359\" srcset=\"https:\/\/blog.zeit.de\/zeitmagazin\/files\/2014\/07\/Kleid-der-Zukunft_AKRIS-540x359.jpg 540w, https:\/\/blog.zeit.de\/zeitmagazin\/files\/2014\/07\/Kleid-der-Zukunft_AKRIS-126x84.jpg 126w, https:\/\/blog.zeit.de\/zeitmagazin\/files\/2014\/07\/Kleid-der-Zukunft_AKRIS-220x146.jpg 220w, https:\/\/blog.zeit.de\/zeitmagazin\/files\/2014\/07\/Kleid-der-Zukunft_AKRIS.jpg 1181w\" sizes=\"auto, (max-width: 540px) 100vw, 540px\" \/><\/a><\/p>\n<p>ZEITmagazin-Chefredakteur Christoph Amend zwischen den Models, die die LED bestickten Kleider von Akris pr\u00e4sentierten<\/p>\n<p><a href=\"https:\/\/blog.zeit.de\/zeitmagazin\/2014\/07\/08\/die-dritte-zeitmagazin-konferenz-mode-stil-zum-thema-selfie-couture\/friedrich-liechtenstein\/\" rel=\"attachment wp-att-24005\"><img loading=\"lazy\" decoding=\"async\" class=\"alignnone size-large wp-image-24005\" alt=\"Friedrich Liechtenstein\" src=\"https:\/\/blog.zeit.de\/zeitmagazin\/files\/2014\/07\/Friedrich-Liechtenstein-540x359.jpg\" width=\"540\" height=\"359\" srcset=\"https:\/\/blog.zeit.de\/zeitmagazin\/files\/2014\/07\/Friedrich-Liechtenstein-540x359.jpg 540w, https:\/\/blog.zeit.de\/zeitmagazin\/files\/2014\/07\/Friedrich-Liechtenstein-126x84.jpg 126w, https:\/\/blog.zeit.de\/zeitmagazin\/files\/2014\/07\/Friedrich-Liechtenstein-220x146.jpg 220w, https:\/\/blog.zeit.de\/zeitmagazin\/files\/2014\/07\/Friedrich-Liechtenstein.jpg 1181w\" sizes=\"auto, (max-width: 540px) 100vw, 540px\" \/><\/a><\/p>\n<p>Friedrich &#8222;Supergeil&#8220; Liechtenstein<\/p>\n<p><a style=\"line-height: 1.5em;\" href=\"https:\/\/blog.zeit.de\/zeitmagazin\/2014\/07\/08\/die-dritte-zeitmagazin-konferenz-mode-stil-zum-thema-selfie-couture\/julia-engelmann\/\" rel=\"attachment wp-att-24007\"><img loading=\"lazy\" decoding=\"async\" class=\"alignnone size-large wp-image-24007\" alt=\"Julia Engelmann\" src=\"https:\/\/blog.zeit.de\/zeitmagazin\/files\/2014\/07\/Julia-Engelmann-540x359.jpg\" width=\"540\" height=\"359\" srcset=\"https:\/\/blog.zeit.de\/zeitmagazin\/files\/2014\/07\/Julia-Engelmann-540x359.jpg 540w, https:\/\/blog.zeit.de\/zeitmagazin\/files\/2014\/07\/Julia-Engelmann-126x84.jpg 126w, https:\/\/blog.zeit.de\/zeitmagazin\/files\/2014\/07\/Julia-Engelmann-220x146.jpg 220w, https:\/\/blog.zeit.de\/zeitmagazin\/files\/2014\/07\/Julia-Engelmann.jpg 1181w\" sizes=\"auto, (max-width: 540px) 100vw, 540px\" \/><\/a><\/p>\n<p>Poetry-Slammerin Julia Engelmann<\/p>\n<p><a href=\"https:\/\/blog.zeit.de\/zeitmagazin\/2014\/07\/08\/die-dritte-zeitmagazin-konferenz-mode-stil-zum-thema-selfie-couture\/_n3b4399\/\" rel=\"attachment wp-att-24015\"><img loading=\"lazy\" decoding=\"async\" class=\"alignnone size-large wp-image-24015\" alt=\"_N3B4399\" src=\"https:\/\/blog.zeit.de\/zeitmagazin\/files\/2014\/07\/N3B4399-540x359.jpg\" width=\"540\" height=\"359\" srcset=\"https:\/\/blog.zeit.de\/zeitmagazin\/files\/2014\/07\/N3B4399-540x359.jpg 540w, https:\/\/blog.zeit.de\/zeitmagazin\/files\/2014\/07\/N3B4399-126x84.jpg 126w, https:\/\/blog.zeit.de\/zeitmagazin\/files\/2014\/07\/N3B4399-220x146.jpg 220w, https:\/\/blog.zeit.de\/zeitmagazin\/files\/2014\/07\/N3B4399.jpg 1181w\" sizes=\"auto, (max-width: 540px) 100vw, 540px\" \/><\/a><\/p>\n<p>Arne Klein, Founding Partner der Markenberatung Kleinundpl\u00e4ckling\u00a0\u00a0(l.) und Wolfgang Ungerer, Director Brand- and Marketing-Strategy von Mercedes-Benz Cars (m.) im Gespr\u00e4ch mit Tillmann Pr\u00fcfer (r.), Style Director des ZEITmagazins<\/p>\n<p><a href=\"https:\/\/blog.zeit.de\/zeitmagazin\/2014\/07\/08\/die-dritte-zeitmagazin-konferenz-mode-stil-zum-thema-selfie-couture\/_n3b4065\/\" rel=\"attachment wp-att-24017\"><img loading=\"lazy\" decoding=\"async\" class=\"alignnone size-large wp-image-24017\" alt=\"_N3B4065\" src=\"https:\/\/blog.zeit.de\/zeitmagazin\/files\/2014\/07\/N3B4065-540x359.jpg\" width=\"540\" height=\"359\" srcset=\"https:\/\/blog.zeit.de\/zeitmagazin\/files\/2014\/07\/N3B4065-540x359.jpg 540w, https:\/\/blog.zeit.de\/zeitmagazin\/files\/2014\/07\/N3B4065-126x84.jpg 126w, https:\/\/blog.zeit.de\/zeitmagazin\/files\/2014\/07\/N3B4065-220x146.jpg 220w, https:\/\/blog.zeit.de\/zeitmagazin\/files\/2014\/07\/N3B4065.jpg 1181w\" sizes=\"auto, (max-width: 540px) 100vw, 540px\" \/><\/a><\/p>\n<p>Paula Reed, Creative Director von mytheresa.com<\/p>\n<p><a href=\"https:\/\/blog.zeit.de\/zeitmagazin\/2014\/07\/08\/die-dritte-zeitmagazin-konferenz-mode-stil-zum-thema-selfie-couture\/_n3b4611\/\" rel=\"attachment wp-att-24016\"><img loading=\"lazy\" decoding=\"async\" class=\"alignnone size-large wp-image-24016\" alt=\"_N3B4611\" src=\"https:\/\/blog.zeit.de\/zeitmagazin\/files\/2014\/07\/N3B4611-540x359.jpg\" width=\"540\" height=\"359\" srcset=\"https:\/\/blog.zeit.de\/zeitmagazin\/files\/2014\/07\/N3B4611-540x359.jpg 540w, https:\/\/blog.zeit.de\/zeitmagazin\/files\/2014\/07\/N3B4611-126x84.jpg 126w, https:\/\/blog.zeit.de\/zeitmagazin\/files\/2014\/07\/N3B4611-220x146.jpg 220w, https:\/\/blog.zeit.de\/zeitmagazin\/files\/2014\/07\/N3B4611.jpg 1181w\" sizes=\"auto, (max-width: 540px) 100vw, 540px\" \/><\/a><\/p>\n<p>Moderatorin und Schauspielerin Palina Rojinski mit ZEITmagazin-Autor Moritz von Uslar<\/p>\n<p><a style=\"line-height: 1.5em;\" href=\"https:\/\/blog.zeit.de\/zeitmagazin\/2014\/07\/08\/die-dritte-zeitmagazin-konferenz-mode-stil-zum-thema-selfie-couture\/jonas-unger_tillmann-prafer\/\" rel=\"attachment wp-att-24010\"><img loading=\"lazy\" decoding=\"async\" class=\"alignnone size-large wp-image-24010\" alt=\"Jonas Unger_Tillmann Pr\u00c5fer\" src=\"https:\/\/blog.zeit.de\/zeitmagazin\/files\/2014\/07\/Jonas-Unger_Tillmann-Pr\u00c5fer-540x810.jpg\" width=\"540\" height=\"810\" srcset=\"https:\/\/blog.zeit.de\/zeitmagazin\/files\/2014\/07\/Jonas-Unger_Tillmann-Pr\u00c5fer-540x810.jpg 540w, https:\/\/blog.zeit.de\/zeitmagazin\/files\/2014\/07\/Jonas-Unger_Tillmann-Pr\u00c5fer-55x84.jpg 55w, https:\/\/blog.zeit.de\/zeitmagazin\/files\/2014\/07\/Jonas-Unger_Tillmann-Pr\u00c5fer-220x330.jpg 220w, https:\/\/blog.zeit.de\/zeitmagazin\/files\/2014\/07\/Jonas-Unger_Tillmann-Pr\u00c5fer.jpg 1181w\" sizes=\"auto, (max-width: 540px) 100vw, 540px\" \/><\/a><\/p>\n<p>Fotograf Jonas Unger und Tillmann Pr\u00fcfer<\/p>\n<p><a href=\"https:\/\/blog.zeit.de\/zeitmagazin\/2014\/07\/08\/die-dritte-zeitmagazin-konferenz-mode-stil-zum-thema-selfie-couture\/_n3b4913\/\" rel=\"attachment wp-att-24018\"><img loading=\"lazy\" decoding=\"async\" class=\"alignnone size-large wp-image-24018\" alt=\"_N3B4913\" src=\"https:\/\/blog.zeit.de\/zeitmagazin\/files\/2014\/07\/N3B4913-540x359.jpg\" width=\"540\" height=\"359\" srcset=\"https:\/\/blog.zeit.de\/zeitmagazin\/files\/2014\/07\/N3B4913-540x359.jpg 540w, https:\/\/blog.zeit.de\/zeitmagazin\/files\/2014\/07\/N3B4913-126x84.jpg 126w, https:\/\/blog.zeit.de\/zeitmagazin\/files\/2014\/07\/N3B4913-220x146.jpg 220w, https:\/\/blog.zeit.de\/zeitmagazin\/files\/2014\/07\/N3B4913.jpg 1181w\" sizes=\"auto, (max-width: 540px) 100vw, 540px\" \/><\/a><\/p>\n<p>Christoph Amend im Gespr\u00e4ch mit Albert Kriemler, Creative Director von Akris<\/p>\n<p><a href=\"https:\/\/blog.zeit.de\/zeitmagazin\/2014\/07\/08\/die-dritte-zeitmagazin-konferenz-mode-stil-zum-thema-selfie-couture\/_n3b4862\/\" rel=\"attachment wp-att-24019\"><img loading=\"lazy\" decoding=\"async\" class=\"alignnone size-large wp-image-24019\" alt=\"_N3B4862\" src=\"https:\/\/blog.zeit.de\/zeitmagazin\/files\/2014\/07\/N3B4862-540x810.jpg\" width=\"540\" height=\"810\" srcset=\"https:\/\/blog.zeit.de\/zeitmagazin\/files\/2014\/07\/N3B4862-540x810.jpg 540w, https:\/\/blog.zeit.de\/zeitmagazin\/files\/2014\/07\/N3B4862-55x84.jpg 55w, https:\/\/blog.zeit.de\/zeitmagazin\/files\/2014\/07\/N3B4862-220x330.jpg 220w, https:\/\/blog.zeit.de\/zeitmagazin\/files\/2014\/07\/N3B4862.jpg 1181w\" sizes=\"auto, (max-width: 540px) 100vw, 540px\" \/><\/a><\/p>\n<p>Eines der weltweit ersten programmierbaren Kleider von Akris<\/p>\n<p><a style=\"line-height: 1.5em;\" href=\"https:\/\/blog.zeit.de\/zeitmagazin\/2014\/07\/08\/die-dritte-zeitmagazin-konferenz-mode-stil-zum-thema-selfie-couture\/gruppenselfie\/\" rel=\"attachment wp-att-24012\"><img loading=\"lazy\" decoding=\"async\" class=\"alignnone size-large wp-image-24012\" alt=\"Gruppenselfie\" src=\"https:\/\/blog.zeit.de\/zeitmagazin\/files\/2014\/07\/Gruppenselfie-540x359.jpg\" width=\"540\" height=\"359\" srcset=\"https:\/\/blog.zeit.de\/zeitmagazin\/files\/2014\/07\/Gruppenselfie-540x359.jpg 540w, https:\/\/blog.zeit.de\/zeitmagazin\/files\/2014\/07\/Gruppenselfie-126x84.jpg 126w, https:\/\/blog.zeit.de\/zeitmagazin\/files\/2014\/07\/Gruppenselfie-220x146.jpg 220w, https:\/\/blog.zeit.de\/zeitmagazin\/files\/2014\/07\/Gruppenselfie.jpg 1181w\" sizes=\"auto, (max-width: 540px) 100vw, 540px\" \/><\/a><\/p>\n<p>Tillmann Pr\u00fcfer und Christoph Amend bei ihrem ersten offiziellen Selfie, mit dem Publikum im Hintergrund<\/p>\n<p><a style=\"line-height: 1.5em;\" href=\"https:\/\/blog.zeit.de\/zeitmagazin\/2014\/07\/08\/die-dritte-zeitmagazin-konferenz-mode-stil-zum-thema-selfie-couture\/regen-2\/\" rel=\"attachment wp-att-24013\"><img loading=\"lazy\" decoding=\"async\" class=\"alignnone size-large wp-image-24013\" alt=\"Regen\" src=\"https:\/\/blog.zeit.de\/zeitmagazin\/files\/2014\/07\/Regen-540x359.jpg\" width=\"540\" height=\"359\" srcset=\"https:\/\/blog.zeit.de\/zeitmagazin\/files\/2014\/07\/Regen-540x359.jpg 540w, https:\/\/blog.zeit.de\/zeitmagazin\/files\/2014\/07\/Regen-126x84.jpg 126w, https:\/\/blog.zeit.de\/zeitmagazin\/files\/2014\/07\/Regen-220x146.jpg 220w, https:\/\/blog.zeit.de\/zeitmagazin\/files\/2014\/07\/Regen.jpg 1181w\" sizes=\"auto, (max-width: 540px) 100vw, 540px\" \/><\/a><\/p>\n<p>Zum Ende der Konferenz zog auch das Sommergewitter weiter<\/p>\n<p style=\"text-align: justify;\">Am vergangenen Montag, den 7. Juli feierte das ZEITmagazin den Auftakt der Berliner Modewoche mit der dritten ZEITmagazin Konferenz Mode &amp; Stil, die diesmal im Caf\u00e9 Moskau in der Karl-Marx-Allee stattfand. \u00dcber 300 Interessierte waren gekommen, um G\u00e4ste wie Paula Reed, Creative Director von\u00a0<a href=\"https:\/\/mailfrontend3.zeit.de\/owa\/redir.aspx?C=aeefb8e0b13940d3bc734bc5c991d873&amp;URL=http%3a%2f%2fmytheresa.com\">mytheresa.com<\/a>\u00a0und Albert Kriemler vom Schweizer Modehaus Akris zum Thema \u201eSelfie Couture \u2013 Die Sch\u00f6nheit des Netzes\u201c, dem Motto der Konferenz, sprechen zu h\u00f6ren.<\/p>\n<p style=\"text-align: justify;\">Nach einer kurzen Begr\u00fc\u00dfung durch Christoph Amend, Chefredakteur des ZEITmagazins, sang Friedrich\u00a0\u201eSupergeil\u201c\u00a0Liechtenstein seinen neuen Song \u201eKommissar d\u2019Amour\u201c, eine\u00a0Weltpremiere. \u00a0Im Gespr\u00e4ch erz\u00e4hlte\u00a0Friedrich Liechtenstein vom Wirbel um seine Person der vergangenen Monate,\u00a0\u201eich wurde\u00a0gehypet\u201c. \u00a0Der Frage, ob er Selfie-Opfer Nr. 1 sei, stimmte er entschieden zu: \u201eEs wurden bestimmt schon mehrere tausend Fotos mit mir gemacht: &#8222;Ich nenne mich jetzt \u201eSelfie-Man\u201c. Im Herbst\u00a0wird er mit den Selfies, die er jetzt selbst macht, ein Buch ver\u00f6ffentlichen.<\/p>\n<p style=\"text-align: justify;\">In seiner Keynote erkl\u00e4rte Tillmann Pr\u00fcfer, Style Director des ZEITmagazins, warum wir verpixelt sch\u00f6ner sind und versprach, am Ende der Konferenz sein erstes offizielles Selfie zu machen.\u00a0Die Keynote k\u00f6nnen Sie <a href=\"http:\/\/www.zeit.de\/zeit-magazin\/mode-design\/2014-07\/berlin-fashion-week-selfie-mode\" target=\"_blank\">hier<\/a> nachlesen.<\/p>\n<p style=\"text-align: justify;\">Anschlie\u00dfend folgte ein Auftritt von Poetry-Slammerin Julia Engelmann, die eine M\u00fcnze dar\u00fcber entschieden lie\u00df, welches Gedicht sie vortragen w\u00fcrde. Nach \u201eStille Wasser sind tief\u201c befragte Matthias Kalle, stellvertretender Chefredakteur des ZEITmagazins, Engelmann auch zu ihren sch\u00e4rfsten Kritikern, &#8222;\u00e4lteren Feuilletonisten\u201c, die ihr \u201ewenig Wahrhaftigkeit\u201c vorwerfen. Es sei doch nett, dass sie sich \u00fcberhaupt anschauten, was sie so mache, sagte Engelmann.<\/p>\n<p style=\"text-align: justify;\">Nachdem Wolfgang Ungerer, Director Brand- and Marketing Strategy von Mercedes-Benz Cars Tillmann Pr\u00fcfer und den 300 geladenen G\u00e4sten die neue digitale Welt des Autos erkl\u00e4rt hatte, stellte sich Moderatorin und Schauspielerin Palina Rojinski den \u00a099 Fragen von ZEITmagazin-Autor Moritz von Uslar. Sie stimmte von Uslars These zu,\u00a0dass Instagram\u00a0weiblicher sei und Twitter m\u00e4nnlicher \u2013 erz\u00e4hlte, dass sie sich nicht entscheiden k\u00f6nne, welcher ihrer beiden TV-Kollegen Joko Winterscheidt und Klaas Heufer-Umlauf nun lustiger sei: \u201eJoko ist spritzig und voll aus dem Bauch heraus. Und Klaas ist so kopfig und dabei wahnsinnig schnell.\u201c<\/p>\n<p style=\"text-align: justify;\">Als kr\u00f6nenden Abschluss pr\u00e4sentierte Albert Kriemler, der Creative Director des Schweizer Modehauses Akris, drei mit LED-bestickte Kleider aus der aktuellen Akris-Kollektion. Im Gespr\u00e4ch verriet er Chefredakteur Christoph Amend, wie er in der sich so schnell drehenden Welt der Mode abschalten k\u00f6nne: \u201eMorgens beim Laufen.\u201c Nach dem offenen Gespr\u00e4ch hatte das Publikum noch einmal Gelegenheit, die weltweit wohl ersten programmierbaren Kleider aus der N\u00e4he zu betrachten.<\/p>\n<p style=\"text-align: justify;\">Wie zum\u00a0Beginn der Konferenz angek\u00fcndigt, l\u00f6ste Tillmann Pr\u00fcfer sein Versprechen ein und machte gemeinsam mit Christoph Amend sein erstes offizielles Selfie, mit dem Publikum als Hintergrund. Inzwischen war auch das Gewitter verzogen, so dass G\u00e4ste wie Panel-Teilnehmer den Nachmittag im Innenhof des Caf\u00e9 Moskaus bei einem Glas Wein ausklingen lassen konnten.<\/p>\n<p style=\"text-align: justify;\">Die ZEITmagazin-Konferenz Mode &amp; Stil wird gemeinsam mit Mercedes-Benz veranstaltet und findet Anfang n\u00e4chsten Jahres wieder zum Auftakt der Modewoche in Berlin statt.<\/p>\n<p style=\"text-align: justify;\">(c)\u00a0Sina Preikschat<\/p>\n","protected":false},"excerpt":{"rendered":"<p>ZEITmagazin-Chefredakteur Christoph Amend zwischen den Models, die die LED bestickten Kleider von Akris pr\u00e4sentierten Friedrich &#8222;Supergeil&#8220; Liechtenstein Poetry-Slammerin Julia Engelmann Arne Klein, Founding Partner der Markenberatung Kleinundpl\u00e4ckling\u00a0\u00a0(l.) und Wolfgang Ungerer, Director Brand- and Marketing-Strategy von Mercedes-Benz Cars (m.) im Gespr\u00e4ch mit Tillmann Pr\u00fcfer (r.), Style Director des ZEITmagazins Paula Reed, Creative Director von mytheresa.com Moderatorin [&hellip;]<\/p>\n","protected":false},"author":303,"featured_media":0,"comment_status":"open","ping_status":"open","sticky":false,"template":"","format":"standard","meta":{"_jetpack_memberships_contains_paid_content":false,"footnotes":""},"categories":[1,1692],"tags":[],"class_list":["post-24003","post","type-post","status-publish","format-standard","hentry","category-allgemein","category-mode"],"yoast_head":"<!-- This site is optimized with the Yoast SEO plugin v21.0 - https:\/\/yoast.com\/wordpress\/plugins\/seo\/ -->\n<title>Die dritte ZEITmagazin Konferenz Mode &amp; Stil, diesmal zum Thema &quot;Selfie Couture&quot; - Heiter bis gl\u00fccklich<\/title>\n<meta name=\"robots\" content=\"index, follow, max-snippet:-1, max-image-preview:large, max-video-preview:-1\" \/>\n<link rel=\"canonical\" href=\"https:\/\/blog.zeit.de\/zeitmagazin\/2014\/07\/08\/die-dritte-zeitmagazin-konferenz-mode-stil-zum-thema-selfie-couture\/\" \/>\n<meta property=\"og:locale\" content=\"de_DE\" \/>\n<meta property=\"og:type\" content=\"article\" \/>\n<meta property=\"og:title\" content=\"Die dritte ZEITmagazin Konferenz Mode &amp; Stil, diesmal zum Thema &quot;Selfie Couture&quot; - Heiter bis gl\u00fccklich\" \/>\n<meta property=\"og:description\" content=\"ZEITmagazin-Chefredakteur Christoph Amend zwischen den Models, die die LED bestickten Kleider von Akris pr\u00e4sentierten Friedrich &#8222;Supergeil&#8220; Liechtenstein Poetry-Slammerin Julia Engelmann Arne Klein, Founding Partner der Markenberatung Kleinundpl\u00e4ckling\u00a0\u00a0(l.) und Wolfgang Ungerer, Director Brand- and Marketing-Strategy von Mercedes-Benz Cars (m.) im Gespr\u00e4ch mit Tillmann Pr\u00fcfer (r.), Style Director des ZEITmagazins Paula Reed, Creative Director von mytheresa.com Moderatorin [&hellip;]\" \/>\n<meta property=\"og:url\" content=\"https:\/\/blog.zeit.de\/zeitmagazin\/2014\/07\/08\/die-dritte-zeitmagazin-konferenz-mode-stil-zum-thema-selfie-couture\/\" \/>\n<meta property=\"og:site_name\" content=\"Heiter bis gl\u00fccklich\" \/>\n<meta property=\"article:published_time\" content=\"2014-07-08T12:18:18+00:00\" \/>\n<meta property=\"article:modified_time\" content=\"2014-07-10T06:44:42+00:00\" \/>\n<meta property=\"og:image\" content=\"https:\/\/blog.zeit.de\/zeitmagazin\/files\/2014\/07\/Kleid-der-Zukunft_AKRIS-540x359.jpg\" \/>\n<meta name=\"author\" content=\"ZEITmagazin\" \/>\n<meta name=\"twitter:card\" content=\"summary_large_image\" \/>\n<meta name=\"twitter:label1\" content=\"Geschrieben von\" \/>\n\t<meta name=\"twitter:data1\" content=\"ZEITmagazin\" \/>\n\t<meta name=\"twitter:label2\" content=\"Gesch\u00e4tzte Lesezeit\" \/>\n\t<meta name=\"twitter:data2\" content=\"3\u00a0Minuten\" \/>\n<script type=\"application\/ld+json\" class=\"yoast-schema-graph\">{\"@context\":\"https:\/\/schema.org\",\"@graph\":[{\"@type\":\"WebPage\",\"@id\":\"https:\/\/blog.zeit.de\/zeitmagazin\/2014\/07\/08\/die-dritte-zeitmagazin-konferenz-mode-stil-zum-thema-selfie-couture\/\",\"url\":\"https:\/\/blog.zeit.de\/zeitmagazin\/2014\/07\/08\/die-dritte-zeitmagazin-konferenz-mode-stil-zum-thema-selfie-couture\/\",\"name\":\"Die dritte ZEITmagazin Konferenz Mode & Stil, diesmal zum Thema \\\"Selfie Couture\\\" - Heiter bis gl\u00fccklich\",\"isPartOf\":{\"@id\":\"https:\/\/blog.zeit.de\/zeitmagazin\/#website\"},\"datePublished\":\"2014-07-08T12:18:18+00:00\",\"dateModified\":\"2014-07-10T06:44:42+00:00\",\"author\":{\"@id\":\"https:\/\/blog.zeit.de\/zeitmagazin\/#\/schema\/person\/e529ff83538f7de57b4ca7ada8af49dc\"},\"breadcrumb\":{\"@id\":\"https:\/\/blog.zeit.de\/zeitmagazin\/2014\/07\/08\/die-dritte-zeitmagazin-konferenz-mode-stil-zum-thema-selfie-couture\/#breadcrumb\"},\"inLanguage\":\"de\",\"potentialAction\":[{\"@type\":\"ReadAction\",\"target\":[\"https:\/\/blog.zeit.de\/zeitmagazin\/2014\/07\/08\/die-dritte-zeitmagazin-konferenz-mode-stil-zum-thema-selfie-couture\/\"]}]},{\"@type\":\"BreadcrumbList\",\"@id\":\"https:\/\/blog.zeit.de\/zeitmagazin\/2014\/07\/08\/die-dritte-zeitmagazin-konferenz-mode-stil-zum-thema-selfie-couture\/#breadcrumb\",\"itemListElement\":[{\"@type\":\"ListItem\",\"position\":1,\"name\":\"Startseite\",\"item\":\"https:\/\/blog.zeit.de\/zeitmagazin\/\"},{\"@type\":\"ListItem\",\"position\":2,\"name\":\"Die dritte ZEITmagazin Konferenz Mode &#038; Stil, diesmal zum Thema &#8222;Selfie Couture&#8220;\"}]},{\"@type\":\"WebSite\",\"@id\":\"https:\/\/blog.zeit.de\/zeitmagazin\/#website\",\"url\":\"https:\/\/blog.zeit.de\/zeitmagazin\/\",\"name\":\"Heiter bis gl\u00fccklich\",\"description\":\"Das ZEITmagazin-Blog\",\"potentialAction\":[{\"@type\":\"SearchAction\",\"target\":{\"@type\":\"EntryPoint\",\"urlTemplate\":\"https:\/\/blog.zeit.de\/zeitmagazin\/?s={search_term_string}\"},\"query-input\":\"required name=search_term_string\"}],\"inLanguage\":\"de\"},{\"@type\":\"Person\",\"@id\":\"https:\/\/blog.zeit.de\/zeitmagazin\/#\/schema\/person\/e529ff83538f7de57b4ca7ada8af49dc\",\"name\":\"ZEITmagazin\",\"image\":{\"@type\":\"ImageObject\",\"inLanguage\":\"de\",\"@id\":\"https:\/\/blog.zeit.de\/zeitmagazin\/#\/schema\/person\/image\/\",\"url\":\"https:\/\/secure.gravatar.com\/avatar\/395ae643797af45a6adeb82c72ce6e2664e91838c8fa626029a0f6bad7394dde?s=96&d=mm&r=g\",\"contentUrl\":\"https:\/\/secure.gravatar.com\/avatar\/395ae643797af45a6adeb82c72ce6e2664e91838c8fa626029a0f6bad7394dde?s=96&d=mm&r=g\",\"caption\":\"ZEITmagazin\"},\"url\":\"https:\/\/blog.zeit.de\/zeitmagazin\/author\/katrin-dose\/\"}]}<\/script>\n<!-- \/ Yoast SEO plugin. -->","yoast_head_json":{"title":"Die dritte ZEITmagazin Konferenz Mode & Stil, diesmal zum Thema \"Selfie Couture\" - Heiter bis gl\u00fccklich","robots":{"index":"index","follow":"follow","max-snippet":"max-snippet:-1","max-image-preview":"max-image-preview:large","max-video-preview":"max-video-preview:-1"},"canonical":"https:\/\/blog.zeit.de\/zeitmagazin\/2014\/07\/08\/die-dritte-zeitmagazin-konferenz-mode-stil-zum-thema-selfie-couture\/","og_locale":"de_DE","og_type":"article","og_title":"Die dritte ZEITmagazin Konferenz Mode & Stil, diesmal zum Thema \"Selfie Couture\" - Heiter bis gl\u00fccklich","og_description":"ZEITmagazin-Chefredakteur Christoph Amend zwischen den Models, die die LED bestickten Kleider von Akris pr\u00e4sentierten Friedrich &#8222;Supergeil&#8220; Liechtenstein Poetry-Slammerin Julia Engelmann Arne Klein, Founding Partner der Markenberatung Kleinundpl\u00e4ckling\u00a0\u00a0(l.) und Wolfgang Ungerer, Director Brand- and Marketing-Strategy von Mercedes-Benz Cars (m.) im Gespr\u00e4ch mit Tillmann Pr\u00fcfer (r.), Style Director des ZEITmagazins Paula Reed, Creative Director von mytheresa.com Moderatorin [&hellip;]","og_url":"https:\/\/blog.zeit.de\/zeitmagazin\/2014\/07\/08\/die-dritte-zeitmagazin-konferenz-mode-stil-zum-thema-selfie-couture\/","og_site_name":"Heiter bis gl\u00fccklich","article_published_time":"2014-07-08T12:18:18+00:00","article_modified_time":"2014-07-10T06:44:42+00:00","og_image":[{"url":"https:\/\/blog.zeit.de\/zeitmagazin\/files\/2014\/07\/Kleid-der-Zukunft_AKRIS-540x359.jpg"}],"author":"ZEITmagazin","twitter_card":"summary_large_image","twitter_misc":{"Geschrieben von":"ZEITmagazin","Gesch\u00e4tzte Lesezeit":"3\u00a0Minuten"},"schema":{"@context":"https:\/\/schema.org","@graph":[{"@type":"WebPage","@id":"https:\/\/blog.zeit.de\/zeitmagazin\/2014\/07\/08\/die-dritte-zeitmagazin-konferenz-mode-stil-zum-thema-selfie-couture\/","url":"https:\/\/blog.zeit.de\/zeitmagazin\/2014\/07\/08\/die-dritte-zeitmagazin-konferenz-mode-stil-zum-thema-selfie-couture\/","name":"Die dritte ZEITmagazin Konferenz Mode & Stil, diesmal zum Thema \"Selfie Couture\" - Heiter bis gl\u00fccklich","isPartOf":{"@id":"https:\/\/blog.zeit.de\/zeitmagazin\/#website"},"datePublished":"2014-07-08T12:18:18+00:00","dateModified":"2014-07-10T06:44:42+00:00","author":{"@id":"https:\/\/blog.zeit.de\/zeitmagazin\/#\/schema\/person\/e529ff83538f7de57b4ca7ada8af49dc"},"breadcrumb":{"@id":"https:\/\/blog.zeit.de\/zeitmagazin\/2014\/07\/08\/die-dritte-zeitmagazin-konferenz-mode-stil-zum-thema-selfie-couture\/#breadcrumb"},"inLanguage":"de","potentialAction":[{"@type":"ReadAction","target":["https:\/\/blog.zeit.de\/zeitmagazin\/2014\/07\/08\/die-dritte-zeitmagazin-konferenz-mode-stil-zum-thema-selfie-couture\/"]}]},{"@type":"BreadcrumbList","@id":"https:\/\/blog.zeit.de\/zeitmagazin\/2014\/07\/08\/die-dritte-zeitmagazin-konferenz-mode-stil-zum-thema-selfie-couture\/#breadcrumb","itemListElement":[{"@type":"ListItem","position":1,"name":"Startseite","item":"https:\/\/blog.zeit.de\/zeitmagazin\/"},{"@type":"ListItem","position":2,"name":"Die dritte ZEITmagazin Konferenz Mode &#038; Stil, diesmal zum Thema &#8222;Selfie Couture&#8220;"}]},{"@type":"WebSite","@id":"https:\/\/blog.zeit.de\/zeitmagazin\/#website","url":"https:\/\/blog.zeit.de\/zeitmagazin\/","name":"Heiter bis gl\u00fccklich","description":"Das ZEITmagazin-Blog","potentialAction":[{"@type":"SearchAction","target":{"@type":"EntryPoint","urlTemplate":"https:\/\/blog.zeit.de\/zeitmagazin\/?s={search_term_string}"},"query-input":"required name=search_term_string"}],"inLanguage":"de"},{"@type":"Person","@id":"https:\/\/blog.zeit.de\/zeitmagazin\/#\/schema\/person\/e529ff83538f7de57b4ca7ada8af49dc","name":"ZEITmagazin","image":{"@type":"ImageObject","inLanguage":"de","@id":"https:\/\/blog.zeit.de\/zeitmagazin\/#\/schema\/person\/image\/","url":"https:\/\/secure.gravatar.com\/avatar\/395ae643797af45a6adeb82c72ce6e2664e91838c8fa626029a0f6bad7394dde?s=96&d=mm&r=g","contentUrl":"https:\/\/secure.gravatar.com\/avatar\/395ae643797af45a6adeb82c72ce6e2664e91838c8fa626029a0f6bad7394dde?s=96&d=mm&r=g","caption":"ZEITmagazin"},"url":"https:\/\/blog.zeit.de\/zeitmagazin\/author\/katrin-dose\/"}]}},"jetpack_featured_media_url":"","jetpack_sharing_enabled":true,"_links":{"self":[{"href":"https:\/\/blog.zeit.de\/zeitmagazin\/wp-json\/wp\/v2\/posts\/24003","targetHints":{"allow":["GET"]}}],"collection":[{"href":"https:\/\/blog.zeit.de\/zeitmagazin\/wp-json\/wp\/v2\/posts"}],"about":[{"href":"https:\/\/blog.zeit.de\/zeitmagazin\/wp-json\/wp\/v2\/types\/post"}],"author":[{"embeddable":true,"href":"https:\/\/blog.zeit.de\/zeitmagazin\/wp-json\/wp\/v2\/users\/303"}],"replies":[{"embeddable":true,"href":"https:\/\/blog.zeit.de\/zeitmagazin\/wp-json\/wp\/v2\/comments?post=24003"}],"version-history":[{"count":15,"href":"https:\/\/blog.zeit.de\/zeitmagazin\/wp-json\/wp\/v2\/posts\/24003\/revisions"}],"predecessor-version":[{"id":24033,"href":"https:\/\/blog.zeit.de\/zeitmagazin\/wp-json\/wp\/v2\/posts\/24003\/revisions\/24033"}],"wp:attachment":[{"href":"https:\/\/blog.zeit.de\/zeitmagazin\/wp-json\/wp\/v2\/media?parent=24003"}],"wp:term":[{"taxonomy":"category","embeddable":true,"href":"https:\/\/blog.zeit.de\/zeitmagazin\/wp-json\/wp\/v2\/categories?post=24003"},{"taxonomy":"post_tag","embeddable":true,"href":"https:\/\/blog.zeit.de\/zeitmagazin\/wp-json\/wp\/v2\/tags?post=24003"}],"curies":[{"name":"wp","href":"https:\/\/api.w.org\/{rel}","templated":true}]}}