{"id":2620,"date":"2011-02-12T15:00:23","date_gmt":"2011-02-12T14:00:23","guid":{"rendered":"http:\/\/blog.zeit.de\/zeitmagazin\/?p=2620"},"modified":"2011-02-11T15:03:10","modified_gmt":"2011-02-11T14:03:10","slug":"kunstmuseum-wolfsburg-zwischen-haut-und-kleid","status":"publish","type":"post","link":"https:\/\/blog.zeit.de\/zeitmagazin\/2011\/02\/12\/kunstmuseum-wolfsburg-zwischen-haut-und-kleid\/","title":{"rendered":"Kunstmuseum Wolfsburg: Zwischen Haut und Kleid"},"content":{"rendered":"<p><figure id=\"attachment_2621\" aria-describedby=\"caption-attachment-2621\" style=\"width: 218px\" class=\"wp-caption aligncenter\"><img loading=\"lazy\" decoding=\"async\" class=\"size-full wp-image-2621\" title=\"DaiRees_Carapace_052\" src=\"https:\/\/blog.zeit.de\/zeitmagazin\/files\/2011\/02\/DaiRees_Carapace_052.jpeg\" alt=\"\" width=\"218\" height=\"320\" srcset=\"https:\/\/blog.zeit.de\/zeitmagazin\/files\/2011\/02\/DaiRees_Carapace_052.jpeg 218w, https:\/\/blog.zeit.de\/zeitmagazin\/files\/2011\/02\/DaiRees_Carapace_052-100x148.jpg 100w\" sizes=\"auto, (max-width: 218px) 100vw, 218px\" \/><figcaption id=\"caption-attachment-2621\" class=\"wp-caption-text\">Dai Rees, Carapace 2,3,4, 2006, Sammlung Judith Clark Costume Gallary, London, (c) Gavin Fernandez<\/figcaption><\/figure><\/p>\n<p><figure id=\"attachment_2622\" aria-describedby=\"caption-attachment-2622\" style=\"width: 240px\" class=\"wp-caption aligncenter\"><img loading=\"lazy\" decoding=\"async\" class=\"size-full wp-image-2622\" title=\"LBourgeois_Untitled_41_03_n1\" src=\"https:\/\/blog.zeit.de\/zeitmagazin\/files\/2011\/02\/LBourgeois_Untitled_41_03_n1.jpeg\" alt=\"\" width=\"240\" height=\"320\" srcset=\"https:\/\/blog.zeit.de\/zeitmagazin\/files\/2011\/02\/LBourgeois_Untitled_41_03_n1.jpeg 240w, https:\/\/blog.zeit.de\/zeitmagazin\/files\/2011\/02\/LBourgeois_Untitled_41_03_n1-111x148.jpg 111w, https:\/\/blog.zeit.de\/zeitmagazin\/files\/2011\/02\/LBourgeois_Untitled_41_03_n1-220x293.jpg 220w\" sizes=\"auto, (max-width: 240px) 100vw, 240px\" \/><figcaption id=\"caption-attachment-2622\" class=\"wp-caption-text\">(c) Louise Bourgeois Trust \/ VG Bild-Kunst, Bonn 2011<\/figcaption><\/figure><\/p>\n<p><figure id=\"attachment_2623\" aria-describedby=\"caption-attachment-2623\" style=\"width: 215px\" class=\"wp-caption aligncenter\"><img loading=\"lazy\" decoding=\"async\" class=\"size-full wp-image-2623 \" title=\"Christophe Coppens 049\" src=\"https:\/\/blog.zeit.de\/zeitmagazin\/files\/2011\/02\/Christophe-Coppens-049.jpeg\" alt=\"\" width=\"215\" height=\"320\" srcset=\"https:\/\/blog.zeit.de\/zeitmagazin\/files\/2011\/02\/Christophe-Coppens-049.jpeg 215w, https:\/\/blog.zeit.de\/zeitmagazin\/files\/2011\/02\/Christophe-Coppens-049-99x148.jpg 99w\" sizes=\"auto, (max-width: 215px) 100vw, 215px\" \/><figcaption id=\"caption-attachment-2623\" class=\"wp-caption-text\">Christophe Coppens Deer Cape, Dream Your Dream collection, Winter 2005 (c)Marc Tops<\/figcaption><\/figure><\/p>\n<p><a href=\"http:\/\/www.kunstmuseum-wolfsburg.de\/exhibition_future\/118\/Art_&amp;_Fashion._Zwischen_Haut_und_Kleid\" target=\"_blank\">Das Kunstmuseum Wolfsburg l\u00e4sst in der AUSSTELLUNG &#8222;Art &amp; Fashion. Zwischen Haut und Kleid &#8222;<\/a> die Grenzen, die Kunst und Mode trennen, verschwimmen. Lederh\u00e4ute von Dai Rees, Haarskulpturen von Charlie le Mindu oder Pelzper\u00fccken von BLESS er\u00f6ffnen einen Dialog der Materialien, Formen und Sch\u00f6nheitsideale. Modeschauen wie die von Viktor &amp; Rolf oder Husssein Chalayan werden hier zu konzeptionellen Installationen. Zu sehen ab dem 5. M\u00e4rz<\/p>\n","protected":false},"excerpt":{"rendered":"<p>Das Kunstmuseum Wolfsburg l\u00e4sst in der AUSSTELLUNG &#8222;Art &amp; Fashion. Zwischen Haut und Kleid &#8222; die Grenzen, die Kunst und Mode trennen, verschwimmen. Lederh\u00e4ute von Dai Rees, Haarskulpturen von Charlie le Mindu oder Pelzper\u00fccken von BLESS er\u00f6ffnen einen Dialog der Materialien, Formen und Sch\u00f6nheitsideale. Modeschauen wie die von Viktor &amp; Rolf oder Husssein Chalayan werden [&hellip;]<\/p>\n","protected":false},"author":303,"featured_media":0,"comment_status":"open","ping_status":"open","sticky":false,"template":"","format":"standard","meta":{"_jetpack_memberships_contains_paid_content":false,"footnotes":""},"categories":[401],"tags":[],"class_list":["post-2620","post","type-post","status-publish","format-standard","hentry","category-kunst"],"yoast_head":"<!-- This site is optimized with the Yoast SEO plugin v21.0 - https:\/\/yoast.com\/wordpress\/plugins\/seo\/ -->\n<title>Kunstmuseum Wolfsburg: Zwischen Haut und Kleid - Heiter bis gl\u00fccklich<\/title>\n<meta name=\"robots\" content=\"index, follow, max-snippet:-1, max-image-preview:large, max-video-preview:-1\" \/>\n<link rel=\"canonical\" href=\"https:\/\/blog.zeit.de\/zeitmagazin\/2011\/02\/12\/kunstmuseum-wolfsburg-zwischen-haut-und-kleid\/\" \/>\n<meta property=\"og:locale\" content=\"de_DE\" \/>\n<meta property=\"og:type\" content=\"article\" \/>\n<meta property=\"og:title\" content=\"Kunstmuseum Wolfsburg: Zwischen Haut und Kleid - Heiter bis gl\u00fccklich\" \/>\n<meta property=\"og:description\" content=\"Das Kunstmuseum Wolfsburg l\u00e4sst in der AUSSTELLUNG &#8222;Art &amp; Fashion. Zwischen Haut und Kleid &#8222; die Grenzen, die Kunst und Mode trennen, verschwimmen. Lederh\u00e4ute von Dai Rees, Haarskulpturen von Charlie le Mindu oder Pelzper\u00fccken von BLESS er\u00f6ffnen einen Dialog der Materialien, Formen und Sch\u00f6nheitsideale. Modeschauen wie die von Viktor &amp; Rolf oder Husssein Chalayan werden [&hellip;]\" \/>\n<meta property=\"og:url\" content=\"https:\/\/blog.zeit.de\/zeitmagazin\/2011\/02\/12\/kunstmuseum-wolfsburg-zwischen-haut-und-kleid\/\" \/>\n<meta property=\"og:site_name\" content=\"Heiter bis gl\u00fccklich\" \/>\n<meta property=\"article:published_time\" content=\"2011-02-12T14:00:23+00:00\" \/>\n<meta property=\"article:modified_time\" content=\"2011-02-11T14:03:10+00:00\" \/>\n<meta property=\"og:image\" content=\"https:\/\/blog.zeit.de\/zeitmagazin\/files\/2011\/02\/DaiRees_Carapace_052.jpeg\" \/>\n<meta name=\"author\" content=\"ZEITmagazin\" \/>\n<meta name=\"twitter:card\" content=\"summary_large_image\" \/>\n<meta name=\"twitter:label1\" content=\"Geschrieben von\" \/>\n\t<meta name=\"twitter:data1\" content=\"ZEITmagazin\" \/>\n\t<meta name=\"twitter:label2\" content=\"Gesch\u00e4tzte Lesezeit\" \/>\n\t<meta name=\"twitter:data2\" content=\"1\u00a0Minute\" \/>\n<script type=\"application\/ld+json\" class=\"yoast-schema-graph\">{\"@context\":\"https:\/\/schema.org\",\"@graph\":[{\"@type\":\"WebPage\",\"@id\":\"https:\/\/blog.zeit.de\/zeitmagazin\/2011\/02\/12\/kunstmuseum-wolfsburg-zwischen-haut-und-kleid\/\",\"url\":\"https:\/\/blog.zeit.de\/zeitmagazin\/2011\/02\/12\/kunstmuseum-wolfsburg-zwischen-haut-und-kleid\/\",\"name\":\"Kunstmuseum Wolfsburg: Zwischen Haut und Kleid - Heiter bis gl\u00fccklich\",\"isPartOf\":{\"@id\":\"https:\/\/blog.zeit.de\/zeitmagazin\/#website\"},\"datePublished\":\"2011-02-12T14:00:23+00:00\",\"dateModified\":\"2011-02-11T14:03:10+00:00\",\"author\":{\"@id\":\"https:\/\/blog.zeit.de\/zeitmagazin\/#\/schema\/person\/e529ff83538f7de57b4ca7ada8af49dc\"},\"breadcrumb\":{\"@id\":\"https:\/\/blog.zeit.de\/zeitmagazin\/2011\/02\/12\/kunstmuseum-wolfsburg-zwischen-haut-und-kleid\/#breadcrumb\"},\"inLanguage\":\"de\",\"potentialAction\":[{\"@type\":\"ReadAction\",\"target\":[\"https:\/\/blog.zeit.de\/zeitmagazin\/2011\/02\/12\/kunstmuseum-wolfsburg-zwischen-haut-und-kleid\/\"]}]},{\"@type\":\"BreadcrumbList\",\"@id\":\"https:\/\/blog.zeit.de\/zeitmagazin\/2011\/02\/12\/kunstmuseum-wolfsburg-zwischen-haut-und-kleid\/#breadcrumb\",\"itemListElement\":[{\"@type\":\"ListItem\",\"position\":1,\"name\":\"Startseite\",\"item\":\"https:\/\/blog.zeit.de\/zeitmagazin\/\"},{\"@type\":\"ListItem\",\"position\":2,\"name\":\"Kunstmuseum Wolfsburg: Zwischen Haut und Kleid\"}]},{\"@type\":\"WebSite\",\"@id\":\"https:\/\/blog.zeit.de\/zeitmagazin\/#website\",\"url\":\"https:\/\/blog.zeit.de\/zeitmagazin\/\",\"name\":\"Heiter bis gl\u00fccklich\",\"description\":\"Das ZEITmagazin-Blog\",\"potentialAction\":[{\"@type\":\"SearchAction\",\"target\":{\"@type\":\"EntryPoint\",\"urlTemplate\":\"https:\/\/blog.zeit.de\/zeitmagazin\/?s={search_term_string}\"},\"query-input\":\"required name=search_term_string\"}],\"inLanguage\":\"de\"},{\"@type\":\"Person\",\"@id\":\"https:\/\/blog.zeit.de\/zeitmagazin\/#\/schema\/person\/e529ff83538f7de57b4ca7ada8af49dc\",\"name\":\"ZEITmagazin\",\"image\":{\"@type\":\"ImageObject\",\"inLanguage\":\"de\",\"@id\":\"https:\/\/blog.zeit.de\/zeitmagazin\/#\/schema\/person\/image\/\",\"url\":\"https:\/\/secure.gravatar.com\/avatar\/395ae643797af45a6adeb82c72ce6e2664e91838c8fa626029a0f6bad7394dde?s=96&d=mm&r=g\",\"contentUrl\":\"https:\/\/secure.gravatar.com\/avatar\/395ae643797af45a6adeb82c72ce6e2664e91838c8fa626029a0f6bad7394dde?s=96&d=mm&r=g\",\"caption\":\"ZEITmagazin\"},\"url\":\"https:\/\/blog.zeit.de\/zeitmagazin\/author\/katrin-dose\/\"}]}<\/script>\n<!-- \/ Yoast SEO plugin. -->","yoast_head_json":{"title":"Kunstmuseum Wolfsburg: Zwischen Haut und Kleid - Heiter bis gl\u00fccklich","robots":{"index":"index","follow":"follow","max-snippet":"max-snippet:-1","max-image-preview":"max-image-preview:large","max-video-preview":"max-video-preview:-1"},"canonical":"https:\/\/blog.zeit.de\/zeitmagazin\/2011\/02\/12\/kunstmuseum-wolfsburg-zwischen-haut-und-kleid\/","og_locale":"de_DE","og_type":"article","og_title":"Kunstmuseum Wolfsburg: Zwischen Haut und Kleid - Heiter bis gl\u00fccklich","og_description":"Das Kunstmuseum Wolfsburg l\u00e4sst in der AUSSTELLUNG &#8222;Art &amp; Fashion. Zwischen Haut und Kleid &#8222; die Grenzen, die Kunst und Mode trennen, verschwimmen. Lederh\u00e4ute von Dai Rees, Haarskulpturen von Charlie le Mindu oder Pelzper\u00fccken von BLESS er\u00f6ffnen einen Dialog der Materialien, Formen und Sch\u00f6nheitsideale. Modeschauen wie die von Viktor &amp; Rolf oder Husssein Chalayan werden [&hellip;]","og_url":"https:\/\/blog.zeit.de\/zeitmagazin\/2011\/02\/12\/kunstmuseum-wolfsburg-zwischen-haut-und-kleid\/","og_site_name":"Heiter bis gl\u00fccklich","article_published_time":"2011-02-12T14:00:23+00:00","article_modified_time":"2011-02-11T14:03:10+00:00","og_image":[{"url":"https:\/\/blog.zeit.de\/zeitmagazin\/files\/2011\/02\/DaiRees_Carapace_052.jpeg"}],"author":"ZEITmagazin","twitter_card":"summary_large_image","twitter_misc":{"Geschrieben von":"ZEITmagazin","Gesch\u00e4tzte Lesezeit":"1\u00a0Minute"},"schema":{"@context":"https:\/\/schema.org","@graph":[{"@type":"WebPage","@id":"https:\/\/blog.zeit.de\/zeitmagazin\/2011\/02\/12\/kunstmuseum-wolfsburg-zwischen-haut-und-kleid\/","url":"https:\/\/blog.zeit.de\/zeitmagazin\/2011\/02\/12\/kunstmuseum-wolfsburg-zwischen-haut-und-kleid\/","name":"Kunstmuseum Wolfsburg: Zwischen Haut und Kleid - Heiter bis gl\u00fccklich","isPartOf":{"@id":"https:\/\/blog.zeit.de\/zeitmagazin\/#website"},"datePublished":"2011-02-12T14:00:23+00:00","dateModified":"2011-02-11T14:03:10+00:00","author":{"@id":"https:\/\/blog.zeit.de\/zeitmagazin\/#\/schema\/person\/e529ff83538f7de57b4ca7ada8af49dc"},"breadcrumb":{"@id":"https:\/\/blog.zeit.de\/zeitmagazin\/2011\/02\/12\/kunstmuseum-wolfsburg-zwischen-haut-und-kleid\/#breadcrumb"},"inLanguage":"de","potentialAction":[{"@type":"ReadAction","target":["https:\/\/blog.zeit.de\/zeitmagazin\/2011\/02\/12\/kunstmuseum-wolfsburg-zwischen-haut-und-kleid\/"]}]},{"@type":"BreadcrumbList","@id":"https:\/\/blog.zeit.de\/zeitmagazin\/2011\/02\/12\/kunstmuseum-wolfsburg-zwischen-haut-und-kleid\/#breadcrumb","itemListElement":[{"@type":"ListItem","position":1,"name":"Startseite","item":"https:\/\/blog.zeit.de\/zeitmagazin\/"},{"@type":"ListItem","position":2,"name":"Kunstmuseum Wolfsburg: Zwischen Haut und Kleid"}]},{"@type":"WebSite","@id":"https:\/\/blog.zeit.de\/zeitmagazin\/#website","url":"https:\/\/blog.zeit.de\/zeitmagazin\/","name":"Heiter bis gl\u00fccklich","description":"Das ZEITmagazin-Blog","potentialAction":[{"@type":"SearchAction","target":{"@type":"EntryPoint","urlTemplate":"https:\/\/blog.zeit.de\/zeitmagazin\/?s={search_term_string}"},"query-input":"required name=search_term_string"}],"inLanguage":"de"},{"@type":"Person","@id":"https:\/\/blog.zeit.de\/zeitmagazin\/#\/schema\/person\/e529ff83538f7de57b4ca7ada8af49dc","name":"ZEITmagazin","image":{"@type":"ImageObject","inLanguage":"de","@id":"https:\/\/blog.zeit.de\/zeitmagazin\/#\/schema\/person\/image\/","url":"https:\/\/secure.gravatar.com\/avatar\/395ae643797af45a6adeb82c72ce6e2664e91838c8fa626029a0f6bad7394dde?s=96&d=mm&r=g","contentUrl":"https:\/\/secure.gravatar.com\/avatar\/395ae643797af45a6adeb82c72ce6e2664e91838c8fa626029a0f6bad7394dde?s=96&d=mm&r=g","caption":"ZEITmagazin"},"url":"https:\/\/blog.zeit.de\/zeitmagazin\/author\/katrin-dose\/"}]}},"jetpack_featured_media_url":"","jetpack_sharing_enabled":true,"_links":{"self":[{"href":"https:\/\/blog.zeit.de\/zeitmagazin\/wp-json\/wp\/v2\/posts\/2620","targetHints":{"allow":["GET"]}}],"collection":[{"href":"https:\/\/blog.zeit.de\/zeitmagazin\/wp-json\/wp\/v2\/posts"}],"about":[{"href":"https:\/\/blog.zeit.de\/zeitmagazin\/wp-json\/wp\/v2\/types\/post"}],"author":[{"embeddable":true,"href":"https:\/\/blog.zeit.de\/zeitmagazin\/wp-json\/wp\/v2\/users\/303"}],"replies":[{"embeddable":true,"href":"https:\/\/blog.zeit.de\/zeitmagazin\/wp-json\/wp\/v2\/comments?post=2620"}],"version-history":[{"count":3,"href":"https:\/\/blog.zeit.de\/zeitmagazin\/wp-json\/wp\/v2\/posts\/2620\/revisions"}],"predecessor-version":[{"id":2626,"href":"https:\/\/blog.zeit.de\/zeitmagazin\/wp-json\/wp\/v2\/posts\/2620\/revisions\/2626"}],"wp:attachment":[{"href":"https:\/\/blog.zeit.de\/zeitmagazin\/wp-json\/wp\/v2\/media?parent=2620"}],"wp:term":[{"taxonomy":"category","embeddable":true,"href":"https:\/\/blog.zeit.de\/zeitmagazin\/wp-json\/wp\/v2\/categories?post=2620"},{"taxonomy":"post_tag","embeddable":true,"href":"https:\/\/blog.zeit.de\/zeitmagazin\/wp-json\/wp\/v2\/tags?post=2620"}],"curies":[{"name":"wp","href":"https:\/\/api.w.org\/{rel}","templated":true}]}}