{"id":27074,"date":"2020-12-23T08:00:55","date_gmt":"2020-12-23T07:00:55","guid":{"rendered":"https:\/\/blog.zeit.de\/zeitmagazin\/?p=27074"},"modified":"2020-12-22T15:26:15","modified_gmt":"2020-12-22T14:26:15","slug":"zeitmagazin-adventskalender-2020-23-tuerchen","status":"publish","type":"post","link":"https:\/\/blog.zeit.de\/zeitmagazin\/2020\/12\/23\/zeitmagazin-adventskalender-2020-23-tuerchen\/","title":{"rendered":"ZEITmagazin-Adventskalender 2020: 23. T\u00fcrchen"},"content":{"rendered":"<div class=\"page\" title=\"Page 2\">\n<div class=\"section\">\n<div class=\"layoutArea\">\n<div class=\"column\">\n<p><img loading=\"lazy\" decoding=\"async\" class=\"alignnone size-full wp-image-27079\" src=\"https:\/\/blog.zeit.de\/zeitmagazin\/files\/2020\/11\/Unknown-2.jpeg\" alt=\"\" width=\"1723\" height=\"1772\" srcset=\"https:\/\/blog.zeit.de\/zeitmagazin\/files\/2020\/11\/Unknown-2.jpeg 1723w, https:\/\/blog.zeit.de\/zeitmagazin\/files\/2020\/11\/Unknown-2-620x638.jpeg 620w, https:\/\/blog.zeit.de\/zeitmagazin\/files\/2020\/11\/Unknown-2-996x1024.jpeg 996w, https:\/\/blog.zeit.de\/zeitmagazin\/files\/2020\/11\/Unknown-2-214x220.jpeg 214w, https:\/\/blog.zeit.de\/zeitmagazin\/files\/2020\/11\/Unknown-2-768x790.jpeg 768w, https:\/\/blog.zeit.de\/zeitmagazin\/files\/2020\/11\/Unknown-2-1494x1536.jpeg 1494w\" sizes=\"auto, (max-width: 1723px) 100vw, 1723px\" \/><\/p>\n<p>Um diese smarten Gl\u00fchlampen von Philips Hue an- und auszuknipsen, muss man nicht vom Sofa aufstehen \u2013 sie lassen sich per App und Bluetooth steuern.<\/p>\n<\/div>\n<\/div>\n<\/div>\n<\/div>\n<p>Hier geht es zu den <a href=\"https:\/\/blog.zeit.de\/zeitmagazin\/zeitmagazin-adventskalender-2020-teilnahmebedingungen\/\" target=\"_blank\" rel=\"noopener noreferrer\">Teilnahmebedingungen<\/a>. Alle Kommentare, die bis 15 Uhr gepostet werden, ber\u00fccksichtigen wir \u2013 auch wenn wir nicht immer alle Kommentare sofort freischalten k\u00f6nnen. Der Gewinner des Stelton Espressokochers ist Philipp (mit dem Kommentar <a href=\"https:\/\/blog.zeit.de\/zeitmagazin\/2020\/12\/22\/zeitmagazin-adventskalender-2020-22-tuerchen\/?sort=desc&amp;comments_page=13#comment-247040\">#277<\/a> vom 22.12.) \u2013 bitte mailen Sie uns Ihre Postanschrift an: stilredaktion@zeit.de<\/p>\n<p>\u00a9 Philips Hue<\/p>\n","protected":false},"excerpt":{"rendered":"<p>Um diese smarten Gl\u00fchlampen von Philips Hue an- und auszuknipsen, muss man nicht vom Sofa aufstehen \u2013 sie lassen sich per App und Bluetooth steuern. Hier geht es zu den Teilnahmebedingungen. Alle Kommentare, die bis 15 Uhr gepostet werden, ber\u00fccksichtigen wir \u2013 auch wenn wir nicht immer alle Kommentare sofort freischalten k\u00f6nnen. Der Gewinner des [&hellip;]<\/p>\n","protected":false},"author":303,"featured_media":27079,"comment_status":"open","ping_status":"open","sticky":false,"template":"","format":"standard","meta":{"_jetpack_memberships_contains_paid_content":false,"footnotes":""},"categories":[1],"tags":[],"class_list":["post-27074","post","type-post","status-publish","format-standard","has-post-thumbnail","hentry","category-allgemein"],"yoast_head":"<!-- This site is optimized with the Yoast SEO plugin v21.0 - https:\/\/yoast.com\/wordpress\/plugins\/seo\/ -->\n<title>ZEITmagazin-Adventskalender 2020: 23. T\u00fcrchen - Heiter bis gl\u00fccklich<\/title>\n<meta name=\"robots\" content=\"index, follow, max-snippet:-1, max-image-preview:large, max-video-preview:-1\" \/>\n<link rel=\"canonical\" href=\"https:\/\/blog.zeit.de\/zeitmagazin\/2020\/12\/23\/zeitmagazin-adventskalender-2020-23-tuerchen\/\" \/>\n<meta property=\"og:locale\" content=\"de_DE\" \/>\n<meta property=\"og:type\" content=\"article\" \/>\n<meta property=\"og:title\" content=\"ZEITmagazin-Adventskalender 2020: 23. T\u00fcrchen - Heiter bis gl\u00fccklich\" \/>\n<meta property=\"og:description\" content=\"Um diese smarten Gl\u00fchlampen von Philips Hue an- und auszuknipsen, muss man nicht vom Sofa aufstehen \u2013 sie lassen sich per App und Bluetooth steuern. Hier geht es zu den Teilnahmebedingungen. Alle Kommentare, die bis 15 Uhr gepostet werden, ber\u00fccksichtigen wir \u2013 auch wenn wir nicht immer alle Kommentare sofort freischalten k\u00f6nnen. Der Gewinner des [&hellip;]\" \/>\n<meta property=\"og:url\" content=\"https:\/\/blog.zeit.de\/zeitmagazin\/2020\/12\/23\/zeitmagazin-adventskalender-2020-23-tuerchen\/\" \/>\n<meta property=\"og:site_name\" content=\"Heiter bis gl\u00fccklich\" \/>\n<meta property=\"article:published_time\" content=\"2020-12-23T07:00:55+00:00\" \/>\n<meta property=\"article:modified_time\" content=\"2020-12-22T14:26:15+00:00\" \/>\n<meta property=\"og:image\" content=\"https:\/\/blog.zeit.de\/zeitmagazin\/files\/2020\/11\/Unknown-2.jpeg\" \/>\n\t<meta property=\"og:image:width\" content=\"1723\" \/>\n\t<meta property=\"og:image:height\" content=\"1772\" \/>\n\t<meta property=\"og:image:type\" content=\"image\/jpeg\" \/>\n<meta name=\"author\" content=\"ZEITmagazin\" \/>\n<meta name=\"twitter:card\" content=\"summary_large_image\" \/>\n<meta name=\"twitter:label1\" content=\"Geschrieben von\" \/>\n\t<meta name=\"twitter:data1\" content=\"ZEITmagazin\" \/>\n<script type=\"application\/ld+json\" class=\"yoast-schema-graph\">{\"@context\":\"https:\/\/schema.org\",\"@graph\":[{\"@type\":\"WebPage\",\"@id\":\"https:\/\/blog.zeit.de\/zeitmagazin\/2020\/12\/23\/zeitmagazin-adventskalender-2020-23-tuerchen\/\",\"url\":\"https:\/\/blog.zeit.de\/zeitmagazin\/2020\/12\/23\/zeitmagazin-adventskalender-2020-23-tuerchen\/\",\"name\":\"ZEITmagazin-Adventskalender 2020: 23. T\u00fcrchen - Heiter bis gl\u00fccklich\",\"isPartOf\":{\"@id\":\"https:\/\/blog.zeit.de\/zeitmagazin\/#website\"},\"datePublished\":\"2020-12-23T07:00:55+00:00\",\"dateModified\":\"2020-12-22T14:26:15+00:00\",\"author\":{\"@id\":\"https:\/\/blog.zeit.de\/zeitmagazin\/#\/schema\/person\/e529ff83538f7de57b4ca7ada8af49dc\"},\"breadcrumb\":{\"@id\":\"https:\/\/blog.zeit.de\/zeitmagazin\/2020\/12\/23\/zeitmagazin-adventskalender-2020-23-tuerchen\/#breadcrumb\"},\"inLanguage\":\"de\",\"potentialAction\":[{\"@type\":\"ReadAction\",\"target\":[\"https:\/\/blog.zeit.de\/zeitmagazin\/2020\/12\/23\/zeitmagazin-adventskalender-2020-23-tuerchen\/\"]}]},{\"@type\":\"BreadcrumbList\",\"@id\":\"https:\/\/blog.zeit.de\/zeitmagazin\/2020\/12\/23\/zeitmagazin-adventskalender-2020-23-tuerchen\/#breadcrumb\",\"itemListElement\":[{\"@type\":\"ListItem\",\"position\":1,\"name\":\"Startseite\",\"item\":\"https:\/\/blog.zeit.de\/zeitmagazin\/\"},{\"@type\":\"ListItem\",\"position\":2,\"name\":\"ZEITmagazin-Adventskalender 2020: 23. T\u00fcrchen\"}]},{\"@type\":\"WebSite\",\"@id\":\"https:\/\/blog.zeit.de\/zeitmagazin\/#website\",\"url\":\"https:\/\/blog.zeit.de\/zeitmagazin\/\",\"name\":\"Heiter bis gl\u00fccklich\",\"description\":\"Das ZEITmagazin-Blog\",\"potentialAction\":[{\"@type\":\"SearchAction\",\"target\":{\"@type\":\"EntryPoint\",\"urlTemplate\":\"https:\/\/blog.zeit.de\/zeitmagazin\/?s={search_term_string}\"},\"query-input\":\"required name=search_term_string\"}],\"inLanguage\":\"de\"},{\"@type\":\"Person\",\"@id\":\"https:\/\/blog.zeit.de\/zeitmagazin\/#\/schema\/person\/e529ff83538f7de57b4ca7ada8af49dc\",\"name\":\"ZEITmagazin\",\"image\":{\"@type\":\"ImageObject\",\"inLanguage\":\"de\",\"@id\":\"https:\/\/blog.zeit.de\/zeitmagazin\/#\/schema\/person\/image\/\",\"url\":\"https:\/\/secure.gravatar.com\/avatar\/395ae643797af45a6adeb82c72ce6e2664e91838c8fa626029a0f6bad7394dde?s=96&d=mm&r=g\",\"contentUrl\":\"https:\/\/secure.gravatar.com\/avatar\/395ae643797af45a6adeb82c72ce6e2664e91838c8fa626029a0f6bad7394dde?s=96&d=mm&r=g\",\"caption\":\"ZEITmagazin\"},\"url\":\"https:\/\/blog.zeit.de\/zeitmagazin\/author\/katrin-dose\/\"}]}<\/script>\n<!-- \/ Yoast SEO plugin. -->","yoast_head_json":{"title":"ZEITmagazin-Adventskalender 2020: 23. T\u00fcrchen - Heiter bis gl\u00fccklich","robots":{"index":"index","follow":"follow","max-snippet":"max-snippet:-1","max-image-preview":"max-image-preview:large","max-video-preview":"max-video-preview:-1"},"canonical":"https:\/\/blog.zeit.de\/zeitmagazin\/2020\/12\/23\/zeitmagazin-adventskalender-2020-23-tuerchen\/","og_locale":"de_DE","og_type":"article","og_title":"ZEITmagazin-Adventskalender 2020: 23. T\u00fcrchen - Heiter bis gl\u00fccklich","og_description":"Um diese smarten Gl\u00fchlampen von Philips Hue an- und auszuknipsen, muss man nicht vom Sofa aufstehen \u2013 sie lassen sich per App und Bluetooth steuern. Hier geht es zu den Teilnahmebedingungen. Alle Kommentare, die bis 15 Uhr gepostet werden, ber\u00fccksichtigen wir \u2013 auch wenn wir nicht immer alle Kommentare sofort freischalten k\u00f6nnen. Der Gewinner des [&hellip;]","og_url":"https:\/\/blog.zeit.de\/zeitmagazin\/2020\/12\/23\/zeitmagazin-adventskalender-2020-23-tuerchen\/","og_site_name":"Heiter bis gl\u00fccklich","article_published_time":"2020-12-23T07:00:55+00:00","article_modified_time":"2020-12-22T14:26:15+00:00","og_image":[{"width":1723,"height":1772,"url":"https:\/\/blog.zeit.de\/zeitmagazin\/files\/2020\/11\/Unknown-2.jpeg","type":"image\/jpeg"}],"author":"ZEITmagazin","twitter_card":"summary_large_image","twitter_misc":{"Geschrieben von":"ZEITmagazin"},"schema":{"@context":"https:\/\/schema.org","@graph":[{"@type":"WebPage","@id":"https:\/\/blog.zeit.de\/zeitmagazin\/2020\/12\/23\/zeitmagazin-adventskalender-2020-23-tuerchen\/","url":"https:\/\/blog.zeit.de\/zeitmagazin\/2020\/12\/23\/zeitmagazin-adventskalender-2020-23-tuerchen\/","name":"ZEITmagazin-Adventskalender 2020: 23. T\u00fcrchen - Heiter bis gl\u00fccklich","isPartOf":{"@id":"https:\/\/blog.zeit.de\/zeitmagazin\/#website"},"datePublished":"2020-12-23T07:00:55+00:00","dateModified":"2020-12-22T14:26:15+00:00","author":{"@id":"https:\/\/blog.zeit.de\/zeitmagazin\/#\/schema\/person\/e529ff83538f7de57b4ca7ada8af49dc"},"breadcrumb":{"@id":"https:\/\/blog.zeit.de\/zeitmagazin\/2020\/12\/23\/zeitmagazin-adventskalender-2020-23-tuerchen\/#breadcrumb"},"inLanguage":"de","potentialAction":[{"@type":"ReadAction","target":["https:\/\/blog.zeit.de\/zeitmagazin\/2020\/12\/23\/zeitmagazin-adventskalender-2020-23-tuerchen\/"]}]},{"@type":"BreadcrumbList","@id":"https:\/\/blog.zeit.de\/zeitmagazin\/2020\/12\/23\/zeitmagazin-adventskalender-2020-23-tuerchen\/#breadcrumb","itemListElement":[{"@type":"ListItem","position":1,"name":"Startseite","item":"https:\/\/blog.zeit.de\/zeitmagazin\/"},{"@type":"ListItem","position":2,"name":"ZEITmagazin-Adventskalender 2020: 23. T\u00fcrchen"}]},{"@type":"WebSite","@id":"https:\/\/blog.zeit.de\/zeitmagazin\/#website","url":"https:\/\/blog.zeit.de\/zeitmagazin\/","name":"Heiter bis gl\u00fccklich","description":"Das ZEITmagazin-Blog","potentialAction":[{"@type":"SearchAction","target":{"@type":"EntryPoint","urlTemplate":"https:\/\/blog.zeit.de\/zeitmagazin\/?s={search_term_string}"},"query-input":"required name=search_term_string"}],"inLanguage":"de"},{"@type":"Person","@id":"https:\/\/blog.zeit.de\/zeitmagazin\/#\/schema\/person\/e529ff83538f7de57b4ca7ada8af49dc","name":"ZEITmagazin","image":{"@type":"ImageObject","inLanguage":"de","@id":"https:\/\/blog.zeit.de\/zeitmagazin\/#\/schema\/person\/image\/","url":"https:\/\/secure.gravatar.com\/avatar\/395ae643797af45a6adeb82c72ce6e2664e91838c8fa626029a0f6bad7394dde?s=96&d=mm&r=g","contentUrl":"https:\/\/secure.gravatar.com\/avatar\/395ae643797af45a6adeb82c72ce6e2664e91838c8fa626029a0f6bad7394dde?s=96&d=mm&r=g","caption":"ZEITmagazin"},"url":"https:\/\/blog.zeit.de\/zeitmagazin\/author\/katrin-dose\/"}]}},"jetpack_featured_media_url":"https:\/\/blog.zeit.de\/zeitmagazin\/files\/2020\/11\/Unknown-2.jpeg","jetpack_sharing_enabled":true,"_links":{"self":[{"href":"https:\/\/blog.zeit.de\/zeitmagazin\/wp-json\/wp\/v2\/posts\/27074","targetHints":{"allow":["GET"]}}],"collection":[{"href":"https:\/\/blog.zeit.de\/zeitmagazin\/wp-json\/wp\/v2\/posts"}],"about":[{"href":"https:\/\/blog.zeit.de\/zeitmagazin\/wp-json\/wp\/v2\/types\/post"}],"author":[{"embeddable":true,"href":"https:\/\/blog.zeit.de\/zeitmagazin\/wp-json\/wp\/v2\/users\/303"}],"replies":[{"embeddable":true,"href":"https:\/\/blog.zeit.de\/zeitmagazin\/wp-json\/wp\/v2\/comments?post=27074"}],"version-history":[{"count":3,"href":"https:\/\/blog.zeit.de\/zeitmagazin\/wp-json\/wp\/v2\/posts\/27074\/revisions"}],"predecessor-version":[{"id":27115,"href":"https:\/\/blog.zeit.de\/zeitmagazin\/wp-json\/wp\/v2\/posts\/27074\/revisions\/27115"}],"wp:featuredmedia":[{"embeddable":true,"href":"https:\/\/blog.zeit.de\/zeitmagazin\/wp-json\/wp\/v2\/media\/27079"}],"wp:attachment":[{"href":"https:\/\/blog.zeit.de\/zeitmagazin\/wp-json\/wp\/v2\/media?parent=27074"}],"wp:term":[{"taxonomy":"category","embeddable":true,"href":"https:\/\/blog.zeit.de\/zeitmagazin\/wp-json\/wp\/v2\/categories?post=27074"},{"taxonomy":"post_tag","embeddable":true,"href":"https:\/\/blog.zeit.de\/zeitmagazin\/wp-json\/wp\/v2\/tags?post=27074"}],"curies":[{"name":"wp","href":"https:\/\/api.w.org\/{rel}","templated":true}]}}