{"id":4099,"date":"2011-05-05T08:00:50","date_gmt":"2011-05-05T06:00:50","guid":{"rendered":"http:\/\/blog.zeit.de\/zeitmagazin\/?p=4099"},"modified":"2011-05-04T15:46:17","modified_gmt":"2011-05-04T13:46:17","slug":"proust-fragebogen-fur-blogger-14","status":"publish","type":"post","link":"https:\/\/blog.zeit.de\/zeitmagazin\/2011\/05\/05\/proust-fragebogen-fur-blogger-14\/","title":{"rendered":"Proust-Fragebogen f\u00fcr Blogger (14)"},"content":{"rendered":"<p><figure id=\"attachment_4100\" aria-describedby=\"caption-attachment-4100\" style=\"width: 540px\" class=\"wp-caption aligncenter\"><img loading=\"lazy\" decoding=\"async\" class=\"size-large wp-image-4100\" src=\"https:\/\/blog.zeit.de\/zeitmagazin\/files\/2011\/05\/Siems_Luckwaldt-nahtlos-540x389.jpg\" alt=\"\" width=\"540\" height=\"389\" \/><figcaption id=\"caption-attachment-4100\" class=\"wp-caption-text\">(c) PR<\/figcaption><\/figure><\/p>\n<p>Was im 19. Jahrhundert Salons waren, sind heute Blogs. In diesem Sinne lassen wir die Tradition des legend\u00e4ren Fragebogens von Marcel Proust f\u00fcr unsere Lieblingsblogger wieder aufleben.\u00a0Im Gegensatz zu vielen Style-Blogs ist <a href=\"http:\/\/www.nahtlosblog.de\/\" target=\"_blank\">Nahtlos!<\/a> nicht nur eine Plattform f\u00fcr Trends, sondern h\u00e4lt uns au\u00dferdem mit aktuellen Ausstellungen, Musik,\u00a0 Beauty-Tipps und ein bisschen Society auf dem Laufenden. Ein Klick also und der stilbewusste Mensch ist informiert. Siems Luckwaldt, 33, ist eine H\u00e4lfte des Nahtlos-Duos.<\/p>\n<p><strong>Was ist f\u00fcr Sie das vollkommene Blog? <\/strong>Jedes Blog, f\u00fcr dessen Macher die Themen die Stars sind \u2013 und nicht sie selbst. Bescheidene excellence, die richtige Portion weirdness und immer mal ein Augenzwinkern \u2013 das inspiriert mich. P.S.: Eitelkeit ist eben NICHT the New Black.<\/p>\n<p><strong>Mit welchem Blogger identifizieren Sie sich am meisten? <\/strong>Mit der Eigensinnigkeit von <a href=\"http:\/\/www.margaretcho.com\/content\/category\/blog\/\/\" target=\"_blank\">Margaret Cho<\/a>. Mit dem Flei\u00df und der Energie von <a href=\"https:\/\/blog.zeit.de\/zeitmagazin\/2011\/01\/18\/proust-fragebogen-1\/\" target=\"_blank\">Jessica Wei\u00df<\/a> von <a href=\"http:\/\/www.lesmads.de\/\" target=\"_blank\">Les Mads<\/a>. Mit dem Engagement von <a href=\"http:\/\/blog.ladybunny.net\/\" target=\"_blank\">Lady Bunny<\/a>. Mit der Weisheit von <a href=\"http:\/\/krugman.blogs.nytimes.com\/\" target=\"_blank\">Paul Krugman<\/a>. Mit der stilvollen Entspannung von <a href=\"http:\/\/freundevonfreunden.com\/\" target=\"_blank\">Freunde von Freunden<\/a>.<\/p>\n<p><strong>Was ist online Ihre Lieblingsbesch\u00e4ftigung? <\/strong>Lernen. Experimentieren. Lesen. Kommunizieren. Entdecken. Nach YouTube-Sch\u00e4tzen graben.<\/p>\n<p><strong>Was ist offline Ihre Lieblingsbesch\u00e4ftigung? <\/strong>Lernen. Experimentieren. Lesen. Kommunizieren. Entdecken. Singen. Gute US-Serien \u201estudieren\u201d.<br \/>\n<strong> <\/strong><\/p>\n<p><strong>Bei welcher Gelegenheit schreiben Sie die Unwahrheit? <\/strong>Aus H\u00f6flichkeit und immer dann, wenn es einfach zu einfach w\u00e4re, eine (wahre) Gemeinheit zu formulieren und billig nachzutreten.<\/p>\n<p><strong>Ihr Lieblingsheld im Netz? <\/strong>Jeff Jarvis. Und Dr. Horrible von <a href=\"http:\/\/www.youtube.com\/watch?v=apEZpYnN_1g\" target=\"_blank\">Dr Horrible&#8217;s Sing Along Blog.<\/a><\/p>\n<p><strong>Ihr Lieblingsheld in der Wirklichkeit? <\/strong>Meine Mutter und alle Entrepreneure, die sich nicht unterkriegen lassen. Vor allem in Deutschland. Hmm &#8230; da w\u00e4ren auch noch Comedienne Kathy Griffin, Diane von F\u00fcrstenberg und Cher. Ja, ich glaube das sind die Wichtigsten.<\/p>\n<p><strong>Welche Eigenschaften sch\u00e4tzen Sie an Menschen, denen Sie im Netz begegnen? <\/strong>Nahbarkeit, Humor, Ehrlichkeit (klingt paradox, I know), Interessen-Vielfalt, schl\u00fcpfrige Profilfotos auf Facebook.<\/p>\n<p><strong>Welche Eigenschaften sch\u00e4tzen Sie an Menschen, denen Sie in der Wirklichkeit begegnen? <\/strong>Nahbarkeit, Humor, Ehrlichkeit (klingt das jetzt weniger paradox?), Interessenvielfalt, einen Mode-Stil, der sagt \u201eI like it, no matter what you think\u201c.<\/p>\n<p><strong>Was m\u00f6gen Sie im Netz am wenigsten? <\/strong>Seinen Sog.<\/p>\n<p><strong>Was st\u00f6rt Sie an Bloggern am meisten? <\/strong>Dass immer noch viele denken, das Wort \u201eBlogger\u201d w\u00e4re eine Berufsbezeichnung, wo es eigentlich nur ein Medienformat mit gewissen Ausdrucks-Eigenheiten beschreibt. Und, dass (leider) immer mehr Leute hoffen, Blogger seien Germany\u2018s Next Superstars. If you\u2018re in it for the fame, well, good luck to you &#8230;<\/p>\n<p><strong>Was st\u00f6rt Sie an sich selbst am meisten? <\/strong>Dass ich auf diese Frage beinahe \u201eMeine Ungeduld\u201d geantwortet h\u00e4tte. Wie ungef\u00e4hr zehn Millionen Fragebogen-Ausf\u00fcller vor mir. Dabei sind mein Tatendrang und ich l\u00e4ngst gute Freunde. Ab und an kommt mein Leben blo\u00df nicht hinterher &#8230;<\/p>\n<p><strong>Ihr gl\u00fccklichster Moment als Blogger? <\/strong>Wenn ich faszinierende Pers\u00f6nlichkeiten treffen oder gar mit ihnen zusammenarbeiten darf. Und: Wenn eine Geschichte, wenn ein Blogpost richtig sch\u00f6n \u201erund\u201c ist.<\/p>\n<p><strong>Was halten Sie f\u00fcr Ihre gr\u00f6\u00dfte Errungenschaft als Blogger? <\/strong>Dass ich seit \u00fcber 13 Jahren journalistisch arbeiten kann &#8211; und sich daran auch mit Nahtlos! nichts ge\u00e4ndert hat.<\/p>\n<p><strong>\u00dcber welches Talent w\u00fcrden Sie gern verf\u00fcgen? <\/strong>Ich w\u00fcrde gern malen k\u00f6nnen. Oder wenigstens etwas zeichnen. O.k., wenn ich das Haus vom Nikolaus weniger krakelig hinbekommen w\u00fcrde, das w\u00e4re toll.<\/p>\n<p><strong>Als welcher Blogger m\u00f6chten Sie gern wiedergeboren werden? <\/strong>Als <a href=\"http:\/\/zenhabits.net\/\" target=\"_blank\">Leo Babauta von ZenHabits<\/a>.<\/p>\n<p><strong>Ihre gr\u00f6\u00dfte Extravaganz? <\/strong>Bestm\u00f6gliches technisches Equipment. Und meine Fantasie.<\/p>\n<p><strong>Ihre gegenw\u00e4rtige Geistesverfassung? <\/strong>\u00dcberm\u00fcdet vom n\u00e4chtlichen Fragebogen-Ausf\u00fcllen.<\/p>\n<p><strong>Ihr Motto? <\/strong>\u201eBe who you are and say what you feel, because those who mind don&#8217;t matter and those who matter don&#8217;t mind.\u201d (Dr. Seuss)<\/p>\n<p>Bislang haben unseren Proust-Bloggerfragebogen <a href=\"https:\/\/blog.zeit.de\/zeitmagazin\/2011\/04\/28\/proust-fagebogen-fur-blogger-13\/\" target=\"_blank\">Katja Hentschel<\/a>,\u00a0<a href=\"https:\/\/blog.zeit.de\/zeitmagazin\/2011\/04\/20\/proust-fragebogen-fur-blogger-12\/\" target=\"_blank\">Katya Moorman<\/a>,\u00a0<a href=\"https:\/\/blog.zeit.de\/zeitmagazin\/2011\/04\/07\/proust-fragebogen-fur-blogger-11\/\" target=\"_blank\">Julia Stelzner<\/a>,\u00a0<a href=\"https:\/\/blog.zeit.de\/zeitmagazin\/2011\/03\/31\/proust-fragebogen-fur-blogger-10\/\" target=\"_blank\">Katharina Charpian<\/a>,\u00a0<a href=\"https:\/\/blog.zeit.de\/zeitmagazin\/2011\/03\/24\/proust-fragebogen-fur-blogger-9\/\" target=\"_blank\">Thomas Kn\u00fcwer<\/a>,\u00a0<a href=\"https:\/\/blog.zeit.de\/zeitmagazin\/2011\/03\/17\/proust-fragebogen-fur-blogger-8\/\" target=\"_blank\">Marlene S\u00f8rensen und James Castle<\/a>,\u00a0<a href=\"https:\/\/blog.zeit.de\/zeitmagazin\/2011\/03\/15\/proust-fragebogen-fur-blogger-7\/\" target=\"_blank\">Mary Scherpe<\/a>,\u00a0<a href=\"https:\/\/blog.zeit.de\/zeitmagazin\/2011\/03\/10\/proust-fragebogen-fur-blogger-6\/\" target=\"_blank\">Juliane Duft und Anna Katharina Bender<\/a>,\u00a0<a href=\"https:\/\/blog.zeit.de\/zeitmagazin\/2011\/02\/24\/proust-fragebogen-fur-blogger-5\/\" target=\"_blank\">Richard Gutjahr<\/a>,\u00a0<a href=\"https:\/\/blog.zeit.de\/zeitmagazin\/2011\/02\/17\/proust-fragebogen-fur-blogger-4\/\" target=\"_blank\">Anna dello Russo<\/a>,\u00a0<a href=\"https:\/\/blog.zeit.de\/zeitmagazin\/2011\/02\/10\/proust-fragebogen-fur-blogger-3\/\" target=\"_blank\">Peter Glaser<\/a>,\u00a0<a href=\"https:\/\/blog.zeit.de\/zeitmagazin\/2011\/02\/04\/proust-fragebogen-fur-blogger-2\/\" target=\"_blank\">Frederik Frede<\/a> und\u00a0<a href=\"https:\/\/blog.zeit.de\/zeitmagazin\/2011\/01\/18\/proust-fragebogen-1\/\" target=\"_blank\">Jessica Wei\u00df<\/a> ausgef\u00fcllt<\/p>\n","protected":false},"excerpt":{"rendered":"<p>Was im 19. Jahrhundert Salons waren, sind heute Blogs. In diesem Sinne lassen wir die Tradition des legend\u00e4ren Fragebogens von Marcel Proust f\u00fcr unsere Lieblingsblogger wieder aufleben.\u00a0Im Gegensatz zu vielen Style-Blogs ist Nahtlos! nicht nur eine Plattform f\u00fcr Trends, sondern h\u00e4lt uns au\u00dferdem mit aktuellen Ausstellungen, Musik,\u00a0 Beauty-Tipps und ein bisschen Society auf dem Laufenden. [&hellip;]<\/p>\n","protected":false},"author":303,"featured_media":0,"comment_status":"open","ping_status":"open","sticky":false,"template":"","format":"standard","meta":{"_jetpack_memberships_contains_paid_content":false,"footnotes":""},"categories":[1,372,401,1692,1695,8752],"tags":[],"class_list":["post-4099","post","type-post","status-publish","format-standard","hentry","category-allgemein","category-interview","category-kunst","category-mode","category-musik","category-proust-fur-blogger"],"yoast_head":"<!-- This site is optimized with the Yoast SEO plugin v21.0 - https:\/\/yoast.com\/wordpress\/plugins\/seo\/ -->\n<title>Proust-Fragebogen f\u00fcr Blogger (14) - Heiter bis gl\u00fccklich<\/title>\n<meta name=\"robots\" content=\"index, follow, max-snippet:-1, max-image-preview:large, max-video-preview:-1\" \/>\n<link rel=\"canonical\" href=\"https:\/\/blog.zeit.de\/zeitmagazin\/2011\/05\/05\/proust-fragebogen-fur-blogger-14\/\" \/>\n<meta property=\"og:locale\" content=\"de_DE\" \/>\n<meta property=\"og:type\" content=\"article\" \/>\n<meta property=\"og:title\" content=\"Proust-Fragebogen f\u00fcr Blogger (14) - Heiter bis gl\u00fccklich\" \/>\n<meta property=\"og:description\" content=\"Was im 19. Jahrhundert Salons waren, sind heute Blogs. In diesem Sinne lassen wir die Tradition des legend\u00e4ren Fragebogens von Marcel Proust f\u00fcr unsere Lieblingsblogger wieder aufleben.\u00a0Im Gegensatz zu vielen Style-Blogs ist Nahtlos! nicht nur eine Plattform f\u00fcr Trends, sondern h\u00e4lt uns au\u00dferdem mit aktuellen Ausstellungen, Musik,\u00a0 Beauty-Tipps und ein bisschen Society auf dem Laufenden. [&hellip;]\" \/>\n<meta property=\"og:url\" content=\"https:\/\/blog.zeit.de\/zeitmagazin\/2011\/05\/05\/proust-fragebogen-fur-blogger-14\/\" \/>\n<meta property=\"og:site_name\" content=\"Heiter bis gl\u00fccklich\" \/>\n<meta property=\"article:published_time\" content=\"2011-05-05T06:00:50+00:00\" \/>\n<meta property=\"article:modified_time\" content=\"2011-05-04T13:46:17+00:00\" \/>\n<meta property=\"og:image\" content=\"https:\/\/blog.zeit.de\/zeitmagazin\/files\/2011\/05\/Siems_Luckwaldt-nahtlos-540x389.jpg\" \/>\n<meta name=\"author\" content=\"ZEITmagazin\" \/>\n<meta name=\"twitter:card\" content=\"summary_large_image\" \/>\n<meta name=\"twitter:label1\" content=\"Geschrieben von\" \/>\n\t<meta name=\"twitter:data1\" content=\"ZEITmagazin\" \/>\n\t<meta name=\"twitter:label2\" content=\"Gesch\u00e4tzte Lesezeit\" \/>\n\t<meta name=\"twitter:data2\" content=\"3\u00a0Minuten\" \/>\n<script type=\"application\/ld+json\" class=\"yoast-schema-graph\">{\"@context\":\"https:\/\/schema.org\",\"@graph\":[{\"@type\":\"WebPage\",\"@id\":\"https:\/\/blog.zeit.de\/zeitmagazin\/2011\/05\/05\/proust-fragebogen-fur-blogger-14\/\",\"url\":\"https:\/\/blog.zeit.de\/zeitmagazin\/2011\/05\/05\/proust-fragebogen-fur-blogger-14\/\",\"name\":\"Proust-Fragebogen f\u00fcr Blogger (14) - Heiter bis gl\u00fccklich\",\"isPartOf\":{\"@id\":\"https:\/\/blog.zeit.de\/zeitmagazin\/#website\"},\"datePublished\":\"2011-05-05T06:00:50+00:00\",\"dateModified\":\"2011-05-04T13:46:17+00:00\",\"author\":{\"@id\":\"https:\/\/blog.zeit.de\/zeitmagazin\/#\/schema\/person\/e529ff83538f7de57b4ca7ada8af49dc\"},\"breadcrumb\":{\"@id\":\"https:\/\/blog.zeit.de\/zeitmagazin\/2011\/05\/05\/proust-fragebogen-fur-blogger-14\/#breadcrumb\"},\"inLanguage\":\"de\",\"potentialAction\":[{\"@type\":\"ReadAction\",\"target\":[\"https:\/\/blog.zeit.de\/zeitmagazin\/2011\/05\/05\/proust-fragebogen-fur-blogger-14\/\"]}]},{\"@type\":\"BreadcrumbList\",\"@id\":\"https:\/\/blog.zeit.de\/zeitmagazin\/2011\/05\/05\/proust-fragebogen-fur-blogger-14\/#breadcrumb\",\"itemListElement\":[{\"@type\":\"ListItem\",\"position\":1,\"name\":\"Startseite\",\"item\":\"https:\/\/blog.zeit.de\/zeitmagazin\/\"},{\"@type\":\"ListItem\",\"position\":2,\"name\":\"Proust-Fragebogen f\u00fcr Blogger (14)\"}]},{\"@type\":\"WebSite\",\"@id\":\"https:\/\/blog.zeit.de\/zeitmagazin\/#website\",\"url\":\"https:\/\/blog.zeit.de\/zeitmagazin\/\",\"name\":\"Heiter bis gl\u00fccklich\",\"description\":\"Das ZEITmagazin-Blog\",\"potentialAction\":[{\"@type\":\"SearchAction\",\"target\":{\"@type\":\"EntryPoint\",\"urlTemplate\":\"https:\/\/blog.zeit.de\/zeitmagazin\/?s={search_term_string}\"},\"query-input\":\"required name=search_term_string\"}],\"inLanguage\":\"de\"},{\"@type\":\"Person\",\"@id\":\"https:\/\/blog.zeit.de\/zeitmagazin\/#\/schema\/person\/e529ff83538f7de57b4ca7ada8af49dc\",\"name\":\"ZEITmagazin\",\"image\":{\"@type\":\"ImageObject\",\"inLanguage\":\"de\",\"@id\":\"https:\/\/blog.zeit.de\/zeitmagazin\/#\/schema\/person\/image\/\",\"url\":\"https:\/\/secure.gravatar.com\/avatar\/395ae643797af45a6adeb82c72ce6e2664e91838c8fa626029a0f6bad7394dde?s=96&d=mm&r=g\",\"contentUrl\":\"https:\/\/secure.gravatar.com\/avatar\/395ae643797af45a6adeb82c72ce6e2664e91838c8fa626029a0f6bad7394dde?s=96&d=mm&r=g\",\"caption\":\"ZEITmagazin\"},\"url\":\"https:\/\/blog.zeit.de\/zeitmagazin\/author\/katrin-dose\/\"}]}<\/script>\n<!-- \/ Yoast SEO plugin. -->","yoast_head_json":{"title":"Proust-Fragebogen f\u00fcr Blogger (14) - Heiter bis gl\u00fccklich","robots":{"index":"index","follow":"follow","max-snippet":"max-snippet:-1","max-image-preview":"max-image-preview:large","max-video-preview":"max-video-preview:-1"},"canonical":"https:\/\/blog.zeit.de\/zeitmagazin\/2011\/05\/05\/proust-fragebogen-fur-blogger-14\/","og_locale":"de_DE","og_type":"article","og_title":"Proust-Fragebogen f\u00fcr Blogger (14) - Heiter bis gl\u00fccklich","og_description":"Was im 19. Jahrhundert Salons waren, sind heute Blogs. In diesem Sinne lassen wir die Tradition des legend\u00e4ren Fragebogens von Marcel Proust f\u00fcr unsere Lieblingsblogger wieder aufleben.\u00a0Im Gegensatz zu vielen Style-Blogs ist Nahtlos! nicht nur eine Plattform f\u00fcr Trends, sondern h\u00e4lt uns au\u00dferdem mit aktuellen Ausstellungen, Musik,\u00a0 Beauty-Tipps und ein bisschen Society auf dem Laufenden. [&hellip;]","og_url":"https:\/\/blog.zeit.de\/zeitmagazin\/2011\/05\/05\/proust-fragebogen-fur-blogger-14\/","og_site_name":"Heiter bis gl\u00fccklich","article_published_time":"2011-05-05T06:00:50+00:00","article_modified_time":"2011-05-04T13:46:17+00:00","og_image":[{"url":"https:\/\/blog.zeit.de\/zeitmagazin\/files\/2011\/05\/Siems_Luckwaldt-nahtlos-540x389.jpg"}],"author":"ZEITmagazin","twitter_card":"summary_large_image","twitter_misc":{"Geschrieben von":"ZEITmagazin","Gesch\u00e4tzte Lesezeit":"3\u00a0Minuten"},"schema":{"@context":"https:\/\/schema.org","@graph":[{"@type":"WebPage","@id":"https:\/\/blog.zeit.de\/zeitmagazin\/2011\/05\/05\/proust-fragebogen-fur-blogger-14\/","url":"https:\/\/blog.zeit.de\/zeitmagazin\/2011\/05\/05\/proust-fragebogen-fur-blogger-14\/","name":"Proust-Fragebogen f\u00fcr Blogger (14) - Heiter bis gl\u00fccklich","isPartOf":{"@id":"https:\/\/blog.zeit.de\/zeitmagazin\/#website"},"datePublished":"2011-05-05T06:00:50+00:00","dateModified":"2011-05-04T13:46:17+00:00","author":{"@id":"https:\/\/blog.zeit.de\/zeitmagazin\/#\/schema\/person\/e529ff83538f7de57b4ca7ada8af49dc"},"breadcrumb":{"@id":"https:\/\/blog.zeit.de\/zeitmagazin\/2011\/05\/05\/proust-fragebogen-fur-blogger-14\/#breadcrumb"},"inLanguage":"de","potentialAction":[{"@type":"ReadAction","target":["https:\/\/blog.zeit.de\/zeitmagazin\/2011\/05\/05\/proust-fragebogen-fur-blogger-14\/"]}]},{"@type":"BreadcrumbList","@id":"https:\/\/blog.zeit.de\/zeitmagazin\/2011\/05\/05\/proust-fragebogen-fur-blogger-14\/#breadcrumb","itemListElement":[{"@type":"ListItem","position":1,"name":"Startseite","item":"https:\/\/blog.zeit.de\/zeitmagazin\/"},{"@type":"ListItem","position":2,"name":"Proust-Fragebogen f\u00fcr Blogger (14)"}]},{"@type":"WebSite","@id":"https:\/\/blog.zeit.de\/zeitmagazin\/#website","url":"https:\/\/blog.zeit.de\/zeitmagazin\/","name":"Heiter bis gl\u00fccklich","description":"Das ZEITmagazin-Blog","potentialAction":[{"@type":"SearchAction","target":{"@type":"EntryPoint","urlTemplate":"https:\/\/blog.zeit.de\/zeitmagazin\/?s={search_term_string}"},"query-input":"required name=search_term_string"}],"inLanguage":"de"},{"@type":"Person","@id":"https:\/\/blog.zeit.de\/zeitmagazin\/#\/schema\/person\/e529ff83538f7de57b4ca7ada8af49dc","name":"ZEITmagazin","image":{"@type":"ImageObject","inLanguage":"de","@id":"https:\/\/blog.zeit.de\/zeitmagazin\/#\/schema\/person\/image\/","url":"https:\/\/secure.gravatar.com\/avatar\/395ae643797af45a6adeb82c72ce6e2664e91838c8fa626029a0f6bad7394dde?s=96&d=mm&r=g","contentUrl":"https:\/\/secure.gravatar.com\/avatar\/395ae643797af45a6adeb82c72ce6e2664e91838c8fa626029a0f6bad7394dde?s=96&d=mm&r=g","caption":"ZEITmagazin"},"url":"https:\/\/blog.zeit.de\/zeitmagazin\/author\/katrin-dose\/"}]}},"jetpack_featured_media_url":"","jetpack_sharing_enabled":true,"_links":{"self":[{"href":"https:\/\/blog.zeit.de\/zeitmagazin\/wp-json\/wp\/v2\/posts\/4099","targetHints":{"allow":["GET"]}}],"collection":[{"href":"https:\/\/blog.zeit.de\/zeitmagazin\/wp-json\/wp\/v2\/posts"}],"about":[{"href":"https:\/\/blog.zeit.de\/zeitmagazin\/wp-json\/wp\/v2\/types\/post"}],"author":[{"embeddable":true,"href":"https:\/\/blog.zeit.de\/zeitmagazin\/wp-json\/wp\/v2\/users\/303"}],"replies":[{"embeddable":true,"href":"https:\/\/blog.zeit.de\/zeitmagazin\/wp-json\/wp\/v2\/comments?post=4099"}],"version-history":[{"count":15,"href":"https:\/\/blog.zeit.de\/zeitmagazin\/wp-json\/wp\/v2\/posts\/4099\/revisions"}],"predecessor-version":[{"id":4128,"href":"https:\/\/blog.zeit.de\/zeitmagazin\/wp-json\/wp\/v2\/posts\/4099\/revisions\/4128"}],"wp:attachment":[{"href":"https:\/\/blog.zeit.de\/zeitmagazin\/wp-json\/wp\/v2\/media?parent=4099"}],"wp:term":[{"taxonomy":"category","embeddable":true,"href":"https:\/\/blog.zeit.de\/zeitmagazin\/wp-json\/wp\/v2\/categories?post=4099"},{"taxonomy":"post_tag","embeddable":true,"href":"https:\/\/blog.zeit.de\/zeitmagazin\/wp-json\/wp\/v2\/tags?post=4099"}],"curies":[{"name":"wp","href":"https:\/\/api.w.org\/{rel}","templated":true}]}}