{"id":6936,"date":"2011-11-20T15:00:51","date_gmt":"2011-11-20T14:00:51","guid":{"rendered":"http:\/\/blog.zeit.de\/zeitmagazin\/?p=6936"},"modified":"2011-11-14T16:46:12","modified_gmt":"2011-11-14T15:46:12","slug":"das-konnen-sie-glauben","status":"publish","type":"post","link":"https:\/\/blog.zeit.de\/zeitmagazin\/2011\/11\/20\/das-konnen-sie-glauben\/","title":{"rendered":"Das k\u00f6nnen Sie glauben!"},"content":{"rendered":"<p><figure id=\"attachment_6937\" aria-describedby=\"caption-attachment-6937\" style=\"width: 540px\" class=\"wp-caption aligncenter\"><img loading=\"lazy\" decoding=\"async\" class=\"size-large wp-image-6937\" title=\"StefanKuzmany\" src=\"https:\/\/blog.zeit.de\/zeitmagazin\/files\/2011\/11\/StefanKuzmany-540x721.jpg\" alt=\"\" width=\"540\" height=\"721\" \/><figcaption id=\"caption-attachment-6937\" class=\"wp-caption-text\">(c) Stefan Kuzmany<\/figcaption><\/figure><\/p>\n<p align=\"JUSTIFY\">Stefan Kuzmany ist Kulturredakteur bei Spiegel online \u2013 und neuerdings auch Hobby-Theologe. Gerade erschien sein Buch \u201e<a href=\"http:\/\/www.fischerverlage.de\/buch\/das_koennen_sie_glauben\/9783596180905\" target=\"_blank\">Das k\u00f6nnen Sie glauben!<\/a>\u201c, darin erz\u00e4hlt er, wie es sich so lebt als Moslem, Christ, Jude oder Buddhist. Stefan Kuzmany hat die Angebote der gro\u00dfen Weltreligionen angenommen. Ob er das Seelenheil gefunden hat? <em> <\/em><\/p>\n<p align=\"JUSTIFY\"><strong>ZEITmagazin: <\/strong>Wie religi\u00f6s sind Sie, Herr Kuzmany?<br \/>\n<strong>Stefan Kuzmany:<\/strong> Ich bin in der N\u00e4he von M\u00fcnchen aufgewachsen, mein Vater war evangelisch, meine Mutter katholisch. Ich bin getauft, aber nicht wirklich religi\u00f6s erzogen worden. Trotzdem war ich nach meiner Konfirmation sehr fasziniert vom Glauben an Gott. Ich dachte damals, ich k\u00f6nnte eine Art Handel mit ihm machen. Nach dem Motto: Wenn ich mich benehme, sorgt Gott f\u00fcr die guten Schulnoten und die erste Freundin. Das war nat\u00fcrlich Unsinn.<\/p>\n<p align=\"JUSTIFY\"><strong>ZEITmagazin: <\/strong>In ihrem Buch findet sich (noch vor der Einleitung) eine Gebrauchsanleitung. Darin steht, es handele sich ausschlie\u00dflich um das h\u00f6chst individuelle Empfinden des Autors. Wie ernst sind Ihre Bedenken, Gl\u00e4ubige k\u00f6nnten sich durch den ironischen Tonfall ihres Buchs verunglimpft f\u00fchlen?<br \/>\n<strong>Kuzmany:<\/strong> Ich nehme das schon ernst. Man wei\u00df ja heute nicht, wer da was in den falschen Hals bekommt. Mir ist nat\u00fcrlich klar, dass Leute, die extremistisch glauben, sich von solchen Erkl\u00e4rungen nicht bes\u00e4nftigen lassen.<\/p>\n<p align=\"JUSTIFY\"><strong>ZEITmagazin: <\/strong>Sie schreiben, dass Sie manchmal gerne glauben w\u00fcrden. Wann?<br \/>\n<strong>Kuzmany:<\/strong> Es gibt Situationen, in denen ich es besser f\u00e4nde, mich auf das feste Regelwerk einer Religion st\u00fctzen zu k\u00f6nnen. Wenn ein Mensch stirbt, der einem nahe steht, w\u00e4re es sehr sch\u00f6n zu wissen, dass er nun in einer besseren Welt ist. Sonst bin ich aber froh, die Welt so zu sehen wie ich es tue.<\/p>\n<p align=\"JUSTIFY\"><strong>ZEITmagazin: <\/strong>Was sagen Sie ihrem Sohn, wenn er morgen fragt, ob es einen Gott gibt?<br \/>\n<strong>Kuzmany:<\/strong> Der ist im Kindergartenalter und noch etwas zu jung f\u00fcr mein Buch. Ich w\u00fcrde mich also zur\u00fcckhalten, um keine Illusionen zu zerst\u00f6ren. Aber es w\u00e4re auch falsch, etwas zu vermitteln, das ich selbst nicht glaube. Mein Sohn ist nicht getauft. Wenn er alt genug ist, wird er seine eigenen Entscheidungen treffen. Wenn er Lust hat, gebe ich ihm dann mein Buch zu lesen.<\/p>\n<p align=\"JUSTIFY\"><strong>ZEITmagazin: <\/strong>Die Weltreligionen in den verschiedenen Kapiteln erscheinen wie Marken, die ein Produkt loswerden wollen.<br \/>\n<strong>Kuzmany:<\/strong> Ja, meine Herangehensweise h\u00e4lt sich bewusst an die Konsumentenperspektive. Wir kennen doch diese Situationen, wo einem ein Glaube aufgeschwatzt werden soll, in der Fu\u00dfg\u00e4ngerzone oder am Bahnhof. Dort bekommt man einen Zettel in die Hand gedr\u00fcckt, der das Seelenheil verspricht. Wir leben in einer Zeit, wo die Religion wieder st\u00e4rker wird, manchmal bekommt sie dabei einen regelrechten Warencharakter.<\/p>\n<p align=\"JUSTIFY\"><strong>ZEITmagazin: <\/strong>Sie wollen aber niemandem seinen Glauben vermiesen, oder?<br \/>\n<strong>Kuzmany: <\/strong>Auf keinen Fall. Ich schreibe auch \u00fcber Leute, die eine positive Kraft aus dem Glauben ziehen, etwa die Kinderg\u00e4rtnerin meines Sohnes. Ich bin aber der Meinung, dass Religion keinen Einfluss auf politische und gesellschaftliche Entscheidungen haben darf. Es kommt immer darauf an, wie sie eingesetzt wird. Religion allein macht keine besseren oder schlechteren Menschen.<\/p>\n<p align=\"JUSTIFY\"><strong>ZEITmagazin: <\/strong>In Ihrem ersten Buch \u201eGute Marken, b\u00f6se Marken\u201c ging es um politisch korrekten Konsum. Gibt es einen Zusammenhang zum Neuen?<br \/>\n<strong>Kuzmany: <\/strong>Es ist eine \u00e4hnliche Herangehensweise. Damals habe ich auch einen Glauben hinterfragt, den Glauben an das richtige Label. Ich habe mir angeschaut, wie es dem Bio-Huhn wirklich geht, das die ges\u00fcnderen Eier legt. Und habe festgestellt: Vor Ort sieht der Hof meist nicht so toll aus, wie auf der Verpackung. Ich habe gefragt: Wie sind die Arbeitsbedingungen der Menschen, die unsere schicken iPhones produzieren? Antwort: Gar nicht so schick. Aber scheinbar gute Marken beruhigen die Kunden ungemein. Man muss nur daran glauben.<\/p>\n<p align=\"JUSTIFY\">Die Fragen stellte <strong>Alexander Krex<\/strong><\/p>\n<p align=\"JUSTIFY\">\n","protected":false},"excerpt":{"rendered":"<p>Stefan Kuzmany ist Kulturredakteur bei Spiegel online \u2013 und neuerdings auch Hobby-Theologe. Gerade erschien sein Buch \u201eDas k\u00f6nnen Sie glauben!\u201c, darin erz\u00e4hlt er, wie es sich so lebt als Moslem, Christ, Jude oder Buddhist. Stefan Kuzmany hat die Angebote der gro\u00dfen Weltreligionen angenommen. Ob er das Seelenheil gefunden hat? ZEITmagazin: Wie religi\u00f6s sind Sie, Herr [&hellip;]<\/p>\n","protected":false},"author":303,"featured_media":0,"comment_status":"open","ping_status":"open","sticky":false,"template":"","format":"standard","meta":{"_jetpack_memberships_contains_paid_content":false,"footnotes":""},"categories":[735],"tags":[],"class_list":["post-6936","post","type-post","status-publish","format-standard","hentry","category-bucher"],"yoast_head":"<!-- This site is optimized with the Yoast SEO plugin v21.0 - https:\/\/yoast.com\/wordpress\/plugins\/seo\/ -->\n<title>Das k\u00f6nnen Sie glauben! - Heiter bis gl\u00fccklich<\/title>\n<meta name=\"robots\" content=\"index, follow, max-snippet:-1, max-image-preview:large, max-video-preview:-1\" \/>\n<link rel=\"canonical\" href=\"https:\/\/blog.zeit.de\/zeitmagazin\/2011\/11\/20\/das-konnen-sie-glauben\/\" \/>\n<meta property=\"og:locale\" content=\"de_DE\" \/>\n<meta property=\"og:type\" content=\"article\" \/>\n<meta property=\"og:title\" content=\"Das k\u00f6nnen Sie glauben! - Heiter bis gl\u00fccklich\" \/>\n<meta property=\"og:description\" content=\"Stefan Kuzmany ist Kulturredakteur bei Spiegel online \u2013 und neuerdings auch Hobby-Theologe. Gerade erschien sein Buch \u201eDas k\u00f6nnen Sie glauben!\u201c, darin erz\u00e4hlt er, wie es sich so lebt als Moslem, Christ, Jude oder Buddhist. Stefan Kuzmany hat die Angebote der gro\u00dfen Weltreligionen angenommen. Ob er das Seelenheil gefunden hat? ZEITmagazin: Wie religi\u00f6s sind Sie, Herr [&hellip;]\" \/>\n<meta property=\"og:url\" content=\"https:\/\/blog.zeit.de\/zeitmagazin\/2011\/11\/20\/das-konnen-sie-glauben\/\" \/>\n<meta property=\"og:site_name\" content=\"Heiter bis gl\u00fccklich\" \/>\n<meta property=\"article:published_time\" content=\"2011-11-20T14:00:51+00:00\" \/>\n<meta property=\"article:modified_time\" content=\"2011-11-14T15:46:12+00:00\" \/>\n<meta property=\"og:image\" content=\"https:\/\/blog.zeit.de\/zeitmagazin\/files\/2011\/11\/StefanKuzmany-540x721.jpg\" \/>\n<meta name=\"author\" content=\"ZEITmagazin\" \/>\n<meta name=\"twitter:card\" content=\"summary_large_image\" \/>\n<meta name=\"twitter:label1\" content=\"Geschrieben von\" \/>\n\t<meta name=\"twitter:data1\" content=\"ZEITmagazin\" \/>\n\t<meta name=\"twitter:label2\" content=\"Gesch\u00e4tzte Lesezeit\" \/>\n\t<meta name=\"twitter:data2\" content=\"3\u00a0Minuten\" \/>\n<script type=\"application\/ld+json\" class=\"yoast-schema-graph\">{\"@context\":\"https:\/\/schema.org\",\"@graph\":[{\"@type\":\"WebPage\",\"@id\":\"https:\/\/blog.zeit.de\/zeitmagazin\/2011\/11\/20\/das-konnen-sie-glauben\/\",\"url\":\"https:\/\/blog.zeit.de\/zeitmagazin\/2011\/11\/20\/das-konnen-sie-glauben\/\",\"name\":\"Das k\u00f6nnen Sie glauben! - Heiter bis gl\u00fccklich\",\"isPartOf\":{\"@id\":\"https:\/\/blog.zeit.de\/zeitmagazin\/#website\"},\"datePublished\":\"2011-11-20T14:00:51+00:00\",\"dateModified\":\"2011-11-14T15:46:12+00:00\",\"author\":{\"@id\":\"https:\/\/blog.zeit.de\/zeitmagazin\/#\/schema\/person\/e529ff83538f7de57b4ca7ada8af49dc\"},\"breadcrumb\":{\"@id\":\"https:\/\/blog.zeit.de\/zeitmagazin\/2011\/11\/20\/das-konnen-sie-glauben\/#breadcrumb\"},\"inLanguage\":\"de\",\"potentialAction\":[{\"@type\":\"ReadAction\",\"target\":[\"https:\/\/blog.zeit.de\/zeitmagazin\/2011\/11\/20\/das-konnen-sie-glauben\/\"]}]},{\"@type\":\"BreadcrumbList\",\"@id\":\"https:\/\/blog.zeit.de\/zeitmagazin\/2011\/11\/20\/das-konnen-sie-glauben\/#breadcrumb\",\"itemListElement\":[{\"@type\":\"ListItem\",\"position\":1,\"name\":\"Startseite\",\"item\":\"https:\/\/blog.zeit.de\/zeitmagazin\/\"},{\"@type\":\"ListItem\",\"position\":2,\"name\":\"Das k\u00f6nnen Sie glauben!\"}]},{\"@type\":\"WebSite\",\"@id\":\"https:\/\/blog.zeit.de\/zeitmagazin\/#website\",\"url\":\"https:\/\/blog.zeit.de\/zeitmagazin\/\",\"name\":\"Heiter bis gl\u00fccklich\",\"description\":\"Das ZEITmagazin-Blog\",\"potentialAction\":[{\"@type\":\"SearchAction\",\"target\":{\"@type\":\"EntryPoint\",\"urlTemplate\":\"https:\/\/blog.zeit.de\/zeitmagazin\/?s={search_term_string}\"},\"query-input\":\"required name=search_term_string\"}],\"inLanguage\":\"de\"},{\"@type\":\"Person\",\"@id\":\"https:\/\/blog.zeit.de\/zeitmagazin\/#\/schema\/person\/e529ff83538f7de57b4ca7ada8af49dc\",\"name\":\"ZEITmagazin\",\"image\":{\"@type\":\"ImageObject\",\"inLanguage\":\"de\",\"@id\":\"https:\/\/blog.zeit.de\/zeitmagazin\/#\/schema\/person\/image\/\",\"url\":\"https:\/\/secure.gravatar.com\/avatar\/395ae643797af45a6adeb82c72ce6e2664e91838c8fa626029a0f6bad7394dde?s=96&d=mm&r=g\",\"contentUrl\":\"https:\/\/secure.gravatar.com\/avatar\/395ae643797af45a6adeb82c72ce6e2664e91838c8fa626029a0f6bad7394dde?s=96&d=mm&r=g\",\"caption\":\"ZEITmagazin\"},\"url\":\"https:\/\/blog.zeit.de\/zeitmagazin\/author\/katrin-dose\/\"}]}<\/script>\n<!-- \/ Yoast SEO plugin. -->","yoast_head_json":{"title":"Das k\u00f6nnen Sie glauben! - Heiter bis gl\u00fccklich","robots":{"index":"index","follow":"follow","max-snippet":"max-snippet:-1","max-image-preview":"max-image-preview:large","max-video-preview":"max-video-preview:-1"},"canonical":"https:\/\/blog.zeit.de\/zeitmagazin\/2011\/11\/20\/das-konnen-sie-glauben\/","og_locale":"de_DE","og_type":"article","og_title":"Das k\u00f6nnen Sie glauben! - Heiter bis gl\u00fccklich","og_description":"Stefan Kuzmany ist Kulturredakteur bei Spiegel online \u2013 und neuerdings auch Hobby-Theologe. Gerade erschien sein Buch \u201eDas k\u00f6nnen Sie glauben!\u201c, darin erz\u00e4hlt er, wie es sich so lebt als Moslem, Christ, Jude oder Buddhist. Stefan Kuzmany hat die Angebote der gro\u00dfen Weltreligionen angenommen. Ob er das Seelenheil gefunden hat? ZEITmagazin: Wie religi\u00f6s sind Sie, Herr [&hellip;]","og_url":"https:\/\/blog.zeit.de\/zeitmagazin\/2011\/11\/20\/das-konnen-sie-glauben\/","og_site_name":"Heiter bis gl\u00fccklich","article_published_time":"2011-11-20T14:00:51+00:00","article_modified_time":"2011-11-14T15:46:12+00:00","og_image":[{"url":"https:\/\/blog.zeit.de\/zeitmagazin\/files\/2011\/11\/StefanKuzmany-540x721.jpg"}],"author":"ZEITmagazin","twitter_card":"summary_large_image","twitter_misc":{"Geschrieben von":"ZEITmagazin","Gesch\u00e4tzte Lesezeit":"3\u00a0Minuten"},"schema":{"@context":"https:\/\/schema.org","@graph":[{"@type":"WebPage","@id":"https:\/\/blog.zeit.de\/zeitmagazin\/2011\/11\/20\/das-konnen-sie-glauben\/","url":"https:\/\/blog.zeit.de\/zeitmagazin\/2011\/11\/20\/das-konnen-sie-glauben\/","name":"Das k\u00f6nnen Sie glauben! - Heiter bis gl\u00fccklich","isPartOf":{"@id":"https:\/\/blog.zeit.de\/zeitmagazin\/#website"},"datePublished":"2011-11-20T14:00:51+00:00","dateModified":"2011-11-14T15:46:12+00:00","author":{"@id":"https:\/\/blog.zeit.de\/zeitmagazin\/#\/schema\/person\/e529ff83538f7de57b4ca7ada8af49dc"},"breadcrumb":{"@id":"https:\/\/blog.zeit.de\/zeitmagazin\/2011\/11\/20\/das-konnen-sie-glauben\/#breadcrumb"},"inLanguage":"de","potentialAction":[{"@type":"ReadAction","target":["https:\/\/blog.zeit.de\/zeitmagazin\/2011\/11\/20\/das-konnen-sie-glauben\/"]}]},{"@type":"BreadcrumbList","@id":"https:\/\/blog.zeit.de\/zeitmagazin\/2011\/11\/20\/das-konnen-sie-glauben\/#breadcrumb","itemListElement":[{"@type":"ListItem","position":1,"name":"Startseite","item":"https:\/\/blog.zeit.de\/zeitmagazin\/"},{"@type":"ListItem","position":2,"name":"Das k\u00f6nnen Sie glauben!"}]},{"@type":"WebSite","@id":"https:\/\/blog.zeit.de\/zeitmagazin\/#website","url":"https:\/\/blog.zeit.de\/zeitmagazin\/","name":"Heiter bis gl\u00fccklich","description":"Das ZEITmagazin-Blog","potentialAction":[{"@type":"SearchAction","target":{"@type":"EntryPoint","urlTemplate":"https:\/\/blog.zeit.de\/zeitmagazin\/?s={search_term_string}"},"query-input":"required name=search_term_string"}],"inLanguage":"de"},{"@type":"Person","@id":"https:\/\/blog.zeit.de\/zeitmagazin\/#\/schema\/person\/e529ff83538f7de57b4ca7ada8af49dc","name":"ZEITmagazin","image":{"@type":"ImageObject","inLanguage":"de","@id":"https:\/\/blog.zeit.de\/zeitmagazin\/#\/schema\/person\/image\/","url":"https:\/\/secure.gravatar.com\/avatar\/395ae643797af45a6adeb82c72ce6e2664e91838c8fa626029a0f6bad7394dde?s=96&d=mm&r=g","contentUrl":"https:\/\/secure.gravatar.com\/avatar\/395ae643797af45a6adeb82c72ce6e2664e91838c8fa626029a0f6bad7394dde?s=96&d=mm&r=g","caption":"ZEITmagazin"},"url":"https:\/\/blog.zeit.de\/zeitmagazin\/author\/katrin-dose\/"}]}},"jetpack_featured_media_url":"","jetpack_sharing_enabled":true,"_links":{"self":[{"href":"https:\/\/blog.zeit.de\/zeitmagazin\/wp-json\/wp\/v2\/posts\/6936","targetHints":{"allow":["GET"]}}],"collection":[{"href":"https:\/\/blog.zeit.de\/zeitmagazin\/wp-json\/wp\/v2\/posts"}],"about":[{"href":"https:\/\/blog.zeit.de\/zeitmagazin\/wp-json\/wp\/v2\/types\/post"}],"author":[{"embeddable":true,"href":"https:\/\/blog.zeit.de\/zeitmagazin\/wp-json\/wp\/v2\/users\/303"}],"replies":[{"embeddable":true,"href":"https:\/\/blog.zeit.de\/zeitmagazin\/wp-json\/wp\/v2\/comments?post=6936"}],"version-history":[{"count":2,"href":"https:\/\/blog.zeit.de\/zeitmagazin\/wp-json\/wp\/v2\/posts\/6936\/revisions"}],"predecessor-version":[{"id":6939,"href":"https:\/\/blog.zeit.de\/zeitmagazin\/wp-json\/wp\/v2\/posts\/6936\/revisions\/6939"}],"wp:attachment":[{"href":"https:\/\/blog.zeit.de\/zeitmagazin\/wp-json\/wp\/v2\/media?parent=6936"}],"wp:term":[{"taxonomy":"category","embeddable":true,"href":"https:\/\/blog.zeit.de\/zeitmagazin\/wp-json\/wp\/v2\/categories?post=6936"},{"taxonomy":"post_tag","embeddable":true,"href":"https:\/\/blog.zeit.de\/zeitmagazin\/wp-json\/wp\/v2\/tags?post=6936"}],"curies":[{"name":"wp","href":"https:\/\/api.w.org\/{rel}","templated":true}]}}