{"id":6994,"date":"2011-11-30T08:00:32","date_gmt":"2011-11-30T07:00:32","guid":{"rendered":"http:\/\/blog.zeit.de\/zeitmagazin\/?p=6994"},"modified":"2011-11-23T11:32:40","modified_gmt":"2011-11-23T10:32:40","slug":"marshall-headphones","status":"publish","type":"post","link":"https:\/\/blog.zeit.de\/zeitmagazin\/2011\/11\/30\/marshall-headphones\/","title":{"rendered":"Marshall Headphones"},"content":{"rendered":"<p><figure id=\"attachment_6995\" aria-describedby=\"caption-attachment-6995\" style=\"width: 540px\" class=\"wp-caption aligncenter\"><img loading=\"lazy\" decoding=\"async\" class=\"size-full wp-image-6995\" title=\"\" src=\"https:\/\/blog.zeit.de\/zeitmagazin\/files\/2011\/11\/marshallheadphones_major_black_overview_mic_rgb_medres.jpg\" alt=\"\" width=\"540\" height=\"405\" srcset=\"https:\/\/blog.zeit.de\/zeitmagazin\/files\/2011\/11\/marshallheadphones_major_black_overview_mic_rgb_medres.jpg 540w, https:\/\/blog.zeit.de\/zeitmagazin\/files\/2011\/11\/marshallheadphones_major_black_overview_mic_rgb_medres-112x84.jpg 112w, https:\/\/blog.zeit.de\/zeitmagazin\/files\/2011\/11\/marshallheadphones_major_black_overview_mic_rgb_medres-220x165.jpg 220w\" sizes=\"auto, (max-width: 540px) 100vw, 540px\" \/><figcaption id=\"caption-attachment-6995\" class=\"wp-caption-text\">(c) Marshall Headphones<\/figcaption><\/figure><\/p>\n<p>Musik kommt nur dann richtig ins Ohr, wenn Sie aus Verst\u00e4rkern kommt, w\u00fcrden Gitarrenfetischisten sagen. Gut, dass der Verst\u00e4rkerhersteller <a href=\"http:\/\/www.marshallheadphones.com\/\" target=\"_blank\">Marshall<\/a> jetzt auch Ohrh\u00f6rer im Programm hat, aus weichem Leder, schwarz oder wei\u00df<\/p>\n<p align=\"JUSTIFY\">\n","protected":false},"excerpt":{"rendered":"<p>Musik kommt nur dann richtig ins Ohr, wenn Sie aus Verst\u00e4rkern kommt, w\u00fcrden Gitarrenfetischisten sagen. Gut, dass der Verst\u00e4rkerhersteller Marshall jetzt auch Ohrh\u00f6rer im Programm hat, aus weichem Leder, schwarz oder wei\u00df<\/p>\n","protected":false},"author":303,"featured_media":0,"comment_status":"open","ping_status":"open","sticky":false,"template":"","format":"standard","meta":{"_jetpack_memberships_contains_paid_content":false,"footnotes":""},"categories":[1695],"tags":[],"class_list":["post-6994","post","type-post","status-publish","format-standard","hentry","category-musik"],"yoast_head":"<!-- This site is optimized with the Yoast SEO plugin v21.0 - https:\/\/yoast.com\/wordpress\/plugins\/seo\/ -->\n<title>Marshall Headphones - Heiter bis gl\u00fccklich<\/title>\n<meta name=\"robots\" content=\"index, follow, max-snippet:-1, max-image-preview:large, max-video-preview:-1\" \/>\n<link rel=\"canonical\" href=\"https:\/\/blog.zeit.de\/zeitmagazin\/2011\/11\/30\/marshall-headphones\/\" \/>\n<meta property=\"og:locale\" content=\"de_DE\" \/>\n<meta property=\"og:type\" content=\"article\" \/>\n<meta property=\"og:title\" content=\"Marshall Headphones - Heiter bis gl\u00fccklich\" \/>\n<meta property=\"og:description\" content=\"Musik kommt nur dann richtig ins Ohr, wenn Sie aus Verst\u00e4rkern kommt, w\u00fcrden Gitarrenfetischisten sagen. Gut, dass der Verst\u00e4rkerhersteller Marshall jetzt auch Ohrh\u00f6rer im Programm hat, aus weichem Leder, schwarz oder wei\u00df\" \/>\n<meta property=\"og:url\" content=\"https:\/\/blog.zeit.de\/zeitmagazin\/2011\/11\/30\/marshall-headphones\/\" \/>\n<meta property=\"og:site_name\" content=\"Heiter bis gl\u00fccklich\" \/>\n<meta property=\"article:published_time\" content=\"2011-11-30T07:00:32+00:00\" \/>\n<meta property=\"article:modified_time\" content=\"2011-11-23T10:32:40+00:00\" \/>\n<meta property=\"og:image\" content=\"https:\/\/blog.zeit.de\/zeitmagazin\/files\/2011\/11\/marshallheadphones_major_black_overview_mic_rgb_medres.jpg\" \/>\n<meta name=\"author\" content=\"ZEITmagazin\" \/>\n<meta name=\"twitter:card\" content=\"summary_large_image\" \/>\n<meta name=\"twitter:label1\" content=\"Geschrieben von\" \/>\n\t<meta name=\"twitter:data1\" content=\"ZEITmagazin\" \/>\n<script type=\"application\/ld+json\" class=\"yoast-schema-graph\">{\"@context\":\"https:\/\/schema.org\",\"@graph\":[{\"@type\":\"WebPage\",\"@id\":\"https:\/\/blog.zeit.de\/zeitmagazin\/2011\/11\/30\/marshall-headphones\/\",\"url\":\"https:\/\/blog.zeit.de\/zeitmagazin\/2011\/11\/30\/marshall-headphones\/\",\"name\":\"Marshall Headphones - Heiter bis gl\u00fccklich\",\"isPartOf\":{\"@id\":\"https:\/\/blog.zeit.de\/zeitmagazin\/#website\"},\"datePublished\":\"2011-11-30T07:00:32+00:00\",\"dateModified\":\"2011-11-23T10:32:40+00:00\",\"author\":{\"@id\":\"https:\/\/blog.zeit.de\/zeitmagazin\/#\/schema\/person\/e529ff83538f7de57b4ca7ada8af49dc\"},\"breadcrumb\":{\"@id\":\"https:\/\/blog.zeit.de\/zeitmagazin\/2011\/11\/30\/marshall-headphones\/#breadcrumb\"},\"inLanguage\":\"de\",\"potentialAction\":[{\"@type\":\"ReadAction\",\"target\":[\"https:\/\/blog.zeit.de\/zeitmagazin\/2011\/11\/30\/marshall-headphones\/\"]}]},{\"@type\":\"BreadcrumbList\",\"@id\":\"https:\/\/blog.zeit.de\/zeitmagazin\/2011\/11\/30\/marshall-headphones\/#breadcrumb\",\"itemListElement\":[{\"@type\":\"ListItem\",\"position\":1,\"name\":\"Startseite\",\"item\":\"https:\/\/blog.zeit.de\/zeitmagazin\/\"},{\"@type\":\"ListItem\",\"position\":2,\"name\":\"Marshall Headphones\"}]},{\"@type\":\"WebSite\",\"@id\":\"https:\/\/blog.zeit.de\/zeitmagazin\/#website\",\"url\":\"https:\/\/blog.zeit.de\/zeitmagazin\/\",\"name\":\"Heiter bis gl\u00fccklich\",\"description\":\"Das ZEITmagazin-Blog\",\"potentialAction\":[{\"@type\":\"SearchAction\",\"target\":{\"@type\":\"EntryPoint\",\"urlTemplate\":\"https:\/\/blog.zeit.de\/zeitmagazin\/?s={search_term_string}\"},\"query-input\":\"required name=search_term_string\"}],\"inLanguage\":\"de\"},{\"@type\":\"Person\",\"@id\":\"https:\/\/blog.zeit.de\/zeitmagazin\/#\/schema\/person\/e529ff83538f7de57b4ca7ada8af49dc\",\"name\":\"ZEITmagazin\",\"image\":{\"@type\":\"ImageObject\",\"inLanguage\":\"de\",\"@id\":\"https:\/\/blog.zeit.de\/zeitmagazin\/#\/schema\/person\/image\/\",\"url\":\"https:\/\/secure.gravatar.com\/avatar\/395ae643797af45a6adeb82c72ce6e2664e91838c8fa626029a0f6bad7394dde?s=96&d=mm&r=g\",\"contentUrl\":\"https:\/\/secure.gravatar.com\/avatar\/395ae643797af45a6adeb82c72ce6e2664e91838c8fa626029a0f6bad7394dde?s=96&d=mm&r=g\",\"caption\":\"ZEITmagazin\"},\"url\":\"https:\/\/blog.zeit.de\/zeitmagazin\/author\/katrin-dose\/\"}]}<\/script>\n<!-- \/ Yoast SEO plugin. -->","yoast_head_json":{"title":"Marshall Headphones - Heiter bis gl\u00fccklich","robots":{"index":"index","follow":"follow","max-snippet":"max-snippet:-1","max-image-preview":"max-image-preview:large","max-video-preview":"max-video-preview:-1"},"canonical":"https:\/\/blog.zeit.de\/zeitmagazin\/2011\/11\/30\/marshall-headphones\/","og_locale":"de_DE","og_type":"article","og_title":"Marshall Headphones - Heiter bis gl\u00fccklich","og_description":"Musik kommt nur dann richtig ins Ohr, wenn Sie aus Verst\u00e4rkern kommt, w\u00fcrden Gitarrenfetischisten sagen. Gut, dass der Verst\u00e4rkerhersteller Marshall jetzt auch Ohrh\u00f6rer im Programm hat, aus weichem Leder, schwarz oder wei\u00df","og_url":"https:\/\/blog.zeit.de\/zeitmagazin\/2011\/11\/30\/marshall-headphones\/","og_site_name":"Heiter bis gl\u00fccklich","article_published_time":"2011-11-30T07:00:32+00:00","article_modified_time":"2011-11-23T10:32:40+00:00","og_image":[{"url":"https:\/\/blog.zeit.de\/zeitmagazin\/files\/2011\/11\/marshallheadphones_major_black_overview_mic_rgb_medres.jpg"}],"author":"ZEITmagazin","twitter_card":"summary_large_image","twitter_misc":{"Geschrieben von":"ZEITmagazin"},"schema":{"@context":"https:\/\/schema.org","@graph":[{"@type":"WebPage","@id":"https:\/\/blog.zeit.de\/zeitmagazin\/2011\/11\/30\/marshall-headphones\/","url":"https:\/\/blog.zeit.de\/zeitmagazin\/2011\/11\/30\/marshall-headphones\/","name":"Marshall Headphones - Heiter bis gl\u00fccklich","isPartOf":{"@id":"https:\/\/blog.zeit.de\/zeitmagazin\/#website"},"datePublished":"2011-11-30T07:00:32+00:00","dateModified":"2011-11-23T10:32:40+00:00","author":{"@id":"https:\/\/blog.zeit.de\/zeitmagazin\/#\/schema\/person\/e529ff83538f7de57b4ca7ada8af49dc"},"breadcrumb":{"@id":"https:\/\/blog.zeit.de\/zeitmagazin\/2011\/11\/30\/marshall-headphones\/#breadcrumb"},"inLanguage":"de","potentialAction":[{"@type":"ReadAction","target":["https:\/\/blog.zeit.de\/zeitmagazin\/2011\/11\/30\/marshall-headphones\/"]}]},{"@type":"BreadcrumbList","@id":"https:\/\/blog.zeit.de\/zeitmagazin\/2011\/11\/30\/marshall-headphones\/#breadcrumb","itemListElement":[{"@type":"ListItem","position":1,"name":"Startseite","item":"https:\/\/blog.zeit.de\/zeitmagazin\/"},{"@type":"ListItem","position":2,"name":"Marshall Headphones"}]},{"@type":"WebSite","@id":"https:\/\/blog.zeit.de\/zeitmagazin\/#website","url":"https:\/\/blog.zeit.de\/zeitmagazin\/","name":"Heiter bis gl\u00fccklich","description":"Das ZEITmagazin-Blog","potentialAction":[{"@type":"SearchAction","target":{"@type":"EntryPoint","urlTemplate":"https:\/\/blog.zeit.de\/zeitmagazin\/?s={search_term_string}"},"query-input":"required name=search_term_string"}],"inLanguage":"de"},{"@type":"Person","@id":"https:\/\/blog.zeit.de\/zeitmagazin\/#\/schema\/person\/e529ff83538f7de57b4ca7ada8af49dc","name":"ZEITmagazin","image":{"@type":"ImageObject","inLanguage":"de","@id":"https:\/\/blog.zeit.de\/zeitmagazin\/#\/schema\/person\/image\/","url":"https:\/\/secure.gravatar.com\/avatar\/395ae643797af45a6adeb82c72ce6e2664e91838c8fa626029a0f6bad7394dde?s=96&d=mm&r=g","contentUrl":"https:\/\/secure.gravatar.com\/avatar\/395ae643797af45a6adeb82c72ce6e2664e91838c8fa626029a0f6bad7394dde?s=96&d=mm&r=g","caption":"ZEITmagazin"},"url":"https:\/\/blog.zeit.de\/zeitmagazin\/author\/katrin-dose\/"}]}},"jetpack_featured_media_url":"","jetpack_sharing_enabled":true,"_links":{"self":[{"href":"https:\/\/blog.zeit.de\/zeitmagazin\/wp-json\/wp\/v2\/posts\/6994","targetHints":{"allow":["GET"]}}],"collection":[{"href":"https:\/\/blog.zeit.de\/zeitmagazin\/wp-json\/wp\/v2\/posts"}],"about":[{"href":"https:\/\/blog.zeit.de\/zeitmagazin\/wp-json\/wp\/v2\/types\/post"}],"author":[{"embeddable":true,"href":"https:\/\/blog.zeit.de\/zeitmagazin\/wp-json\/wp\/v2\/users\/303"}],"replies":[{"embeddable":true,"href":"https:\/\/blog.zeit.de\/zeitmagazin\/wp-json\/wp\/v2\/comments?post=6994"}],"version-history":[{"count":5,"href":"https:\/\/blog.zeit.de\/zeitmagazin\/wp-json\/wp\/v2\/posts\/6994\/revisions"}],"predecessor-version":[{"id":7117,"href":"https:\/\/blog.zeit.de\/zeitmagazin\/wp-json\/wp\/v2\/posts\/6994\/revisions\/7117"}],"wp:attachment":[{"href":"https:\/\/blog.zeit.de\/zeitmagazin\/wp-json\/wp\/v2\/media?parent=6994"}],"wp:term":[{"taxonomy":"category","embeddable":true,"href":"https:\/\/blog.zeit.de\/zeitmagazin\/wp-json\/wp\/v2\/categories?post=6994"},{"taxonomy":"post_tag","embeddable":true,"href":"https:\/\/blog.zeit.de\/zeitmagazin\/wp-json\/wp\/v2\/tags?post=6994"}],"curies":[{"name":"wp","href":"https:\/\/api.w.org\/{rel}","templated":true}]}}