{"id":7083,"date":"2011-11-28T08:00:21","date_gmt":"2011-11-28T07:00:21","guid":{"rendered":"http:\/\/blog.zeit.de\/zeitmagazin\/?p=7083"},"modified":"2011-11-22T11:14:44","modified_gmt":"2011-11-22T10:14:44","slug":"alfajores","status":"publish","type":"post","link":"https:\/\/blog.zeit.de\/zeitmagazin\/2011\/11\/28\/alfajores\/","title":{"rendered":"Alfajores"},"content":{"rendered":"<p><figure id=\"attachment_7084\" aria-describedby=\"caption-attachment-7084\" style=\"width: 540px\" class=\"wp-caption aligncenter\"><img loading=\"lazy\" decoding=\"async\" class=\"size-large wp-image-7084\" title=\"\" src=\"https:\/\/blog.zeit.de\/zeitmagazin\/files\/2011\/11\/P9264135-540x433.jpg\" alt=\"\" width=\"540\" height=\"433\" srcset=\"https:\/\/blog.zeit.de\/zeitmagazin\/files\/2011\/11\/P9264135-540x433.jpg 540w, https:\/\/blog.zeit.de\/zeitmagazin\/files\/2011\/11\/P9264135-104x84.jpg 104w, https:\/\/blog.zeit.de\/zeitmagazin\/files\/2011\/11\/P9264135-220x176.jpg 220w, https:\/\/blog.zeit.de\/zeitmagazin\/files\/2011\/11\/P9264135.jpeg 647w\" sizes=\"auto, (max-width: 540px) 100vw, 540px\" \/><figcaption id=\"caption-attachment-7084\" class=\"wp-caption-text\">(c) Anne Seubert<\/figcaption><\/figure><\/p>\n<p>Nachdem ein Teil der Redaktion eines Morgens von diesen Keksen schw\u00e4rmte und sie gen\u00fcsslich verzehrte, fand ich einen Eintrag dieser &#8222;Soulfood&#8220;-Kekse auf\u00a0<a href=\"http:\/\/www.kekstester.de\/2010\/09\/alfajores-d-limon\/\" target=\"_blank\">kekstester.de<\/a>. Hier erf\u00e4hrt man einiges \u00fcber diese lateinamerikanischen Doppelkekse, Alfajores genannt, und \u00fcber allerhand weitere Kekse. Wer also bei dem Anblick Lust auf mehr bekommt, findet dort auch gleich ein Rezept. Frohes Backen!<\/p>\n","protected":false},"excerpt":{"rendered":"<p>Nachdem ein Teil der Redaktion eines Morgens von diesen Keksen schw\u00e4rmte und sie gen\u00fcsslich verzehrte, fand ich einen Eintrag dieser &#8222;Soulfood&#8220;-Kekse auf\u00a0kekstester.de. Hier erf\u00e4hrt man einiges \u00fcber diese lateinamerikanischen Doppelkekse, Alfajores genannt, und \u00fcber allerhand weitere Kekse. Wer also bei dem Anblick Lust auf mehr bekommt, findet dort auch gleich ein Rezept. Frohes Backen!<\/p>\n","protected":false},"author":303,"featured_media":0,"comment_status":"open","ping_status":"open","sticky":false,"template":"","format":"standard","meta":{"_jetpack_memberships_contains_paid_content":false,"footnotes":""},"categories":[2466],"tags":[],"class_list":["post-7083","post","type-post","status-publish","format-standard","hentry","category-rezeptekochen"],"yoast_head":"<!-- This site is optimized with the Yoast SEO plugin v21.0 - https:\/\/yoast.com\/wordpress\/plugins\/seo\/ -->\n<title>Alfajores - Heiter bis gl\u00fccklich<\/title>\n<meta name=\"robots\" content=\"index, follow, max-snippet:-1, max-image-preview:large, max-video-preview:-1\" \/>\n<link rel=\"canonical\" href=\"https:\/\/blog.zeit.de\/zeitmagazin\/2011\/11\/28\/alfajores\/\" \/>\n<meta property=\"og:locale\" content=\"de_DE\" \/>\n<meta property=\"og:type\" content=\"article\" \/>\n<meta property=\"og:title\" content=\"Alfajores - Heiter bis gl\u00fccklich\" \/>\n<meta property=\"og:description\" content=\"Nachdem ein Teil der Redaktion eines Morgens von diesen Keksen schw\u00e4rmte und sie gen\u00fcsslich verzehrte, fand ich einen Eintrag dieser &#8222;Soulfood&#8220;-Kekse auf\u00a0kekstester.de. Hier erf\u00e4hrt man einiges \u00fcber diese lateinamerikanischen Doppelkekse, Alfajores genannt, und \u00fcber allerhand weitere Kekse. Wer also bei dem Anblick Lust auf mehr bekommt, findet dort auch gleich ein Rezept. Frohes Backen!\" \/>\n<meta property=\"og:url\" content=\"https:\/\/blog.zeit.de\/zeitmagazin\/2011\/11\/28\/alfajores\/\" \/>\n<meta property=\"og:site_name\" content=\"Heiter bis gl\u00fccklich\" \/>\n<meta property=\"article:published_time\" content=\"2011-11-28T07:00:21+00:00\" \/>\n<meta property=\"article:modified_time\" content=\"2011-11-22T10:14:44+00:00\" \/>\n<meta property=\"og:image\" content=\"https:\/\/blog.zeit.de\/zeitmagazin\/files\/2011\/11\/P9264135-540x433.jpg\" \/>\n<meta name=\"author\" content=\"ZEITmagazin\" \/>\n<meta name=\"twitter:card\" content=\"summary_large_image\" \/>\n<meta name=\"twitter:label1\" content=\"Geschrieben von\" \/>\n\t<meta name=\"twitter:data1\" content=\"ZEITmagazin\" \/>\n<script type=\"application\/ld+json\" class=\"yoast-schema-graph\">{\"@context\":\"https:\/\/schema.org\",\"@graph\":[{\"@type\":\"WebPage\",\"@id\":\"https:\/\/blog.zeit.de\/zeitmagazin\/2011\/11\/28\/alfajores\/\",\"url\":\"https:\/\/blog.zeit.de\/zeitmagazin\/2011\/11\/28\/alfajores\/\",\"name\":\"Alfajores - Heiter bis gl\u00fccklich\",\"isPartOf\":{\"@id\":\"https:\/\/blog.zeit.de\/zeitmagazin\/#website\"},\"datePublished\":\"2011-11-28T07:00:21+00:00\",\"dateModified\":\"2011-11-22T10:14:44+00:00\",\"author\":{\"@id\":\"https:\/\/blog.zeit.de\/zeitmagazin\/#\/schema\/person\/e529ff83538f7de57b4ca7ada8af49dc\"},\"breadcrumb\":{\"@id\":\"https:\/\/blog.zeit.de\/zeitmagazin\/2011\/11\/28\/alfajores\/#breadcrumb\"},\"inLanguage\":\"de\",\"potentialAction\":[{\"@type\":\"ReadAction\",\"target\":[\"https:\/\/blog.zeit.de\/zeitmagazin\/2011\/11\/28\/alfajores\/\"]}]},{\"@type\":\"BreadcrumbList\",\"@id\":\"https:\/\/blog.zeit.de\/zeitmagazin\/2011\/11\/28\/alfajores\/#breadcrumb\",\"itemListElement\":[{\"@type\":\"ListItem\",\"position\":1,\"name\":\"Startseite\",\"item\":\"https:\/\/blog.zeit.de\/zeitmagazin\/\"},{\"@type\":\"ListItem\",\"position\":2,\"name\":\"Alfajores\"}]},{\"@type\":\"WebSite\",\"@id\":\"https:\/\/blog.zeit.de\/zeitmagazin\/#website\",\"url\":\"https:\/\/blog.zeit.de\/zeitmagazin\/\",\"name\":\"Heiter bis gl\u00fccklich\",\"description\":\"Das ZEITmagazin-Blog\",\"potentialAction\":[{\"@type\":\"SearchAction\",\"target\":{\"@type\":\"EntryPoint\",\"urlTemplate\":\"https:\/\/blog.zeit.de\/zeitmagazin\/?s={search_term_string}\"},\"query-input\":\"required name=search_term_string\"}],\"inLanguage\":\"de\"},{\"@type\":\"Person\",\"@id\":\"https:\/\/blog.zeit.de\/zeitmagazin\/#\/schema\/person\/e529ff83538f7de57b4ca7ada8af49dc\",\"name\":\"ZEITmagazin\",\"image\":{\"@type\":\"ImageObject\",\"inLanguage\":\"de\",\"@id\":\"https:\/\/blog.zeit.de\/zeitmagazin\/#\/schema\/person\/image\/\",\"url\":\"https:\/\/secure.gravatar.com\/avatar\/395ae643797af45a6adeb82c72ce6e2664e91838c8fa626029a0f6bad7394dde?s=96&d=mm&r=g\",\"contentUrl\":\"https:\/\/secure.gravatar.com\/avatar\/395ae643797af45a6adeb82c72ce6e2664e91838c8fa626029a0f6bad7394dde?s=96&d=mm&r=g\",\"caption\":\"ZEITmagazin\"},\"url\":\"https:\/\/blog.zeit.de\/zeitmagazin\/author\/katrin-dose\/\"}]}<\/script>\n<!-- \/ Yoast SEO plugin. -->","yoast_head_json":{"title":"Alfajores - Heiter bis gl\u00fccklich","robots":{"index":"index","follow":"follow","max-snippet":"max-snippet:-1","max-image-preview":"max-image-preview:large","max-video-preview":"max-video-preview:-1"},"canonical":"https:\/\/blog.zeit.de\/zeitmagazin\/2011\/11\/28\/alfajores\/","og_locale":"de_DE","og_type":"article","og_title":"Alfajores - Heiter bis gl\u00fccklich","og_description":"Nachdem ein Teil der Redaktion eines Morgens von diesen Keksen schw\u00e4rmte und sie gen\u00fcsslich verzehrte, fand ich einen Eintrag dieser &#8222;Soulfood&#8220;-Kekse auf\u00a0kekstester.de. Hier erf\u00e4hrt man einiges \u00fcber diese lateinamerikanischen Doppelkekse, Alfajores genannt, und \u00fcber allerhand weitere Kekse. Wer also bei dem Anblick Lust auf mehr bekommt, findet dort auch gleich ein Rezept. Frohes Backen!","og_url":"https:\/\/blog.zeit.de\/zeitmagazin\/2011\/11\/28\/alfajores\/","og_site_name":"Heiter bis gl\u00fccklich","article_published_time":"2011-11-28T07:00:21+00:00","article_modified_time":"2011-11-22T10:14:44+00:00","og_image":[{"url":"https:\/\/blog.zeit.de\/zeitmagazin\/files\/2011\/11\/P9264135-540x433.jpg"}],"author":"ZEITmagazin","twitter_card":"summary_large_image","twitter_misc":{"Geschrieben von":"ZEITmagazin"},"schema":{"@context":"https:\/\/schema.org","@graph":[{"@type":"WebPage","@id":"https:\/\/blog.zeit.de\/zeitmagazin\/2011\/11\/28\/alfajores\/","url":"https:\/\/blog.zeit.de\/zeitmagazin\/2011\/11\/28\/alfajores\/","name":"Alfajores - Heiter bis gl\u00fccklich","isPartOf":{"@id":"https:\/\/blog.zeit.de\/zeitmagazin\/#website"},"datePublished":"2011-11-28T07:00:21+00:00","dateModified":"2011-11-22T10:14:44+00:00","author":{"@id":"https:\/\/blog.zeit.de\/zeitmagazin\/#\/schema\/person\/e529ff83538f7de57b4ca7ada8af49dc"},"breadcrumb":{"@id":"https:\/\/blog.zeit.de\/zeitmagazin\/2011\/11\/28\/alfajores\/#breadcrumb"},"inLanguage":"de","potentialAction":[{"@type":"ReadAction","target":["https:\/\/blog.zeit.de\/zeitmagazin\/2011\/11\/28\/alfajores\/"]}]},{"@type":"BreadcrumbList","@id":"https:\/\/blog.zeit.de\/zeitmagazin\/2011\/11\/28\/alfajores\/#breadcrumb","itemListElement":[{"@type":"ListItem","position":1,"name":"Startseite","item":"https:\/\/blog.zeit.de\/zeitmagazin\/"},{"@type":"ListItem","position":2,"name":"Alfajores"}]},{"@type":"WebSite","@id":"https:\/\/blog.zeit.de\/zeitmagazin\/#website","url":"https:\/\/blog.zeit.de\/zeitmagazin\/","name":"Heiter bis gl\u00fccklich","description":"Das ZEITmagazin-Blog","potentialAction":[{"@type":"SearchAction","target":{"@type":"EntryPoint","urlTemplate":"https:\/\/blog.zeit.de\/zeitmagazin\/?s={search_term_string}"},"query-input":"required name=search_term_string"}],"inLanguage":"de"},{"@type":"Person","@id":"https:\/\/blog.zeit.de\/zeitmagazin\/#\/schema\/person\/e529ff83538f7de57b4ca7ada8af49dc","name":"ZEITmagazin","image":{"@type":"ImageObject","inLanguage":"de","@id":"https:\/\/blog.zeit.de\/zeitmagazin\/#\/schema\/person\/image\/","url":"https:\/\/secure.gravatar.com\/avatar\/395ae643797af45a6adeb82c72ce6e2664e91838c8fa626029a0f6bad7394dde?s=96&d=mm&r=g","contentUrl":"https:\/\/secure.gravatar.com\/avatar\/395ae643797af45a6adeb82c72ce6e2664e91838c8fa626029a0f6bad7394dde?s=96&d=mm&r=g","caption":"ZEITmagazin"},"url":"https:\/\/blog.zeit.de\/zeitmagazin\/author\/katrin-dose\/"}]}},"jetpack_featured_media_url":"","jetpack_sharing_enabled":true,"_links":{"self":[{"href":"https:\/\/blog.zeit.de\/zeitmagazin\/wp-json\/wp\/v2\/posts\/7083","targetHints":{"allow":["GET"]}}],"collection":[{"href":"https:\/\/blog.zeit.de\/zeitmagazin\/wp-json\/wp\/v2\/posts"}],"about":[{"href":"https:\/\/blog.zeit.de\/zeitmagazin\/wp-json\/wp\/v2\/types\/post"}],"author":[{"embeddable":true,"href":"https:\/\/blog.zeit.de\/zeitmagazin\/wp-json\/wp\/v2\/users\/303"}],"replies":[{"embeddable":true,"href":"https:\/\/blog.zeit.de\/zeitmagazin\/wp-json\/wp\/v2\/comments?post=7083"}],"version-history":[{"count":4,"href":"https:\/\/blog.zeit.de\/zeitmagazin\/wp-json\/wp\/v2\/posts\/7083\/revisions"}],"predecessor-version":[{"id":7088,"href":"https:\/\/blog.zeit.de\/zeitmagazin\/wp-json\/wp\/v2\/posts\/7083\/revisions\/7088"}],"wp:attachment":[{"href":"https:\/\/blog.zeit.de\/zeitmagazin\/wp-json\/wp\/v2\/media?parent=7083"}],"wp:term":[{"taxonomy":"category","embeddable":true,"href":"https:\/\/blog.zeit.de\/zeitmagazin\/wp-json\/wp\/v2\/categories?post=7083"},{"taxonomy":"post_tag","embeddable":true,"href":"https:\/\/blog.zeit.de\/zeitmagazin\/wp-json\/wp\/v2\/tags?post=7083"}],"curies":[{"name":"wp","href":"https:\/\/api.w.org\/{rel}","templated":true}]}}