{"id":101,"date":"2009-03-17T23:53:12","date_gmt":"2009-03-17T22:53:12","guid":{"rendered":"http:\/\/blog.zeit.de\/wahlen-nach-zahlen\/?p=101"},"modified":"2009-03-17T23:53:12","modified_gmt":"2009-03-17T22:53:12","slug":"kieler-ob-wahl-kein-gutes-zeichen-fur-das-superwahljahr","status":"publish","type":"post","link":"https:\/\/blog.zeit.de\/zweitstimme\/2009\/03\/17\/kieler-ob-wahl-kein-gutes-zeichen-fur-das-superwahljahr\/","title":{"rendered":"Kieler OB-Wahl: Kein gutes Zeichen f\u00fcr das Superwahljahr"},"content":{"rendered":"<p><a href=\"about#faas\"><img decoding=\"async\" class=\"alignleft size-thumbnail wp-image-14\" src=\"http:\/\/altesblog.zeit.de\/wahlen-nach-zahlen\/wp-content\/uploads\/2009\/03\/faas1-150x109.jpg\" alt=\"\" height=\"60\" \/><\/a>Auf den ersten Blick scheint alles in bester Ordnung: Ein demokratischer Machtwechsel vollzieht sich in der Landeshauptstadt Kiel. Torsten Albig (SPD), bislang Sprecher von Bundesfinanzminister Peer Steinbr\u00fcck in Kiel, l\u00f6st die bisherige Oberb\u00fcrgermeisterin, Angelika Volquartz (CDU) ab; 52,1 Prozent der Kieler haben sich am vergangenen Sonntag f\u00fcr ihn entschieden und ihm damit schon im ersten Wahlgang &#8211; durchaus eine \u00dcberraschung &#8211; eine absolute Mehrheit verschafft. Democracy at work! Oder?<\/p>\n<p>Ein bitterer Beigeschmack haftet der Wahl an: Nur 36,5 Prozent der Wahlberechtigten haben n\u00e4mlich von ihrem Wahlrecht Gebrauch gemacht &#8211; kaum mehr als jeder Dritte; in einigen Kieler Wahlkreisen waren es sogar weniger als 20 Prozent. Vier von f\u00fcnf Wahlberechtigten sind dort am Wahltag zu Hause geblieben. Die Mehrheit von Albig ist vor diesem Hintergrund keineswegs absolut: Umgerechnet auf die Zahl der Wahlberechtigten genie\u00dft Albig die Unterst\u00fctzung von gerade einmal 19 Prozent der Kieler! Und dies trotz der Tatsache, dass gerade die SPD (und in Reaktion darauf auch die CDU) mehrfach ihre bundespolitische Prominenz vor Ort aufgefahren hat. Merkel, Steinmeier, Steinbr\u00fcck &#8211; sie alle waren in Kiel, die W\u00e4hler insgesamt mobilisiert haben sie kaum. Ebenso wenig wie die anderen Kandidaten und Parteien. Bei der vorausgehenden OB-Wahl hatten immerhin noch knapp 50 Prozent der Wahlberechtigten von ihrem Stimmrecht Gebrauch gemacht. Insgesamt kein gutes Zeichen f\u00fcr das Wahljahr 2009.<\/p>\n","protected":false},"excerpt":{"rendered":"<p>Auf den ersten Blick scheint alles in bester Ordnung: Ein demokratischer Machtwechsel vollzieht sich in der Landeshauptstadt Kiel. Torsten Albig (SPD), bislang Sprecher von Bundesfinanzminister Peer Steinbr\u00fcck in Kiel, l\u00f6st die bisherige Oberb\u00fcrgermeisterin, Angelika Volquartz (CDU) ab; 52,1 Prozent der Kieler haben sich am vergangenen Sonntag f\u00fcr ihn entschieden und ihm damit schon im ersten [&hellip;]<\/p>\n","protected":false},"author":159,"featured_media":0,"comment_status":"open","ping_status":"closed","sticky":false,"template":"","format":"standard","meta":{"_jetpack_memberships_contains_paid_content":false,"footnotes":""},"categories":[18641,954,7112],"tags":[],"class_list":["post-101","post","type-post","status-publish","format-standard","hentry","category-kommunalwahlen","category-wahlbeteiligung","category-wahlen-nach-zahlen"],"yoast_head":"<!-- This site is optimized with the Yoast SEO plugin v21.0 - https:\/\/yoast.com\/wordpress\/plugins\/seo\/ -->\n<title>Kieler OB-Wahl: Kein gutes Zeichen f\u00fcr das Superwahljahr - Zweitstimme<\/title>\n<meta name=\"robots\" content=\"index, follow, max-snippet:-1, max-image-preview:large, max-video-preview:-1\" \/>\n<link rel=\"canonical\" href=\"https:\/\/blog.zeit.de\/zweitstimme\/2009\/03\/17\/kieler-ob-wahl-kein-gutes-zeichen-fur-das-superwahljahr\/\" \/>\n<meta property=\"og:locale\" content=\"de_DE\" \/>\n<meta property=\"og:type\" content=\"article\" \/>\n<meta property=\"og:title\" content=\"Kieler OB-Wahl: Kein gutes Zeichen f\u00fcr das Superwahljahr - Zweitstimme\" \/>\n<meta property=\"og:description\" content=\"Auf den ersten Blick scheint alles in bester Ordnung: Ein demokratischer Machtwechsel vollzieht sich in der Landeshauptstadt Kiel. Torsten Albig (SPD), bislang Sprecher von Bundesfinanzminister Peer Steinbr\u00fcck in Kiel, l\u00f6st die bisherige Oberb\u00fcrgermeisterin, Angelika Volquartz (CDU) ab; 52,1 Prozent der Kieler haben sich am vergangenen Sonntag f\u00fcr ihn entschieden und ihm damit schon im ersten [&hellip;]\" \/>\n<meta property=\"og:url\" content=\"https:\/\/blog.zeit.de\/zweitstimme\/2009\/03\/17\/kieler-ob-wahl-kein-gutes-zeichen-fur-das-superwahljahr\/\" \/>\n<meta property=\"og:site_name\" content=\"Zweitstimme\" \/>\n<meta property=\"article:published_time\" content=\"2009-03-17T22:53:12+00:00\" \/>\n<meta property=\"og:image\" content=\"http:\/\/altesblog.zeit.de\/wahlen-nach-zahlen\/wp-content\/uploads\/2009\/03\/faas1-150x109.jpg\" \/>\n<meta name=\"author\" content=\"Thorsten Faas\" \/>\n<meta name=\"twitter:card\" content=\"summary_large_image\" \/>\n<meta name=\"twitter:label1\" content=\"Geschrieben von\" \/>\n\t<meta name=\"twitter:data1\" content=\"Thorsten Faas\" \/>\n\t<meta name=\"twitter:label2\" content=\"Gesch\u00e4tzte Lesezeit\" \/>\n\t<meta name=\"twitter:data2\" content=\"1\u00a0Minute\" \/>\n<script type=\"application\/ld+json\" class=\"yoast-schema-graph\">{\"@context\":\"https:\/\/schema.org\",\"@graph\":[{\"@type\":\"WebPage\",\"@id\":\"https:\/\/blog.zeit.de\/zweitstimme\/2009\/03\/17\/kieler-ob-wahl-kein-gutes-zeichen-fur-das-superwahljahr\/\",\"url\":\"https:\/\/blog.zeit.de\/zweitstimme\/2009\/03\/17\/kieler-ob-wahl-kein-gutes-zeichen-fur-das-superwahljahr\/\",\"name\":\"Kieler OB-Wahl: Kein gutes Zeichen f\u00fcr das Superwahljahr - Zweitstimme\",\"isPartOf\":{\"@id\":\"https:\/\/blog.zeit.de\/zweitstimme\/#website\"},\"datePublished\":\"2009-03-17T22:53:12+00:00\",\"dateModified\":\"2009-03-17T22:53:12+00:00\",\"author\":{\"@id\":\"https:\/\/blog.zeit.de\/zweitstimme\/#\/schema\/person\/c8966fcbefdbf5bc9b49e3fcb509ca30\"},\"breadcrumb\":{\"@id\":\"https:\/\/blog.zeit.de\/zweitstimme\/2009\/03\/17\/kieler-ob-wahl-kein-gutes-zeichen-fur-das-superwahljahr\/#breadcrumb\"},\"inLanguage\":\"de\",\"potentialAction\":[{\"@type\":\"ReadAction\",\"target\":[\"https:\/\/blog.zeit.de\/zweitstimme\/2009\/03\/17\/kieler-ob-wahl-kein-gutes-zeichen-fur-das-superwahljahr\/\"]}]},{\"@type\":\"BreadcrumbList\",\"@id\":\"https:\/\/blog.zeit.de\/zweitstimme\/2009\/03\/17\/kieler-ob-wahl-kein-gutes-zeichen-fur-das-superwahljahr\/#breadcrumb\",\"itemListElement\":[{\"@type\":\"ListItem\",\"position\":1,\"name\":\"Startseite\",\"item\":\"https:\/\/blog.zeit.de\/zweitstimme\/\"},{\"@type\":\"ListItem\",\"position\":2,\"name\":\"Kieler OB-Wahl: Kein gutes Zeichen f\u00fcr das Superwahljahr\"}]},{\"@type\":\"WebSite\",\"@id\":\"https:\/\/blog.zeit.de\/zweitstimme\/#website\",\"url\":\"https:\/\/blog.zeit.de\/zweitstimme\/\",\"name\":\"Zweitstimme\",\"description\":\"Das Politik-Blog\",\"potentialAction\":[{\"@type\":\"SearchAction\",\"target\":{\"@type\":\"EntryPoint\",\"urlTemplate\":\"https:\/\/blog.zeit.de\/zweitstimme\/?s={search_term_string}\"},\"query-input\":\"required name=search_term_string\"}],\"inLanguage\":\"de\"},{\"@type\":\"Person\",\"@id\":\"https:\/\/blog.zeit.de\/zweitstimme\/#\/schema\/person\/c8966fcbefdbf5bc9b49e3fcb509ca30\",\"name\":\"Thorsten Faas\",\"image\":{\"@type\":\"ImageObject\",\"inLanguage\":\"de\",\"@id\":\"https:\/\/blog.zeit.de\/zweitstimme\/#\/schema\/person\/image\/\",\"url\":\"https:\/\/secure.gravatar.com\/avatar\/9501ddb19f2d28bb4ec82b8e714dbc2a893d06a1c164d4ddf835eb929bbc84bb?s=96&d=mm&r=g\",\"contentUrl\":\"https:\/\/secure.gravatar.com\/avatar\/9501ddb19f2d28bb4ec82b8e714dbc2a893d06a1c164d4ddf835eb929bbc84bb?s=96&d=mm&r=g\",\"caption\":\"Thorsten Faas\"},\"url\":\"https:\/\/blog.zeit.de\/zweitstimme\/author\/thorsten-faas\/\"}]}<\/script>\n<!-- \/ Yoast SEO plugin. -->","yoast_head_json":{"title":"Kieler OB-Wahl: Kein gutes Zeichen f\u00fcr das Superwahljahr - Zweitstimme","robots":{"index":"index","follow":"follow","max-snippet":"max-snippet:-1","max-image-preview":"max-image-preview:large","max-video-preview":"max-video-preview:-1"},"canonical":"https:\/\/blog.zeit.de\/zweitstimme\/2009\/03\/17\/kieler-ob-wahl-kein-gutes-zeichen-fur-das-superwahljahr\/","og_locale":"de_DE","og_type":"article","og_title":"Kieler OB-Wahl: Kein gutes Zeichen f\u00fcr das Superwahljahr - Zweitstimme","og_description":"Auf den ersten Blick scheint alles in bester Ordnung: Ein demokratischer Machtwechsel vollzieht sich in der Landeshauptstadt Kiel. Torsten Albig (SPD), bislang Sprecher von Bundesfinanzminister Peer Steinbr\u00fcck in Kiel, l\u00f6st die bisherige Oberb\u00fcrgermeisterin, Angelika Volquartz (CDU) ab; 52,1 Prozent der Kieler haben sich am vergangenen Sonntag f\u00fcr ihn entschieden und ihm damit schon im ersten [&hellip;]","og_url":"https:\/\/blog.zeit.de\/zweitstimme\/2009\/03\/17\/kieler-ob-wahl-kein-gutes-zeichen-fur-das-superwahljahr\/","og_site_name":"Zweitstimme","article_published_time":"2009-03-17T22:53:12+00:00","og_image":[{"url":"http:\/\/altesblog.zeit.de\/wahlen-nach-zahlen\/wp-content\/uploads\/2009\/03\/faas1-150x109.jpg"}],"author":"Thorsten Faas","twitter_card":"summary_large_image","twitter_misc":{"Geschrieben von":"Thorsten Faas","Gesch\u00e4tzte Lesezeit":"1\u00a0Minute"},"schema":{"@context":"https:\/\/schema.org","@graph":[{"@type":"WebPage","@id":"https:\/\/blog.zeit.de\/zweitstimme\/2009\/03\/17\/kieler-ob-wahl-kein-gutes-zeichen-fur-das-superwahljahr\/","url":"https:\/\/blog.zeit.de\/zweitstimme\/2009\/03\/17\/kieler-ob-wahl-kein-gutes-zeichen-fur-das-superwahljahr\/","name":"Kieler OB-Wahl: Kein gutes Zeichen f\u00fcr das Superwahljahr - Zweitstimme","isPartOf":{"@id":"https:\/\/blog.zeit.de\/zweitstimme\/#website"},"datePublished":"2009-03-17T22:53:12+00:00","dateModified":"2009-03-17T22:53:12+00:00","author":{"@id":"https:\/\/blog.zeit.de\/zweitstimme\/#\/schema\/person\/c8966fcbefdbf5bc9b49e3fcb509ca30"},"breadcrumb":{"@id":"https:\/\/blog.zeit.de\/zweitstimme\/2009\/03\/17\/kieler-ob-wahl-kein-gutes-zeichen-fur-das-superwahljahr\/#breadcrumb"},"inLanguage":"de","potentialAction":[{"@type":"ReadAction","target":["https:\/\/blog.zeit.de\/zweitstimme\/2009\/03\/17\/kieler-ob-wahl-kein-gutes-zeichen-fur-das-superwahljahr\/"]}]},{"@type":"BreadcrumbList","@id":"https:\/\/blog.zeit.de\/zweitstimme\/2009\/03\/17\/kieler-ob-wahl-kein-gutes-zeichen-fur-das-superwahljahr\/#breadcrumb","itemListElement":[{"@type":"ListItem","position":1,"name":"Startseite","item":"https:\/\/blog.zeit.de\/zweitstimme\/"},{"@type":"ListItem","position":2,"name":"Kieler OB-Wahl: Kein gutes Zeichen f\u00fcr das Superwahljahr"}]},{"@type":"WebSite","@id":"https:\/\/blog.zeit.de\/zweitstimme\/#website","url":"https:\/\/blog.zeit.de\/zweitstimme\/","name":"Zweitstimme","description":"Das Politik-Blog","potentialAction":[{"@type":"SearchAction","target":{"@type":"EntryPoint","urlTemplate":"https:\/\/blog.zeit.de\/zweitstimme\/?s={search_term_string}"},"query-input":"required name=search_term_string"}],"inLanguage":"de"},{"@type":"Person","@id":"https:\/\/blog.zeit.de\/zweitstimme\/#\/schema\/person\/c8966fcbefdbf5bc9b49e3fcb509ca30","name":"Thorsten Faas","image":{"@type":"ImageObject","inLanguage":"de","@id":"https:\/\/blog.zeit.de\/zweitstimme\/#\/schema\/person\/image\/","url":"https:\/\/secure.gravatar.com\/avatar\/9501ddb19f2d28bb4ec82b8e714dbc2a893d06a1c164d4ddf835eb929bbc84bb?s=96&d=mm&r=g","contentUrl":"https:\/\/secure.gravatar.com\/avatar\/9501ddb19f2d28bb4ec82b8e714dbc2a893d06a1c164d4ddf835eb929bbc84bb?s=96&d=mm&r=g","caption":"Thorsten Faas"},"url":"https:\/\/blog.zeit.de\/zweitstimme\/author\/thorsten-faas\/"}]}},"jetpack_featured_media_url":"","jetpack_sharing_enabled":true,"_links":{"self":[{"href":"https:\/\/blog.zeit.de\/zweitstimme\/wp-json\/wp\/v2\/posts\/101","targetHints":{"allow":["GET"]}}],"collection":[{"href":"https:\/\/blog.zeit.de\/zweitstimme\/wp-json\/wp\/v2\/posts"}],"about":[{"href":"https:\/\/blog.zeit.de\/zweitstimme\/wp-json\/wp\/v2\/types\/post"}],"author":[{"embeddable":true,"href":"https:\/\/blog.zeit.de\/zweitstimme\/wp-json\/wp\/v2\/users\/159"}],"replies":[{"embeddable":true,"href":"https:\/\/blog.zeit.de\/zweitstimme\/wp-json\/wp\/v2\/comments?post=101"}],"version-history":[{"count":0,"href":"https:\/\/blog.zeit.de\/zweitstimme\/wp-json\/wp\/v2\/posts\/101\/revisions"}],"wp:attachment":[{"href":"https:\/\/blog.zeit.de\/zweitstimme\/wp-json\/wp\/v2\/media?parent=101"}],"wp:term":[{"taxonomy":"category","embeddable":true,"href":"https:\/\/blog.zeit.de\/zweitstimme\/wp-json\/wp\/v2\/categories?post=101"},{"taxonomy":"post_tag","embeddable":true,"href":"https:\/\/blog.zeit.de\/zweitstimme\/wp-json\/wp\/v2\/tags?post=101"}],"curies":[{"name":"wp","href":"https:\/\/api.w.org\/{rel}","templated":true}]}}