{"id":19,"date":"2009-03-10T13:58:38","date_gmt":"2009-03-10T12:58:38","guid":{"rendered":"http:\/\/blog.zeit.de\/wahlen-nach-zahlen\/?p=19"},"modified":"2009-03-10T13:58:38","modified_gmt":"2009-03-10T12:58:38","slug":"mission","status":"publish","type":"post","link":"https:\/\/blog.zeit.de\/zweitstimme\/2009\/03\/10\/mission\/","title":{"rendered":"Mission Statement"},"content":{"rendered":"<p><img loading=\"lazy\" decoding=\"async\" class=\"alignleft size-thumbnail wp-image-14\" src=\"http:\/\/altesblog.zeit.de\/wahlen-nach-zahlen\/wp-content\/uploads\/2009\/03\/faas1-150x109.jpg\" alt=\"\" width=\"84\" height=\"60\" srcset=\"https:\/\/blog.zeit.de\/zweitstimme\/files\/2009\/03\/faas1-150x109.jpg 150w, https:\/\/blog.zeit.de\/zweitstimme\/files\/2009\/03\/faas1.jpg 153w\" sizes=\"auto, (max-width: 84px) 100vw, 84px\" \/><img loading=\"lazy\" decoding=\"async\" class=\"alignleft size-thumbnail wp-image-4\" src=\"http:\/\/altesblog.zeit.de\/wahlen-nach-zahlen\/wp-content\/uploads\/2009\/02\/roemmle-150x102.jpg\" alt=\"\" width=\"90\" height=\"60\" \/>Wahlen nach Zahlen bietet empirisch fundierte wissenschaftliche Analysen rund um das Wahljahr 2009: Landtagswahlen, Bundespr\u00e4sidentenwahlen, Kommunalwahlen und die Bundestagswahl<span>. A<\/span>usgewiesene Forscher unterschiedlicher Universit\u00e4ten nehmen hier kurz und pr\u00e4gnant zu Wahlk\u00e4mpfen, Wahlausg\u00e4ngen und Koalitionsverhandlungen Stellung \u2013 aktuell, informativ, empirisch fundiert. Wir m\u00f6chten so einen engagierten Beitrag zur \u00f6ffentlichen Diskussion liefern, den Medien die Ergebnisse unserer Forschung in einem lebendigen und immer wichtiger werdenden Format pr\u00e4sentieren und so einladen zum Gedankenaustausch.<\/p>\n","protected":false},"excerpt":{"rendered":"<p>Wahlen nach Zahlen bietet empirisch fundierte wissenschaftliche Analysen rund um das Wahljahr 2009: Landtagswahlen, Bundespr\u00e4sidentenwahlen, Kommunalwahlen und die Bundestagswahl. Ausgewiesene Forscher unterschiedlicher Universit\u00e4ten nehmen hier kurz und pr\u00e4gnant zu Wahlk\u00e4mpfen, Wahlausg\u00e4ngen und Koalitionsverhandlungen Stellung \u2013 aktuell, informativ, empirisch fundiert. Wir m\u00f6chten so einen engagierten Beitrag zur \u00f6ffentlichen Diskussion liefern, den Medien die Ergebnisse unserer Forschung [&hellip;]<\/p>\n","protected":false},"author":159,"featured_media":0,"comment_status":"open","ping_status":"closed","sticky":false,"template":"","format":"standard","meta":{"_jetpack_memberships_contains_paid_content":false,"footnotes":""},"categories":[941,7112],"tags":[18642],"class_list":["post-19","post","type-post","status-publish","format-standard","hentry","category-intern","category-wahlen-nach-zahlen","tag-intern"],"yoast_head":"<!-- This site is optimized with the Yoast SEO plugin v21.0 - https:\/\/yoast.com\/wordpress\/plugins\/seo\/ -->\n<title>Mission Statement - Zweitstimme<\/title>\n<meta name=\"robots\" content=\"index, follow, max-snippet:-1, max-image-preview:large, max-video-preview:-1\" \/>\n<link rel=\"canonical\" href=\"https:\/\/blog.zeit.de\/zweitstimme\/2009\/03\/10\/mission\/\" \/>\n<meta property=\"og:locale\" content=\"de_DE\" \/>\n<meta property=\"og:type\" content=\"article\" \/>\n<meta property=\"og:title\" content=\"Mission Statement - Zweitstimme\" \/>\n<meta property=\"og:description\" content=\"Wahlen nach Zahlen bietet empirisch fundierte wissenschaftliche Analysen rund um das Wahljahr 2009: Landtagswahlen, Bundespr\u00e4sidentenwahlen, Kommunalwahlen und die Bundestagswahl. Ausgewiesene Forscher unterschiedlicher Universit\u00e4ten nehmen hier kurz und pr\u00e4gnant zu Wahlk\u00e4mpfen, Wahlausg\u00e4ngen und Koalitionsverhandlungen Stellung \u2013 aktuell, informativ, empirisch fundiert. Wir m\u00f6chten so einen engagierten Beitrag zur \u00f6ffentlichen Diskussion liefern, den Medien die Ergebnisse unserer Forschung [&hellip;]\" \/>\n<meta property=\"og:url\" content=\"https:\/\/blog.zeit.de\/zweitstimme\/2009\/03\/10\/mission\/\" \/>\n<meta property=\"og:site_name\" content=\"Zweitstimme\" \/>\n<meta property=\"article:published_time\" content=\"2009-03-10T12:58:38+00:00\" \/>\n<meta property=\"og:image\" content=\"http:\/\/altesblog.zeit.de\/wahlen-nach-zahlen\/wp-content\/uploads\/2009\/03\/faas1-150x109.jpg\" \/>\n<meta name=\"author\" content=\"Thorsten Faas\" \/>\n<meta name=\"twitter:card\" content=\"summary_large_image\" \/>\n<meta name=\"twitter:label1\" content=\"Geschrieben von\" \/>\n\t<meta name=\"twitter:data1\" content=\"Thorsten Faas\" \/>\n<script type=\"application\/ld+json\" class=\"yoast-schema-graph\">{\"@context\":\"https:\/\/schema.org\",\"@graph\":[{\"@type\":\"WebPage\",\"@id\":\"https:\/\/blog.zeit.de\/zweitstimme\/2009\/03\/10\/mission\/\",\"url\":\"https:\/\/blog.zeit.de\/zweitstimme\/2009\/03\/10\/mission\/\",\"name\":\"Mission Statement - Zweitstimme\",\"isPartOf\":{\"@id\":\"https:\/\/blog.zeit.de\/zweitstimme\/#website\"},\"datePublished\":\"2009-03-10T12:58:38+00:00\",\"dateModified\":\"2009-03-10T12:58:38+00:00\",\"author\":{\"@id\":\"https:\/\/blog.zeit.de\/zweitstimme\/#\/schema\/person\/c8966fcbefdbf5bc9b49e3fcb509ca30\"},\"breadcrumb\":{\"@id\":\"https:\/\/blog.zeit.de\/zweitstimme\/2009\/03\/10\/mission\/#breadcrumb\"},\"inLanguage\":\"de\",\"potentialAction\":[{\"@type\":\"ReadAction\",\"target\":[\"https:\/\/blog.zeit.de\/zweitstimme\/2009\/03\/10\/mission\/\"]}]},{\"@type\":\"BreadcrumbList\",\"@id\":\"https:\/\/blog.zeit.de\/zweitstimme\/2009\/03\/10\/mission\/#breadcrumb\",\"itemListElement\":[{\"@type\":\"ListItem\",\"position\":1,\"name\":\"Startseite\",\"item\":\"https:\/\/blog.zeit.de\/zweitstimme\/\"},{\"@type\":\"ListItem\",\"position\":2,\"name\":\"Mission Statement\"}]},{\"@type\":\"WebSite\",\"@id\":\"https:\/\/blog.zeit.de\/zweitstimme\/#website\",\"url\":\"https:\/\/blog.zeit.de\/zweitstimme\/\",\"name\":\"Zweitstimme\",\"description\":\"Das Politik-Blog\",\"potentialAction\":[{\"@type\":\"SearchAction\",\"target\":{\"@type\":\"EntryPoint\",\"urlTemplate\":\"https:\/\/blog.zeit.de\/zweitstimme\/?s={search_term_string}\"},\"query-input\":\"required name=search_term_string\"}],\"inLanguage\":\"de\"},{\"@type\":\"Person\",\"@id\":\"https:\/\/blog.zeit.de\/zweitstimme\/#\/schema\/person\/c8966fcbefdbf5bc9b49e3fcb509ca30\",\"name\":\"Thorsten Faas\",\"image\":{\"@type\":\"ImageObject\",\"inLanguage\":\"de\",\"@id\":\"https:\/\/blog.zeit.de\/zweitstimme\/#\/schema\/person\/image\/\",\"url\":\"https:\/\/secure.gravatar.com\/avatar\/9501ddb19f2d28bb4ec82b8e714dbc2a893d06a1c164d4ddf835eb929bbc84bb?s=96&d=mm&r=g\",\"contentUrl\":\"https:\/\/secure.gravatar.com\/avatar\/9501ddb19f2d28bb4ec82b8e714dbc2a893d06a1c164d4ddf835eb929bbc84bb?s=96&d=mm&r=g\",\"caption\":\"Thorsten Faas\"},\"url\":\"https:\/\/blog.zeit.de\/zweitstimme\/author\/thorsten-faas\/\"}]}<\/script>\n<!-- \/ Yoast SEO plugin. -->","yoast_head_json":{"title":"Mission Statement - Zweitstimme","robots":{"index":"index","follow":"follow","max-snippet":"max-snippet:-1","max-image-preview":"max-image-preview:large","max-video-preview":"max-video-preview:-1"},"canonical":"https:\/\/blog.zeit.de\/zweitstimme\/2009\/03\/10\/mission\/","og_locale":"de_DE","og_type":"article","og_title":"Mission Statement - Zweitstimme","og_description":"Wahlen nach Zahlen bietet empirisch fundierte wissenschaftliche Analysen rund um das Wahljahr 2009: Landtagswahlen, Bundespr\u00e4sidentenwahlen, Kommunalwahlen und die Bundestagswahl. Ausgewiesene Forscher unterschiedlicher Universit\u00e4ten nehmen hier kurz und pr\u00e4gnant zu Wahlk\u00e4mpfen, Wahlausg\u00e4ngen und Koalitionsverhandlungen Stellung \u2013 aktuell, informativ, empirisch fundiert. Wir m\u00f6chten so einen engagierten Beitrag zur \u00f6ffentlichen Diskussion liefern, den Medien die Ergebnisse unserer Forschung [&hellip;]","og_url":"https:\/\/blog.zeit.de\/zweitstimme\/2009\/03\/10\/mission\/","og_site_name":"Zweitstimme","article_published_time":"2009-03-10T12:58:38+00:00","og_image":[{"url":"http:\/\/altesblog.zeit.de\/wahlen-nach-zahlen\/wp-content\/uploads\/2009\/03\/faas1-150x109.jpg"}],"author":"Thorsten Faas","twitter_card":"summary_large_image","twitter_misc":{"Geschrieben von":"Thorsten Faas"},"schema":{"@context":"https:\/\/schema.org","@graph":[{"@type":"WebPage","@id":"https:\/\/blog.zeit.de\/zweitstimme\/2009\/03\/10\/mission\/","url":"https:\/\/blog.zeit.de\/zweitstimme\/2009\/03\/10\/mission\/","name":"Mission Statement - Zweitstimme","isPartOf":{"@id":"https:\/\/blog.zeit.de\/zweitstimme\/#website"},"datePublished":"2009-03-10T12:58:38+00:00","dateModified":"2009-03-10T12:58:38+00:00","author":{"@id":"https:\/\/blog.zeit.de\/zweitstimme\/#\/schema\/person\/c8966fcbefdbf5bc9b49e3fcb509ca30"},"breadcrumb":{"@id":"https:\/\/blog.zeit.de\/zweitstimme\/2009\/03\/10\/mission\/#breadcrumb"},"inLanguage":"de","potentialAction":[{"@type":"ReadAction","target":["https:\/\/blog.zeit.de\/zweitstimme\/2009\/03\/10\/mission\/"]}]},{"@type":"BreadcrumbList","@id":"https:\/\/blog.zeit.de\/zweitstimme\/2009\/03\/10\/mission\/#breadcrumb","itemListElement":[{"@type":"ListItem","position":1,"name":"Startseite","item":"https:\/\/blog.zeit.de\/zweitstimme\/"},{"@type":"ListItem","position":2,"name":"Mission Statement"}]},{"@type":"WebSite","@id":"https:\/\/blog.zeit.de\/zweitstimme\/#website","url":"https:\/\/blog.zeit.de\/zweitstimme\/","name":"Zweitstimme","description":"Das Politik-Blog","potentialAction":[{"@type":"SearchAction","target":{"@type":"EntryPoint","urlTemplate":"https:\/\/blog.zeit.de\/zweitstimme\/?s={search_term_string}"},"query-input":"required name=search_term_string"}],"inLanguage":"de"},{"@type":"Person","@id":"https:\/\/blog.zeit.de\/zweitstimme\/#\/schema\/person\/c8966fcbefdbf5bc9b49e3fcb509ca30","name":"Thorsten Faas","image":{"@type":"ImageObject","inLanguage":"de","@id":"https:\/\/blog.zeit.de\/zweitstimme\/#\/schema\/person\/image\/","url":"https:\/\/secure.gravatar.com\/avatar\/9501ddb19f2d28bb4ec82b8e714dbc2a893d06a1c164d4ddf835eb929bbc84bb?s=96&d=mm&r=g","contentUrl":"https:\/\/secure.gravatar.com\/avatar\/9501ddb19f2d28bb4ec82b8e714dbc2a893d06a1c164d4ddf835eb929bbc84bb?s=96&d=mm&r=g","caption":"Thorsten Faas"},"url":"https:\/\/blog.zeit.de\/zweitstimme\/author\/thorsten-faas\/"}]}},"jetpack_featured_media_url":"","jetpack_sharing_enabled":true,"_links":{"self":[{"href":"https:\/\/blog.zeit.de\/zweitstimme\/wp-json\/wp\/v2\/posts\/19","targetHints":{"allow":["GET"]}}],"collection":[{"href":"https:\/\/blog.zeit.de\/zweitstimme\/wp-json\/wp\/v2\/posts"}],"about":[{"href":"https:\/\/blog.zeit.de\/zweitstimme\/wp-json\/wp\/v2\/types\/post"}],"author":[{"embeddable":true,"href":"https:\/\/blog.zeit.de\/zweitstimme\/wp-json\/wp\/v2\/users\/159"}],"replies":[{"embeddable":true,"href":"https:\/\/blog.zeit.de\/zweitstimme\/wp-json\/wp\/v2\/comments?post=19"}],"version-history":[{"count":0,"href":"https:\/\/blog.zeit.de\/zweitstimme\/wp-json\/wp\/v2\/posts\/19\/revisions"}],"wp:attachment":[{"href":"https:\/\/blog.zeit.de\/zweitstimme\/wp-json\/wp\/v2\/media?parent=19"}],"wp:term":[{"taxonomy":"category","embeddable":true,"href":"https:\/\/blog.zeit.de\/zweitstimme\/wp-json\/wp\/v2\/categories?post=19"},{"taxonomy":"post_tag","embeddable":true,"href":"https:\/\/blog.zeit.de\/zweitstimme\/wp-json\/wp\/v2\/tags?post=19"}],"curies":[{"name":"wp","href":"https:\/\/api.w.org\/{rel}","templated":true}]}}