{"id":190,"date":"2009-07-27T14:35:13","date_gmt":"2009-07-27T12:35:13","guid":{"rendered":"http:\/\/blog.zeit.de\/zweitstimme\/?p=190"},"modified":"2009-07-27T14:35:13","modified_gmt":"2009-07-27T12:35:13","slug":"genosse-pirat","status":"publish","type":"post","link":"https:\/\/blog.zeit.de\/zweitstimme\/2009\/07\/27\/genosse-pirat\/","title":{"rendered":"Genosse Pirat"},"content":{"rendered":"<p><!--StartFragment--><\/p>\n<p class=\"MsoNormal\"><em>Die SPD-Linke hat das Internet entdeckt. Sie fordert eine &#8222;sozialdemokratische Netzpolitik&#8220; und klaut dabei fr\u00f6hlich Thesen und Label der politischen Konkurrenz.<\/em><\/p>\n<p class=\"MsoNormal\"><em><span style=\"font-style: normal;\">Die Ideen sind nicht \u00fcbel: B\u00fcrgerrechte muss es auch im Internet geben. Die Privatsph\u00e4re sollte in den Weiten des WWW gesch\u00fctzt werden, und Zensur, na ja, die hat uns freiheitsliebenden Menschen noch nie so besonders gut gefallen.<\/span><\/em><\/p>\n<p class=\"MsoNormal\">Eine Gruppe junger Sozialdemokraten hat diese avantgardistischen Thesen formuliert. 1495 Menschen unterst\u00fctzen ihr Ansinnen bereits bei <a href=\"http:\/\/www.facebook.com\/group.php?gid=104836344904\">Facebook<\/a>.<\/p>\n<p class=\"MsoNormal\">Und es gibt einen Aufruf im Internet, der sogenannte <a href=\"http:\/\/www.spd-internetpolitik.de\/uber-uns\/ludwigsburger-dialog-fur-informationsfreiheit-und-gegen-internet-sperren\/\">Ludwigsburger Dialog<\/a>, den st\u00fcndlich mehr Menschen im Netz unterschreiben.<span>\u00a0 <\/span>Dort wird vor einer &#8222;s<span>icherheitspolitischen Aufr\u00fcstung ohne Augenma\u00df&#8220; gewarnt, vor einer schleichenden &#8222;Erosion der Grundrechte&#8220;, vor einer &#8222;totalen \u00dcberwachung&#8220;.<\/span><\/p>\n<p class=\"MsoNormal\"><span>Sp\u00e4testens hier, wenn der Ton ins apokalyptische umschl\u00e4gt, denkt man: Irgendwo hat man das k\u00fcrzlich erst gelesen.<\/span><\/p>\n<p class=\"MsoNormal\"><span>Klar, ganz \u00e4hnlich klang das zuletzt bei den Piraten, dieser paneurop\u00e4ischen Bewegung also, die sich seit geraumer Zeit f\u00fcr ein barrierefreies Internet einsetzt. In den SPD-Texten von diesem Wochenende wird auf die freibeuterische Konkurrenz nicht eingegangen. Das Logo ist zwar eine Referenz an die internationale Piraten-Bewegung. \u00dcber deren deutsche Dependance wird aber keine Silbe verloren.<\/span><\/p>\n<p class=\"MsoNormal\"><span><span>Stattdessen dominiert bei der SPD selbstbewusster Pathos. <\/span><span>Es sei endlich &#8222;Zeit f\u00fcr eine sozialdemokratische Netzpolitik&#8220;, sagte am Wochenende Bj\u00f6rn B\u00f6hning, der Sprecher der SPD-Linken und selbsternannter Captain <\/span><span>Sparrow der SPD.<\/span><\/span><\/p>\n<p class=\"MsoNormal\"><span>Die bereits existierenden Piraten nehmen es mit gemischten Gef\u00fchlen auf, dass sich die SPD pl\u00f6tzlich f\u00fcr ihre Agenda interessiert. Pikiert weisen sie in ihren <a href=\"http:\/\/forum.piratenpartei.de\/viewtopic.php?f=1&amp;t=5724#p60152\">Foren<\/a> darauf hin, dass der SPD-Medienexperte Sascha Lobo vor Kurzem die Piraten noch als unwichtig abqualifiziert habe \u2013 und nun kapere sie die Themen. Ein anderer fragt, was wohl als N\u00e4chstes kommt: &#8222;SPD in der Piratenpartei \u2013 oder Sozialisten in der CDU.&#8220;<\/span><\/p>\n<p class=\"MsoNormal\"><span><span>Bei einem dritten Kommentator, mit dem sch\u00f6nen Namen Tiramisu, schwingt aber auch ein bisschen <a href=\"http:\/\/forum.piratenpartei.de\/viewtopic.php?f=1&amp;t=5724#p60152\">Stolz<\/a> mit, wenn er fragt: Soll ich &#8222;<\/span><span>mich als Piratenanh\u00e4nger geehrt f\u00fchlen&#8220;?<\/span><\/span><\/p>\n<p class=\"MsoNormal\"><span><span>Offenbar sind die Piraten auf dem besten Weg, Teil des Mainstream zu werden. Auch die Gr\u00fcnen wurden erst ignoriert, danach kopiert. Irgendwann koalierte man mit ihnen. Und die SPD? Die scheint zur\u00fcck auf dem Weg zur Volkspartei. Sie greift popul\u00e4re Themen auf \u2013 und \u00fcbernimmt sowohl das Pro als auch das Contra. Schlie\u00dflich hatten die meisten SPD-Abgeordneten im Juni im Bundestag noch f\u00fcr das Netzsperren-Gesetz gestimmt. B\u00f6hning sagte der <em>S\u00fcddeutschen Zeitung<\/em>, die Genossen im Bundestag h\u00e4tten damals nicht gewusst, wor\u00fcber sie abstimmen.<\/span><\/span><\/p>\n<p class=\"MsoNormal\"><span><span>Furchtbar, das ist das Gegenteil von B\u00fcrgerrecht: Parlamentarier, die den Arm heben, ohne zu wissen, warum. Aber das k\u00f6nnte sich, zumindest Internet-m\u00e4\u00dfig, ja bald \u00e4ndern. Wahrscheinlich haben bald alle modernen Parteien ihren Piraten-Fl\u00fcgel.\u00a0<\/span><\/span><\/p>\n<p><!--EndFragment--><!--EndFragment--><\/p>\n","protected":false},"excerpt":{"rendered":"<p>Die SPD-Linke hat das Internet entdeckt. Sie fordert eine &#8222;sozialdemokratische Netzpolitik&#8220; und klaut dabei fr\u00f6hlich Thesen und Label der politischen Konkurrenz. Die Ideen sind nicht \u00fcbel: B\u00fcrgerrechte muss es auch im Internet geben. Die Privatsph\u00e4re sollte in den Weiten des WWW gesch\u00fctzt werden, und Zensur, na ja, die hat uns freiheitsliebenden Menschen noch nie so [&hellip;]<\/p>\n","protected":false},"author":144,"featured_media":0,"comment_status":"open","ping_status":"closed","sticky":false,"template":"","format":"standard","meta":{"_jetpack_memberships_contains_paid_content":false,"footnotes":""},"categories":[1],"tags":[],"class_list":["post-190","post","type-post","status-publish","format-standard","hentry","category-allgemein"],"yoast_head":"<!-- This site is optimized with the Yoast SEO plugin v21.0 - https:\/\/yoast.com\/wordpress\/plugins\/seo\/ -->\n<title>Genosse Pirat - Zweitstimme<\/title>\n<meta name=\"robots\" content=\"index, follow, max-snippet:-1, max-image-preview:large, max-video-preview:-1\" \/>\n<link rel=\"canonical\" href=\"https:\/\/blog.zeit.de\/zweitstimme\/2009\/07\/27\/genosse-pirat\/\" \/>\n<meta property=\"og:locale\" content=\"de_DE\" \/>\n<meta property=\"og:type\" content=\"article\" \/>\n<meta property=\"og:title\" content=\"Genosse Pirat - Zweitstimme\" \/>\n<meta property=\"og:description\" content=\"Die SPD-Linke hat das Internet entdeckt. Sie fordert eine &#8222;sozialdemokratische Netzpolitik&#8220; und klaut dabei fr\u00f6hlich Thesen und Label der politischen Konkurrenz. Die Ideen sind nicht \u00fcbel: B\u00fcrgerrechte muss es auch im Internet geben. Die Privatsph\u00e4re sollte in den Weiten des WWW gesch\u00fctzt werden, und Zensur, na ja, die hat uns freiheitsliebenden Menschen noch nie so [&hellip;]\" \/>\n<meta property=\"og:url\" content=\"https:\/\/blog.zeit.de\/zweitstimme\/2009\/07\/27\/genosse-pirat\/\" \/>\n<meta property=\"og:site_name\" content=\"Zweitstimme\" \/>\n<meta property=\"article:published_time\" content=\"2009-07-27T12:35:13+00:00\" \/>\n<meta name=\"author\" content=\"Michael Schlieben\" \/>\n<meta name=\"twitter:card\" content=\"summary_large_image\" \/>\n<meta name=\"twitter:label1\" content=\"Geschrieben von\" \/>\n\t<meta name=\"twitter:data1\" content=\"Michael Schlieben\" \/>\n\t<meta name=\"twitter:label2\" content=\"Gesch\u00e4tzte Lesezeit\" \/>\n\t<meta name=\"twitter:data2\" content=\"2\u00a0Minuten\" \/>\n<script type=\"application\/ld+json\" class=\"yoast-schema-graph\">{\"@context\":\"https:\/\/schema.org\",\"@graph\":[{\"@type\":\"WebPage\",\"@id\":\"https:\/\/blog.zeit.de\/zweitstimme\/2009\/07\/27\/genosse-pirat\/\",\"url\":\"https:\/\/blog.zeit.de\/zweitstimme\/2009\/07\/27\/genosse-pirat\/\",\"name\":\"Genosse Pirat - Zweitstimme\",\"isPartOf\":{\"@id\":\"https:\/\/blog.zeit.de\/zweitstimme\/#website\"},\"datePublished\":\"2009-07-27T12:35:13+00:00\",\"dateModified\":\"2009-07-27T12:35:13+00:00\",\"author\":{\"@id\":\"https:\/\/blog.zeit.de\/zweitstimme\/#\/schema\/person\/00fd0180651cfe096af5af4ab8d3833d\"},\"breadcrumb\":{\"@id\":\"https:\/\/blog.zeit.de\/zweitstimme\/2009\/07\/27\/genosse-pirat\/#breadcrumb\"},\"inLanguage\":\"de\",\"potentialAction\":[{\"@type\":\"ReadAction\",\"target\":[\"https:\/\/blog.zeit.de\/zweitstimme\/2009\/07\/27\/genosse-pirat\/\"]}]},{\"@type\":\"BreadcrumbList\",\"@id\":\"https:\/\/blog.zeit.de\/zweitstimme\/2009\/07\/27\/genosse-pirat\/#breadcrumb\",\"itemListElement\":[{\"@type\":\"ListItem\",\"position\":1,\"name\":\"Startseite\",\"item\":\"https:\/\/blog.zeit.de\/zweitstimme\/\"},{\"@type\":\"ListItem\",\"position\":2,\"name\":\"Genosse Pirat\"}]},{\"@type\":\"WebSite\",\"@id\":\"https:\/\/blog.zeit.de\/zweitstimme\/#website\",\"url\":\"https:\/\/blog.zeit.de\/zweitstimme\/\",\"name\":\"Zweitstimme\",\"description\":\"Das Politik-Blog\",\"potentialAction\":[{\"@type\":\"SearchAction\",\"target\":{\"@type\":\"EntryPoint\",\"urlTemplate\":\"https:\/\/blog.zeit.de\/zweitstimme\/?s={search_term_string}\"},\"query-input\":\"required name=search_term_string\"}],\"inLanguage\":\"de\"},{\"@type\":\"Person\",\"@id\":\"https:\/\/blog.zeit.de\/zweitstimme\/#\/schema\/person\/00fd0180651cfe096af5af4ab8d3833d\",\"name\":\"Michael Schlieben\",\"image\":{\"@type\":\"ImageObject\",\"inLanguage\":\"de\",\"@id\":\"https:\/\/blog.zeit.de\/zweitstimme\/#\/schema\/person\/image\/\",\"url\":\"https:\/\/secure.gravatar.com\/avatar\/ae339ef193f3b4d9b9c801960e39eccc8bb25f18bc7e803824e0760ca6f97b51?s=96&d=mm&r=g\",\"contentUrl\":\"https:\/\/secure.gravatar.com\/avatar\/ae339ef193f3b4d9b9c801960e39eccc8bb25f18bc7e803824e0760ca6f97b51?s=96&d=mm&r=g\",\"caption\":\"Michael Schlieben\"},\"url\":\"https:\/\/blog.zeit.de\/zweitstimme\/author\/michael-schlieben\/\"}]}<\/script>\n<!-- \/ Yoast SEO plugin. -->","yoast_head_json":{"title":"Genosse Pirat - Zweitstimme","robots":{"index":"index","follow":"follow","max-snippet":"max-snippet:-1","max-image-preview":"max-image-preview:large","max-video-preview":"max-video-preview:-1"},"canonical":"https:\/\/blog.zeit.de\/zweitstimme\/2009\/07\/27\/genosse-pirat\/","og_locale":"de_DE","og_type":"article","og_title":"Genosse Pirat - Zweitstimme","og_description":"Die SPD-Linke hat das Internet entdeckt. Sie fordert eine &#8222;sozialdemokratische Netzpolitik&#8220; und klaut dabei fr\u00f6hlich Thesen und Label der politischen Konkurrenz. Die Ideen sind nicht \u00fcbel: B\u00fcrgerrechte muss es auch im Internet geben. Die Privatsph\u00e4re sollte in den Weiten des WWW gesch\u00fctzt werden, und Zensur, na ja, die hat uns freiheitsliebenden Menschen noch nie so [&hellip;]","og_url":"https:\/\/blog.zeit.de\/zweitstimme\/2009\/07\/27\/genosse-pirat\/","og_site_name":"Zweitstimme","article_published_time":"2009-07-27T12:35:13+00:00","author":"Michael Schlieben","twitter_card":"summary_large_image","twitter_misc":{"Geschrieben von":"Michael Schlieben","Gesch\u00e4tzte Lesezeit":"2\u00a0Minuten"},"schema":{"@context":"https:\/\/schema.org","@graph":[{"@type":"WebPage","@id":"https:\/\/blog.zeit.de\/zweitstimme\/2009\/07\/27\/genosse-pirat\/","url":"https:\/\/blog.zeit.de\/zweitstimme\/2009\/07\/27\/genosse-pirat\/","name":"Genosse Pirat - Zweitstimme","isPartOf":{"@id":"https:\/\/blog.zeit.de\/zweitstimme\/#website"},"datePublished":"2009-07-27T12:35:13+00:00","dateModified":"2009-07-27T12:35:13+00:00","author":{"@id":"https:\/\/blog.zeit.de\/zweitstimme\/#\/schema\/person\/00fd0180651cfe096af5af4ab8d3833d"},"breadcrumb":{"@id":"https:\/\/blog.zeit.de\/zweitstimme\/2009\/07\/27\/genosse-pirat\/#breadcrumb"},"inLanguage":"de","potentialAction":[{"@type":"ReadAction","target":["https:\/\/blog.zeit.de\/zweitstimme\/2009\/07\/27\/genosse-pirat\/"]}]},{"@type":"BreadcrumbList","@id":"https:\/\/blog.zeit.de\/zweitstimme\/2009\/07\/27\/genosse-pirat\/#breadcrumb","itemListElement":[{"@type":"ListItem","position":1,"name":"Startseite","item":"https:\/\/blog.zeit.de\/zweitstimme\/"},{"@type":"ListItem","position":2,"name":"Genosse Pirat"}]},{"@type":"WebSite","@id":"https:\/\/blog.zeit.de\/zweitstimme\/#website","url":"https:\/\/blog.zeit.de\/zweitstimme\/","name":"Zweitstimme","description":"Das Politik-Blog","potentialAction":[{"@type":"SearchAction","target":{"@type":"EntryPoint","urlTemplate":"https:\/\/blog.zeit.de\/zweitstimme\/?s={search_term_string}"},"query-input":"required name=search_term_string"}],"inLanguage":"de"},{"@type":"Person","@id":"https:\/\/blog.zeit.de\/zweitstimme\/#\/schema\/person\/00fd0180651cfe096af5af4ab8d3833d","name":"Michael Schlieben","image":{"@type":"ImageObject","inLanguage":"de","@id":"https:\/\/blog.zeit.de\/zweitstimme\/#\/schema\/person\/image\/","url":"https:\/\/secure.gravatar.com\/avatar\/ae339ef193f3b4d9b9c801960e39eccc8bb25f18bc7e803824e0760ca6f97b51?s=96&d=mm&r=g","contentUrl":"https:\/\/secure.gravatar.com\/avatar\/ae339ef193f3b4d9b9c801960e39eccc8bb25f18bc7e803824e0760ca6f97b51?s=96&d=mm&r=g","caption":"Michael Schlieben"},"url":"https:\/\/blog.zeit.de\/zweitstimme\/author\/michael-schlieben\/"}]}},"jetpack_featured_media_url":"","jetpack_sharing_enabled":true,"_links":{"self":[{"href":"https:\/\/blog.zeit.de\/zweitstimme\/wp-json\/wp\/v2\/posts\/190","targetHints":{"allow":["GET"]}}],"collection":[{"href":"https:\/\/blog.zeit.de\/zweitstimme\/wp-json\/wp\/v2\/posts"}],"about":[{"href":"https:\/\/blog.zeit.de\/zweitstimme\/wp-json\/wp\/v2\/types\/post"}],"author":[{"embeddable":true,"href":"https:\/\/blog.zeit.de\/zweitstimme\/wp-json\/wp\/v2\/users\/144"}],"replies":[{"embeddable":true,"href":"https:\/\/blog.zeit.de\/zweitstimme\/wp-json\/wp\/v2\/comments?post=190"}],"version-history":[{"count":0,"href":"https:\/\/blog.zeit.de\/zweitstimme\/wp-json\/wp\/v2\/posts\/190\/revisions"}],"wp:attachment":[{"href":"https:\/\/blog.zeit.de\/zweitstimme\/wp-json\/wp\/v2\/media?parent=190"}],"wp:term":[{"taxonomy":"category","embeddable":true,"href":"https:\/\/blog.zeit.de\/zweitstimme\/wp-json\/wp\/v2\/categories?post=190"},{"taxonomy":"post_tag","embeddable":true,"href":"https:\/\/blog.zeit.de\/zweitstimme\/wp-json\/wp\/v2\/tags?post=190"}],"curies":[{"name":"wp","href":"https:\/\/api.w.org\/{rel}","templated":true}]}}